{"id":2446,"date":"2018-04-04T11:47:30","date_gmt":"2018-04-04T09:47:30","guid":{"rendered":"http:\/\/wp.kristdemokraterna.se\/uppsala\/?p=2446"},"modified":"2024-04-04T00:29:08","modified_gmt":"2024-04-03T22:29:08","slug":"kd-tar-strid-for-friskolesystemet","status":"publish","type":"post","link":"https:\/\/wp.kristdemokraterna.se\/uppsala\/kd-tar-strid-for-friskolesystemet\/","title":{"rendered":"KD tar strid f\u00f6r friskolesystemet"},"content":{"rendered":"<p><b><span style=\"margin: 0px;font-family: 'Calibri',sans-serif\"><span style=\"color: #000000\">Socialdemokraterna vill st\u00e4nga v\u00e4l fungerande skolor<\/span><\/span><\/b><\/p>\n<p>&nbsp;<\/p>\n<p><b><span style=\"margin: 0px;font-family: 'Calibri',sans-serif\"><span style=\"color: #000000\">\u201dSvensk skola ska vara fri fr\u00e5n konfessionella inslag\u201d skriver civilminister Ardalan Shekarabi i Aftonbladet den 13 mars.<\/span><\/span><\/b><\/p>\n<p><span style=\"margin: 0px;font-family: 'Calibri',sans-serif\"><span style=\"color: #000000\">\u00a0<\/span><\/span><\/p>\n<p><span style=\"margin: 0px;font-family: 'Calibri',sans-serif\"><span style=\"color: #000000\">Vi ser med f\u00f6rf\u00e4ran hur Ardalan Shekarabi j\u00e4mf\u00f6r svenska konfessionella skolor med hans egna erfarenheter fr\u00e5n Irans religi\u00f6sa diktatur d\u00e4r samh\u00e4llet och lagar grundas p\u00e5 koranen och sharia. <\/span><\/span><\/p>\n<p><span style=\"margin: 0px;font-family: 'Calibri',sans-serif\"><span style=\"color: #000000\">\u00a0<\/span><\/span><\/p>\n<p><span style=\"margin: 0px;font-family: 'Calibri',sans-serif\"><span style=\"color: #000000\">Att denna v\u00e4rldsbild ligger till grund f\u00f6r ett socialdemokratiskt statsr\u00e5d \u00e4r djupt beklagligt, anm\u00e4rkningsv\u00e4rt och en direkt f\u00f6rol\u00e4mpning mot alla de f\u00f6r\u00e4ldrar och elever som idag g\u00e5r i svenska konfessionella skolor som pr\u00e4glas av h\u00f6g kvalitet. Att vilja f\u00f6rbjuda alla konfessionella skolor ist\u00e4llet f\u00f6r att inf\u00f6ra skarpa \u00e5tg\u00e4rder mot religi\u00f6s extremism \u00e4r snarast ett tecken p\u00e5 religi\u00f6s analfabetism.<\/span><\/span><\/p>\n<p><span style=\"margin: 0px;font-family: 'Calibri',sans-serif\"><span style=\"color: #000000\">\u00a0<\/span><\/span><\/p>\n<p><span style=\"margin: 0px;font-family: 'Calibri',sans-serif\"><span style=\"color: #000000\">Ut\u00f6ver att ett s\u00e5dant beslut ocks\u00e5 definitivt skulle inneb\u00e4ra slutet f\u00f6r Luciafirande i skolan och traditionsenliga skolavslutningar i kyrkan s\u00e5 inneb\u00e4r beslutet, om det blir verklighet, att v\u00e4l fungerande konfessionella f\u00f6rskolor och skolor f\u00f6rbjuds. Detta trots att dessa \u00e4r mycket uppskattade av barn och deras f\u00f6r\u00e4ldrar.<\/span><\/span><\/p>\n<p><span style=\"margin: 0px;font-family: 'Calibri',sans-serif\"><span style=\"color: #000000\">\u00a0<\/span><\/span><\/p>\n<p><span style=\"margin: 0px;font-family: 'Calibri',sans-serif\"><span style=\"color: #000000\">Idag finns 66 konfessionella friskolor i Sverige &#8211; en judisk, elva muslimska samt 54 kristna. <\/span><\/span><\/p>\n<p><span style=\"margin: 0px;font-family: 'Calibri',sans-serif\"><span style=\"color: #000000\">De senaste \u00e5ren har vi sett n\u00e5gra uppm\u00e4rksammade fall d\u00e4r konfessionella skolor inte lever upp till skollagen. Ofta har det handlat om inslag av islamism i ett f\u00e5tal muslimska skolor.<\/span><\/span><\/p>\n<p><span style=\"margin: 0px;font-family: 'Calibri',sans-serif\"><span style=\"color: #000000\">Men ist\u00e4llet f\u00f6r att st\u00e4nga de skolor som inte lever upp till skollagens krav har nu Ardalan Shekarabi landat i att f\u00f6rbjuda alla former av konfessionella inslag. Med denna typ av f\u00f6renklad socialdemokratisk plakatpolitik och populism riskerar m\u00e5nga mycket bra skolor med goda resultat att f\u00f6rsvinna.<\/span><\/span><\/p>\n<p><span style=\"margin: 0px;font-family: 'Calibri',sans-serif\"><span style=\"color: #000000\">\u00a0<\/span><\/span><\/p>\n<p><span style=\"margin: 0px;font-family: 'Calibri',sans-serif\"><span style=\"color: #000000\">Det \u00e4r dessutom tragiskt att inte Sveriges st\u00f6rsta parti har kunskap om Europakonventionen, d\u00e4r familjers r\u00e4tt att v\u00e4lja skola \u00e4r en del av grundl\u00e4ggande m\u00e4nskliga r\u00e4ttigheter. Att ta bort det svenska friskolesystemet skulle inneb\u00e4ra att vi \u00e5terigen f\u00e5r ett privatskolesystem d\u00e4r bara de barn som har rika f\u00f6r\u00e4ldrar har m\u00f6jlighet att g\u00e5 p\u00e5 en skola med en profil som de sj\u00e4lva valt. Och hur ska man g\u00f6ra gr\u00e4nsdragningen mot just konfessionella skolor om man nu vill g\u00f6ra det. \u00c4r d\u00e5 en viss filosofisk (t ex antroposofi eller nationalism) eller etnisk profil (t ex arabisk eller somalisk) fortfarande m\u00f6jlig att ha kvar?<\/span><\/span><\/p>\n<p><span style=\"margin: 0px;font-family: 'Calibri',sans-serif\"><span style=\"color: #000000\">\u00a0<\/span><\/span><\/p>\n<p><span style=\"margin: 0px;font-family: 'Calibri',sans-serif\"><span style=\"color: #000000\">Vi bes\u00f6ker idag Shekarabis hemkommun Knivsta d\u00e4r f\u00f6rslaget inneb\u00e4r att Svenska kyrkans f\u00f6rskola och skola, S:a Maria f\u00f6rbjuds. En skola som uppskattas av b\u00e5de elever, f\u00f6r\u00e4ldrar och personal. Shekarabi har inte ens bem\u00f6dat sig att bes\u00f6ka denna uppskattade skola. <\/span><\/span><\/p>\n<p><span style=\"margin: 0px;font-family: 'Calibri',sans-serif\"><span style=\"color: #000000\">\u00a0<\/span><\/span><\/p>\n<p><span style=\"margin: 0px;font-family: 'Calibri',sans-serif\"><span style=\"color: #000000\">Shekarabi borde i st\u00e4llet f\u00f6r att st\u00e4nga ned uppskattade och v\u00e4l fungerande skolor \u00e4gna sig \u00e5t verkliga skolproblem s\u00e5som arbetsmilj\u00f6, l\u00e4rarbrist och sjunkande skolresultat.<\/span><\/span><\/p>\n<p><span style=\"margin: 0px;font-family: 'Calibri',sans-serif\"><span style=\"color: #000000\">\u00a0<\/span><\/span><\/p>\n<p><span style=\"margin: 0px;font-family: 'Calibri',sans-serif\"><span style=\"color: #000000\">Till skillnad fr\u00e5n Socialdemokraterna, anser Kristdemokraterna att det \u00e4r kvaliteten i verksamheten och f\u00f6r\u00e4ldrars och elevers m\u00f6jlighet att v\u00e4lja skola som \u00e4r det viktiga. Detta oavsett om det handlar om en kommunal, en frist\u00e5ende eller en konfessionell skola. Det \u00e4r inte staten som ska best\u00e4mma \u00f6ver de svenska familjerna, och framf\u00f6rallt vill vi inte se ett samh\u00e4lle utan religi\u00f6sa yttringar, vilket \u00e4r Shekarabis vision. Vi m\u00e5ste sl\u00e5 vakt om ett \u00f6ppet, demokratiskt samh\u00e4lle byggt p\u00e5 viktiga v\u00e4sterl\u00e4ndska principer s\u00e5som grundl\u00e4ggande m\u00e4nskliga r\u00e4ttigheter. <\/span><\/span><\/p>\n<p><span style=\"margin: 0px;font-family: 'Calibri',sans-serif\"><span style=\"color: #000000\">\u00a0<\/span><\/span><\/p>\n<p><span style=\"margin: 0px;font-family: 'Calibri',sans-serif\"><span style=\"color: #000000\">Ardalan Shekarabi \u2013 t\u00e4nk om, och l\u00e5t svenska skolelever \u00e4ven i framtiden f\u00e5 sommarlov till tonerna av \u201dDen blomstertid nu kommer.\u201d<\/span><\/span><\/p>\n<p><span style=\"margin: 0px;font-family: 'Calibri',sans-serif\"><span style=\"color: #000000\">\u00a0<\/span><\/span><\/p>\n<p><span style=\"margin: 0px;font-family: 'Calibri',sans-serif\"><span style=\"color: #000000\">Lars Adaktusson (KD) Europaparlamentariker<\/span><\/span><\/p>\n<p><span style=\"margin: 0px;font-family: 'Calibri',sans-serif\"><span style=\"color: #000000\">Bj\u00f6rn-Owe Bj\u00f6rk (KD) Kommunalr\u00e5d Knivsta<\/span><\/span><\/p>\n<p><span style=\"margin: 0px;font-family: 'Calibri',sans-serif\"><span style=\"color: #000000\">Jonas Segersam (KD) Kommunalr\u00e5d Uppsala<\/span><\/span><\/p>\n<p>&nbsp;<\/p>\n<p><span style=\"margin: 0px;font-family: 'Calibri',sans-serif\"><span style=\"color: #000000\">Debattartikeln publicerades i UNT 2018-04-04: http:\/\/unt.se\/asikt\/debatt\/religios-analfabetism-4944455.aspx<\/span><\/span><\/p>\n","protected":false},"excerpt":{"rendered":"<p>Socialdemokraterna vill st\u00e4nga v\u00e4l fungerande skolor &nbsp; \u201dSvensk skola ska vara fri fr\u00e5n konfessionella inslag\u201d skriver civilminister Ardalan Shekarabi i Aftonbladet den 13 mars. \u00a0 Vi ser med f\u00f6rf\u00e4ran hur Ardalan Shekarabi j\u00e4mf\u00f6r svenska konfessionella skolor med hans egna erfarenheter fr\u00e5n Irans religi\u00f6sa diktatur d\u00e4r samh\u00e4llet och lagar grundas p\u00e5 koranen och sharia. \u00a0 Att <a class=\"read-more-link\" href=\"https:\/\/wp.kristdemokraterna.se\/uppsala\/kd-tar-strid-for-friskolesystemet\/\">Read More<\/a><\/p>\n","protected":false},"author":760,"featured_media":2447,"comment_status":"closed","ping_status":"closed","sticky":false,"template":"","format":"standard","meta":{"_acf_changed":false,"footnotes":""},"categories":[241],"tags":[],"class_list":["post-2446","post","type-post","status-publish","format-standard","hentry","category-familj-och-skola"],"acf":[],"yoast_head":"<!-- This site is optimized with the Yoast SEO plugin v27.4 - https:\/\/yoast.com\/product\/yoast-seo-wordpress\/ -->\n<title>KD tar strid f\u00f6r friskolesystemet | Kristdemokraterna | Uppsala<\/title>\n<meta name=\"robots\" content=\"index, follow, max-snippet:-1, max-image-preview:large, max-video-preview:-1\" \/>\n<link rel=\"canonical\" href=\"https:\/\/wp.kristdemokraterna.se\/uppsala\/kd-tar-strid-for-friskolesystemet\/\" \/>\n<meta property=\"og:locale\" content=\"sv_SE\" \/>\n<meta property=\"og:type\" content=\"article\" \/>\n<meta property=\"og:title\" content=\"KD tar strid f\u00f6r friskolesystemet | Kristdemokraterna | Uppsala\" \/>\n<meta property=\"og:description\" content=\"Socialdemokraterna vill st\u00e4nga v\u00e4l fungerande skolor &nbsp; \u201dSvensk skola ska vara fri fr\u00e5n konfessionella inslag\u201d skriver civilminister Ardalan Shekarabi i Aftonbladet den 13 mars. \u00a0 Vi ser med f\u00f6rf\u00e4ran hur Ardalan Shekarabi j\u00e4mf\u00f6r svenska konfessionella skolor med hans egna erfarenheter fr\u00e5n Irans religi\u00f6sa diktatur d\u00e4r samh\u00e4llet och lagar grundas p\u00e5 koranen och sharia. \u00a0 Att Read More\" \/>\n<meta property=\"og:url\" content=\"https:\/\/wp.kristdemokraterna.se\/uppsala\/kd-tar-strid-for-friskolesystemet\/\" \/>\n<meta property=\"og:site_name\" content=\"Kristdemokraterna | Uppsala\" \/>\n<meta property=\"article:publisher\" content=\"https:\/\/www.facebook.com\/UppsalaKD\/\" \/>\n<meta property=\"article:published_time\" content=\"2018-04-04T09:47:30+00:00\" \/>\n<meta property=\"article:modified_time\" content=\"2024-04-03T22:29:08+00:00\" \/>\n<meta property=\"og:image\" content=\"http:\/\/wp.kristdemokraterna.se\/uppsala\/files\/2018\/04\/trion-e1522835136992.png\" \/>\n\t<meta property=\"og:image:width\" content=\"700\" \/>\n\t<meta property=\"og:image:height\" content=\"253\" \/>\n\t<meta property=\"og:image:type\" content=\"image\/png\" \/>\n<meta name=\"author\" content=\"victor\" \/>\n<meta name=\"twitter:card\" content=\"summary_large_image\" \/>\n<meta name=\"twitter:label1\" content=\"Skriven av\" \/>\n\t<meta name=\"twitter:data1\" content=\"victor\" \/>\n\t<meta name=\"twitter:label2\" content=\"Ber\u00e4knad l\u00e4stid\" \/>\n\t<meta name=\"twitter:data2\" content=\"3 minuter\" \/>\n<script type=\"application\/ld+json\" class=\"yoast-schema-graph\">{\"@context\":\"https:\\\/\\\/schema.org\",\"@graph\":[{\"@type\":\"Article\",\"@id\":\"https:\\\/\\\/wp.kristdemokraterna.se\\\/uppsala\\\/kd-tar-strid-for-friskolesystemet\\\/#article\",\"isPartOf\":{\"@id\":\"https:\\\/\\\/wp.kristdemokraterna.se\\\/uppsala\\\/kd-tar-strid-for-friskolesystemet\\\/\"},\"author\":{\"name\":\"victor\",\"@id\":\"https:\\\/\\\/wp.kristdemokraterna.se\\\/uppsala\\\/#\\\/schema\\\/person\\\/76b6a15f208d1b8798c44227309d3a4c\"},\"headline\":\"KD tar strid f\u00f6r friskolesystemet\",\"datePublished\":\"2018-04-04T09:47:30+00:00\",\"dateModified\":\"2024-04-03T22:29:08+00:00\",\"mainEntityOfPage\":{\"@id\":\"https:\\\/\\\/wp.kristdemokraterna.se\\\/uppsala\\\/kd-tar-strid-for-friskolesystemet\\\/\"},\"wordCount\":655,\"publisher\":{\"@id\":\"https:\\\/\\\/wp.kristdemokraterna.se\\\/uppsala\\\/#organization\"},\"image\":{\"@id\":\"https:\\\/\\\/wp.kristdemokraterna.se\\\/uppsala\\\/kd-tar-strid-for-friskolesystemet\\\/#primaryimage\"},\"thumbnailUrl\":\"https:\\\/\\\/wp.kristdemokraterna.se\\\/uppsala\\\/files\\\/2018\\\/04\\\/trion-e1522835136992.png\",\"articleSection\":[\"Familj &amp; skola\"],\"inLanguage\":\"sv-SE\"},{\"@type\":\"WebPage\",\"@id\":\"https:\\\/\\\/wp.kristdemokraterna.se\\\/uppsala\\\/kd-tar-strid-for-friskolesystemet\\\/\",\"url\":\"https:\\\/\\\/wp.kristdemokraterna.se\\\/uppsala\\\/kd-tar-strid-for-friskolesystemet\\\/\",\"name\":\"KD tar strid f\u00f6r friskolesystemet | Kristdemokraterna | Uppsala\",\"isPartOf\":{\"@id\":\"https:\\\/\\\/wp.kristdemokraterna.se\\\/uppsala\\\/#website\"},\"primaryImageOfPage\":{\"@id\":\"https:\\\/\\\/wp.kristdemokraterna.se\\\/uppsala\\\/kd-tar-strid-for-friskolesystemet\\\/#primaryimage\"},\"image\":{\"@id\":\"https:\\\/\\\/wp.kristdemokraterna.se\\\/uppsala\\\/kd-tar-strid-for-friskolesystemet\\\/#primaryimage\"},\"thumbnailUrl\":\"https:\\\/\\\/wp.kristdemokraterna.se\\\/uppsala\\\/files\\\/2018\\\/04\\\/trion-e1522835136992.png\",\"datePublished\":\"2018-04-04T09:47:30+00:00\",\"dateModified\":\"2024-04-03T22:29:08+00:00\",\"breadcrumb\":{\"@id\":\"https:\\\/\\\/wp.kristdemokraterna.se\\\/uppsala\\\/kd-tar-strid-for-friskolesystemet\\\/#breadcrumb\"},\"inLanguage\":\"sv-SE\",\"potentialAction\":[{\"@type\":\"ReadAction\",\"target\":[\"https:\\\/\\\/wp.kristdemokraterna.se\\\/uppsala\\\/kd-tar-strid-for-friskolesystemet\\\/\"]}]},{\"@type\":\"ImageObject\",\"inLanguage\":\"sv-SE\",\"@id\":\"https:\\\/\\\/wp.kristdemokraterna.se\\\/uppsala\\\/kd-tar-strid-for-friskolesystemet\\\/#primaryimage\",\"url\":\"https:\\\/\\\/wp.kristdemokraterna.se\\\/uppsala\\\/files\\\/2018\\\/04\\\/trion-e1522835136992.png\",\"contentUrl\":\"https:\\\/\\\/wp.kristdemokraterna.se\\\/uppsala\\\/files\\\/2018\\\/04\\\/trion-e1522835136992.png\",\"width\":700,\"height\":253},{\"@type\":\"BreadcrumbList\",\"@id\":\"https:\\\/\\\/wp.kristdemokraterna.se\\\/uppsala\\\/kd-tar-strid-for-friskolesystemet\\\/#breadcrumb\",\"itemListElement\":[{\"@type\":\"ListItem\",\"position\":1,\"name\":\"Hem\",\"item\":\"https:\\\/\\\/wp.kristdemokraterna.se\\\/uppsala\\\/\"},{\"@type\":\"ListItem\",\"position\":2,\"name\":\"KD tar strid f\u00f6r friskolesystemet\"}]},{\"@type\":\"WebSite\",\"@id\":\"https:\\\/\\\/wp.kristdemokraterna.se\\\/uppsala\\\/#website\",\"url\":\"https:\\\/\\\/wp.kristdemokraterna.se\\\/uppsala\\\/\",\"name\":\"Kristdemokraterna Uppsala\",\"description\":\"Tryggare Uppsala\",\"publisher\":{\"@id\":\"https:\\\/\\\/wp.kristdemokraterna.se\\\/uppsala\\\/#organization\"},\"inLanguage\":\"sv-SE\"},{\"@type\":\"Organization\",\"@id\":\"https:\\\/\\\/wp.kristdemokraterna.se\\\/uppsala\\\/#organization\",\"name\":\"Kristdemokraterna Uppsala\",\"url\":\"https:\\\/\\\/wp.kristdemokraterna.se\\\/uppsala\\\/\",\"logo\":{\"@type\":\"ImageObject\",\"inLanguage\":\"sv-SE\",\"@id\":\"https:\\\/\\\/wp.kristdemokraterna.se\\\/uppsala\\\/#\\\/schema\\\/logo\\\/image\\\/\",\"url\":\"https:\\\/\\\/wp.kristdemokraterna.se\\\/uppsala\\\/files\\\/2019\\\/10\\\/kd-uppsala.png\",\"contentUrl\":\"https:\\\/\\\/wp.kristdemokraterna.se\\\/uppsala\\\/files\\\/2019\\\/10\\\/kd-uppsala.png\",\"width\":804,\"height\":421,\"caption\":\"Kristdemokraterna Uppsala\"},\"image\":{\"@id\":\"https:\\\/\\\/wp.kristdemokraterna.se\\\/uppsala\\\/#\\\/schema\\\/logo\\\/image\\\/\"},\"sameAs\":[\"https:\\\/\\\/www.facebook.com\\\/UppsalaKD\\\/\",\"https:\\\/\\\/www.instagram.com\\\/uppsalakd\\\/\"]},{\"@type\":\"Person\",\"@id\":\"https:\\\/\\\/wp.kristdemokraterna.se\\\/uppsala\\\/#\\\/schema\\\/person\\\/76b6a15f208d1b8798c44227309d3a4c\",\"name\":\"victor\",\"image\":{\"@type\":\"ImageObject\",\"inLanguage\":\"sv-SE\",\"@id\":\"https:\\\/\\\/secure.gravatar.com\\\/avatar\\\/520b4bff4011c28a76670b12c3728306056996363870be3d036f4b72046de1d9?s=96&r=g\",\"url\":\"https:\\\/\\\/secure.gravatar.com\\\/avatar\\\/520b4bff4011c28a76670b12c3728306056996363870be3d036f4b72046de1d9?s=96&r=g\",\"contentUrl\":\"https:\\\/\\\/secure.gravatar.com\\\/avatar\\\/520b4bff4011c28a76670b12c3728306056996363870be3d036f4b72046de1d9?s=96&r=g\",\"caption\":\"victor\"},\"url\":\"https:\\\/\\\/wp.kristdemokraterna.se\\\/uppsala\\\/author\\\/victor\\\/\"}]}<\/script>\n<!-- \/ Yoast SEO plugin. -->","yoast_head_json":{"title":"KD tar strid f\u00f6r friskolesystemet | Kristdemokraterna | Uppsala","robots":{"index":"index","follow":"follow","max-snippet":"max-snippet:-1","max-image-preview":"max-image-preview:large","max-video-preview":"max-video-preview:-1"},"canonical":"https:\/\/wp.kristdemokraterna.se\/uppsala\/kd-tar-strid-for-friskolesystemet\/","og_locale":"sv_SE","og_type":"article","og_title":"KD tar strid f\u00f6r friskolesystemet | Kristdemokraterna | Uppsala","og_description":"Socialdemokraterna vill st\u00e4nga v\u00e4l fungerande skolor &nbsp; \u201dSvensk skola ska vara fri fr\u00e5n konfessionella inslag\u201d skriver civilminister Ardalan Shekarabi i Aftonbladet den 13 mars. \u00a0 Vi ser med f\u00f6rf\u00e4ran hur Ardalan Shekarabi j\u00e4mf\u00f6r svenska konfessionella skolor med hans egna erfarenheter fr\u00e5n Irans religi\u00f6sa diktatur d\u00e4r samh\u00e4llet och lagar grundas p\u00e5 koranen och sharia. \u00a0 Att Read More","og_url":"https:\/\/wp.kristdemokraterna.se\/uppsala\/kd-tar-strid-for-friskolesystemet\/","og_site_name":"Kristdemokraterna | Uppsala","article_publisher":"https:\/\/www.facebook.com\/UppsalaKD\/","article_published_time":"2018-04-04T09:47:30+00:00","article_modified_time":"2024-04-03T22:29:08+00:00","og_image":[{"width":700,"height":253,"url":"http:\/\/wp.kristdemokraterna.se\/uppsala\/files\/2018\/04\/trion-e1522835136992.png","type":"image\/png"}],"author":"victor","twitter_card":"summary_large_image","twitter_misc":{"Skriven av":"victor","Ber\u00e4knad l\u00e4stid":"3 minuter"},"schema":{"@context":"https:\/\/schema.org","@graph":[{"@type":"Article","@id":"https:\/\/wp.kristdemokraterna.se\/uppsala\/kd-tar-strid-for-friskolesystemet\/#article","isPartOf":{"@id":"https:\/\/wp.kristdemokraterna.se\/uppsala\/kd-tar-strid-for-friskolesystemet\/"},"author":{"name":"victor","@id":"https:\/\/wp.kristdemokraterna.se\/uppsala\/#\/schema\/person\/76b6a15f208d1b8798c44227309d3a4c"},"headline":"KD tar strid f\u00f6r friskolesystemet","datePublished":"2018-04-04T09:47:30+00:00","dateModified":"2024-04-03T22:29:08+00:00","mainEntityOfPage":{"@id":"https:\/\/wp.kristdemokraterna.se\/uppsala\/kd-tar-strid-for-friskolesystemet\/"},"wordCount":655,"publisher":{"@id":"https:\/\/wp.kristdemokraterna.se\/uppsala\/#organization"},"image":{"@id":"https:\/\/wp.kristdemokraterna.se\/uppsala\/kd-tar-strid-for-friskolesystemet\/#primaryimage"},"thumbnailUrl":"https:\/\/wp.kristdemokraterna.se\/uppsala\/files\/2018\/04\/trion-e1522835136992.png","articleSection":["Familj &amp; skola"],"inLanguage":"sv-SE"},{"@type":"WebPage","@id":"https:\/\/wp.kristdemokraterna.se\/uppsala\/kd-tar-strid-for-friskolesystemet\/","url":"https:\/\/wp.kristdemokraterna.se\/uppsala\/kd-tar-strid-for-friskolesystemet\/","name":"KD tar strid f\u00f6r friskolesystemet | Kristdemokraterna | Uppsala","isPartOf":{"@id":"https:\/\/wp.kristdemokraterna.se\/uppsala\/#website"},"primaryImageOfPage":{"@id":"https:\/\/wp.kristdemokraterna.se\/uppsala\/kd-tar-strid-for-friskolesystemet\/#primaryimage"},"image":{"@id":"https:\/\/wp.kristdemokraterna.se\/uppsala\/kd-tar-strid-for-friskolesystemet\/#primaryimage"},"thumbnailUrl":"https:\/\/wp.kristdemokraterna.se\/uppsala\/files\/2018\/04\/trion-e1522835136992.png","datePublished":"2018-04-04T09:47:30+00:00","dateModified":"2024-04-03T22:29:08+00:00","breadcrumb":{"@id":"https:\/\/wp.kristdemokraterna.se\/uppsala\/kd-tar-strid-for-friskolesystemet\/#breadcrumb"},"inLanguage":"sv-SE","potentialAction":[{"@type":"ReadAction","target":["https:\/\/wp.kristdemokraterna.se\/uppsala\/kd-tar-strid-for-friskolesystemet\/"]}]},{"@type":"ImageObject","inLanguage":"sv-SE","@id":"https:\/\/wp.kristdemokraterna.se\/uppsala\/kd-tar-strid-for-friskolesystemet\/#primaryimage","url":"https:\/\/wp.kristdemokraterna.se\/uppsala\/files\/2018\/04\/trion-e1522835136992.png","contentUrl":"https:\/\/wp.kristdemokraterna.se\/uppsala\/files\/2018\/04\/trion-e1522835136992.png","width":700,"height":253},{"@type":"BreadcrumbList","@id":"https:\/\/wp.kristdemokraterna.se\/uppsala\/kd-tar-strid-for-friskolesystemet\/#breadcrumb","itemListElement":[{"@type":"ListItem","position":1,"name":"Hem","item":"https:\/\/wp.kristdemokraterna.se\/uppsala\/"},{"@type":"ListItem","position":2,"name":"KD tar strid f\u00f6r friskolesystemet"}]},{"@type":"WebSite","@id":"https:\/\/wp.kristdemokraterna.se\/uppsala\/#website","url":"https:\/\/wp.kristdemokraterna.se\/uppsala\/","name":"Kristdemokraterna Uppsala","description":"Tryggare Uppsala","publisher":{"@id":"https:\/\/wp.kristdemokraterna.se\/uppsala\/#organization"},"inLanguage":"sv-SE"},{"@type":"Organization","@id":"https:\/\/wp.kristdemokraterna.se\/uppsala\/#organization","name":"Kristdemokraterna Uppsala","url":"https:\/\/wp.kristdemokraterna.se\/uppsala\/","logo":{"@type":"ImageObject","inLanguage":"sv-SE","@id":"https:\/\/wp.kristdemokraterna.se\/uppsala\/#\/schema\/logo\/image\/","url":"https:\/\/wp.kristdemokraterna.se\/uppsala\/files\/2019\/10\/kd-uppsala.png","contentUrl":"https:\/\/wp.kristdemokraterna.se\/uppsala\/files\/2019\/10\/kd-uppsala.png","width":804,"height":421,"caption":"Kristdemokraterna Uppsala"},"image":{"@id":"https:\/\/wp.kristdemokraterna.se\/uppsala\/#\/schema\/logo\/image\/"},"sameAs":["https:\/\/www.facebook.com\/UppsalaKD\/","https:\/\/www.instagram.com\/uppsalakd\/"]},{"@type":"Person","@id":"https:\/\/wp.kristdemokraterna.se\/uppsala\/#\/schema\/person\/76b6a15f208d1b8798c44227309d3a4c","name":"victor","image":{"@type":"ImageObject","inLanguage":"sv-SE","@id":"https:\/\/secure.gravatar.com\/avatar\/520b4bff4011c28a76670b12c3728306056996363870be3d036f4b72046de1d9?s=96&r=g","url":"https:\/\/secure.gravatar.com\/avatar\/520b4bff4011c28a76670b12c3728306056996363870be3d036f4b72046de1d9?s=96&r=g","contentUrl":"https:\/\/secure.gravatar.com\/avatar\/520b4bff4011c28a76670b12c3728306056996363870be3d036f4b72046de1d9?s=96&r=g","caption":"victor"},"url":"https:\/\/wp.kristdemokraterna.se\/uppsala\/author\/victor\/"}]}},"_links":{"self":[{"href":"https:\/\/wp.kristdemokraterna.se\/uppsala\/wp-json\/wp\/v2\/posts\/2446","targetHints":{"allow":["GET"]}}],"collection":[{"href":"https:\/\/wp.kristdemokraterna.se\/uppsala\/wp-json\/wp\/v2\/posts"}],"about":[{"href":"https:\/\/wp.kristdemokraterna.se\/uppsala\/wp-json\/wp\/v2\/types\/post"}],"author":[{"embeddable":true,"href":"https:\/\/wp.kristdemokraterna.se\/uppsala\/wp-json\/wp\/v2\/users\/760"}],"replies":[{"embeddable":true,"href":"https:\/\/wp.kristdemokraterna.se\/uppsala\/wp-json\/wp\/v2\/comments?post=2446"}],"version-history":[{"count":1,"href":"https:\/\/wp.kristdemokraterna.se\/uppsala\/wp-json\/wp\/v2\/posts\/2446\/revisions"}],"predecessor-version":[{"id":2448,"href":"https:\/\/wp.kristdemokraterna.se\/uppsala\/wp-json\/wp\/v2\/posts\/2446\/revisions\/2448"}],"wp:featuredmedia":[{"embeddable":true,"href":"https:\/\/wp.kristdemokraterna.se\/uppsala\/wp-json\/wp\/v2\/media\/2447"}],"wp:attachment":[{"href":"https:\/\/wp.kristdemokraterna.se\/uppsala\/wp-json\/wp\/v2\/media?parent=2446"}],"wp:term":[{"taxonomy":"category","embeddable":true,"href":"https:\/\/wp.kristdemokraterna.se\/uppsala\/wp-json\/wp\/v2\/categories?post=2446"},{"taxonomy":"post_tag","embeddable":true,"href":"https:\/\/wp.kristdemokraterna.se\/uppsala\/wp-json\/wp\/v2\/tags?post=2446"}],"curies":[{"name":"wp","href":"https:\/\/api.w.org\/{rel}","templated":true}]}}