{"id":2498,"date":"2018-04-05T14:23:15","date_gmt":"2018-04-05T12:23:15","guid":{"rendered":"http:\/\/wp.kristdemokraterna.se\/uppsala\/?p=2498"},"modified":"2024-04-04T00:28:49","modified_gmt":"2024-04-03T22:28:49","slug":"inge-kvinna-ska-vanda-i-dorren","status":"publish","type":"post","link":"https:\/\/wp.kristdemokraterna.se\/uppsala\/inge-kvinna-ska-vanda-i-dorren\/","title":{"rendered":"Ingen kvinna ska v\u00e4nda i d\u00f6rren"},"content":{"rendered":"<p><em><strong>Mimmi Westerlund (KD)<br \/>\n<\/strong>Tv\u00e5a p\u00e5 listan till regionfullm\u00e4ktige<\/em><\/p>\n<hr \/>\n<p><strong>Enligt statistiken ligger f\u00f6rlossningsv\u00e5rden vid Akademiska sjukhuset p\u00e5 en h\u00f6g niv\u00e5. Trots detta \u00e4r m\u00e5nga blivande mammor oroliga \u00f6ver hur det ska g\u00e5 \u2013 s\u00e4rskilt oroliga \u00e4r man \u00f6ver platsbristen. Kommer det att finnas plats n\u00e4r det blir dags?<\/strong><\/p>\n<p>Att somrarna p\u00e5 f\u00f6rlossningen och BB \u00e4r s\u00e4rskilt anstr\u00e4ngda \u00e4r tyv\u00e4rr inget nytt. Man kan fr\u00e5ga sig om bristen p\u00e5 \u00e5tg\u00e4rder beror p\u00e5 att kvinnov\u00e5rden inte prioriteras n\u00e4r skattepengarna ska f\u00f6rdelas, eller om det helt enkelt beror p\u00e5 kompetensbrist bland politikerna?<\/p>\n<p>I\u00a0somras fick 14 barn\u00a0neonatalv\u00e5rd vid andra sjukhus i Sverige, fyra fl\u00f6gs till \u00c5bo och platserna p\u00e5 BB drogs ned fr\u00e5n 34 till 28. Detta v\u00e4cker en stor oro bland m\u00e5nga gravida \u00e4ven om den egna risken f\u00f6r h\u00f6gkomplicerad f\u00f6r tidig f\u00f6dsel \u00e4r l\u00e5g. F\u00f6r att klara av verksamheten uppger verksamhetschefen i UNT &#8221;att de anst\u00e4llda st\u00e4llt upp storartat.&#8221;<\/p>\n<p>Tyv\u00e4rr ser vi inte n\u00e5gon f\u00f6r\u00e4ndring komma. Plats- och personalbristen \u00e4r fortfarande v\u00e4ldigt allvarlig och prognosen inf\u00f6r sommaren \u00e4r oklar. F\u00f6r att lyckas v\u00e4nda denna trend kr\u00e4vs en tydlig politisk vilja och ett starkt ledarskap.<\/p>\n<p>En avg\u00f6rande faktor f\u00f6r att lyckas beh\u00e5lla personalen \u00e4r f\u00f6rst\u00e5s l\u00f6nen. I dagsl\u00e4get har barnmorskorna p\u00e5 Akademiska sjukhuset l\u00e4gre l\u00f6neniv\u00e5er \u00e4n man har p\u00e5 motsvarande avdelningar i V\u00e4ster\u00e5s &#8211; trots att dessa skickar sina h\u00f6gkomplicerade graviditeter till oss. V\u00e5r personal utf\u00f6r allts\u00e5 en mer avancerad v\u00e5rd f\u00f6r l\u00e4gre l\u00f6ner. Det \u00e4r inget annat \u00e4n orimligt och borde kunna \u00e5tg\u00e4rdas politiskt. Hur sv\u00e5rt kan det egentligen vara att skapa dugliga arbetsvillkor f\u00f6r dom som dagligen ser till att kvinnor f\u00e5r uppleva s\u00e5 bra f\u00f6rlossningar som m\u00f6jligt?<\/p>\n<p>Ingen kvinna ska beh\u00f6va v\u00e4nda i d\u00f6rren till f\u00f6rlossningen. D\u00e4rf\u00f6r vill vi se fler anst\u00e4llda och fler s\u00e4ngplatser i effektiva lokaler, exempelvis borde f\u00f6rlossningen och BB i framtiden ligga p\u00e5 samma v\u00e5ningsplan s\u00e5 att personalen b\u00e4ttre kan hj\u00e4lpas \u00e5t. Dessutom \u00e4r det h\u00f6g tid att genomf\u00f6ra ett en l\u00f6nerevision som st\u00e5r i god proportion till arbetsbelastning och arbetsuppgifter.<\/p>\n<p>Fr\u00e5gan \u00e4r varf\u00f6r den r\u00f6dgr\u00f6na majoriteten inte har prioriterat detta n\u00e4r det \u00e4r s\u00e5 tydligt att behovet finns. Jag anser att vi m\u00e5ste prioritera upp kvinnors r\u00e4tt till s\u00e4kra f\u00f6rlossningar till f\u00f6rm\u00e5n f\u00f6r annat som f\u00e5r st\u00e5 tillbaka. Jag \u00e4r beredd att g\u00f6ra den prioriteringen och s\u00f6ker st\u00f6d f\u00f6r det i h\u00f6stens val till regionfullm\u00e4ktige.<\/p>\n<p>&nbsp;<\/p>\n<p><strong>\u2022 B\u00e4ttre arbetssituation f\u00f6r personalen p\u00e5 f\u00f6rlossningen och BB<\/strong><br \/>\n<strong> \u2022 Det ska finnas en v\u00e5rdplatsgaranti inom f\u00f6rlossningsv\u00e5rden. <\/strong><br \/>\n<strong> \u2022 Den andra f\u00f6r\u00e4ldern ska erbjudas att \u00f6vernatta tillsammans med mamman efter f\u00f6rlossningen. <\/strong><br \/>\n<strong> \u2022 F\u00f6r de som har l\u00e5ngt avst\u00e5nd till f\u00f6rlossningsklinik ska det erbjudas plats p\u00e5 patienthotell i v\u00e4ntan p\u00e5 f\u00f6rlossning.<\/strong><br \/>\n<strong> \u2022 Mer resurser till Specialistm\u00f6drav\u00e5rden, t.ex egenanst\u00e4llda tolkar och ultraljudsbarnmorskor.<\/strong><br \/>\n<strong> \u2022 F\u00e5 en b\u00e4ttre helhet i v\u00e5rdkedjan under en gravididet (MVC\/F\u00f6rlossning\/BB\/BVC).<\/strong><\/p>\n","protected":false},"excerpt":{"rendered":"<p>Mimmi Westerlund (KD) Tv\u00e5a p\u00e5 listan till regionfullm\u00e4ktige Enligt statistiken ligger f\u00f6rlossningsv\u00e5rden vid Akademiska sjukhuset p\u00e5 en h\u00f6g niv\u00e5. Trots detta \u00e4r m\u00e5nga blivande mammor oroliga \u00f6ver hur det ska g\u00e5 \u2013 s\u00e4rskilt oroliga \u00e4r man \u00f6ver platsbristen. Kommer det att finnas plats n\u00e4r det blir dags? Att somrarna p\u00e5 f\u00f6rlossningen och BB \u00e4r s\u00e4rskilt <a class=\"read-more-link\" href=\"https:\/\/wp.kristdemokraterna.se\/uppsala\/inge-kvinna-ska-vanda-i-dorren\/\">Read More<\/a><\/p>\n","protected":false},"author":702,"featured_media":0,"comment_status":"closed","ping_status":"closed","sticky":false,"template":"","format":"standard","meta":{"_acf_changed":false,"footnotes":""},"categories":[236],"tags":[],"class_list":["post-2498","post","type-post","status-publish","format-standard","hentry","category-vard-o-omsorg"],"acf":[],"yoast_head":"<!-- This site is optimized with the Yoast SEO plugin v27.4 - https:\/\/yoast.com\/product\/yoast-seo-wordpress\/ -->\n<title>Ingen kvinna ska v\u00e4nda i d\u00f6rren | Kristdemokraterna | Uppsala<\/title>\n<meta name=\"robots\" content=\"index, follow, max-snippet:-1, max-image-preview:large, max-video-preview:-1\" \/>\n<link rel=\"canonical\" href=\"https:\/\/wp.kristdemokraterna.se\/uppsala\/inge-kvinna-ska-vanda-i-dorren\/\" \/>\n<meta property=\"og:locale\" content=\"sv_SE\" \/>\n<meta property=\"og:type\" content=\"article\" \/>\n<meta property=\"og:title\" content=\"Ingen kvinna ska v\u00e4nda i d\u00f6rren | Kristdemokraterna | Uppsala\" \/>\n<meta property=\"og:description\" content=\"Mimmi Westerlund (KD) Tv\u00e5a p\u00e5 listan till regionfullm\u00e4ktige Enligt statistiken ligger f\u00f6rlossningsv\u00e5rden vid Akademiska sjukhuset p\u00e5 en h\u00f6g niv\u00e5. Trots detta \u00e4r m\u00e5nga blivande mammor oroliga \u00f6ver hur det ska g\u00e5 \u2013 s\u00e4rskilt oroliga \u00e4r man \u00f6ver platsbristen. Kommer det att finnas plats n\u00e4r det blir dags? Att somrarna p\u00e5 f\u00f6rlossningen och BB \u00e4r s\u00e4rskilt Read More\" \/>\n<meta property=\"og:url\" content=\"https:\/\/wp.kristdemokraterna.se\/uppsala\/inge-kvinna-ska-vanda-i-dorren\/\" \/>\n<meta property=\"og:site_name\" content=\"Kristdemokraterna | Uppsala\" \/>\n<meta property=\"article:publisher\" content=\"https:\/\/www.facebook.com\/UppsalaKD\/\" \/>\n<meta property=\"article:published_time\" content=\"2018-04-05T12:23:15+00:00\" \/>\n<meta property=\"article:modified_time\" content=\"2024-04-03T22:28:49+00:00\" \/>\n<meta property=\"og:image\" content=\"https:\/\/wp.kristdemokraterna.se\/uppsala\/files\/2021\/12\/kom1.png\" \/>\n\t<meta property=\"og:image:width\" content=\"770\" \/>\n\t<meta property=\"og:image:height\" content=\"404\" \/>\n\t<meta property=\"og:image:type\" content=\"image\/png\" \/>\n<meta name=\"author\" content=\"Mimmi Westerlund\" \/>\n<meta name=\"twitter:card\" content=\"summary_large_image\" \/>\n<meta name=\"twitter:label1\" content=\"Skriven av\" \/>\n\t<meta name=\"twitter:data1\" content=\"Mimmi Westerlund\" \/>\n\t<meta name=\"twitter:label2\" content=\"Ber\u00e4knad l\u00e4stid\" \/>\n\t<meta name=\"twitter:data2\" content=\"3 minuter\" \/>\n<script type=\"application\/ld+json\" class=\"yoast-schema-graph\">{\"@context\":\"https:\\\/\\\/schema.org\",\"@graph\":[{\"@type\":\"Article\",\"@id\":\"https:\\\/\\\/wp.kristdemokraterna.se\\\/uppsala\\\/inge-kvinna-ska-vanda-i-dorren\\\/#article\",\"isPartOf\":{\"@id\":\"https:\\\/\\\/wp.kristdemokraterna.se\\\/uppsala\\\/inge-kvinna-ska-vanda-i-dorren\\\/\"},\"author\":{\"name\":\"Mimmi Westerlund\",\"@id\":\"https:\\\/\\\/wp.kristdemokraterna.se\\\/uppsala\\\/#\\\/schema\\\/person\\\/038d805d685fb0ce5ad14ab8711d8e84\"},\"headline\":\"Ingen kvinna ska v\u00e4nda i d\u00f6rren\",\"datePublished\":\"2018-04-05T12:23:15+00:00\",\"dateModified\":\"2024-04-03T22:28:49+00:00\",\"mainEntityOfPage\":{\"@id\":\"https:\\\/\\\/wp.kristdemokraterna.se\\\/uppsala\\\/inge-kvinna-ska-vanda-i-dorren\\\/\"},\"wordCount\":574,\"publisher\":{\"@id\":\"https:\\\/\\\/wp.kristdemokraterna.se\\\/uppsala\\\/#organization\"},\"articleSection\":[\"V\u00e5rd &amp; omsorg\"],\"inLanguage\":\"sv-SE\"},{\"@type\":\"WebPage\",\"@id\":\"https:\\\/\\\/wp.kristdemokraterna.se\\\/uppsala\\\/inge-kvinna-ska-vanda-i-dorren\\\/\",\"url\":\"https:\\\/\\\/wp.kristdemokraterna.se\\\/uppsala\\\/inge-kvinna-ska-vanda-i-dorren\\\/\",\"name\":\"Ingen kvinna ska v\u00e4nda i d\u00f6rren | Kristdemokraterna | Uppsala\",\"isPartOf\":{\"@id\":\"https:\\\/\\\/wp.kristdemokraterna.se\\\/uppsala\\\/#website\"},\"datePublished\":\"2018-04-05T12:23:15+00:00\",\"dateModified\":\"2024-04-03T22:28:49+00:00\",\"breadcrumb\":{\"@id\":\"https:\\\/\\\/wp.kristdemokraterna.se\\\/uppsala\\\/inge-kvinna-ska-vanda-i-dorren\\\/#breadcrumb\"},\"inLanguage\":\"sv-SE\",\"potentialAction\":[{\"@type\":\"ReadAction\",\"target\":[\"https:\\\/\\\/wp.kristdemokraterna.se\\\/uppsala\\\/inge-kvinna-ska-vanda-i-dorren\\\/\"]}]},{\"@type\":\"BreadcrumbList\",\"@id\":\"https:\\\/\\\/wp.kristdemokraterna.se\\\/uppsala\\\/inge-kvinna-ska-vanda-i-dorren\\\/#breadcrumb\",\"itemListElement\":[{\"@type\":\"ListItem\",\"position\":1,\"name\":\"Hem\",\"item\":\"https:\\\/\\\/wp.kristdemokraterna.se\\\/uppsala\\\/\"},{\"@type\":\"ListItem\",\"position\":2,\"name\":\"Ingen kvinna ska v\u00e4nda i d\u00f6rren\"}]},{\"@type\":\"WebSite\",\"@id\":\"https:\\\/\\\/wp.kristdemokraterna.se\\\/uppsala\\\/#website\",\"url\":\"https:\\\/\\\/wp.kristdemokraterna.se\\\/uppsala\\\/\",\"name\":\"Kristdemokraterna Uppsala\",\"description\":\"Tryggare Uppsala\",\"publisher\":{\"@id\":\"https:\\\/\\\/wp.kristdemokraterna.se\\\/uppsala\\\/#organization\"},\"inLanguage\":\"sv-SE\"},{\"@type\":\"Organization\",\"@id\":\"https:\\\/\\\/wp.kristdemokraterna.se\\\/uppsala\\\/#organization\",\"name\":\"Kristdemokraterna Uppsala\",\"url\":\"https:\\\/\\\/wp.kristdemokraterna.se\\\/uppsala\\\/\",\"logo\":{\"@type\":\"ImageObject\",\"inLanguage\":\"sv-SE\",\"@id\":\"https:\\\/\\\/wp.kristdemokraterna.se\\\/uppsala\\\/#\\\/schema\\\/logo\\\/image\\\/\",\"url\":\"https:\\\/\\\/wp.kristdemokraterna.se\\\/uppsala\\\/files\\\/2019\\\/10\\\/kd-uppsala.png\",\"contentUrl\":\"https:\\\/\\\/wp.kristdemokraterna.se\\\/uppsala\\\/files\\\/2019\\\/10\\\/kd-uppsala.png\",\"width\":804,\"height\":421,\"caption\":\"Kristdemokraterna Uppsala\"},\"image\":{\"@id\":\"https:\\\/\\\/wp.kristdemokraterna.se\\\/uppsala\\\/#\\\/schema\\\/logo\\\/image\\\/\"},\"sameAs\":[\"https:\\\/\\\/www.facebook.com\\\/UppsalaKD\\\/\",\"https:\\\/\\\/www.instagram.com\\\/uppsalakd\\\/\"]},{\"@type\":\"Person\",\"@id\":\"https:\\\/\\\/wp.kristdemokraterna.se\\\/uppsala\\\/#\\\/schema\\\/person\\\/038d805d685fb0ce5ad14ab8711d8e84\",\"name\":\"Mimmi Westerlund\",\"image\":{\"@type\":\"ImageObject\",\"inLanguage\":\"sv-SE\",\"@id\":\"https:\\\/\\\/secure.gravatar.com\\\/avatar\\\/a5697359f709b6b10d9c7e6a7c89f3e054554dedb4657d5ffe9e5bc5b1445841?s=96&r=g\",\"url\":\"https:\\\/\\\/secure.gravatar.com\\\/avatar\\\/a5697359f709b6b10d9c7e6a7c89f3e054554dedb4657d5ffe9e5bc5b1445841?s=96&r=g\",\"contentUrl\":\"https:\\\/\\\/secure.gravatar.com\\\/avatar\\\/a5697359f709b6b10d9c7e6a7c89f3e054554dedb4657d5ffe9e5bc5b1445841?s=96&r=g\",\"caption\":\"Mimmi Westerlund\"},\"url\":\"https:\\\/\\\/wp.kristdemokraterna.se\\\/uppsala\\\/author\\\/mimmi\\\/\"}]}<\/script>\n<!-- \/ Yoast SEO plugin. -->","yoast_head_json":{"title":"Ingen kvinna ska v\u00e4nda i d\u00f6rren | Kristdemokraterna | Uppsala","robots":{"index":"index","follow":"follow","max-snippet":"max-snippet:-1","max-image-preview":"max-image-preview:large","max-video-preview":"max-video-preview:-1"},"canonical":"https:\/\/wp.kristdemokraterna.se\/uppsala\/inge-kvinna-ska-vanda-i-dorren\/","og_locale":"sv_SE","og_type":"article","og_title":"Ingen kvinna ska v\u00e4nda i d\u00f6rren | Kristdemokraterna | Uppsala","og_description":"Mimmi Westerlund (KD) Tv\u00e5a p\u00e5 listan till regionfullm\u00e4ktige Enligt statistiken ligger f\u00f6rlossningsv\u00e5rden vid Akademiska sjukhuset p\u00e5 en h\u00f6g niv\u00e5. Trots detta \u00e4r m\u00e5nga blivande mammor oroliga \u00f6ver hur det ska g\u00e5 \u2013 s\u00e4rskilt oroliga \u00e4r man \u00f6ver platsbristen. Kommer det att finnas plats n\u00e4r det blir dags? Att somrarna p\u00e5 f\u00f6rlossningen och BB \u00e4r s\u00e4rskilt Read More","og_url":"https:\/\/wp.kristdemokraterna.se\/uppsala\/inge-kvinna-ska-vanda-i-dorren\/","og_site_name":"Kristdemokraterna | Uppsala","article_publisher":"https:\/\/www.facebook.com\/UppsalaKD\/","article_published_time":"2018-04-05T12:23:15+00:00","article_modified_time":"2024-04-03T22:28:49+00:00","og_image":[{"width":770,"height":404,"url":"https:\/\/wp.kristdemokraterna.se\/uppsala\/files\/2021\/12\/kom1.png","type":"image\/png"}],"author":"Mimmi Westerlund","twitter_card":"summary_large_image","twitter_misc":{"Skriven av":"Mimmi Westerlund","Ber\u00e4knad l\u00e4stid":"3 minuter"},"schema":{"@context":"https:\/\/schema.org","@graph":[{"@type":"Article","@id":"https:\/\/wp.kristdemokraterna.se\/uppsala\/inge-kvinna-ska-vanda-i-dorren\/#article","isPartOf":{"@id":"https:\/\/wp.kristdemokraterna.se\/uppsala\/inge-kvinna-ska-vanda-i-dorren\/"},"author":{"name":"Mimmi Westerlund","@id":"https:\/\/wp.kristdemokraterna.se\/uppsala\/#\/schema\/person\/038d805d685fb0ce5ad14ab8711d8e84"},"headline":"Ingen kvinna ska v\u00e4nda i d\u00f6rren","datePublished":"2018-04-05T12:23:15+00:00","dateModified":"2024-04-03T22:28:49+00:00","mainEntityOfPage":{"@id":"https:\/\/wp.kristdemokraterna.se\/uppsala\/inge-kvinna-ska-vanda-i-dorren\/"},"wordCount":574,"publisher":{"@id":"https:\/\/wp.kristdemokraterna.se\/uppsala\/#organization"},"articleSection":["V\u00e5rd &amp; omsorg"],"inLanguage":"sv-SE"},{"@type":"WebPage","@id":"https:\/\/wp.kristdemokraterna.se\/uppsala\/inge-kvinna-ska-vanda-i-dorren\/","url":"https:\/\/wp.kristdemokraterna.se\/uppsala\/inge-kvinna-ska-vanda-i-dorren\/","name":"Ingen kvinna ska v\u00e4nda i d\u00f6rren | Kristdemokraterna | Uppsala","isPartOf":{"@id":"https:\/\/wp.kristdemokraterna.se\/uppsala\/#website"},"datePublished":"2018-04-05T12:23:15+00:00","dateModified":"2024-04-03T22:28:49+00:00","breadcrumb":{"@id":"https:\/\/wp.kristdemokraterna.se\/uppsala\/inge-kvinna-ska-vanda-i-dorren\/#breadcrumb"},"inLanguage":"sv-SE","potentialAction":[{"@type":"ReadAction","target":["https:\/\/wp.kristdemokraterna.se\/uppsala\/inge-kvinna-ska-vanda-i-dorren\/"]}]},{"@type":"BreadcrumbList","@id":"https:\/\/wp.kristdemokraterna.se\/uppsala\/inge-kvinna-ska-vanda-i-dorren\/#breadcrumb","itemListElement":[{"@type":"ListItem","position":1,"name":"Hem","item":"https:\/\/wp.kristdemokraterna.se\/uppsala\/"},{"@type":"ListItem","position":2,"name":"Ingen kvinna ska v\u00e4nda i d\u00f6rren"}]},{"@type":"WebSite","@id":"https:\/\/wp.kristdemokraterna.se\/uppsala\/#website","url":"https:\/\/wp.kristdemokraterna.se\/uppsala\/","name":"Kristdemokraterna Uppsala","description":"Tryggare Uppsala","publisher":{"@id":"https:\/\/wp.kristdemokraterna.se\/uppsala\/#organization"},"inLanguage":"sv-SE"},{"@type":"Organization","@id":"https:\/\/wp.kristdemokraterna.se\/uppsala\/#organization","name":"Kristdemokraterna Uppsala","url":"https:\/\/wp.kristdemokraterna.se\/uppsala\/","logo":{"@type":"ImageObject","inLanguage":"sv-SE","@id":"https:\/\/wp.kristdemokraterna.se\/uppsala\/#\/schema\/logo\/image\/","url":"https:\/\/wp.kristdemokraterna.se\/uppsala\/files\/2019\/10\/kd-uppsala.png","contentUrl":"https:\/\/wp.kristdemokraterna.se\/uppsala\/files\/2019\/10\/kd-uppsala.png","width":804,"height":421,"caption":"Kristdemokraterna Uppsala"},"image":{"@id":"https:\/\/wp.kristdemokraterna.se\/uppsala\/#\/schema\/logo\/image\/"},"sameAs":["https:\/\/www.facebook.com\/UppsalaKD\/","https:\/\/www.instagram.com\/uppsalakd\/"]},{"@type":"Person","@id":"https:\/\/wp.kristdemokraterna.se\/uppsala\/#\/schema\/person\/038d805d685fb0ce5ad14ab8711d8e84","name":"Mimmi Westerlund","image":{"@type":"ImageObject","inLanguage":"sv-SE","@id":"https:\/\/secure.gravatar.com\/avatar\/a5697359f709b6b10d9c7e6a7c89f3e054554dedb4657d5ffe9e5bc5b1445841?s=96&r=g","url":"https:\/\/secure.gravatar.com\/avatar\/a5697359f709b6b10d9c7e6a7c89f3e054554dedb4657d5ffe9e5bc5b1445841?s=96&r=g","contentUrl":"https:\/\/secure.gravatar.com\/avatar\/a5697359f709b6b10d9c7e6a7c89f3e054554dedb4657d5ffe9e5bc5b1445841?s=96&r=g","caption":"Mimmi Westerlund"},"url":"https:\/\/wp.kristdemokraterna.se\/uppsala\/author\/mimmi\/"}]}},"_links":{"self":[{"href":"https:\/\/wp.kristdemokraterna.se\/uppsala\/wp-json\/wp\/v2\/posts\/2498","targetHints":{"allow":["GET"]}}],"collection":[{"href":"https:\/\/wp.kristdemokraterna.se\/uppsala\/wp-json\/wp\/v2\/posts"}],"about":[{"href":"https:\/\/wp.kristdemokraterna.se\/uppsala\/wp-json\/wp\/v2\/types\/post"}],"author":[{"embeddable":true,"href":"https:\/\/wp.kristdemokraterna.se\/uppsala\/wp-json\/wp\/v2\/users\/702"}],"replies":[{"embeddable":true,"href":"https:\/\/wp.kristdemokraterna.se\/uppsala\/wp-json\/wp\/v2\/comments?post=2498"}],"version-history":[{"count":4,"href":"https:\/\/wp.kristdemokraterna.se\/uppsala\/wp-json\/wp\/v2\/posts\/2498\/revisions"}],"predecessor-version":[{"id":2888,"href":"https:\/\/wp.kristdemokraterna.se\/uppsala\/wp-json\/wp\/v2\/posts\/2498\/revisions\/2888"}],"wp:attachment":[{"href":"https:\/\/wp.kristdemokraterna.se\/uppsala\/wp-json\/wp\/v2\/media?parent=2498"}],"wp:term":[{"taxonomy":"category","embeddable":true,"href":"https:\/\/wp.kristdemokraterna.se\/uppsala\/wp-json\/wp\/v2\/categories?post=2498"},{"taxonomy":"post_tag","embeddable":true,"href":"https:\/\/wp.kristdemokraterna.se\/uppsala\/wp-json\/wp\/v2\/tags?post=2498"}],"curies":[{"name":"wp","href":"https:\/\/api.w.org\/{rel}","templated":true}]}}