{"id":2541,"date":"2018-04-12T14:33:09","date_gmt":"2018-04-12T12:33:09","guid":{"rendered":"http:\/\/wp.kristdemokraterna.se\/uppsala\/?p=2541"},"modified":"2024-04-04T01:00:23","modified_gmt":"2024-04-03T23:00:23","slug":"kd-vill-se-lagre-bebyggelse-i-gottsunda-for-okad-trygghet-och-attraktivitet","status":"publish","type":"post","link":"https:\/\/wp.kristdemokraterna.se\/uppsala\/kd-vill-se-lagre-bebyggelse-i-gottsunda-for-okad-trygghet-och-attraktivitet\/","title":{"rendered":"L\u00e4gre hus i Gottsunda f\u00f6r \u00f6kad trygghet"},"content":{"rendered":"<p><strong>Vi kristdemokrater vill bygga bort miljonprogramsomr\u00e5dena i Gottsunda. Vi vill att de bost\u00e4der som det nu planeras f\u00f6r i Gottsunda byggs med maximalt fyra, eventuellt fem v\u00e5ningar. Vi vill ocks\u00e5 samr\u00e5da med fastighets\u00e4garna av miljonprogramsomr\u00e5den att s\u00e4nka befintliga v\u00e5ningar i de bost\u00e4der som finns i Gottsunda idag. Det skulle inneb\u00e4ra att omr\u00e5dets attraktivitet \u00f6kar och att tryggheten st\u00e4rks f\u00f6r de boende.<\/strong><\/p>\n<p><span style=\"text-align: left;color: #333333;text-indent: 0px;letter-spacing: normal;font-family: Georgia,'Times New Roman','Bitstream Charter',Times,serif;font-size: 16px;font-style: normal;font-variant: normal;text-decoration: none;cursor: text;float: none;background-color: transparent\">K<\/span>ommunstyrelsen har beslutat att skicka ut planprogram f\u00f6r Gottsundaomr\u00e5det p\u00e5 samr\u00e5d. I det f\u00f6reslagna planprogrammet presenteras m\u00f6jligheten att tillf\u00f6ra 5.000 \u20137.000 nya bost\u00e4der, allm\u00e4n platsmark som parker, torg, gator och kollektivtrafikstr\u00e5k samt lokaler f\u00f6r handel, service och arbetsplatser i Gottsunda. Kristdemokraterna f\u00f6reslog d\u00e5 att inriktningen p\u00e5 bost\u00e4derna i Gottsunda ska ha huskroppar p\u00e5 maximalt fyra, eventuellt fem v\u00e5ningar.<\/p>\n<p>V\u00e5rt f\u00f6rslag skulle inneb\u00e4ra att Gottsunda blir ett mer attraktivt omr\u00e5de att s\u00f6ka bostad i. M\u00e4nniskor vill kunna k\u00e4nna stolthet \u00f6ver sitt boende och k\u00e4nna en trygghet \u00f6ver sin bostad och grannskapet de bor i. Miljonprogrammen byggdes t\u00e4tt, h\u00f6gt och utan sk\u00f6nhet. Genom att bygga l\u00e5gt och inkludera exempelvis tr\u00e4dg\u00e5rdsst\u00e4der och egnahemsomr\u00e5den i Gottsunda s\u00e5 skapar vi ett socialt h\u00e5llbart omr\u00e5de.<\/p>\n","protected":false},"excerpt":{"rendered":"<p>Vi kristdemokrater vill bygga bort miljonprogramsomr\u00e5dena i Gottsunda. Vi vill att de bost\u00e4der som det nu planeras f\u00f6r i Gottsunda byggs med maximalt fyra, eventuellt fem v\u00e5ningar. Vi vill ocks\u00e5 samr\u00e5da med fastighets\u00e4garna av miljonprogramsomr\u00e5den att s\u00e4nka befintliga v\u00e5ningar i de bost\u00e4der som finns i Gottsunda idag. Det skulle inneb\u00e4ra att omr\u00e5dets attraktivitet \u00f6kar och <a class=\"read-more-link\" href=\"https:\/\/wp.kristdemokraterna.se\/uppsala\/kd-vill-se-lagre-bebyggelse-i-gottsunda-for-okad-trygghet-och-attraktivitet\/\">Read More<\/a><\/p>\n","protected":false},"author":760,"featured_media":0,"comment_status":"closed","ping_status":"closed","sticky":false,"template":"","format":"standard","meta":{"_acf_changed":false,"footnotes":""},"categories":[232],"tags":[],"class_list":["post-2541","post","type-post","status-publish","format-standard","hentry","category-kollektivtrafik-o-stadsplanering"],"acf":[],"yoast_head":"<!-- This site is optimized with the Yoast SEO plugin v27.4 - https:\/\/yoast.com\/product\/yoast-seo-wordpress\/ -->\n<title>L\u00e4gre hus i Gottsunda f\u00f6r \u00f6kad trygghet | Kristdemokraterna | Uppsala<\/title>\n<meta name=\"robots\" content=\"index, follow, max-snippet:-1, max-image-preview:large, max-video-preview:-1\" \/>\n<link rel=\"canonical\" href=\"https:\/\/wp.kristdemokraterna.se\/uppsala\/kd-vill-se-lagre-bebyggelse-i-gottsunda-for-okad-trygghet-och-attraktivitet\/\" \/>\n<meta property=\"og:locale\" content=\"sv_SE\" \/>\n<meta property=\"og:type\" content=\"article\" \/>\n<meta property=\"og:title\" content=\"L\u00e4gre hus i Gottsunda f\u00f6r \u00f6kad trygghet | Kristdemokraterna | Uppsala\" \/>\n<meta property=\"og:description\" content=\"Vi kristdemokrater vill bygga bort miljonprogramsomr\u00e5dena i Gottsunda. Vi vill att de bost\u00e4der som det nu planeras f\u00f6r i Gottsunda byggs med maximalt fyra, eventuellt fem v\u00e5ningar. Vi vill ocks\u00e5 samr\u00e5da med fastighets\u00e4garna av miljonprogramsomr\u00e5den att s\u00e4nka befintliga v\u00e5ningar i de bost\u00e4der som finns i Gottsunda idag. Det skulle inneb\u00e4ra att omr\u00e5dets attraktivitet \u00f6kar och Read More\" \/>\n<meta property=\"og:url\" content=\"https:\/\/wp.kristdemokraterna.se\/uppsala\/kd-vill-se-lagre-bebyggelse-i-gottsunda-for-okad-trygghet-och-attraktivitet\/\" \/>\n<meta property=\"og:site_name\" content=\"Kristdemokraterna | Uppsala\" \/>\n<meta property=\"article:publisher\" content=\"https:\/\/www.facebook.com\/UppsalaKD\/\" \/>\n<meta property=\"article:published_time\" content=\"2018-04-12T12:33:09+00:00\" \/>\n<meta property=\"article:modified_time\" content=\"2024-04-03T23:00:23+00:00\" \/>\n<meta property=\"og:image\" content=\"https:\/\/wp.kristdemokraterna.se\/uppsala\/files\/2021\/12\/kom1.png\" \/>\n\t<meta property=\"og:image:width\" content=\"770\" \/>\n\t<meta property=\"og:image:height\" content=\"404\" \/>\n\t<meta property=\"og:image:type\" content=\"image\/png\" \/>\n<meta name=\"author\" content=\"victor\" \/>\n<meta name=\"twitter:card\" content=\"summary_large_image\" \/>\n<meta name=\"twitter:label1\" content=\"Skriven av\" \/>\n\t<meta name=\"twitter:data1\" content=\"victor\" \/>\n\t<meta name=\"twitter:label2\" content=\"Ber\u00e4knad l\u00e4stid\" \/>\n\t<meta name=\"twitter:data2\" content=\"1 minut\" \/>\n<script type=\"application\/ld+json\" class=\"yoast-schema-graph\">{\"@context\":\"https:\\\/\\\/schema.org\",\"@graph\":[{\"@type\":\"Article\",\"@id\":\"https:\\\/\\\/wp.kristdemokraterna.se\\\/uppsala\\\/kd-vill-se-lagre-bebyggelse-i-gottsunda-for-okad-trygghet-och-attraktivitet\\\/#article\",\"isPartOf\":{\"@id\":\"https:\\\/\\\/wp.kristdemokraterna.se\\\/uppsala\\\/kd-vill-se-lagre-bebyggelse-i-gottsunda-for-okad-trygghet-och-attraktivitet\\\/\"},\"author\":{\"name\":\"victor\",\"@id\":\"https:\\\/\\\/wp.kristdemokraterna.se\\\/uppsala\\\/#\\\/schema\\\/person\\\/76b6a15f208d1b8798c44227309d3a4c\"},\"headline\":\"L\u00e4gre hus i Gottsunda f\u00f6r \u00f6kad trygghet\",\"datePublished\":\"2018-04-12T12:33:09+00:00\",\"dateModified\":\"2024-04-03T23:00:23+00:00\",\"mainEntityOfPage\":{\"@id\":\"https:\\\/\\\/wp.kristdemokraterna.se\\\/uppsala\\\/kd-vill-se-lagre-bebyggelse-i-gottsunda-for-okad-trygghet-och-attraktivitet\\\/\"},\"wordCount\":232,\"publisher\":{\"@id\":\"https:\\\/\\\/wp.kristdemokraterna.se\\\/uppsala\\\/#organization\"},\"articleSection\":[\"Kollektivtrafik &amp; Stadsplanering\"],\"inLanguage\":\"sv-SE\"},{\"@type\":\"WebPage\",\"@id\":\"https:\\\/\\\/wp.kristdemokraterna.se\\\/uppsala\\\/kd-vill-se-lagre-bebyggelse-i-gottsunda-for-okad-trygghet-och-attraktivitet\\\/\",\"url\":\"https:\\\/\\\/wp.kristdemokraterna.se\\\/uppsala\\\/kd-vill-se-lagre-bebyggelse-i-gottsunda-for-okad-trygghet-och-attraktivitet\\\/\",\"name\":\"L\u00e4gre hus i Gottsunda f\u00f6r \u00f6kad trygghet | Kristdemokraterna | Uppsala\",\"isPartOf\":{\"@id\":\"https:\\\/\\\/wp.kristdemokraterna.se\\\/uppsala\\\/#website\"},\"datePublished\":\"2018-04-12T12:33:09+00:00\",\"dateModified\":\"2024-04-03T23:00:23+00:00\",\"breadcrumb\":{\"@id\":\"https:\\\/\\\/wp.kristdemokraterna.se\\\/uppsala\\\/kd-vill-se-lagre-bebyggelse-i-gottsunda-for-okad-trygghet-och-attraktivitet\\\/#breadcrumb\"},\"inLanguage\":\"sv-SE\",\"potentialAction\":[{\"@type\":\"ReadAction\",\"target\":[\"https:\\\/\\\/wp.kristdemokraterna.se\\\/uppsala\\\/kd-vill-se-lagre-bebyggelse-i-gottsunda-for-okad-trygghet-och-attraktivitet\\\/\"]}]},{\"@type\":\"BreadcrumbList\",\"@id\":\"https:\\\/\\\/wp.kristdemokraterna.se\\\/uppsala\\\/kd-vill-se-lagre-bebyggelse-i-gottsunda-for-okad-trygghet-och-attraktivitet\\\/#breadcrumb\",\"itemListElement\":[{\"@type\":\"ListItem\",\"position\":1,\"name\":\"Hem\",\"item\":\"https:\\\/\\\/wp.kristdemokraterna.se\\\/uppsala\\\/\"},{\"@type\":\"ListItem\",\"position\":2,\"name\":\"L\u00e4gre hus i Gottsunda f\u00f6r \u00f6kad trygghet\"}]},{\"@type\":\"WebSite\",\"@id\":\"https:\\\/\\\/wp.kristdemokraterna.se\\\/uppsala\\\/#website\",\"url\":\"https:\\\/\\\/wp.kristdemokraterna.se\\\/uppsala\\\/\",\"name\":\"Kristdemokraterna Uppsala\",\"description\":\"Tryggare Uppsala\",\"publisher\":{\"@id\":\"https:\\\/\\\/wp.kristdemokraterna.se\\\/uppsala\\\/#organization\"},\"inLanguage\":\"sv-SE\"},{\"@type\":\"Organization\",\"@id\":\"https:\\\/\\\/wp.kristdemokraterna.se\\\/uppsala\\\/#organization\",\"name\":\"Kristdemokraterna Uppsala\",\"url\":\"https:\\\/\\\/wp.kristdemokraterna.se\\\/uppsala\\\/\",\"logo\":{\"@type\":\"ImageObject\",\"inLanguage\":\"sv-SE\",\"@id\":\"https:\\\/\\\/wp.kristdemokraterna.se\\\/uppsala\\\/#\\\/schema\\\/logo\\\/image\\\/\",\"url\":\"https:\\\/\\\/wp.kristdemokraterna.se\\\/uppsala\\\/files\\\/2019\\\/10\\\/kd-uppsala.png\",\"contentUrl\":\"https:\\\/\\\/wp.kristdemokraterna.se\\\/uppsala\\\/files\\\/2019\\\/10\\\/kd-uppsala.png\",\"width\":804,\"height\":421,\"caption\":\"Kristdemokraterna Uppsala\"},\"image\":{\"@id\":\"https:\\\/\\\/wp.kristdemokraterna.se\\\/uppsala\\\/#\\\/schema\\\/logo\\\/image\\\/\"},\"sameAs\":[\"https:\\\/\\\/www.facebook.com\\\/UppsalaKD\\\/\",\"https:\\\/\\\/www.instagram.com\\\/uppsalakd\\\/\"]},{\"@type\":\"Person\",\"@id\":\"https:\\\/\\\/wp.kristdemokraterna.se\\\/uppsala\\\/#\\\/schema\\\/person\\\/76b6a15f208d1b8798c44227309d3a4c\",\"name\":\"victor\",\"image\":{\"@type\":\"ImageObject\",\"inLanguage\":\"sv-SE\",\"@id\":\"https:\\\/\\\/secure.gravatar.com\\\/avatar\\\/520b4bff4011c28a76670b12c3728306056996363870be3d036f4b72046de1d9?s=96&r=g\",\"url\":\"https:\\\/\\\/secure.gravatar.com\\\/avatar\\\/520b4bff4011c28a76670b12c3728306056996363870be3d036f4b72046de1d9?s=96&r=g\",\"contentUrl\":\"https:\\\/\\\/secure.gravatar.com\\\/avatar\\\/520b4bff4011c28a76670b12c3728306056996363870be3d036f4b72046de1d9?s=96&r=g\",\"caption\":\"victor\"},\"url\":\"https:\\\/\\\/wp.kristdemokraterna.se\\\/uppsala\\\/author\\\/victor\\\/\"}]}<\/script>\n<!-- \/ Yoast SEO plugin. -->","yoast_head_json":{"title":"L\u00e4gre hus i Gottsunda f\u00f6r \u00f6kad trygghet | Kristdemokraterna | Uppsala","robots":{"index":"index","follow":"follow","max-snippet":"max-snippet:-1","max-image-preview":"max-image-preview:large","max-video-preview":"max-video-preview:-1"},"canonical":"https:\/\/wp.kristdemokraterna.se\/uppsala\/kd-vill-se-lagre-bebyggelse-i-gottsunda-for-okad-trygghet-och-attraktivitet\/","og_locale":"sv_SE","og_type":"article","og_title":"L\u00e4gre hus i Gottsunda f\u00f6r \u00f6kad trygghet | Kristdemokraterna | Uppsala","og_description":"Vi kristdemokrater vill bygga bort miljonprogramsomr\u00e5dena i Gottsunda. Vi vill att de bost\u00e4der som det nu planeras f\u00f6r i Gottsunda byggs med maximalt fyra, eventuellt fem v\u00e5ningar. Vi vill ocks\u00e5 samr\u00e5da med fastighets\u00e4garna av miljonprogramsomr\u00e5den att s\u00e4nka befintliga v\u00e5ningar i de bost\u00e4der som finns i Gottsunda idag. Det skulle inneb\u00e4ra att omr\u00e5dets attraktivitet \u00f6kar och Read More","og_url":"https:\/\/wp.kristdemokraterna.se\/uppsala\/kd-vill-se-lagre-bebyggelse-i-gottsunda-for-okad-trygghet-och-attraktivitet\/","og_site_name":"Kristdemokraterna | Uppsala","article_publisher":"https:\/\/www.facebook.com\/UppsalaKD\/","article_published_time":"2018-04-12T12:33:09+00:00","article_modified_time":"2024-04-03T23:00:23+00:00","og_image":[{"width":770,"height":404,"url":"https:\/\/wp.kristdemokraterna.se\/uppsala\/files\/2021\/12\/kom1.png","type":"image\/png"}],"author":"victor","twitter_card":"summary_large_image","twitter_misc":{"Skriven av":"victor","Ber\u00e4knad l\u00e4stid":"1 minut"},"schema":{"@context":"https:\/\/schema.org","@graph":[{"@type":"Article","@id":"https:\/\/wp.kristdemokraterna.se\/uppsala\/kd-vill-se-lagre-bebyggelse-i-gottsunda-for-okad-trygghet-och-attraktivitet\/#article","isPartOf":{"@id":"https:\/\/wp.kristdemokraterna.se\/uppsala\/kd-vill-se-lagre-bebyggelse-i-gottsunda-for-okad-trygghet-och-attraktivitet\/"},"author":{"name":"victor","@id":"https:\/\/wp.kristdemokraterna.se\/uppsala\/#\/schema\/person\/76b6a15f208d1b8798c44227309d3a4c"},"headline":"L\u00e4gre hus i Gottsunda f\u00f6r \u00f6kad trygghet","datePublished":"2018-04-12T12:33:09+00:00","dateModified":"2024-04-03T23:00:23+00:00","mainEntityOfPage":{"@id":"https:\/\/wp.kristdemokraterna.se\/uppsala\/kd-vill-se-lagre-bebyggelse-i-gottsunda-for-okad-trygghet-och-attraktivitet\/"},"wordCount":232,"publisher":{"@id":"https:\/\/wp.kristdemokraterna.se\/uppsala\/#organization"},"articleSection":["Kollektivtrafik &amp; Stadsplanering"],"inLanguage":"sv-SE"},{"@type":"WebPage","@id":"https:\/\/wp.kristdemokraterna.se\/uppsala\/kd-vill-se-lagre-bebyggelse-i-gottsunda-for-okad-trygghet-och-attraktivitet\/","url":"https:\/\/wp.kristdemokraterna.se\/uppsala\/kd-vill-se-lagre-bebyggelse-i-gottsunda-for-okad-trygghet-och-attraktivitet\/","name":"L\u00e4gre hus i Gottsunda f\u00f6r \u00f6kad trygghet | Kristdemokraterna | Uppsala","isPartOf":{"@id":"https:\/\/wp.kristdemokraterna.se\/uppsala\/#website"},"datePublished":"2018-04-12T12:33:09+00:00","dateModified":"2024-04-03T23:00:23+00:00","breadcrumb":{"@id":"https:\/\/wp.kristdemokraterna.se\/uppsala\/kd-vill-se-lagre-bebyggelse-i-gottsunda-for-okad-trygghet-och-attraktivitet\/#breadcrumb"},"inLanguage":"sv-SE","potentialAction":[{"@type":"ReadAction","target":["https:\/\/wp.kristdemokraterna.se\/uppsala\/kd-vill-se-lagre-bebyggelse-i-gottsunda-for-okad-trygghet-och-attraktivitet\/"]}]},{"@type":"BreadcrumbList","@id":"https:\/\/wp.kristdemokraterna.se\/uppsala\/kd-vill-se-lagre-bebyggelse-i-gottsunda-for-okad-trygghet-och-attraktivitet\/#breadcrumb","itemListElement":[{"@type":"ListItem","position":1,"name":"Hem","item":"https:\/\/wp.kristdemokraterna.se\/uppsala\/"},{"@type":"ListItem","position":2,"name":"L\u00e4gre hus i Gottsunda f\u00f6r \u00f6kad trygghet"}]},{"@type":"WebSite","@id":"https:\/\/wp.kristdemokraterna.se\/uppsala\/#website","url":"https:\/\/wp.kristdemokraterna.se\/uppsala\/","name":"Kristdemokraterna Uppsala","description":"Tryggare Uppsala","publisher":{"@id":"https:\/\/wp.kristdemokraterna.se\/uppsala\/#organization"},"inLanguage":"sv-SE"},{"@type":"Organization","@id":"https:\/\/wp.kristdemokraterna.se\/uppsala\/#organization","name":"Kristdemokraterna Uppsala","url":"https:\/\/wp.kristdemokraterna.se\/uppsala\/","logo":{"@type":"ImageObject","inLanguage":"sv-SE","@id":"https:\/\/wp.kristdemokraterna.se\/uppsala\/#\/schema\/logo\/image\/","url":"https:\/\/wp.kristdemokraterna.se\/uppsala\/files\/2019\/10\/kd-uppsala.png","contentUrl":"https:\/\/wp.kristdemokraterna.se\/uppsala\/files\/2019\/10\/kd-uppsala.png","width":804,"height":421,"caption":"Kristdemokraterna Uppsala"},"image":{"@id":"https:\/\/wp.kristdemokraterna.se\/uppsala\/#\/schema\/logo\/image\/"},"sameAs":["https:\/\/www.facebook.com\/UppsalaKD\/","https:\/\/www.instagram.com\/uppsalakd\/"]},{"@type":"Person","@id":"https:\/\/wp.kristdemokraterna.se\/uppsala\/#\/schema\/person\/76b6a15f208d1b8798c44227309d3a4c","name":"victor","image":{"@type":"ImageObject","inLanguage":"sv-SE","@id":"https:\/\/secure.gravatar.com\/avatar\/520b4bff4011c28a76670b12c3728306056996363870be3d036f4b72046de1d9?s=96&r=g","url":"https:\/\/secure.gravatar.com\/avatar\/520b4bff4011c28a76670b12c3728306056996363870be3d036f4b72046de1d9?s=96&r=g","contentUrl":"https:\/\/secure.gravatar.com\/avatar\/520b4bff4011c28a76670b12c3728306056996363870be3d036f4b72046de1d9?s=96&r=g","caption":"victor"},"url":"https:\/\/wp.kristdemokraterna.se\/uppsala\/author\/victor\/"}]}},"_links":{"self":[{"href":"https:\/\/wp.kristdemokraterna.se\/uppsala\/wp-json\/wp\/v2\/posts\/2541","targetHints":{"allow":["GET"]}}],"collection":[{"href":"https:\/\/wp.kristdemokraterna.se\/uppsala\/wp-json\/wp\/v2\/posts"}],"about":[{"href":"https:\/\/wp.kristdemokraterna.se\/uppsala\/wp-json\/wp\/v2\/types\/post"}],"author":[{"embeddable":true,"href":"https:\/\/wp.kristdemokraterna.se\/uppsala\/wp-json\/wp\/v2\/users\/760"}],"replies":[{"embeddable":true,"href":"https:\/\/wp.kristdemokraterna.se\/uppsala\/wp-json\/wp\/v2\/comments?post=2541"}],"version-history":[{"count":10,"href":"https:\/\/wp.kristdemokraterna.se\/uppsala\/wp-json\/wp\/v2\/posts\/2541\/revisions"}],"predecessor-version":[{"id":2605,"href":"https:\/\/wp.kristdemokraterna.se\/uppsala\/wp-json\/wp\/v2\/posts\/2541\/revisions\/2605"}],"wp:attachment":[{"href":"https:\/\/wp.kristdemokraterna.se\/uppsala\/wp-json\/wp\/v2\/media?parent=2541"}],"wp:term":[{"taxonomy":"category","embeddable":true,"href":"https:\/\/wp.kristdemokraterna.se\/uppsala\/wp-json\/wp\/v2\/categories?post=2541"},{"taxonomy":"post_tag","embeddable":true,"href":"https:\/\/wp.kristdemokraterna.se\/uppsala\/wp-json\/wp\/v2\/tags?post=2541"}],"curies":[{"name":"wp","href":"https:\/\/api.w.org\/{rel}","templated":true}]}}