{"id":2572,"date":"2018-05-30T15:26:22","date_gmt":"2018-05-30T13:26:22","guid":{"rendered":"http:\/\/wp.kristdemokraterna.se\/uppsala\/?p=2572"},"modified":"2024-04-04T01:00:04","modified_gmt":"2024-04-03T23:00:04","slug":"svenska-varderingar-viktigt-for-integrationen","status":"publish","type":"post","link":"https:\/\/wp.kristdemokraterna.se\/uppsala\/svenska-varderingar-viktigt-for-integrationen\/","title":{"rendered":"Svenska v\u00e4rderingar viktigt f\u00f6r integrationen"},"content":{"rendered":"<p><strong>Ett samh\u00e4lle \u00e4r inte b\u00e4ttre \u00e4n dess v\u00e4rderingar. Det \u00e4r v\u00e5rt ansvar att se till att Uppsala byggs med goda v\u00e4rderingar och med m\u00e4nniskov\u00e4rdet i centrum. V\u00e5r vision \u00e4r ett &#8221;tryggt Uppsala f\u00f6r dig och din familj&#8221;!<\/strong><\/p>\n<p><span style=\"float: none;background-color: transparent;color: #333333;cursor: text;font-family: Georgia,'Times New Roman','Bitstream Charter',Times,serif;font-size: 16px;font-style: normal;font-variant: normal;font-weight: 400;letter-spacing: normal;text-align: left;text-decoration: none;text-indent: 0px\">Att lyfta goda v\u00e4rderingar i integrationsprocessen \u00e4r viktigt. H\u00e4r f\u00e5r vi m\u00f6jlighet att s\u00e4ga \u201dV\u00e4lkommen hit, v\u00e4lkommen hem! H\u00e4r g\u00e4ller svenska v\u00e4rderingar\u201d. H\u00e4r finns skillnad p\u00e5 ditt och mitt. H\u00e4r finns skillnad p\u00e5 r\u00e4tt och fel. H\u00e4r finns dock INTE skillnad p\u00e5 hur vi bem\u00f6ter kvinnor och m\u00e4n. H\u00e4r<\/span><span class=\"text_exposed_show\"> r\u00e5der j\u00e4mst\u00e4lldhet och h\u00e4r \u00e4r lagen lika f\u00f6r alla. <\/span><\/p>\n<p>Goda svenska v\u00e4rderingar handlar\u00a0 om att f\u00f6lja svensk lag, behandla varandra j\u00e4mlikt och med respekt. Framf\u00f6r allt ser vi ett behov av att ha mer svensk sexualkunskap i integrationsarbetet. D\u00e4r l\u00e4r man sig <span style=\"float: none;background-color: transparent;color: #333333;cursor: text;font-family: Georgia,'Times New Roman','Bitstream Charter',Times,serif;font-size: 16px;font-style: normal;font-variant: normal;font-weight: 400;letter-spacing: normal;text-align: left;text-decoration: none;text-indent: 0px\">att kvinnan \u00e4ger r\u00e4tten till sin egen kropp<\/span> och att j\u00e4mlikhet r\u00e5der.<\/p>\n<div class=\"text_exposed_show\">\n<p>Att lyfta goda v\u00e4rderingar i integrationsprocessen \u00e4r det f\u00f6rsta av Kristdemokraterna Uppsalas vall\u00f6ften inf\u00f6r h\u00f6stens val.<\/p>\n<\/div>\n","protected":false},"excerpt":{"rendered":"<p>Ett samh\u00e4lle \u00e4r inte b\u00e4ttre \u00e4n dess v\u00e4rderingar. Det \u00e4r v\u00e5rt ansvar att se till att Uppsala byggs med goda v\u00e4rderingar och med m\u00e4nniskov\u00e4rdet i centrum. V\u00e5r vision \u00e4r ett &#8221;tryggt Uppsala f\u00f6r dig och din familj&#8221;! Att lyfta goda v\u00e4rderingar i integrationsprocessen \u00e4r viktigt. H\u00e4r f\u00e5r vi m\u00f6jlighet att s\u00e4ga \u201dV\u00e4lkommen hit, v\u00e4lkommen hem! <a class=\"read-more-link\" href=\"https:\/\/wp.kristdemokraterna.se\/uppsala\/svenska-varderingar-viktigt-for-integrationen\/\">Read More<\/a><\/p>\n","protected":false},"author":702,"featured_media":0,"comment_status":"closed","ping_status":"closed","sticky":false,"template":"","format":"standard","meta":{"_acf_changed":false,"footnotes":""},"categories":[252],"tags":[],"class_list":["post-2572","post","type-post","status-publish","format-standard","hentry","category-migration-o-integration"],"acf":[],"yoast_head":"<!-- This site is optimized with the Yoast SEO plugin v27.4 - https:\/\/yoast.com\/product\/yoast-seo-wordpress\/ -->\n<title>Svenska v\u00e4rderingar viktigt f\u00f6r integrationen | Kristdemokraterna | Uppsala<\/title>\n<meta name=\"robots\" content=\"index, follow, max-snippet:-1, max-image-preview:large, max-video-preview:-1\" \/>\n<link rel=\"canonical\" href=\"https:\/\/wp.kristdemokraterna.se\/uppsala\/svenska-varderingar-viktigt-for-integrationen\/\" \/>\n<meta property=\"og:locale\" content=\"sv_SE\" \/>\n<meta property=\"og:type\" content=\"article\" \/>\n<meta property=\"og:title\" content=\"Svenska v\u00e4rderingar viktigt f\u00f6r integrationen | Kristdemokraterna | Uppsala\" \/>\n<meta property=\"og:description\" content=\"Ett samh\u00e4lle \u00e4r inte b\u00e4ttre \u00e4n dess v\u00e4rderingar. Det \u00e4r v\u00e5rt ansvar att se till att Uppsala byggs med goda v\u00e4rderingar och med m\u00e4nniskov\u00e4rdet i centrum. V\u00e5r vision \u00e4r ett &#8221;tryggt Uppsala f\u00f6r dig och din familj&#8221;! Att lyfta goda v\u00e4rderingar i integrationsprocessen \u00e4r viktigt. H\u00e4r f\u00e5r vi m\u00f6jlighet att s\u00e4ga \u201dV\u00e4lkommen hit, v\u00e4lkommen hem! Read More\" \/>\n<meta property=\"og:url\" content=\"https:\/\/wp.kristdemokraterna.se\/uppsala\/svenska-varderingar-viktigt-for-integrationen\/\" \/>\n<meta property=\"og:site_name\" content=\"Kristdemokraterna | Uppsala\" \/>\n<meta property=\"article:publisher\" content=\"https:\/\/www.facebook.com\/UppsalaKD\/\" \/>\n<meta property=\"article:published_time\" content=\"2018-05-30T13:26:22+00:00\" \/>\n<meta property=\"article:modified_time\" content=\"2024-04-03T23:00:04+00:00\" \/>\n<meta property=\"og:image\" content=\"https:\/\/wp.kristdemokraterna.se\/uppsala\/files\/2021\/12\/kom1.png\" \/>\n\t<meta property=\"og:image:width\" content=\"770\" \/>\n\t<meta property=\"og:image:height\" content=\"404\" \/>\n\t<meta property=\"og:image:type\" content=\"image\/png\" \/>\n<meta name=\"author\" content=\"Mimmi Westerlund\" \/>\n<meta name=\"twitter:card\" content=\"summary_large_image\" \/>\n<meta name=\"twitter:label1\" content=\"Skriven av\" \/>\n\t<meta name=\"twitter:data1\" content=\"Mimmi Westerlund\" \/>\n\t<meta name=\"twitter:label2\" content=\"Ber\u00e4knad l\u00e4stid\" \/>\n\t<meta name=\"twitter:data2\" content=\"1 minut\" \/>\n<script type=\"application\/ld+json\" class=\"yoast-schema-graph\">{\"@context\":\"https:\\\/\\\/schema.org\",\"@graph\":[{\"@type\":\"Article\",\"@id\":\"https:\\\/\\\/wp.kristdemokraterna.se\\\/uppsala\\\/svenska-varderingar-viktigt-for-integrationen\\\/#article\",\"isPartOf\":{\"@id\":\"https:\\\/\\\/wp.kristdemokraterna.se\\\/uppsala\\\/svenska-varderingar-viktigt-for-integrationen\\\/\"},\"author\":{\"name\":\"Mimmi Westerlund\",\"@id\":\"https:\\\/\\\/wp.kristdemokraterna.se\\\/uppsala\\\/#\\\/schema\\\/person\\\/038d805d685fb0ce5ad14ab8711d8e84\"},\"headline\":\"Svenska v\u00e4rderingar viktigt f\u00f6r integrationen\",\"datePublished\":\"2018-05-30T13:26:22+00:00\",\"dateModified\":\"2024-04-03T23:00:04+00:00\",\"mainEntityOfPage\":{\"@id\":\"https:\\\/\\\/wp.kristdemokraterna.se\\\/uppsala\\\/svenska-varderingar-viktigt-for-integrationen\\\/\"},\"wordCount\":208,\"publisher\":{\"@id\":\"https:\\\/\\\/wp.kristdemokraterna.se\\\/uppsala\\\/#organization\"},\"articleSection\":[\"Migration &amp; Integration\"],\"inLanguage\":\"sv-SE\"},{\"@type\":\"WebPage\",\"@id\":\"https:\\\/\\\/wp.kristdemokraterna.se\\\/uppsala\\\/svenska-varderingar-viktigt-for-integrationen\\\/\",\"url\":\"https:\\\/\\\/wp.kristdemokraterna.se\\\/uppsala\\\/svenska-varderingar-viktigt-for-integrationen\\\/\",\"name\":\"Svenska v\u00e4rderingar viktigt f\u00f6r integrationen | Kristdemokraterna | Uppsala\",\"isPartOf\":{\"@id\":\"https:\\\/\\\/wp.kristdemokraterna.se\\\/uppsala\\\/#website\"},\"datePublished\":\"2018-05-30T13:26:22+00:00\",\"dateModified\":\"2024-04-03T23:00:04+00:00\",\"breadcrumb\":{\"@id\":\"https:\\\/\\\/wp.kristdemokraterna.se\\\/uppsala\\\/svenska-varderingar-viktigt-for-integrationen\\\/#breadcrumb\"},\"inLanguage\":\"sv-SE\",\"potentialAction\":[{\"@type\":\"ReadAction\",\"target\":[\"https:\\\/\\\/wp.kristdemokraterna.se\\\/uppsala\\\/svenska-varderingar-viktigt-for-integrationen\\\/\"]}]},{\"@type\":\"BreadcrumbList\",\"@id\":\"https:\\\/\\\/wp.kristdemokraterna.se\\\/uppsala\\\/svenska-varderingar-viktigt-for-integrationen\\\/#breadcrumb\",\"itemListElement\":[{\"@type\":\"ListItem\",\"position\":1,\"name\":\"Hem\",\"item\":\"https:\\\/\\\/wp.kristdemokraterna.se\\\/uppsala\\\/\"},{\"@type\":\"ListItem\",\"position\":2,\"name\":\"Svenska v\u00e4rderingar viktigt f\u00f6r integrationen\"}]},{\"@type\":\"WebSite\",\"@id\":\"https:\\\/\\\/wp.kristdemokraterna.se\\\/uppsala\\\/#website\",\"url\":\"https:\\\/\\\/wp.kristdemokraterna.se\\\/uppsala\\\/\",\"name\":\"Kristdemokraterna Uppsala\",\"description\":\"Tryggare Uppsala\",\"publisher\":{\"@id\":\"https:\\\/\\\/wp.kristdemokraterna.se\\\/uppsala\\\/#organization\"},\"inLanguage\":\"sv-SE\"},{\"@type\":\"Organization\",\"@id\":\"https:\\\/\\\/wp.kristdemokraterna.se\\\/uppsala\\\/#organization\",\"name\":\"Kristdemokraterna Uppsala\",\"url\":\"https:\\\/\\\/wp.kristdemokraterna.se\\\/uppsala\\\/\",\"logo\":{\"@type\":\"ImageObject\",\"inLanguage\":\"sv-SE\",\"@id\":\"https:\\\/\\\/wp.kristdemokraterna.se\\\/uppsala\\\/#\\\/schema\\\/logo\\\/image\\\/\",\"url\":\"https:\\\/\\\/wp.kristdemokraterna.se\\\/uppsala\\\/files\\\/2019\\\/10\\\/kd-uppsala.png\",\"contentUrl\":\"https:\\\/\\\/wp.kristdemokraterna.se\\\/uppsala\\\/files\\\/2019\\\/10\\\/kd-uppsala.png\",\"width\":804,\"height\":421,\"caption\":\"Kristdemokraterna Uppsala\"},\"image\":{\"@id\":\"https:\\\/\\\/wp.kristdemokraterna.se\\\/uppsala\\\/#\\\/schema\\\/logo\\\/image\\\/\"},\"sameAs\":[\"https:\\\/\\\/www.facebook.com\\\/UppsalaKD\\\/\",\"https:\\\/\\\/www.instagram.com\\\/uppsalakd\\\/\"]},{\"@type\":\"Person\",\"@id\":\"https:\\\/\\\/wp.kristdemokraterna.se\\\/uppsala\\\/#\\\/schema\\\/person\\\/038d805d685fb0ce5ad14ab8711d8e84\",\"name\":\"Mimmi Westerlund\",\"image\":{\"@type\":\"ImageObject\",\"inLanguage\":\"sv-SE\",\"@id\":\"https:\\\/\\\/secure.gravatar.com\\\/avatar\\\/a5697359f709b6b10d9c7e6a7c89f3e054554dedb4657d5ffe9e5bc5b1445841?s=96&r=g\",\"url\":\"https:\\\/\\\/secure.gravatar.com\\\/avatar\\\/a5697359f709b6b10d9c7e6a7c89f3e054554dedb4657d5ffe9e5bc5b1445841?s=96&r=g\",\"contentUrl\":\"https:\\\/\\\/secure.gravatar.com\\\/avatar\\\/a5697359f709b6b10d9c7e6a7c89f3e054554dedb4657d5ffe9e5bc5b1445841?s=96&r=g\",\"caption\":\"Mimmi Westerlund\"},\"url\":\"https:\\\/\\\/wp.kristdemokraterna.se\\\/uppsala\\\/author\\\/mimmi\\\/\"}]}<\/script>\n<!-- \/ Yoast SEO plugin. -->","yoast_head_json":{"title":"Svenska v\u00e4rderingar viktigt f\u00f6r integrationen | Kristdemokraterna | Uppsala","robots":{"index":"index","follow":"follow","max-snippet":"max-snippet:-1","max-image-preview":"max-image-preview:large","max-video-preview":"max-video-preview:-1"},"canonical":"https:\/\/wp.kristdemokraterna.se\/uppsala\/svenska-varderingar-viktigt-for-integrationen\/","og_locale":"sv_SE","og_type":"article","og_title":"Svenska v\u00e4rderingar viktigt f\u00f6r integrationen | Kristdemokraterna | Uppsala","og_description":"Ett samh\u00e4lle \u00e4r inte b\u00e4ttre \u00e4n dess v\u00e4rderingar. Det \u00e4r v\u00e5rt ansvar att se till att Uppsala byggs med goda v\u00e4rderingar och med m\u00e4nniskov\u00e4rdet i centrum. V\u00e5r vision \u00e4r ett &#8221;tryggt Uppsala f\u00f6r dig och din familj&#8221;! Att lyfta goda v\u00e4rderingar i integrationsprocessen \u00e4r viktigt. H\u00e4r f\u00e5r vi m\u00f6jlighet att s\u00e4ga \u201dV\u00e4lkommen hit, v\u00e4lkommen hem! Read More","og_url":"https:\/\/wp.kristdemokraterna.se\/uppsala\/svenska-varderingar-viktigt-for-integrationen\/","og_site_name":"Kristdemokraterna | Uppsala","article_publisher":"https:\/\/www.facebook.com\/UppsalaKD\/","article_published_time":"2018-05-30T13:26:22+00:00","article_modified_time":"2024-04-03T23:00:04+00:00","og_image":[{"width":770,"height":404,"url":"https:\/\/wp.kristdemokraterna.se\/uppsala\/files\/2021\/12\/kom1.png","type":"image\/png"}],"author":"Mimmi Westerlund","twitter_card":"summary_large_image","twitter_misc":{"Skriven av":"Mimmi Westerlund","Ber\u00e4knad l\u00e4stid":"1 minut"},"schema":{"@context":"https:\/\/schema.org","@graph":[{"@type":"Article","@id":"https:\/\/wp.kristdemokraterna.se\/uppsala\/svenska-varderingar-viktigt-for-integrationen\/#article","isPartOf":{"@id":"https:\/\/wp.kristdemokraterna.se\/uppsala\/svenska-varderingar-viktigt-for-integrationen\/"},"author":{"name":"Mimmi Westerlund","@id":"https:\/\/wp.kristdemokraterna.se\/uppsala\/#\/schema\/person\/038d805d685fb0ce5ad14ab8711d8e84"},"headline":"Svenska v\u00e4rderingar viktigt f\u00f6r integrationen","datePublished":"2018-05-30T13:26:22+00:00","dateModified":"2024-04-03T23:00:04+00:00","mainEntityOfPage":{"@id":"https:\/\/wp.kristdemokraterna.se\/uppsala\/svenska-varderingar-viktigt-for-integrationen\/"},"wordCount":208,"publisher":{"@id":"https:\/\/wp.kristdemokraterna.se\/uppsala\/#organization"},"articleSection":["Migration &amp; Integration"],"inLanguage":"sv-SE"},{"@type":"WebPage","@id":"https:\/\/wp.kristdemokraterna.se\/uppsala\/svenska-varderingar-viktigt-for-integrationen\/","url":"https:\/\/wp.kristdemokraterna.se\/uppsala\/svenska-varderingar-viktigt-for-integrationen\/","name":"Svenska v\u00e4rderingar viktigt f\u00f6r integrationen | Kristdemokraterna | Uppsala","isPartOf":{"@id":"https:\/\/wp.kristdemokraterna.se\/uppsala\/#website"},"datePublished":"2018-05-30T13:26:22+00:00","dateModified":"2024-04-03T23:00:04+00:00","breadcrumb":{"@id":"https:\/\/wp.kristdemokraterna.se\/uppsala\/svenska-varderingar-viktigt-for-integrationen\/#breadcrumb"},"inLanguage":"sv-SE","potentialAction":[{"@type":"ReadAction","target":["https:\/\/wp.kristdemokraterna.se\/uppsala\/svenska-varderingar-viktigt-for-integrationen\/"]}]},{"@type":"BreadcrumbList","@id":"https:\/\/wp.kristdemokraterna.se\/uppsala\/svenska-varderingar-viktigt-for-integrationen\/#breadcrumb","itemListElement":[{"@type":"ListItem","position":1,"name":"Hem","item":"https:\/\/wp.kristdemokraterna.se\/uppsala\/"},{"@type":"ListItem","position":2,"name":"Svenska v\u00e4rderingar viktigt f\u00f6r integrationen"}]},{"@type":"WebSite","@id":"https:\/\/wp.kristdemokraterna.se\/uppsala\/#website","url":"https:\/\/wp.kristdemokraterna.se\/uppsala\/","name":"Kristdemokraterna Uppsala","description":"Tryggare Uppsala","publisher":{"@id":"https:\/\/wp.kristdemokraterna.se\/uppsala\/#organization"},"inLanguage":"sv-SE"},{"@type":"Organization","@id":"https:\/\/wp.kristdemokraterna.se\/uppsala\/#organization","name":"Kristdemokraterna Uppsala","url":"https:\/\/wp.kristdemokraterna.se\/uppsala\/","logo":{"@type":"ImageObject","inLanguage":"sv-SE","@id":"https:\/\/wp.kristdemokraterna.se\/uppsala\/#\/schema\/logo\/image\/","url":"https:\/\/wp.kristdemokraterna.se\/uppsala\/files\/2019\/10\/kd-uppsala.png","contentUrl":"https:\/\/wp.kristdemokraterna.se\/uppsala\/files\/2019\/10\/kd-uppsala.png","width":804,"height":421,"caption":"Kristdemokraterna Uppsala"},"image":{"@id":"https:\/\/wp.kristdemokraterna.se\/uppsala\/#\/schema\/logo\/image\/"},"sameAs":["https:\/\/www.facebook.com\/UppsalaKD\/","https:\/\/www.instagram.com\/uppsalakd\/"]},{"@type":"Person","@id":"https:\/\/wp.kristdemokraterna.se\/uppsala\/#\/schema\/person\/038d805d685fb0ce5ad14ab8711d8e84","name":"Mimmi Westerlund","image":{"@type":"ImageObject","inLanguage":"sv-SE","@id":"https:\/\/secure.gravatar.com\/avatar\/a5697359f709b6b10d9c7e6a7c89f3e054554dedb4657d5ffe9e5bc5b1445841?s=96&r=g","url":"https:\/\/secure.gravatar.com\/avatar\/a5697359f709b6b10d9c7e6a7c89f3e054554dedb4657d5ffe9e5bc5b1445841?s=96&r=g","contentUrl":"https:\/\/secure.gravatar.com\/avatar\/a5697359f709b6b10d9c7e6a7c89f3e054554dedb4657d5ffe9e5bc5b1445841?s=96&r=g","caption":"Mimmi Westerlund"},"url":"https:\/\/wp.kristdemokraterna.se\/uppsala\/author\/mimmi\/"}]}},"_links":{"self":[{"href":"https:\/\/wp.kristdemokraterna.se\/uppsala\/wp-json\/wp\/v2\/posts\/2572","targetHints":{"allow":["GET"]}}],"collection":[{"href":"https:\/\/wp.kristdemokraterna.se\/uppsala\/wp-json\/wp\/v2\/posts"}],"about":[{"href":"https:\/\/wp.kristdemokraterna.se\/uppsala\/wp-json\/wp\/v2\/types\/post"}],"author":[{"embeddable":true,"href":"https:\/\/wp.kristdemokraterna.se\/uppsala\/wp-json\/wp\/v2\/users\/702"}],"replies":[{"embeddable":true,"href":"https:\/\/wp.kristdemokraterna.se\/uppsala\/wp-json\/wp\/v2\/comments?post=2572"}],"version-history":[{"count":1,"href":"https:\/\/wp.kristdemokraterna.se\/uppsala\/wp-json\/wp\/v2\/posts\/2572\/revisions"}],"predecessor-version":[{"id":2574,"href":"https:\/\/wp.kristdemokraterna.se\/uppsala\/wp-json\/wp\/v2\/posts\/2572\/revisions\/2574"}],"wp:attachment":[{"href":"https:\/\/wp.kristdemokraterna.se\/uppsala\/wp-json\/wp\/v2\/media?parent=2572"}],"wp:term":[{"taxonomy":"category","embeddable":true,"href":"https:\/\/wp.kristdemokraterna.se\/uppsala\/wp-json\/wp\/v2\/categories?post=2572"},{"taxonomy":"post_tag","embeddable":true,"href":"https:\/\/wp.kristdemokraterna.se\/uppsala\/wp-json\/wp\/v2\/tags?post=2572"}],"curies":[{"name":"wp","href":"https:\/\/api.w.org\/{rel}","templated":true}]}}