{"id":2596,"date":"2018-06-19T15:14:32","date_gmt":"2018-06-19T13:14:32","guid":{"rendered":"http:\/\/wp.kristdemokraterna.se\/uppsala\/?p=2596"},"modified":"2024-04-07T17:38:10","modified_gmt":"2024-04-07T15:38:10","slug":"kandidater-till-uppsala-kommunfullmaktige","status":"publish","type":"post","link":"https:\/\/wp.kristdemokraterna.se\/uppsala\/kandidater-till-uppsala-kommunfullmaktige\/","title":{"rendered":"Kandidater till Uppsala kommunfullm\u00e4ktige"},"content":{"rendered":"<p><strong>Kristdemokraterna i Uppsala har nyligen presenterat sitt valmanifest inf\u00f6r h\u00f6stens allm\u00e4nna val. Kandidaterna som ska f\u00f6ra ut partiets politik \u00e4r inte minst sittande kommunalr\u00e5d Jonas Segersam, 48, som toppar listan tillsammans med nummer tv\u00e5, Sarah Havneraas, 24.<\/strong><\/p>\n<p>Jonas Segersam eftertr\u00e4dde Ebba Busch Thor som kommunalr\u00e5d i b\u00f6rjan av mandatperioden och har med den \u00e4ran representerat Kristdemokraterna och v\u00e5ra v\u00e4ljare. Jonas \u00e4r en tydlig, noggrann och driven politiker som ger Uppsalas familjer och \u00e4ldre en r\u00f6st i de politiska debatterna. Jonas har dessutom byggt ett starkt lag omkring sig som nu g\u00f6r att Kristdemokraterna i Uppsala \u00e4r fullt redo f\u00f6r en tuff valr\u00f6relse.<\/p>\n<p>Sarah Havneraas \u00e4r ocks\u00e5 mycket kompetent och uppskattad f\u00f6r sina gedigna kunskaper inom media och statsvetenskap, inom vilka omr\u00e5den hon erh\u00e5ller utbildning och l\u00e5ng erfarenhet. Sarah \u00e4r en ideologiskt f\u00f6rankrad politiker som ocks\u00e5 \u00e4r mycket duktig i m\u00f6tet med m\u00e4nniskor, och outtr\u00f6ttligt jobbar f\u00f6r att g\u00f6ra Uppsala till en b\u00e4ttre plats att leva och bo i.<\/p>\n<p>Nummer tre p\u00e5 listan \u00e4r Margit Borgstr\u00f6m, 70, som f\u00f6ljs av Simon Westberg, 32, Eva Moberg, 51 och Evelina Solem, 24.<\/p>\n<p><strong>Kristdemokraternas valsedel till Uppsala kommunfullm\u00e4ktige 2018:<\/strong><\/p>\n<ol>\n<li>Jonas Segersam, 48, Kommunalr\u00e5d, Uppsala<\/li>\n<li>Sarah Havneraas, 24, Ombudsman, Uppsala<\/li>\n<li>Margit Borgstr\u00f6m, 70, Musikl\u00e4rare, Uppsala<\/li>\n<li>Simon Westberg, 32, Tj\u00e4nsteman, Uppsala<\/li>\n<li>Eva Moberg, 51, F\u00f6rest\u00e5ndare, Uppsala<\/li>\n<li>Evelina Solem, 24, Sjuksk\u00f6terska, Uppsala<\/li>\n<li>Mattias Holmstr\u00f6m, 27, Politisk sekreterare, Uppsala<\/li>\n<li>Christian Hermanson, 46, IT-konsult, Uppsala<\/li>\n<li>Alexander Oscarsson, 18, Studerande, Almunge<\/li>\n<li>Leif Bostr\u00f6m, 66, Serviceelektriker, Uppsala<\/li>\n<li>Martin Wisell, 44, Kommitt\u00e9handl\u00e4ggare, Uppsala<\/li>\n<li>Amalia Hacopian, 61, fd. Caf\u00e9f\u00f6rest\u00e5ndare, Uppsala<\/li>\n<li>Jan Erik \u00c5gren, 73, KD-senior ordf., Uppsala<\/li>\n<li>Anna-Karin Vaz Contreiras, 49, VD, Storvreta<\/li>\n<li>Ingemar Virs\u00e9n, 57, Byggnadsingenj\u00f6r, Uppsala<\/li>\n<li>Alfonso Marin, 69, fd. Multimediakonsult, Uppsala<\/li>\n<li>Tommy Pettersson, 70, Pension\u00e4r, Uppsala<\/li>\n<li>\u00c5sa Samuelsson, 61, Leg psykolog, Uppsala<\/li>\n<li>Rickard L\u00f6fberg, 39,, Uppsala<\/li>\n<li>Elias Sj\u00f6gren, 24, Civilingenj\u00f6rsstudent, Uppsala<\/li>\n<li>Peter Holm, 41, CTO, Uppsala<\/li>\n<li>Stig Andersson, 71, Enhetschef, B\u00e4linge<\/li>\n<li>Christoffer Orm\u00e9us, 25, Kriminalv\u00e5rdare, Uppsala<\/li>\n<li>Sten Aleman, 60, Officer, Uppsala<\/li>\n<li>Louice Moberg, 24, L\u00e4karstuderande, Uppsala<\/li>\n<li>Josef G\u00e4reskog, 26, Analytiker, Uppsala<\/li>\n<li>Fredric Strandh, 32, Juridikstudent, Uppsala<\/li>\n<li>Alexandra Braf, 28, Jurist, Uppsala<\/li>\n<li>Nils Ove Bejermyr, 68, Ekonom, Storvreta<\/li>\n<li>Simon Elfving, 49, Utvecklare, Uppsala<\/li>\n<li>Daniel Jernberg, 53, Egenf\u00f6retagare, Uppsala<\/li>\n<\/ol>\n","protected":false},"excerpt":{"rendered":"<p>Kristdemokraterna i Uppsala har nyligen presenterat sitt valmanifest inf\u00f6r h\u00f6stens allm\u00e4nna val. Kandidaterna som ska f\u00f6ra ut partiets politik \u00e4r inte minst sittande kommunalr\u00e5d Jonas Segersam, 48, som toppar listan tillsammans med nummer tv\u00e5, Sarah Havneraas, 24. Jonas Segersam eftertr\u00e4dde Ebba Busch Thor som kommunalr\u00e5d i b\u00f6rjan av mandatperioden och har med den \u00e4ran representerat <a class=\"read-more-link\" href=\"https:\/\/wp.kristdemokraterna.se\/uppsala\/kandidater-till-uppsala-kommunfullmaktige\/\">Read More<\/a><\/p>\n","protected":false},"author":702,"featured_media":0,"comment_status":"closed","ping_status":"closed","sticky":false,"template":"","format":"standard","meta":{"_acf_changed":false,"footnotes":""},"categories":[259],"tags":[],"class_list":["post-2596","post","type-post","status-publish","format-standard","hentry","category-vara-foretradare"],"acf":[],"yoast_head":"<!-- This site is optimized with the Yoast SEO plugin v27.4 - https:\/\/yoast.com\/product\/yoast-seo-wordpress\/ -->\n<title>Kandidater till Uppsala kommunfullm\u00e4ktige | Kristdemokraterna | Uppsala<\/title>\n<meta name=\"robots\" content=\"index, follow, max-snippet:-1, max-image-preview:large, max-video-preview:-1\" \/>\n<link rel=\"canonical\" href=\"https:\/\/wp.kristdemokraterna.se\/uppsala\/kandidater-till-uppsala-kommunfullmaktige\/\" \/>\n<meta property=\"og:locale\" content=\"sv_SE\" \/>\n<meta property=\"og:type\" content=\"article\" \/>\n<meta property=\"og:title\" content=\"Kandidater till Uppsala kommunfullm\u00e4ktige | Kristdemokraterna | Uppsala\" \/>\n<meta property=\"og:description\" content=\"Kristdemokraterna i Uppsala har nyligen presenterat sitt valmanifest inf\u00f6r h\u00f6stens allm\u00e4nna val. Kandidaterna som ska f\u00f6ra ut partiets politik \u00e4r inte minst sittande kommunalr\u00e5d Jonas Segersam, 48, som toppar listan tillsammans med nummer tv\u00e5, Sarah Havneraas, 24. Jonas Segersam eftertr\u00e4dde Ebba Busch Thor som kommunalr\u00e5d i b\u00f6rjan av mandatperioden och har med den \u00e4ran representerat Read More\" \/>\n<meta property=\"og:url\" content=\"https:\/\/wp.kristdemokraterna.se\/uppsala\/kandidater-till-uppsala-kommunfullmaktige\/\" \/>\n<meta property=\"og:site_name\" content=\"Kristdemokraterna | Uppsala\" \/>\n<meta property=\"article:publisher\" content=\"https:\/\/www.facebook.com\/UppsalaKD\/\" \/>\n<meta property=\"article:published_time\" content=\"2018-06-19T13:14:32+00:00\" \/>\n<meta property=\"article:modified_time\" content=\"2024-04-07T15:38:10+00:00\" \/>\n<meta property=\"og:image\" content=\"https:\/\/wp.kristdemokraterna.se\/uppsala\/files\/2021\/12\/kom1.png\" \/>\n\t<meta property=\"og:image:width\" content=\"770\" \/>\n\t<meta property=\"og:image:height\" content=\"404\" \/>\n\t<meta property=\"og:image:type\" content=\"image\/png\" \/>\n<meta name=\"author\" content=\"Mimmi Westerlund\" \/>\n<meta name=\"twitter:card\" content=\"summary_large_image\" \/>\n<meta name=\"twitter:label1\" content=\"Skriven av\" \/>\n\t<meta name=\"twitter:data1\" content=\"Mimmi Westerlund\" \/>\n\t<meta name=\"twitter:label2\" content=\"Ber\u00e4knad l\u00e4stid\" \/>\n\t<meta name=\"twitter:data2\" content=\"2 minuter\" \/>\n<script type=\"application\/ld+json\" class=\"yoast-schema-graph\">{\"@context\":\"https:\\\/\\\/schema.org\",\"@graph\":[{\"@type\":\"Article\",\"@id\":\"https:\\\/\\\/wp.kristdemokraterna.se\\\/uppsala\\\/kandidater-till-uppsala-kommunfullmaktige\\\/#article\",\"isPartOf\":{\"@id\":\"https:\\\/\\\/wp.kristdemokraterna.se\\\/uppsala\\\/kandidater-till-uppsala-kommunfullmaktige\\\/\"},\"author\":{\"name\":\"Mimmi Westerlund\",\"@id\":\"https:\\\/\\\/wp.kristdemokraterna.se\\\/uppsala\\\/#\\\/schema\\\/person\\\/038d805d685fb0ce5ad14ab8711d8e84\"},\"headline\":\"Kandidater till Uppsala kommunfullm\u00e4ktige\",\"datePublished\":\"2018-06-19T13:14:32+00:00\",\"dateModified\":\"2024-04-07T15:38:10+00:00\",\"mainEntityOfPage\":{\"@id\":\"https:\\\/\\\/wp.kristdemokraterna.se\\\/uppsala\\\/kandidater-till-uppsala-kommunfullmaktige\\\/\"},\"wordCount\":368,\"publisher\":{\"@id\":\"https:\\\/\\\/wp.kristdemokraterna.se\\\/uppsala\\\/#organization\"},\"articleSection\":[\"V\u00e5ra f\u00f6retr\u00e4dare\"],\"inLanguage\":\"sv-SE\"},{\"@type\":\"WebPage\",\"@id\":\"https:\\\/\\\/wp.kristdemokraterna.se\\\/uppsala\\\/kandidater-till-uppsala-kommunfullmaktige\\\/\",\"url\":\"https:\\\/\\\/wp.kristdemokraterna.se\\\/uppsala\\\/kandidater-till-uppsala-kommunfullmaktige\\\/\",\"name\":\"Kandidater till Uppsala kommunfullm\u00e4ktige | Kristdemokraterna | Uppsala\",\"isPartOf\":{\"@id\":\"https:\\\/\\\/wp.kristdemokraterna.se\\\/uppsala\\\/#website\"},\"datePublished\":\"2018-06-19T13:14:32+00:00\",\"dateModified\":\"2024-04-07T15:38:10+00:00\",\"breadcrumb\":{\"@id\":\"https:\\\/\\\/wp.kristdemokraterna.se\\\/uppsala\\\/kandidater-till-uppsala-kommunfullmaktige\\\/#breadcrumb\"},\"inLanguage\":\"sv-SE\",\"potentialAction\":[{\"@type\":\"ReadAction\",\"target\":[\"https:\\\/\\\/wp.kristdemokraterna.se\\\/uppsala\\\/kandidater-till-uppsala-kommunfullmaktige\\\/\"]}]},{\"@type\":\"BreadcrumbList\",\"@id\":\"https:\\\/\\\/wp.kristdemokraterna.se\\\/uppsala\\\/kandidater-till-uppsala-kommunfullmaktige\\\/#breadcrumb\",\"itemListElement\":[{\"@type\":\"ListItem\",\"position\":1,\"name\":\"Hem\",\"item\":\"https:\\\/\\\/wp.kristdemokraterna.se\\\/uppsala\\\/\"},{\"@type\":\"ListItem\",\"position\":2,\"name\":\"Kandidater till Uppsala kommunfullm\u00e4ktige\"}]},{\"@type\":\"WebSite\",\"@id\":\"https:\\\/\\\/wp.kristdemokraterna.se\\\/uppsala\\\/#website\",\"url\":\"https:\\\/\\\/wp.kristdemokraterna.se\\\/uppsala\\\/\",\"name\":\"Kristdemokraterna Uppsala\",\"description\":\"Tryggare Uppsala\",\"publisher\":{\"@id\":\"https:\\\/\\\/wp.kristdemokraterna.se\\\/uppsala\\\/#organization\"},\"inLanguage\":\"sv-SE\"},{\"@type\":\"Organization\",\"@id\":\"https:\\\/\\\/wp.kristdemokraterna.se\\\/uppsala\\\/#organization\",\"name\":\"Kristdemokraterna Uppsala\",\"url\":\"https:\\\/\\\/wp.kristdemokraterna.se\\\/uppsala\\\/\",\"logo\":{\"@type\":\"ImageObject\",\"inLanguage\":\"sv-SE\",\"@id\":\"https:\\\/\\\/wp.kristdemokraterna.se\\\/uppsala\\\/#\\\/schema\\\/logo\\\/image\\\/\",\"url\":\"https:\\\/\\\/wp.kristdemokraterna.se\\\/uppsala\\\/files\\\/2019\\\/10\\\/kd-uppsala.png\",\"contentUrl\":\"https:\\\/\\\/wp.kristdemokraterna.se\\\/uppsala\\\/files\\\/2019\\\/10\\\/kd-uppsala.png\",\"width\":804,\"height\":421,\"caption\":\"Kristdemokraterna Uppsala\"},\"image\":{\"@id\":\"https:\\\/\\\/wp.kristdemokraterna.se\\\/uppsala\\\/#\\\/schema\\\/logo\\\/image\\\/\"},\"sameAs\":[\"https:\\\/\\\/www.facebook.com\\\/UppsalaKD\\\/\",\"https:\\\/\\\/www.instagram.com\\\/uppsalakd\\\/\"]},{\"@type\":\"Person\",\"@id\":\"https:\\\/\\\/wp.kristdemokraterna.se\\\/uppsala\\\/#\\\/schema\\\/person\\\/038d805d685fb0ce5ad14ab8711d8e84\",\"name\":\"Mimmi Westerlund\",\"image\":{\"@type\":\"ImageObject\",\"inLanguage\":\"sv-SE\",\"@id\":\"https:\\\/\\\/secure.gravatar.com\\\/avatar\\\/a5697359f709b6b10d9c7e6a7c89f3e054554dedb4657d5ffe9e5bc5b1445841?s=96&r=g\",\"url\":\"https:\\\/\\\/secure.gravatar.com\\\/avatar\\\/a5697359f709b6b10d9c7e6a7c89f3e054554dedb4657d5ffe9e5bc5b1445841?s=96&r=g\",\"contentUrl\":\"https:\\\/\\\/secure.gravatar.com\\\/avatar\\\/a5697359f709b6b10d9c7e6a7c89f3e054554dedb4657d5ffe9e5bc5b1445841?s=96&r=g\",\"caption\":\"Mimmi Westerlund\"},\"url\":\"https:\\\/\\\/wp.kristdemokraterna.se\\\/uppsala\\\/author\\\/mimmi\\\/\"}]}<\/script>\n<!-- \/ Yoast SEO plugin. -->","yoast_head_json":{"title":"Kandidater till Uppsala kommunfullm\u00e4ktige | Kristdemokraterna | Uppsala","robots":{"index":"index","follow":"follow","max-snippet":"max-snippet:-1","max-image-preview":"max-image-preview:large","max-video-preview":"max-video-preview:-1"},"canonical":"https:\/\/wp.kristdemokraterna.se\/uppsala\/kandidater-till-uppsala-kommunfullmaktige\/","og_locale":"sv_SE","og_type":"article","og_title":"Kandidater till Uppsala kommunfullm\u00e4ktige | Kristdemokraterna | Uppsala","og_description":"Kristdemokraterna i Uppsala har nyligen presenterat sitt valmanifest inf\u00f6r h\u00f6stens allm\u00e4nna val. Kandidaterna som ska f\u00f6ra ut partiets politik \u00e4r inte minst sittande kommunalr\u00e5d Jonas Segersam, 48, som toppar listan tillsammans med nummer tv\u00e5, Sarah Havneraas, 24. Jonas Segersam eftertr\u00e4dde Ebba Busch Thor som kommunalr\u00e5d i b\u00f6rjan av mandatperioden och har med den \u00e4ran representerat Read More","og_url":"https:\/\/wp.kristdemokraterna.se\/uppsala\/kandidater-till-uppsala-kommunfullmaktige\/","og_site_name":"Kristdemokraterna | Uppsala","article_publisher":"https:\/\/www.facebook.com\/UppsalaKD\/","article_published_time":"2018-06-19T13:14:32+00:00","article_modified_time":"2024-04-07T15:38:10+00:00","og_image":[{"width":770,"height":404,"url":"https:\/\/wp.kristdemokraterna.se\/uppsala\/files\/2021\/12\/kom1.png","type":"image\/png"}],"author":"Mimmi Westerlund","twitter_card":"summary_large_image","twitter_misc":{"Skriven av":"Mimmi Westerlund","Ber\u00e4knad l\u00e4stid":"2 minuter"},"schema":{"@context":"https:\/\/schema.org","@graph":[{"@type":"Article","@id":"https:\/\/wp.kristdemokraterna.se\/uppsala\/kandidater-till-uppsala-kommunfullmaktige\/#article","isPartOf":{"@id":"https:\/\/wp.kristdemokraterna.se\/uppsala\/kandidater-till-uppsala-kommunfullmaktige\/"},"author":{"name":"Mimmi Westerlund","@id":"https:\/\/wp.kristdemokraterna.se\/uppsala\/#\/schema\/person\/038d805d685fb0ce5ad14ab8711d8e84"},"headline":"Kandidater till Uppsala kommunfullm\u00e4ktige","datePublished":"2018-06-19T13:14:32+00:00","dateModified":"2024-04-07T15:38:10+00:00","mainEntityOfPage":{"@id":"https:\/\/wp.kristdemokraterna.se\/uppsala\/kandidater-till-uppsala-kommunfullmaktige\/"},"wordCount":368,"publisher":{"@id":"https:\/\/wp.kristdemokraterna.se\/uppsala\/#organization"},"articleSection":["V\u00e5ra f\u00f6retr\u00e4dare"],"inLanguage":"sv-SE"},{"@type":"WebPage","@id":"https:\/\/wp.kristdemokraterna.se\/uppsala\/kandidater-till-uppsala-kommunfullmaktige\/","url":"https:\/\/wp.kristdemokraterna.se\/uppsala\/kandidater-till-uppsala-kommunfullmaktige\/","name":"Kandidater till Uppsala kommunfullm\u00e4ktige | Kristdemokraterna | Uppsala","isPartOf":{"@id":"https:\/\/wp.kristdemokraterna.se\/uppsala\/#website"},"datePublished":"2018-06-19T13:14:32+00:00","dateModified":"2024-04-07T15:38:10+00:00","breadcrumb":{"@id":"https:\/\/wp.kristdemokraterna.se\/uppsala\/kandidater-till-uppsala-kommunfullmaktige\/#breadcrumb"},"inLanguage":"sv-SE","potentialAction":[{"@type":"ReadAction","target":["https:\/\/wp.kristdemokraterna.se\/uppsala\/kandidater-till-uppsala-kommunfullmaktige\/"]}]},{"@type":"BreadcrumbList","@id":"https:\/\/wp.kristdemokraterna.se\/uppsala\/kandidater-till-uppsala-kommunfullmaktige\/#breadcrumb","itemListElement":[{"@type":"ListItem","position":1,"name":"Hem","item":"https:\/\/wp.kristdemokraterna.se\/uppsala\/"},{"@type":"ListItem","position":2,"name":"Kandidater till Uppsala kommunfullm\u00e4ktige"}]},{"@type":"WebSite","@id":"https:\/\/wp.kristdemokraterna.se\/uppsala\/#website","url":"https:\/\/wp.kristdemokraterna.se\/uppsala\/","name":"Kristdemokraterna Uppsala","description":"Tryggare Uppsala","publisher":{"@id":"https:\/\/wp.kristdemokraterna.se\/uppsala\/#organization"},"inLanguage":"sv-SE"},{"@type":"Organization","@id":"https:\/\/wp.kristdemokraterna.se\/uppsala\/#organization","name":"Kristdemokraterna Uppsala","url":"https:\/\/wp.kristdemokraterna.se\/uppsala\/","logo":{"@type":"ImageObject","inLanguage":"sv-SE","@id":"https:\/\/wp.kristdemokraterna.se\/uppsala\/#\/schema\/logo\/image\/","url":"https:\/\/wp.kristdemokraterna.se\/uppsala\/files\/2019\/10\/kd-uppsala.png","contentUrl":"https:\/\/wp.kristdemokraterna.se\/uppsala\/files\/2019\/10\/kd-uppsala.png","width":804,"height":421,"caption":"Kristdemokraterna Uppsala"},"image":{"@id":"https:\/\/wp.kristdemokraterna.se\/uppsala\/#\/schema\/logo\/image\/"},"sameAs":["https:\/\/www.facebook.com\/UppsalaKD\/","https:\/\/www.instagram.com\/uppsalakd\/"]},{"@type":"Person","@id":"https:\/\/wp.kristdemokraterna.se\/uppsala\/#\/schema\/person\/038d805d685fb0ce5ad14ab8711d8e84","name":"Mimmi Westerlund","image":{"@type":"ImageObject","inLanguage":"sv-SE","@id":"https:\/\/secure.gravatar.com\/avatar\/a5697359f709b6b10d9c7e6a7c89f3e054554dedb4657d5ffe9e5bc5b1445841?s=96&r=g","url":"https:\/\/secure.gravatar.com\/avatar\/a5697359f709b6b10d9c7e6a7c89f3e054554dedb4657d5ffe9e5bc5b1445841?s=96&r=g","contentUrl":"https:\/\/secure.gravatar.com\/avatar\/a5697359f709b6b10d9c7e6a7c89f3e054554dedb4657d5ffe9e5bc5b1445841?s=96&r=g","caption":"Mimmi Westerlund"},"url":"https:\/\/wp.kristdemokraterna.se\/uppsala\/author\/mimmi\/"}]}},"_links":{"self":[{"href":"https:\/\/wp.kristdemokraterna.se\/uppsala\/wp-json\/wp\/v2\/posts\/2596","targetHints":{"allow":["GET"]}}],"collection":[{"href":"https:\/\/wp.kristdemokraterna.se\/uppsala\/wp-json\/wp\/v2\/posts"}],"about":[{"href":"https:\/\/wp.kristdemokraterna.se\/uppsala\/wp-json\/wp\/v2\/types\/post"}],"author":[{"embeddable":true,"href":"https:\/\/wp.kristdemokraterna.se\/uppsala\/wp-json\/wp\/v2\/users\/702"}],"replies":[{"embeddable":true,"href":"https:\/\/wp.kristdemokraterna.se\/uppsala\/wp-json\/wp\/v2\/comments?post=2596"}],"version-history":[{"count":3,"href":"https:\/\/wp.kristdemokraterna.se\/uppsala\/wp-json\/wp\/v2\/posts\/2596\/revisions"}],"predecessor-version":[{"id":2950,"href":"https:\/\/wp.kristdemokraterna.se\/uppsala\/wp-json\/wp\/v2\/posts\/2596\/revisions\/2950"}],"wp:attachment":[{"href":"https:\/\/wp.kristdemokraterna.se\/uppsala\/wp-json\/wp\/v2\/media?parent=2596"}],"wp:term":[{"taxonomy":"category","embeddable":true,"href":"https:\/\/wp.kristdemokraterna.se\/uppsala\/wp-json\/wp\/v2\/categories?post=2596"},{"taxonomy":"post_tag","embeddable":true,"href":"https:\/\/wp.kristdemokraterna.se\/uppsala\/wp-json\/wp\/v2\/tags?post=2596"}],"curies":[{"name":"wp","href":"https:\/\/api.w.org\/{rel}","templated":true}]}}