{"id":2776,"date":"2018-08-13T10:36:42","date_gmt":"2018-08-13T08:36:42","guid":{"rendered":"http:\/\/wp.kristdemokraterna.se\/uppsala\/?p=2776"},"modified":"2024-04-04T00:28:00","modified_gmt":"2024-04-03T22:28:00","slug":"enkopings-lasarett-behover-utvecklas","status":"publish","type":"post","link":"https:\/\/wp.kristdemokraterna.se\/uppsala\/enkopings-lasarett-behover-utvecklas\/","title":{"rendered":"Enk\u00f6pings lasarett beh\u00f6ver utvecklas"},"content":{"rendered":"<p><strong>Lasarettet i Enk\u00f6ping m\u00e5ste f\u00e5 en viktigare roll i regionens sjukv\u00e5rd, anser KD.<\/strong><br \/>\n<strong>\u2013 Jag \u00e4r s\u00e4ker p\u00e5 att lasarettet har en betydligt st\u00f6rre kapacitet \u00e4n idag, s\u00e4ger Bj\u00f6rn-Owe Bj\u00f6rk regionr\u00e5dskandidat.<\/strong><\/p>\n<p>Nu finns enbart dagkirurgi och ortopedi vid sjukhuset men h\u00e4r skulle mycket v\u00e4l \u00e4ven allm\u00e4nkirurgi kunna utf\u00f6ras.<\/p>\n<p>\u2013 Allm\u00e4nkirurgi\u00a0har funnits p\u00e5 lasarettet f\u00f6rr och om det \u00e5terinf\u00f6rs s\u00e5 skulle tillg\u00e4ngligheten och servicen \u00f6ka f\u00f6r inv\u00e5nare i b\u00e5de B\u00e5lsta och Enk\u00f6ping, s\u00e4ger han.<\/p>\n<p>Ett \u00f6kat samarbete mellan Akademiska sjukhuset och lasarettet kan ocks\u00e5 effektivisera v\u00e5rden. En liten f\u00f6rb\u00e4ttring har dock skett.<\/p>\n<h2>Motst\u00e5nd mot \u00f6kad verksamhet<\/h2>\n<p>F\u00f6r n\u00e5gra \u00e5r sedan s\u00e5 fanns ett stort motst\u00e5nd fr\u00e5n vissa av Akademiska sjukhusets avdelningschefer med att \u00f6ka verksamheten vid r\u00f6ntgen och kirurgi, vilket \u00e4nd\u00e5 blev av.<\/p>\n<p>\u2013 Det \u00e4r vi givetvis j\u00e4tteglada f\u00f6r. Men h\u00e4r kan mer g\u00f6ras, s\u00e4ger Bo Reinholdsson, som toppar KD:s lista i den s\u00f6dra regionen.<\/p>\n<p>Antalet s\u00e4ngar har dock minskats p\u00e5 Enk\u00f6pings lasarett.<\/p>\n<p>\u2013 V\u00e5rddygnen innan kommunen tar \u00f6ver ansvaret har nu minskats p\u00e5 sjukhuset, vilket st\u00e4ller st\u00f6rre krav p\u00e5 bra v\u00e5rd i hemmet, s\u00e4ger han.<\/p>\n<p>Kv\u00e4lls\u00f6ppna akuter vid v\u00e5rdcentralerna \u00e4r en annan fr\u00e5ga som Kristdemokraterna driver runt om i regionen d\u00e5 det skulle avlasta sjukhusens akutv\u00e5rd.<\/p>\n<pre>Foto: Region Uppsala<\/pre>\n","protected":false},"excerpt":{"rendered":"<p>Lasarettet i Enk\u00f6ping m\u00e5ste f\u00e5 en viktigare roll i regionens sjukv\u00e5rd, anser KD. \u2013 Jag \u00e4r s\u00e4ker p\u00e5 att lasarettet har en betydligt st\u00f6rre kapacitet \u00e4n idag, s\u00e4ger Bj\u00f6rn-Owe Bj\u00f6rk regionr\u00e5dskandidat. Nu finns enbart dagkirurgi och ortopedi vid sjukhuset men h\u00e4r skulle mycket v\u00e4l \u00e4ven allm\u00e4nkirurgi kunna utf\u00f6ras. \u2013 Allm\u00e4nkirurgi\u00a0har funnits p\u00e5 lasarettet f\u00f6rr och <a class=\"read-more-link\" href=\"https:\/\/wp.kristdemokraterna.se\/uppsala\/enkopings-lasarett-behover-utvecklas\/\">Read More<\/a><\/p>\n","protected":false},"author":702,"featured_media":0,"comment_status":"closed","ping_status":"closed","sticky":false,"template":"","format":"standard","meta":{"_acf_changed":false,"footnotes":""},"categories":[236],"tags":[135,200,201,198,199],"class_list":["post-2776","post","type-post","status-publish","format-standard","hentry","category-vard-o-omsorg","tag-bjorn-owe-bjork","tag-bo-reinholdsson","tag-enkopings-lasarett","tag-kd","tag-region-uppsala"],"acf":[],"yoast_head":"<!-- This site is optimized with the Yoast SEO plugin v27.4 - https:\/\/yoast.com\/product\/yoast-seo-wordpress\/ -->\n<title>Enk\u00f6pings lasarett beh\u00f6ver utvecklas | Kristdemokraterna | Uppsala<\/title>\n<meta name=\"robots\" content=\"index, follow, max-snippet:-1, max-image-preview:large, max-video-preview:-1\" \/>\n<link rel=\"canonical\" href=\"https:\/\/wp.kristdemokraterna.se\/uppsala\/enkopings-lasarett-behover-utvecklas\/\" \/>\n<meta property=\"og:locale\" content=\"sv_SE\" \/>\n<meta property=\"og:type\" content=\"article\" \/>\n<meta property=\"og:title\" content=\"Enk\u00f6pings lasarett beh\u00f6ver utvecklas | Kristdemokraterna | Uppsala\" \/>\n<meta property=\"og:description\" content=\"Lasarettet i Enk\u00f6ping m\u00e5ste f\u00e5 en viktigare roll i regionens sjukv\u00e5rd, anser KD. \u2013 Jag \u00e4r s\u00e4ker p\u00e5 att lasarettet har en betydligt st\u00f6rre kapacitet \u00e4n idag, s\u00e4ger Bj\u00f6rn-Owe Bj\u00f6rk regionr\u00e5dskandidat. Nu finns enbart dagkirurgi och ortopedi vid sjukhuset men h\u00e4r skulle mycket v\u00e4l \u00e4ven allm\u00e4nkirurgi kunna utf\u00f6ras. \u2013 Allm\u00e4nkirurgi\u00a0har funnits p\u00e5 lasarettet f\u00f6rr och Read More\" \/>\n<meta property=\"og:url\" content=\"https:\/\/wp.kristdemokraterna.se\/uppsala\/enkopings-lasarett-behover-utvecklas\/\" \/>\n<meta property=\"og:site_name\" content=\"Kristdemokraterna | Uppsala\" \/>\n<meta property=\"article:publisher\" content=\"https:\/\/www.facebook.com\/UppsalaKD\/\" \/>\n<meta property=\"article:published_time\" content=\"2018-08-13T08:36:42+00:00\" \/>\n<meta property=\"article:modified_time\" content=\"2024-04-03T22:28:00+00:00\" \/>\n<meta property=\"og:image\" content=\"https:\/\/wp.kristdemokraterna.se\/uppsala\/files\/2021\/12\/kom1.png\" \/>\n\t<meta property=\"og:image:width\" content=\"770\" \/>\n\t<meta property=\"og:image:height\" content=\"404\" \/>\n\t<meta property=\"og:image:type\" content=\"image\/png\" \/>\n<meta name=\"author\" content=\"Mimmi Westerlund\" \/>\n<meta name=\"twitter:card\" content=\"summary_large_image\" \/>\n<meta name=\"twitter:label1\" content=\"Skriven av\" \/>\n\t<meta name=\"twitter:data1\" content=\"Mimmi Westerlund\" \/>\n\t<meta name=\"twitter:label2\" content=\"Ber\u00e4knad l\u00e4stid\" \/>\n\t<meta name=\"twitter:data2\" content=\"1 minut\" \/>\n<script type=\"application\/ld+json\" class=\"yoast-schema-graph\">{\"@context\":\"https:\\\/\\\/schema.org\",\"@graph\":[{\"@type\":\"Article\",\"@id\":\"https:\\\/\\\/wp.kristdemokraterna.se\\\/uppsala\\\/enkopings-lasarett-behover-utvecklas\\\/#article\",\"isPartOf\":{\"@id\":\"https:\\\/\\\/wp.kristdemokraterna.se\\\/uppsala\\\/enkopings-lasarett-behover-utvecklas\\\/\"},\"author\":{\"name\":\"Mimmi Westerlund\",\"@id\":\"https:\\\/\\\/wp.kristdemokraterna.se\\\/uppsala\\\/#\\\/schema\\\/person\\\/038d805d685fb0ce5ad14ab8711d8e84\"},\"headline\":\"Enk\u00f6pings lasarett beh\u00f6ver utvecklas\",\"datePublished\":\"2018-08-13T08:36:42+00:00\",\"dateModified\":\"2024-04-03T22:28:00+00:00\",\"mainEntityOfPage\":{\"@id\":\"https:\\\/\\\/wp.kristdemokraterna.se\\\/uppsala\\\/enkopings-lasarett-behover-utvecklas\\\/\"},\"wordCount\":251,\"publisher\":{\"@id\":\"https:\\\/\\\/wp.kristdemokraterna.se\\\/uppsala\\\/#organization\"},\"keywords\":[\"Bj\u00f6rn-Owe Bj\u00f6rk\",\"Bo Reinholdsson\",\"Enk\u00f6pings lasarett\",\"KD\",\"Region Uppsala\"],\"articleSection\":[\"V\u00e5rd &amp; omsorg\"],\"inLanguage\":\"sv-SE\"},{\"@type\":\"WebPage\",\"@id\":\"https:\\\/\\\/wp.kristdemokraterna.se\\\/uppsala\\\/enkopings-lasarett-behover-utvecklas\\\/\",\"url\":\"https:\\\/\\\/wp.kristdemokraterna.se\\\/uppsala\\\/enkopings-lasarett-behover-utvecklas\\\/\",\"name\":\"Enk\u00f6pings lasarett beh\u00f6ver utvecklas | Kristdemokraterna | Uppsala\",\"isPartOf\":{\"@id\":\"https:\\\/\\\/wp.kristdemokraterna.se\\\/uppsala\\\/#website\"},\"datePublished\":\"2018-08-13T08:36:42+00:00\",\"dateModified\":\"2024-04-03T22:28:00+00:00\",\"breadcrumb\":{\"@id\":\"https:\\\/\\\/wp.kristdemokraterna.se\\\/uppsala\\\/enkopings-lasarett-behover-utvecklas\\\/#breadcrumb\"},\"inLanguage\":\"sv-SE\",\"potentialAction\":[{\"@type\":\"ReadAction\",\"target\":[\"https:\\\/\\\/wp.kristdemokraterna.se\\\/uppsala\\\/enkopings-lasarett-behover-utvecklas\\\/\"]}]},{\"@type\":\"BreadcrumbList\",\"@id\":\"https:\\\/\\\/wp.kristdemokraterna.se\\\/uppsala\\\/enkopings-lasarett-behover-utvecklas\\\/#breadcrumb\",\"itemListElement\":[{\"@type\":\"ListItem\",\"position\":1,\"name\":\"Hem\",\"item\":\"https:\\\/\\\/wp.kristdemokraterna.se\\\/uppsala\\\/\"},{\"@type\":\"ListItem\",\"position\":2,\"name\":\"Enk\u00f6pings lasarett beh\u00f6ver utvecklas\"}]},{\"@type\":\"WebSite\",\"@id\":\"https:\\\/\\\/wp.kristdemokraterna.se\\\/uppsala\\\/#website\",\"url\":\"https:\\\/\\\/wp.kristdemokraterna.se\\\/uppsala\\\/\",\"name\":\"Kristdemokraterna Uppsala\",\"description\":\"Tryggare Uppsala\",\"publisher\":{\"@id\":\"https:\\\/\\\/wp.kristdemokraterna.se\\\/uppsala\\\/#organization\"},\"inLanguage\":\"sv-SE\"},{\"@type\":\"Organization\",\"@id\":\"https:\\\/\\\/wp.kristdemokraterna.se\\\/uppsala\\\/#organization\",\"name\":\"Kristdemokraterna Uppsala\",\"url\":\"https:\\\/\\\/wp.kristdemokraterna.se\\\/uppsala\\\/\",\"logo\":{\"@type\":\"ImageObject\",\"inLanguage\":\"sv-SE\",\"@id\":\"https:\\\/\\\/wp.kristdemokraterna.se\\\/uppsala\\\/#\\\/schema\\\/logo\\\/image\\\/\",\"url\":\"https:\\\/\\\/wp.kristdemokraterna.se\\\/uppsala\\\/files\\\/2019\\\/10\\\/kd-uppsala.png\",\"contentUrl\":\"https:\\\/\\\/wp.kristdemokraterna.se\\\/uppsala\\\/files\\\/2019\\\/10\\\/kd-uppsala.png\",\"width\":804,\"height\":421,\"caption\":\"Kristdemokraterna Uppsala\"},\"image\":{\"@id\":\"https:\\\/\\\/wp.kristdemokraterna.se\\\/uppsala\\\/#\\\/schema\\\/logo\\\/image\\\/\"},\"sameAs\":[\"https:\\\/\\\/www.facebook.com\\\/UppsalaKD\\\/\",\"https:\\\/\\\/www.instagram.com\\\/uppsalakd\\\/\"]},{\"@type\":\"Person\",\"@id\":\"https:\\\/\\\/wp.kristdemokraterna.se\\\/uppsala\\\/#\\\/schema\\\/person\\\/038d805d685fb0ce5ad14ab8711d8e84\",\"name\":\"Mimmi Westerlund\",\"image\":{\"@type\":\"ImageObject\",\"inLanguage\":\"sv-SE\",\"@id\":\"https:\\\/\\\/secure.gravatar.com\\\/avatar\\\/a5697359f709b6b10d9c7e6a7c89f3e054554dedb4657d5ffe9e5bc5b1445841?s=96&r=g\",\"url\":\"https:\\\/\\\/secure.gravatar.com\\\/avatar\\\/a5697359f709b6b10d9c7e6a7c89f3e054554dedb4657d5ffe9e5bc5b1445841?s=96&r=g\",\"contentUrl\":\"https:\\\/\\\/secure.gravatar.com\\\/avatar\\\/a5697359f709b6b10d9c7e6a7c89f3e054554dedb4657d5ffe9e5bc5b1445841?s=96&r=g\",\"caption\":\"Mimmi Westerlund\"},\"url\":\"https:\\\/\\\/wp.kristdemokraterna.se\\\/uppsala\\\/author\\\/mimmi\\\/\"}]}<\/script>\n<!-- \/ Yoast SEO plugin. -->","yoast_head_json":{"title":"Enk\u00f6pings lasarett beh\u00f6ver utvecklas | Kristdemokraterna | Uppsala","robots":{"index":"index","follow":"follow","max-snippet":"max-snippet:-1","max-image-preview":"max-image-preview:large","max-video-preview":"max-video-preview:-1"},"canonical":"https:\/\/wp.kristdemokraterna.se\/uppsala\/enkopings-lasarett-behover-utvecklas\/","og_locale":"sv_SE","og_type":"article","og_title":"Enk\u00f6pings lasarett beh\u00f6ver utvecklas | Kristdemokraterna | Uppsala","og_description":"Lasarettet i Enk\u00f6ping m\u00e5ste f\u00e5 en viktigare roll i regionens sjukv\u00e5rd, anser KD. \u2013 Jag \u00e4r s\u00e4ker p\u00e5 att lasarettet har en betydligt st\u00f6rre kapacitet \u00e4n idag, s\u00e4ger Bj\u00f6rn-Owe Bj\u00f6rk regionr\u00e5dskandidat. Nu finns enbart dagkirurgi och ortopedi vid sjukhuset men h\u00e4r skulle mycket v\u00e4l \u00e4ven allm\u00e4nkirurgi kunna utf\u00f6ras. \u2013 Allm\u00e4nkirurgi\u00a0har funnits p\u00e5 lasarettet f\u00f6rr och Read More","og_url":"https:\/\/wp.kristdemokraterna.se\/uppsala\/enkopings-lasarett-behover-utvecklas\/","og_site_name":"Kristdemokraterna | Uppsala","article_publisher":"https:\/\/www.facebook.com\/UppsalaKD\/","article_published_time":"2018-08-13T08:36:42+00:00","article_modified_time":"2024-04-03T22:28:00+00:00","og_image":[{"width":770,"height":404,"url":"https:\/\/wp.kristdemokraterna.se\/uppsala\/files\/2021\/12\/kom1.png","type":"image\/png"}],"author":"Mimmi Westerlund","twitter_card":"summary_large_image","twitter_misc":{"Skriven av":"Mimmi Westerlund","Ber\u00e4knad l\u00e4stid":"1 minut"},"schema":{"@context":"https:\/\/schema.org","@graph":[{"@type":"Article","@id":"https:\/\/wp.kristdemokraterna.se\/uppsala\/enkopings-lasarett-behover-utvecklas\/#article","isPartOf":{"@id":"https:\/\/wp.kristdemokraterna.se\/uppsala\/enkopings-lasarett-behover-utvecklas\/"},"author":{"name":"Mimmi Westerlund","@id":"https:\/\/wp.kristdemokraterna.se\/uppsala\/#\/schema\/person\/038d805d685fb0ce5ad14ab8711d8e84"},"headline":"Enk\u00f6pings lasarett beh\u00f6ver utvecklas","datePublished":"2018-08-13T08:36:42+00:00","dateModified":"2024-04-03T22:28:00+00:00","mainEntityOfPage":{"@id":"https:\/\/wp.kristdemokraterna.se\/uppsala\/enkopings-lasarett-behover-utvecklas\/"},"wordCount":251,"publisher":{"@id":"https:\/\/wp.kristdemokraterna.se\/uppsala\/#organization"},"keywords":["Bj\u00f6rn-Owe Bj\u00f6rk","Bo Reinholdsson","Enk\u00f6pings lasarett","KD","Region Uppsala"],"articleSection":["V\u00e5rd &amp; omsorg"],"inLanguage":"sv-SE"},{"@type":"WebPage","@id":"https:\/\/wp.kristdemokraterna.se\/uppsala\/enkopings-lasarett-behover-utvecklas\/","url":"https:\/\/wp.kristdemokraterna.se\/uppsala\/enkopings-lasarett-behover-utvecklas\/","name":"Enk\u00f6pings lasarett beh\u00f6ver utvecklas | Kristdemokraterna | Uppsala","isPartOf":{"@id":"https:\/\/wp.kristdemokraterna.se\/uppsala\/#website"},"datePublished":"2018-08-13T08:36:42+00:00","dateModified":"2024-04-03T22:28:00+00:00","breadcrumb":{"@id":"https:\/\/wp.kristdemokraterna.se\/uppsala\/enkopings-lasarett-behover-utvecklas\/#breadcrumb"},"inLanguage":"sv-SE","potentialAction":[{"@type":"ReadAction","target":["https:\/\/wp.kristdemokraterna.se\/uppsala\/enkopings-lasarett-behover-utvecklas\/"]}]},{"@type":"BreadcrumbList","@id":"https:\/\/wp.kristdemokraterna.se\/uppsala\/enkopings-lasarett-behover-utvecklas\/#breadcrumb","itemListElement":[{"@type":"ListItem","position":1,"name":"Hem","item":"https:\/\/wp.kristdemokraterna.se\/uppsala\/"},{"@type":"ListItem","position":2,"name":"Enk\u00f6pings lasarett beh\u00f6ver utvecklas"}]},{"@type":"WebSite","@id":"https:\/\/wp.kristdemokraterna.se\/uppsala\/#website","url":"https:\/\/wp.kristdemokraterna.se\/uppsala\/","name":"Kristdemokraterna Uppsala","description":"Tryggare Uppsala","publisher":{"@id":"https:\/\/wp.kristdemokraterna.se\/uppsala\/#organization"},"inLanguage":"sv-SE"},{"@type":"Organization","@id":"https:\/\/wp.kristdemokraterna.se\/uppsala\/#organization","name":"Kristdemokraterna Uppsala","url":"https:\/\/wp.kristdemokraterna.se\/uppsala\/","logo":{"@type":"ImageObject","inLanguage":"sv-SE","@id":"https:\/\/wp.kristdemokraterna.se\/uppsala\/#\/schema\/logo\/image\/","url":"https:\/\/wp.kristdemokraterna.se\/uppsala\/files\/2019\/10\/kd-uppsala.png","contentUrl":"https:\/\/wp.kristdemokraterna.se\/uppsala\/files\/2019\/10\/kd-uppsala.png","width":804,"height":421,"caption":"Kristdemokraterna Uppsala"},"image":{"@id":"https:\/\/wp.kristdemokraterna.se\/uppsala\/#\/schema\/logo\/image\/"},"sameAs":["https:\/\/www.facebook.com\/UppsalaKD\/","https:\/\/www.instagram.com\/uppsalakd\/"]},{"@type":"Person","@id":"https:\/\/wp.kristdemokraterna.se\/uppsala\/#\/schema\/person\/038d805d685fb0ce5ad14ab8711d8e84","name":"Mimmi Westerlund","image":{"@type":"ImageObject","inLanguage":"sv-SE","@id":"https:\/\/secure.gravatar.com\/avatar\/a5697359f709b6b10d9c7e6a7c89f3e054554dedb4657d5ffe9e5bc5b1445841?s=96&r=g","url":"https:\/\/secure.gravatar.com\/avatar\/a5697359f709b6b10d9c7e6a7c89f3e054554dedb4657d5ffe9e5bc5b1445841?s=96&r=g","contentUrl":"https:\/\/secure.gravatar.com\/avatar\/a5697359f709b6b10d9c7e6a7c89f3e054554dedb4657d5ffe9e5bc5b1445841?s=96&r=g","caption":"Mimmi Westerlund"},"url":"https:\/\/wp.kristdemokraterna.se\/uppsala\/author\/mimmi\/"}]}},"_links":{"self":[{"href":"https:\/\/wp.kristdemokraterna.se\/uppsala\/wp-json\/wp\/v2\/posts\/2776","targetHints":{"allow":["GET"]}}],"collection":[{"href":"https:\/\/wp.kristdemokraterna.se\/uppsala\/wp-json\/wp\/v2\/posts"}],"about":[{"href":"https:\/\/wp.kristdemokraterna.se\/uppsala\/wp-json\/wp\/v2\/types\/post"}],"author":[{"embeddable":true,"href":"https:\/\/wp.kristdemokraterna.se\/uppsala\/wp-json\/wp\/v2\/users\/702"}],"replies":[{"embeddable":true,"href":"https:\/\/wp.kristdemokraterna.se\/uppsala\/wp-json\/wp\/v2\/comments?post=2776"}],"version-history":[{"count":5,"href":"https:\/\/wp.kristdemokraterna.se\/uppsala\/wp-json\/wp\/v2\/posts\/2776\/revisions"}],"predecessor-version":[{"id":2863,"href":"https:\/\/wp.kristdemokraterna.se\/uppsala\/wp-json\/wp\/v2\/posts\/2776\/revisions\/2863"}],"wp:attachment":[{"href":"https:\/\/wp.kristdemokraterna.se\/uppsala\/wp-json\/wp\/v2\/media?parent=2776"}],"wp:term":[{"taxonomy":"category","embeddable":true,"href":"https:\/\/wp.kristdemokraterna.se\/uppsala\/wp-json\/wp\/v2\/categories?post=2776"},{"taxonomy":"post_tag","embeddable":true,"href":"https:\/\/wp.kristdemokraterna.se\/uppsala\/wp-json\/wp\/v2\/tags?post=2776"}],"curies":[{"name":"wp","href":"https:\/\/api.w.org\/{rel}","templated":true}]}}