{"id":2782,"date":"2018-08-19T16:27:22","date_gmt":"2018-08-19T14:27:22","guid":{"rendered":"http:\/\/wp.kristdemokraterna.se\/uppsala\/?p=2782"},"modified":"2024-04-04T00:27:50","modified_gmt":"2024-04-03T22:27:50","slug":"bygg-nytt-vardcentrum-i-tierp-nu","status":"publish","type":"post","link":"https:\/\/wp.kristdemokraterna.se\/uppsala\/bygg-nytt-vardcentrum-i-tierp-nu\/","title":{"rendered":"Bygg nytt v\u00e5rdcentrum i Tierp nu"},"content":{"rendered":"<p><strong>Tierps v\u00e5rdcentrum \u00e4r i ett oacceptabelt skick. Byggnaden som \u00e4r fr\u00e5n 1950-talet har fukt- och ventilationsproblem och lokalerna \u00e4r inte anpassade efter verksamheten.<\/strong><br \/>\n<strong>\u2013 Patienter och personal ska inte beh\u00f6va v\u00e4nta l\u00e4ngre, nu m\u00e5ste n\u00e5got h\u00e4nda, s\u00e4ger Bj\u00f6rn-Owe Bj\u00f6rk, KD, som kandiderar till nytt regionr\u00e5d.<\/strong><\/p>\n<p>Orsaken till problemen \u00e4r att stora delar av V\u00e5rdcentrum \u00e4r byggd p\u00e5 en betongplatta direkt p\u00e5 marken utan t\u00e4tskikt, vilket fungerar d\u00e5ligt. Fukt har tr\u00e4ngt upp genom betongen vilket p\u00e5verkar milj\u00f6n i lokalerna. V\u00e5rdcentrum har ocks\u00e5 haft flera st\u00f6rre vattenl\u00e4ckor och det blir ofta stopp i toaletterna.<\/p>\n<p>Personal som vistas i lokalerna varje dag har uttryckt att de drabbats av\u00a0 huvudv\u00e4rk och tr\u00f6tthet och n\u00e5gra har f\u00e5tt hudutslag. Efter det har bland annat sj\u00e4lvventilerande golv inf\u00f6rts.<\/p>\n<p>Men trots att Region Uppsala tidigare d\u00f6mt ut lokalerna och konstaterat att de \u00e4r i ett oacceptabelt skick s\u00e5 dr\u00f6jer en ombyggnation.<\/p>\n<p>\u2013 Vi kristdemokrater har lyft problematiken i regionen under en l\u00e4ngre tid och kr\u00e4vt en ombyggnation av hela lokalen utan att f\u00e5 geh\u00f6r f\u00f6r det.\u00a0 \u00c4ven om vissa f\u00f6rb\u00e4ttringar skett av milj\u00f6n s\u00e5 r\u00e4cker inte det p\u00e5 l\u00e5nga v\u00e4gar, s\u00e4ger Bj\u00f6rn-Owe Bj\u00f6rk.<\/p>\n<h2><strong>Ineffektiva<\/strong> lokaler<\/h2>\n<p>Det handlar inte bara om arbetsmilj\u00f6n, understryker han. Lokalerna i sig fungerar inte p\u00e5 ett effektivt s\u00e4tt eftersom verksamheterna \u00e4r utspridda och f\u00f6rbinds med l\u00e5nga korridorer, vilket g\u00f6r att det tar tid f\u00f6r personal och patienter att ta sig mellan olika avdelningar.<\/p>\n<p>\u2013 Socialdemokraterna har avsiktligt f\u00f6rhalat byggnationen och d\u00e4rmed ocks\u00e5 svikit sina vall\u00f6ften. Med det f\u00f6rslag till budget som S presenteras s\u00e5 har vi inte ett nytt v\u00e5rdcentrum f\u00f6rr\u00e4n tidigast 2026-27. Vi vill p\u00e5b\u00f6rja bygget nu och ha lokalerna klara redan kommande mandatperiod, n\u00e5gonstans mellan 2021-22.<\/p>\n<p>Ut\u00f6ver detta s\u00e5 anser Bj\u00f6rn-Owe Bj\u00f6rk att st\u00e4ngningen av BUP i Tierp en skandal! K\u00f6erna f\u00f6r barn och ungdom med psykisk oh\u00e4lsa bara \u00f6kar, enligt honom.<\/p>\n<p>\u2013 Fler m\u00e5r d\u00e5ligt, men f\u00e4rre f\u00e5r hj\u00e4lp enligt den politik som socialdemokraterna bedriver just nu.<\/p>\n<h2>Vill ha \u00e4ldrev\u00e5rdscentraler<\/h2>\n<p>Kristdemokraterna vill ocks\u00e5 starta en \u00e4ldrev\u00e5rdcentral i Tierp. Idag tvingas \u00e4ldre till akuten p\u00e5 Akademiska sjukhuset d\u00e4r det ofta f\u00e5r v\u00e4nta of\u00f6rsvarligt l\u00e4nge.<\/p>\n<p>\u2013 Situationen \u00e4r orimlig. Vi vill d\u00e4rf\u00f6r starta en \u00e4ldrev\u00e5rdcentral samt bygga ut hemsjukv\u00e5rden i Tierp. Det ska vara enkelt att f\u00e5 komma till sin doktor i Tierp!<\/p>\n<p>Satsningar p\u00e5 n\u00e4ra v\u00e5rd och att beh\u00e5lla gener\u00f6sa \u00f6ppettider \u00e4r h\u00f6gt prioriterat f\u00f6r Runar H\u00f6glund, KD, toppnamn i norra regionen. Han oroas ocks\u00e5 \u00f6ver bristen p\u00e5 sjuksk\u00f6terskor som bland annat m\u00e4rks p\u00e5 Tierps sjukhus.<\/p>\n<p>Dessutom beh\u00f6ver rehabilitering med st\u00f6d av specialistv\u00e5rden utvecklas. De som beh\u00f6ver det ska kunna ta emot sjukv\u00e5rd i hemmet. Ocks\u00e5 v\u00e5rd i livets slutskede ska kunna ges av mobila team.<\/p>\n<p>\u2013 Att f\u00e5 tr\u00e4ffa samma l\u00e4kare \u00e4r \u00e4r viktigt. Det \u00e4r tryggare f\u00f6r patienten och effektivare f\u00f6r v\u00e5rden, det vill jag jobba f\u00f6r, s\u00e4ger han.<\/p>\n","protected":false},"excerpt":{"rendered":"<p>Tierps v\u00e5rdcentrum \u00e4r i ett oacceptabelt skick. Byggnaden som \u00e4r fr\u00e5n 1950-talet har fukt- och ventilationsproblem och lokalerna \u00e4r inte anpassade efter verksamheten. \u2013 Patienter och personal ska inte beh\u00f6va v\u00e4nta l\u00e4ngre, nu m\u00e5ste n\u00e5got h\u00e4nda, s\u00e4ger Bj\u00f6rn-Owe Bj\u00f6rk, KD, som kandiderar till nytt regionr\u00e5d. Orsaken till problemen \u00e4r att stora delar av V\u00e5rdcentrum \u00e4r <a class=\"read-more-link\" href=\"https:\/\/wp.kristdemokraterna.se\/uppsala\/bygg-nytt-vardcentrum-i-tierp-nu\/\">Read More<\/a><\/p>\n","protected":false},"author":702,"featured_media":0,"comment_status":"closed","ping_status":"closed","sticky":false,"template":"","format":"standard","meta":{"_acf_changed":false,"footnotes":""},"categories":[236],"tags":[135,198,199,203,202],"class_list":["post-2782","post","type-post","status-publish","format-standard","hentry","category-vard-o-omsorg","tag-bjorn-owe-bjork","tag-kd","tag-region-uppsala","tag-runar-hoglund","tag-tierps-sjukhus"],"acf":[],"yoast_head":"<!-- This site is optimized with the Yoast SEO plugin v27.4 - https:\/\/yoast.com\/product\/yoast-seo-wordpress\/ -->\n<title>Bygg nytt v\u00e5rdcentrum i Tierp nu | Kristdemokraterna | Uppsala<\/title>\n<meta name=\"robots\" content=\"index, follow, max-snippet:-1, max-image-preview:large, max-video-preview:-1\" \/>\n<link rel=\"canonical\" href=\"https:\/\/wp.kristdemokraterna.se\/uppsala\/bygg-nytt-vardcentrum-i-tierp-nu\/\" \/>\n<meta property=\"og:locale\" content=\"sv_SE\" \/>\n<meta property=\"og:type\" content=\"article\" \/>\n<meta property=\"og:title\" content=\"Bygg nytt v\u00e5rdcentrum i Tierp nu | Kristdemokraterna | Uppsala\" \/>\n<meta property=\"og:description\" content=\"Tierps v\u00e5rdcentrum \u00e4r i ett oacceptabelt skick. Byggnaden som \u00e4r fr\u00e5n 1950-talet har fukt- och ventilationsproblem och lokalerna \u00e4r inte anpassade efter verksamheten. \u2013 Patienter och personal ska inte beh\u00f6va v\u00e4nta l\u00e4ngre, nu m\u00e5ste n\u00e5got h\u00e4nda, s\u00e4ger Bj\u00f6rn-Owe Bj\u00f6rk, KD, som kandiderar till nytt regionr\u00e5d. Orsaken till problemen \u00e4r att stora delar av V\u00e5rdcentrum \u00e4r Read More\" \/>\n<meta property=\"og:url\" content=\"https:\/\/wp.kristdemokraterna.se\/uppsala\/bygg-nytt-vardcentrum-i-tierp-nu\/\" \/>\n<meta property=\"og:site_name\" content=\"Kristdemokraterna | Uppsala\" \/>\n<meta property=\"article:publisher\" content=\"https:\/\/www.facebook.com\/UppsalaKD\/\" \/>\n<meta property=\"article:published_time\" content=\"2018-08-19T14:27:22+00:00\" \/>\n<meta property=\"article:modified_time\" content=\"2024-04-03T22:27:50+00:00\" \/>\n<meta property=\"og:image\" content=\"https:\/\/wp.kristdemokraterna.se\/uppsala\/files\/2021\/12\/kom1.png\" \/>\n\t<meta property=\"og:image:width\" content=\"770\" \/>\n\t<meta property=\"og:image:height\" content=\"404\" \/>\n\t<meta property=\"og:image:type\" content=\"image\/png\" \/>\n<meta name=\"author\" content=\"Mimmi Westerlund\" \/>\n<meta name=\"twitter:card\" content=\"summary_large_image\" \/>\n<meta name=\"twitter:label1\" content=\"Skriven av\" \/>\n\t<meta name=\"twitter:data1\" content=\"Mimmi Westerlund\" \/>\n\t<meta name=\"twitter:label2\" content=\"Ber\u00e4knad l\u00e4stid\" \/>\n\t<meta name=\"twitter:data2\" content=\"3 minuter\" \/>\n<script type=\"application\/ld+json\" class=\"yoast-schema-graph\">{\"@context\":\"https:\\\/\\\/schema.org\",\"@graph\":[{\"@type\":\"Article\",\"@id\":\"https:\\\/\\\/wp.kristdemokraterna.se\\\/uppsala\\\/bygg-nytt-vardcentrum-i-tierp-nu\\\/#article\",\"isPartOf\":{\"@id\":\"https:\\\/\\\/wp.kristdemokraterna.se\\\/uppsala\\\/bygg-nytt-vardcentrum-i-tierp-nu\\\/\"},\"author\":{\"name\":\"Mimmi Westerlund\",\"@id\":\"https:\\\/\\\/wp.kristdemokraterna.se\\\/uppsala\\\/#\\\/schema\\\/person\\\/038d805d685fb0ce5ad14ab8711d8e84\"},\"headline\":\"Bygg nytt v\u00e5rdcentrum i Tierp nu\",\"datePublished\":\"2018-08-19T14:27:22+00:00\",\"dateModified\":\"2024-04-03T22:27:50+00:00\",\"mainEntityOfPage\":{\"@id\":\"https:\\\/\\\/wp.kristdemokraterna.se\\\/uppsala\\\/bygg-nytt-vardcentrum-i-tierp-nu\\\/\"},\"wordCount\":563,\"publisher\":{\"@id\":\"https:\\\/\\\/wp.kristdemokraterna.se\\\/uppsala\\\/#organization\"},\"keywords\":[\"Bj\u00f6rn-Owe Bj\u00f6rk\",\"KD\",\"Region Uppsala\",\"Runar H\u00f6glund\",\"Tierps sjukhus\"],\"articleSection\":[\"V\u00e5rd &amp; omsorg\"],\"inLanguage\":\"sv-SE\"},{\"@type\":\"WebPage\",\"@id\":\"https:\\\/\\\/wp.kristdemokraterna.se\\\/uppsala\\\/bygg-nytt-vardcentrum-i-tierp-nu\\\/\",\"url\":\"https:\\\/\\\/wp.kristdemokraterna.se\\\/uppsala\\\/bygg-nytt-vardcentrum-i-tierp-nu\\\/\",\"name\":\"Bygg nytt v\u00e5rdcentrum i Tierp nu | Kristdemokraterna | Uppsala\",\"isPartOf\":{\"@id\":\"https:\\\/\\\/wp.kristdemokraterna.se\\\/uppsala\\\/#website\"},\"datePublished\":\"2018-08-19T14:27:22+00:00\",\"dateModified\":\"2024-04-03T22:27:50+00:00\",\"breadcrumb\":{\"@id\":\"https:\\\/\\\/wp.kristdemokraterna.se\\\/uppsala\\\/bygg-nytt-vardcentrum-i-tierp-nu\\\/#breadcrumb\"},\"inLanguage\":\"sv-SE\",\"potentialAction\":[{\"@type\":\"ReadAction\",\"target\":[\"https:\\\/\\\/wp.kristdemokraterna.se\\\/uppsala\\\/bygg-nytt-vardcentrum-i-tierp-nu\\\/\"]}]},{\"@type\":\"BreadcrumbList\",\"@id\":\"https:\\\/\\\/wp.kristdemokraterna.se\\\/uppsala\\\/bygg-nytt-vardcentrum-i-tierp-nu\\\/#breadcrumb\",\"itemListElement\":[{\"@type\":\"ListItem\",\"position\":1,\"name\":\"Hem\",\"item\":\"https:\\\/\\\/wp.kristdemokraterna.se\\\/uppsala\\\/\"},{\"@type\":\"ListItem\",\"position\":2,\"name\":\"Bygg nytt v\u00e5rdcentrum i Tierp nu\"}]},{\"@type\":\"WebSite\",\"@id\":\"https:\\\/\\\/wp.kristdemokraterna.se\\\/uppsala\\\/#website\",\"url\":\"https:\\\/\\\/wp.kristdemokraterna.se\\\/uppsala\\\/\",\"name\":\"Kristdemokraterna Uppsala\",\"description\":\"Tryggare Uppsala\",\"publisher\":{\"@id\":\"https:\\\/\\\/wp.kristdemokraterna.se\\\/uppsala\\\/#organization\"},\"inLanguage\":\"sv-SE\"},{\"@type\":\"Organization\",\"@id\":\"https:\\\/\\\/wp.kristdemokraterna.se\\\/uppsala\\\/#organization\",\"name\":\"Kristdemokraterna Uppsala\",\"url\":\"https:\\\/\\\/wp.kristdemokraterna.se\\\/uppsala\\\/\",\"logo\":{\"@type\":\"ImageObject\",\"inLanguage\":\"sv-SE\",\"@id\":\"https:\\\/\\\/wp.kristdemokraterna.se\\\/uppsala\\\/#\\\/schema\\\/logo\\\/image\\\/\",\"url\":\"https:\\\/\\\/wp.kristdemokraterna.se\\\/uppsala\\\/files\\\/2019\\\/10\\\/kd-uppsala.png\",\"contentUrl\":\"https:\\\/\\\/wp.kristdemokraterna.se\\\/uppsala\\\/files\\\/2019\\\/10\\\/kd-uppsala.png\",\"width\":804,\"height\":421,\"caption\":\"Kristdemokraterna Uppsala\"},\"image\":{\"@id\":\"https:\\\/\\\/wp.kristdemokraterna.se\\\/uppsala\\\/#\\\/schema\\\/logo\\\/image\\\/\"},\"sameAs\":[\"https:\\\/\\\/www.facebook.com\\\/UppsalaKD\\\/\",\"https:\\\/\\\/www.instagram.com\\\/uppsalakd\\\/\"]},{\"@type\":\"Person\",\"@id\":\"https:\\\/\\\/wp.kristdemokraterna.se\\\/uppsala\\\/#\\\/schema\\\/person\\\/038d805d685fb0ce5ad14ab8711d8e84\",\"name\":\"Mimmi Westerlund\",\"image\":{\"@type\":\"ImageObject\",\"inLanguage\":\"sv-SE\",\"@id\":\"https:\\\/\\\/secure.gravatar.com\\\/avatar\\\/a5697359f709b6b10d9c7e6a7c89f3e054554dedb4657d5ffe9e5bc5b1445841?s=96&r=g\",\"url\":\"https:\\\/\\\/secure.gravatar.com\\\/avatar\\\/a5697359f709b6b10d9c7e6a7c89f3e054554dedb4657d5ffe9e5bc5b1445841?s=96&r=g\",\"contentUrl\":\"https:\\\/\\\/secure.gravatar.com\\\/avatar\\\/a5697359f709b6b10d9c7e6a7c89f3e054554dedb4657d5ffe9e5bc5b1445841?s=96&r=g\",\"caption\":\"Mimmi Westerlund\"},\"url\":\"https:\\\/\\\/wp.kristdemokraterna.se\\\/uppsala\\\/author\\\/mimmi\\\/\"}]}<\/script>\n<!-- \/ Yoast SEO plugin. -->","yoast_head_json":{"title":"Bygg nytt v\u00e5rdcentrum i Tierp nu | Kristdemokraterna | Uppsala","robots":{"index":"index","follow":"follow","max-snippet":"max-snippet:-1","max-image-preview":"max-image-preview:large","max-video-preview":"max-video-preview:-1"},"canonical":"https:\/\/wp.kristdemokraterna.se\/uppsala\/bygg-nytt-vardcentrum-i-tierp-nu\/","og_locale":"sv_SE","og_type":"article","og_title":"Bygg nytt v\u00e5rdcentrum i Tierp nu | Kristdemokraterna | Uppsala","og_description":"Tierps v\u00e5rdcentrum \u00e4r i ett oacceptabelt skick. Byggnaden som \u00e4r fr\u00e5n 1950-talet har fukt- och ventilationsproblem och lokalerna \u00e4r inte anpassade efter verksamheten. \u2013 Patienter och personal ska inte beh\u00f6va v\u00e4nta l\u00e4ngre, nu m\u00e5ste n\u00e5got h\u00e4nda, s\u00e4ger Bj\u00f6rn-Owe Bj\u00f6rk, KD, som kandiderar till nytt regionr\u00e5d. Orsaken till problemen \u00e4r att stora delar av V\u00e5rdcentrum \u00e4r Read More","og_url":"https:\/\/wp.kristdemokraterna.se\/uppsala\/bygg-nytt-vardcentrum-i-tierp-nu\/","og_site_name":"Kristdemokraterna | Uppsala","article_publisher":"https:\/\/www.facebook.com\/UppsalaKD\/","article_published_time":"2018-08-19T14:27:22+00:00","article_modified_time":"2024-04-03T22:27:50+00:00","og_image":[{"width":770,"height":404,"url":"https:\/\/wp.kristdemokraterna.se\/uppsala\/files\/2021\/12\/kom1.png","type":"image\/png"}],"author":"Mimmi Westerlund","twitter_card":"summary_large_image","twitter_misc":{"Skriven av":"Mimmi Westerlund","Ber\u00e4knad l\u00e4stid":"3 minuter"},"schema":{"@context":"https:\/\/schema.org","@graph":[{"@type":"Article","@id":"https:\/\/wp.kristdemokraterna.se\/uppsala\/bygg-nytt-vardcentrum-i-tierp-nu\/#article","isPartOf":{"@id":"https:\/\/wp.kristdemokraterna.se\/uppsala\/bygg-nytt-vardcentrum-i-tierp-nu\/"},"author":{"name":"Mimmi Westerlund","@id":"https:\/\/wp.kristdemokraterna.se\/uppsala\/#\/schema\/person\/038d805d685fb0ce5ad14ab8711d8e84"},"headline":"Bygg nytt v\u00e5rdcentrum i Tierp nu","datePublished":"2018-08-19T14:27:22+00:00","dateModified":"2024-04-03T22:27:50+00:00","mainEntityOfPage":{"@id":"https:\/\/wp.kristdemokraterna.se\/uppsala\/bygg-nytt-vardcentrum-i-tierp-nu\/"},"wordCount":563,"publisher":{"@id":"https:\/\/wp.kristdemokraterna.se\/uppsala\/#organization"},"keywords":["Bj\u00f6rn-Owe Bj\u00f6rk","KD","Region Uppsala","Runar H\u00f6glund","Tierps sjukhus"],"articleSection":["V\u00e5rd &amp; omsorg"],"inLanguage":"sv-SE"},{"@type":"WebPage","@id":"https:\/\/wp.kristdemokraterna.se\/uppsala\/bygg-nytt-vardcentrum-i-tierp-nu\/","url":"https:\/\/wp.kristdemokraterna.se\/uppsala\/bygg-nytt-vardcentrum-i-tierp-nu\/","name":"Bygg nytt v\u00e5rdcentrum i Tierp nu | Kristdemokraterna | Uppsala","isPartOf":{"@id":"https:\/\/wp.kristdemokraterna.se\/uppsala\/#website"},"datePublished":"2018-08-19T14:27:22+00:00","dateModified":"2024-04-03T22:27:50+00:00","breadcrumb":{"@id":"https:\/\/wp.kristdemokraterna.se\/uppsala\/bygg-nytt-vardcentrum-i-tierp-nu\/#breadcrumb"},"inLanguage":"sv-SE","potentialAction":[{"@type":"ReadAction","target":["https:\/\/wp.kristdemokraterna.se\/uppsala\/bygg-nytt-vardcentrum-i-tierp-nu\/"]}]},{"@type":"BreadcrumbList","@id":"https:\/\/wp.kristdemokraterna.se\/uppsala\/bygg-nytt-vardcentrum-i-tierp-nu\/#breadcrumb","itemListElement":[{"@type":"ListItem","position":1,"name":"Hem","item":"https:\/\/wp.kristdemokraterna.se\/uppsala\/"},{"@type":"ListItem","position":2,"name":"Bygg nytt v\u00e5rdcentrum i Tierp nu"}]},{"@type":"WebSite","@id":"https:\/\/wp.kristdemokraterna.se\/uppsala\/#website","url":"https:\/\/wp.kristdemokraterna.se\/uppsala\/","name":"Kristdemokraterna Uppsala","description":"Tryggare Uppsala","publisher":{"@id":"https:\/\/wp.kristdemokraterna.se\/uppsala\/#organization"},"inLanguage":"sv-SE"},{"@type":"Organization","@id":"https:\/\/wp.kristdemokraterna.se\/uppsala\/#organization","name":"Kristdemokraterna Uppsala","url":"https:\/\/wp.kristdemokraterna.se\/uppsala\/","logo":{"@type":"ImageObject","inLanguage":"sv-SE","@id":"https:\/\/wp.kristdemokraterna.se\/uppsala\/#\/schema\/logo\/image\/","url":"https:\/\/wp.kristdemokraterna.se\/uppsala\/files\/2019\/10\/kd-uppsala.png","contentUrl":"https:\/\/wp.kristdemokraterna.se\/uppsala\/files\/2019\/10\/kd-uppsala.png","width":804,"height":421,"caption":"Kristdemokraterna Uppsala"},"image":{"@id":"https:\/\/wp.kristdemokraterna.se\/uppsala\/#\/schema\/logo\/image\/"},"sameAs":["https:\/\/www.facebook.com\/UppsalaKD\/","https:\/\/www.instagram.com\/uppsalakd\/"]},{"@type":"Person","@id":"https:\/\/wp.kristdemokraterna.se\/uppsala\/#\/schema\/person\/038d805d685fb0ce5ad14ab8711d8e84","name":"Mimmi Westerlund","image":{"@type":"ImageObject","inLanguage":"sv-SE","@id":"https:\/\/secure.gravatar.com\/avatar\/a5697359f709b6b10d9c7e6a7c89f3e054554dedb4657d5ffe9e5bc5b1445841?s=96&r=g","url":"https:\/\/secure.gravatar.com\/avatar\/a5697359f709b6b10d9c7e6a7c89f3e054554dedb4657d5ffe9e5bc5b1445841?s=96&r=g","contentUrl":"https:\/\/secure.gravatar.com\/avatar\/a5697359f709b6b10d9c7e6a7c89f3e054554dedb4657d5ffe9e5bc5b1445841?s=96&r=g","caption":"Mimmi Westerlund"},"url":"https:\/\/wp.kristdemokraterna.se\/uppsala\/author\/mimmi\/"}]}},"_links":{"self":[{"href":"https:\/\/wp.kristdemokraterna.se\/uppsala\/wp-json\/wp\/v2\/posts\/2782","targetHints":{"allow":["GET"]}}],"collection":[{"href":"https:\/\/wp.kristdemokraterna.se\/uppsala\/wp-json\/wp\/v2\/posts"}],"about":[{"href":"https:\/\/wp.kristdemokraterna.se\/uppsala\/wp-json\/wp\/v2\/types\/post"}],"author":[{"embeddable":true,"href":"https:\/\/wp.kristdemokraterna.se\/uppsala\/wp-json\/wp\/v2\/users\/702"}],"replies":[{"embeddable":true,"href":"https:\/\/wp.kristdemokraterna.se\/uppsala\/wp-json\/wp\/v2\/comments?post=2782"}],"version-history":[{"count":14,"href":"https:\/\/wp.kristdemokraterna.se\/uppsala\/wp-json\/wp\/v2\/posts\/2782\/revisions"}],"predecessor-version":[{"id":2803,"href":"https:\/\/wp.kristdemokraterna.se\/uppsala\/wp-json\/wp\/v2\/posts\/2782\/revisions\/2803"}],"wp:attachment":[{"href":"https:\/\/wp.kristdemokraterna.se\/uppsala\/wp-json\/wp\/v2\/media?parent=2782"}],"wp:term":[{"taxonomy":"category","embeddable":true,"href":"https:\/\/wp.kristdemokraterna.se\/uppsala\/wp-json\/wp\/v2\/categories?post=2782"},{"taxonomy":"post_tag","embeddable":true,"href":"https:\/\/wp.kristdemokraterna.se\/uppsala\/wp-json\/wp\/v2\/tags?post=2782"}],"curies":[{"name":"wp","href":"https:\/\/api.w.org\/{rel}","templated":true}]}}