{"id":2804,"date":"2018-08-23T19:06:46","date_gmt":"2018-08-23T17:06:46","guid":{"rendered":"http:\/\/wp.kristdemokraterna.se\/uppsala\/?p=2804"},"modified":"2024-04-04T00:27:43","modified_gmt":"2024-04-03T22:27:43","slug":"vardkoerna-maste-minska","status":"publish","type":"post","link":"https:\/\/wp.kristdemokraterna.se\/uppsala\/vardkoerna-maste-minska\/","title":{"rendered":"V\u00e5rdk\u00f6erna m\u00e5ste minska"},"content":{"rendered":"<p><strong>P\u00e5 Akademiska sjukhuset har v\u00e4ntetiderna f\u00f6r specialistv\u00e5rd tredubblats under de senaste fyra \u00e5ren.<\/strong><br \/>\n<strong>\u2013 Det \u00e4r en helt oacceptabel utveckling som vi i KD kommer att g\u00f6ra allt f\u00f6r att stoppa om vi och alliansen f\u00e5r ta ledningen i regionen efter valet.<\/strong><\/p>\n<p>Det s\u00e4ger Bj\u00f6rn-Owe Bj\u00f6rk som kandiderar till nytt regionr\u00e5d i Uppsala f\u00f6r Kristdemokraterna.<\/p>\n<p>P\u00e5 Akademiska sjukhuset h\u00e5lls \u00f6ver hundra v\u00e5rdplatser periodvis st\u00e4ngda p\u00e5 grund av sjuksk\u00f6terskebrist. En av de avdelningar som drabbats h\u00e5rt \u00e4r akutintaget, d\u00e4r 40 procent av den befintliga personalstyrkan s\u00f6kte sig till andra tj\u00e4nster under f\u00f6rra \u00e5ret.<\/p>\n<p>Nu vill Bj\u00f6rn-Owe Bj\u00f6rk \u00e4ndra p\u00e5 detta:<\/p>\n<p>\u2013 F\u00e5r vi vara med och best\u00e4mma efter valet s\u00e5 ska vi se till att \u00f6ppna de st\u00e4ngda v\u00e5rdplatserna. Jag t\u00e4nker ocks\u00e5 jobba f\u00f6r att korta v\u00e5rdk\u00f6erna, s\u00e4ger han.<\/p>\n<h2>De r\u00f6dgr\u00f6na har inte agerat<\/h2>\n<p>Det r\u00f6dgr\u00f6na styret i Region Uppsala liksom i riket har inte tagit tag i problemet tag i problemen p\u00e5 ett effektivt s\u00e4tt, anser han.<\/p>\n<p>\u2013 P\u00e5 kort sikt s\u00e5 beh\u00f6ver vi \u00f6ppna de st\u00e4ngda v\u00e5rdplatserna. Men f\u00f6r att lyckas med det kr\u00e4vs att regionen kan rekrytera och beh\u00e5lla personal.<\/p>\n<p>\u2013 H\u00e4r beh\u00f6ver Region Uppsala bli en avsev\u00e4rt b\u00e4ttre arbetsgivare och erbjuda en b\u00e4ttre l\u00f6n och ge de anst\u00e4llda en \u00f6kad m\u00f6jlighet att p\u00e5verka sin arbetstid, s\u00e4ger Bj\u00f6rn-Owe Bj\u00f6rk.<\/p>\n<h2>Saknar tillr\u00e4cklig erfarenhet<\/h2>\n<p>En f\u00f6rklaring till sjukv\u00e5rdskrisen \u00e4r dagens organisation med 21 landsting. Det medf\u00f6r att v\u00e5rdpersonal som utf\u00f6r behandlingar inte f\u00e5r g\u00f6ra\u00a0det tillr\u00e4ckligt ofta f\u00f6r att utveckla sina kunskaper i olika specialistomr\u00e5den, menar Bj\u00f6rn-Owe Bj\u00f6rk .<\/p>\n<p>Kristdemokraterna vill l\u00e4gga ned landstingen och f\u00f6rstatliga sjukv\u00e5rden.<\/p>\n<p>\u2013 Vi vill g\u00f6ra det eftersom den medicinska kvaliteten och resultatet skiljer sig \u00e5t beroende p\u00e5 var i landet patienten bor. Det ger inte en j\u00e4mlik v\u00e5rd vilket vi anser att alla har r\u00e4tt till.<\/p>\n","protected":false},"excerpt":{"rendered":"<p>P\u00e5 Akademiska sjukhuset har v\u00e4ntetiderna f\u00f6r specialistv\u00e5rd tredubblats under de senaste fyra \u00e5ren. \u2013 Det \u00e4r en helt oacceptabel utveckling som vi i KD kommer att g\u00f6ra allt f\u00f6r att stoppa om vi och alliansen f\u00e5r ta ledningen i regionen efter valet. Det s\u00e4ger Bj\u00f6rn-Owe Bj\u00f6rk som kandiderar till nytt regionr\u00e5d i Uppsala f\u00f6r Kristdemokraterna. <a class=\"read-more-link\" href=\"https:\/\/wp.kristdemokraterna.se\/uppsala\/vardkoerna-maste-minska\/\">Read More<\/a><\/p>\n","protected":false},"author":702,"featured_media":0,"comment_status":"closed","ping_status":"closed","sticky":false,"template":"","format":"standard","meta":{"_acf_changed":false,"footnotes":""},"categories":[236],"tags":[67,135,198,199,204],"class_list":["post-2804","post","type-post","status-publish","format-standard","hentry","category-vard-o-omsorg","tag-akademiska-sjukhuset","tag-bjorn-owe-bjork","tag-kd","tag-region-uppsala","tag-vardkoer"],"acf":[],"yoast_head":"<!-- This site is optimized with the Yoast SEO plugin v27.4 - https:\/\/yoast.com\/product\/yoast-seo-wordpress\/ -->\n<title>V\u00e5rdk\u00f6erna m\u00e5ste minska | Kristdemokraterna | Uppsala<\/title>\n<meta name=\"robots\" content=\"index, follow, max-snippet:-1, max-image-preview:large, max-video-preview:-1\" \/>\n<link rel=\"canonical\" href=\"https:\/\/wp.kristdemokraterna.se\/uppsala\/vardkoerna-maste-minska\/\" \/>\n<meta property=\"og:locale\" content=\"sv_SE\" \/>\n<meta property=\"og:type\" content=\"article\" \/>\n<meta property=\"og:title\" content=\"V\u00e5rdk\u00f6erna m\u00e5ste minska | Kristdemokraterna | Uppsala\" \/>\n<meta property=\"og:description\" content=\"P\u00e5 Akademiska sjukhuset har v\u00e4ntetiderna f\u00f6r specialistv\u00e5rd tredubblats under de senaste fyra \u00e5ren. \u2013 Det \u00e4r en helt oacceptabel utveckling som vi i KD kommer att g\u00f6ra allt f\u00f6r att stoppa om vi och alliansen f\u00e5r ta ledningen i regionen efter valet. Det s\u00e4ger Bj\u00f6rn-Owe Bj\u00f6rk som kandiderar till nytt regionr\u00e5d i Uppsala f\u00f6r Kristdemokraterna. Read More\" \/>\n<meta property=\"og:url\" content=\"https:\/\/wp.kristdemokraterna.se\/uppsala\/vardkoerna-maste-minska\/\" \/>\n<meta property=\"og:site_name\" content=\"Kristdemokraterna | Uppsala\" \/>\n<meta property=\"article:publisher\" content=\"https:\/\/www.facebook.com\/UppsalaKD\/\" \/>\n<meta property=\"article:published_time\" content=\"2018-08-23T17:06:46+00:00\" \/>\n<meta property=\"article:modified_time\" content=\"2024-04-03T22:27:43+00:00\" \/>\n<meta property=\"og:image\" content=\"https:\/\/wp.kristdemokraterna.se\/uppsala\/files\/2021\/12\/kom1.png\" \/>\n\t<meta property=\"og:image:width\" content=\"770\" \/>\n\t<meta property=\"og:image:height\" content=\"404\" \/>\n\t<meta property=\"og:image:type\" content=\"image\/png\" \/>\n<meta name=\"author\" content=\"Mimmi Westerlund\" \/>\n<meta name=\"twitter:card\" content=\"summary_large_image\" \/>\n<meta name=\"twitter:label1\" content=\"Skriven av\" \/>\n\t<meta name=\"twitter:data1\" content=\"Mimmi Westerlund\" \/>\n\t<meta name=\"twitter:label2\" content=\"Ber\u00e4knad l\u00e4stid\" \/>\n\t<meta name=\"twitter:data2\" content=\"2 minuter\" \/>\n<script type=\"application\/ld+json\" class=\"yoast-schema-graph\">{\"@context\":\"https:\\\/\\\/schema.org\",\"@graph\":[{\"@type\":\"Article\",\"@id\":\"https:\\\/\\\/wp.kristdemokraterna.se\\\/uppsala\\\/vardkoerna-maste-minska\\\/#article\",\"isPartOf\":{\"@id\":\"https:\\\/\\\/wp.kristdemokraterna.se\\\/uppsala\\\/vardkoerna-maste-minska\\\/\"},\"author\":{\"name\":\"Mimmi Westerlund\",\"@id\":\"https:\\\/\\\/wp.kristdemokraterna.se\\\/uppsala\\\/#\\\/schema\\\/person\\\/038d805d685fb0ce5ad14ab8711d8e84\"},\"headline\":\"V\u00e5rdk\u00f6erna m\u00e5ste minska\",\"datePublished\":\"2018-08-23T17:06:46+00:00\",\"dateModified\":\"2024-04-03T22:27:43+00:00\",\"mainEntityOfPage\":{\"@id\":\"https:\\\/\\\/wp.kristdemokraterna.se\\\/uppsala\\\/vardkoerna-maste-minska\\\/\"},\"wordCount\":364,\"publisher\":{\"@id\":\"https:\\\/\\\/wp.kristdemokraterna.se\\\/uppsala\\\/#organization\"},\"keywords\":[\"Akademiska sjukhuset\",\"Bj\u00f6rn-Owe Bj\u00f6rk\",\"KD\",\"Region Uppsala\",\"v\u00e5rdk\u00f6er\"],\"articleSection\":[\"V\u00e5rd &amp; omsorg\"],\"inLanguage\":\"sv-SE\"},{\"@type\":\"WebPage\",\"@id\":\"https:\\\/\\\/wp.kristdemokraterna.se\\\/uppsala\\\/vardkoerna-maste-minska\\\/\",\"url\":\"https:\\\/\\\/wp.kristdemokraterna.se\\\/uppsala\\\/vardkoerna-maste-minska\\\/\",\"name\":\"V\u00e5rdk\u00f6erna m\u00e5ste minska | Kristdemokraterna | Uppsala\",\"isPartOf\":{\"@id\":\"https:\\\/\\\/wp.kristdemokraterna.se\\\/uppsala\\\/#website\"},\"datePublished\":\"2018-08-23T17:06:46+00:00\",\"dateModified\":\"2024-04-03T22:27:43+00:00\",\"breadcrumb\":{\"@id\":\"https:\\\/\\\/wp.kristdemokraterna.se\\\/uppsala\\\/vardkoerna-maste-minska\\\/#breadcrumb\"},\"inLanguage\":\"sv-SE\",\"potentialAction\":[{\"@type\":\"ReadAction\",\"target\":[\"https:\\\/\\\/wp.kristdemokraterna.se\\\/uppsala\\\/vardkoerna-maste-minska\\\/\"]}]},{\"@type\":\"BreadcrumbList\",\"@id\":\"https:\\\/\\\/wp.kristdemokraterna.se\\\/uppsala\\\/vardkoerna-maste-minska\\\/#breadcrumb\",\"itemListElement\":[{\"@type\":\"ListItem\",\"position\":1,\"name\":\"Hem\",\"item\":\"https:\\\/\\\/wp.kristdemokraterna.se\\\/uppsala\\\/\"},{\"@type\":\"ListItem\",\"position\":2,\"name\":\"V\u00e5rdk\u00f6erna m\u00e5ste minska\"}]},{\"@type\":\"WebSite\",\"@id\":\"https:\\\/\\\/wp.kristdemokraterna.se\\\/uppsala\\\/#website\",\"url\":\"https:\\\/\\\/wp.kristdemokraterna.se\\\/uppsala\\\/\",\"name\":\"Kristdemokraterna Uppsala\",\"description\":\"Tryggare Uppsala\",\"publisher\":{\"@id\":\"https:\\\/\\\/wp.kristdemokraterna.se\\\/uppsala\\\/#organization\"},\"inLanguage\":\"sv-SE\"},{\"@type\":\"Organization\",\"@id\":\"https:\\\/\\\/wp.kristdemokraterna.se\\\/uppsala\\\/#organization\",\"name\":\"Kristdemokraterna Uppsala\",\"url\":\"https:\\\/\\\/wp.kristdemokraterna.se\\\/uppsala\\\/\",\"logo\":{\"@type\":\"ImageObject\",\"inLanguage\":\"sv-SE\",\"@id\":\"https:\\\/\\\/wp.kristdemokraterna.se\\\/uppsala\\\/#\\\/schema\\\/logo\\\/image\\\/\",\"url\":\"https:\\\/\\\/wp.kristdemokraterna.se\\\/uppsala\\\/files\\\/2019\\\/10\\\/kd-uppsala.png\",\"contentUrl\":\"https:\\\/\\\/wp.kristdemokraterna.se\\\/uppsala\\\/files\\\/2019\\\/10\\\/kd-uppsala.png\",\"width\":804,\"height\":421,\"caption\":\"Kristdemokraterna Uppsala\"},\"image\":{\"@id\":\"https:\\\/\\\/wp.kristdemokraterna.se\\\/uppsala\\\/#\\\/schema\\\/logo\\\/image\\\/\"},\"sameAs\":[\"https:\\\/\\\/www.facebook.com\\\/UppsalaKD\\\/\",\"https:\\\/\\\/www.instagram.com\\\/uppsalakd\\\/\"]},{\"@type\":\"Person\",\"@id\":\"https:\\\/\\\/wp.kristdemokraterna.se\\\/uppsala\\\/#\\\/schema\\\/person\\\/038d805d685fb0ce5ad14ab8711d8e84\",\"name\":\"Mimmi Westerlund\",\"image\":{\"@type\":\"ImageObject\",\"inLanguage\":\"sv-SE\",\"@id\":\"https:\\\/\\\/secure.gravatar.com\\\/avatar\\\/a5697359f709b6b10d9c7e6a7c89f3e054554dedb4657d5ffe9e5bc5b1445841?s=96&r=g\",\"url\":\"https:\\\/\\\/secure.gravatar.com\\\/avatar\\\/a5697359f709b6b10d9c7e6a7c89f3e054554dedb4657d5ffe9e5bc5b1445841?s=96&r=g\",\"contentUrl\":\"https:\\\/\\\/secure.gravatar.com\\\/avatar\\\/a5697359f709b6b10d9c7e6a7c89f3e054554dedb4657d5ffe9e5bc5b1445841?s=96&r=g\",\"caption\":\"Mimmi Westerlund\"},\"url\":\"https:\\\/\\\/wp.kristdemokraterna.se\\\/uppsala\\\/author\\\/mimmi\\\/\"}]}<\/script>\n<!-- \/ Yoast SEO plugin. -->","yoast_head_json":{"title":"V\u00e5rdk\u00f6erna m\u00e5ste minska | Kristdemokraterna | Uppsala","robots":{"index":"index","follow":"follow","max-snippet":"max-snippet:-1","max-image-preview":"max-image-preview:large","max-video-preview":"max-video-preview:-1"},"canonical":"https:\/\/wp.kristdemokraterna.se\/uppsala\/vardkoerna-maste-minska\/","og_locale":"sv_SE","og_type":"article","og_title":"V\u00e5rdk\u00f6erna m\u00e5ste minska | Kristdemokraterna | Uppsala","og_description":"P\u00e5 Akademiska sjukhuset har v\u00e4ntetiderna f\u00f6r specialistv\u00e5rd tredubblats under de senaste fyra \u00e5ren. \u2013 Det \u00e4r en helt oacceptabel utveckling som vi i KD kommer att g\u00f6ra allt f\u00f6r att stoppa om vi och alliansen f\u00e5r ta ledningen i regionen efter valet. Det s\u00e4ger Bj\u00f6rn-Owe Bj\u00f6rk som kandiderar till nytt regionr\u00e5d i Uppsala f\u00f6r Kristdemokraterna. Read More","og_url":"https:\/\/wp.kristdemokraterna.se\/uppsala\/vardkoerna-maste-minska\/","og_site_name":"Kristdemokraterna | Uppsala","article_publisher":"https:\/\/www.facebook.com\/UppsalaKD\/","article_published_time":"2018-08-23T17:06:46+00:00","article_modified_time":"2024-04-03T22:27:43+00:00","og_image":[{"width":770,"height":404,"url":"https:\/\/wp.kristdemokraterna.se\/uppsala\/files\/2021\/12\/kom1.png","type":"image\/png"}],"author":"Mimmi Westerlund","twitter_card":"summary_large_image","twitter_misc":{"Skriven av":"Mimmi Westerlund","Ber\u00e4knad l\u00e4stid":"2 minuter"},"schema":{"@context":"https:\/\/schema.org","@graph":[{"@type":"Article","@id":"https:\/\/wp.kristdemokraterna.se\/uppsala\/vardkoerna-maste-minska\/#article","isPartOf":{"@id":"https:\/\/wp.kristdemokraterna.se\/uppsala\/vardkoerna-maste-minska\/"},"author":{"name":"Mimmi Westerlund","@id":"https:\/\/wp.kristdemokraterna.se\/uppsala\/#\/schema\/person\/038d805d685fb0ce5ad14ab8711d8e84"},"headline":"V\u00e5rdk\u00f6erna m\u00e5ste minska","datePublished":"2018-08-23T17:06:46+00:00","dateModified":"2024-04-03T22:27:43+00:00","mainEntityOfPage":{"@id":"https:\/\/wp.kristdemokraterna.se\/uppsala\/vardkoerna-maste-minska\/"},"wordCount":364,"publisher":{"@id":"https:\/\/wp.kristdemokraterna.se\/uppsala\/#organization"},"keywords":["Akademiska sjukhuset","Bj\u00f6rn-Owe Bj\u00f6rk","KD","Region Uppsala","v\u00e5rdk\u00f6er"],"articleSection":["V\u00e5rd &amp; omsorg"],"inLanguage":"sv-SE"},{"@type":"WebPage","@id":"https:\/\/wp.kristdemokraterna.se\/uppsala\/vardkoerna-maste-minska\/","url":"https:\/\/wp.kristdemokraterna.se\/uppsala\/vardkoerna-maste-minska\/","name":"V\u00e5rdk\u00f6erna m\u00e5ste minska | Kristdemokraterna | Uppsala","isPartOf":{"@id":"https:\/\/wp.kristdemokraterna.se\/uppsala\/#website"},"datePublished":"2018-08-23T17:06:46+00:00","dateModified":"2024-04-03T22:27:43+00:00","breadcrumb":{"@id":"https:\/\/wp.kristdemokraterna.se\/uppsala\/vardkoerna-maste-minska\/#breadcrumb"},"inLanguage":"sv-SE","potentialAction":[{"@type":"ReadAction","target":["https:\/\/wp.kristdemokraterna.se\/uppsala\/vardkoerna-maste-minska\/"]}]},{"@type":"BreadcrumbList","@id":"https:\/\/wp.kristdemokraterna.se\/uppsala\/vardkoerna-maste-minska\/#breadcrumb","itemListElement":[{"@type":"ListItem","position":1,"name":"Hem","item":"https:\/\/wp.kristdemokraterna.se\/uppsala\/"},{"@type":"ListItem","position":2,"name":"V\u00e5rdk\u00f6erna m\u00e5ste minska"}]},{"@type":"WebSite","@id":"https:\/\/wp.kristdemokraterna.se\/uppsala\/#website","url":"https:\/\/wp.kristdemokraterna.se\/uppsala\/","name":"Kristdemokraterna Uppsala","description":"Tryggare Uppsala","publisher":{"@id":"https:\/\/wp.kristdemokraterna.se\/uppsala\/#organization"},"inLanguage":"sv-SE"},{"@type":"Organization","@id":"https:\/\/wp.kristdemokraterna.se\/uppsala\/#organization","name":"Kristdemokraterna Uppsala","url":"https:\/\/wp.kristdemokraterna.se\/uppsala\/","logo":{"@type":"ImageObject","inLanguage":"sv-SE","@id":"https:\/\/wp.kristdemokraterna.se\/uppsala\/#\/schema\/logo\/image\/","url":"https:\/\/wp.kristdemokraterna.se\/uppsala\/files\/2019\/10\/kd-uppsala.png","contentUrl":"https:\/\/wp.kristdemokraterna.se\/uppsala\/files\/2019\/10\/kd-uppsala.png","width":804,"height":421,"caption":"Kristdemokraterna Uppsala"},"image":{"@id":"https:\/\/wp.kristdemokraterna.se\/uppsala\/#\/schema\/logo\/image\/"},"sameAs":["https:\/\/www.facebook.com\/UppsalaKD\/","https:\/\/www.instagram.com\/uppsalakd\/"]},{"@type":"Person","@id":"https:\/\/wp.kristdemokraterna.se\/uppsala\/#\/schema\/person\/038d805d685fb0ce5ad14ab8711d8e84","name":"Mimmi Westerlund","image":{"@type":"ImageObject","inLanguage":"sv-SE","@id":"https:\/\/secure.gravatar.com\/avatar\/a5697359f709b6b10d9c7e6a7c89f3e054554dedb4657d5ffe9e5bc5b1445841?s=96&r=g","url":"https:\/\/secure.gravatar.com\/avatar\/a5697359f709b6b10d9c7e6a7c89f3e054554dedb4657d5ffe9e5bc5b1445841?s=96&r=g","contentUrl":"https:\/\/secure.gravatar.com\/avatar\/a5697359f709b6b10d9c7e6a7c89f3e054554dedb4657d5ffe9e5bc5b1445841?s=96&r=g","caption":"Mimmi Westerlund"},"url":"https:\/\/wp.kristdemokraterna.se\/uppsala\/author\/mimmi\/"}]}},"_links":{"self":[{"href":"https:\/\/wp.kristdemokraterna.se\/uppsala\/wp-json\/wp\/v2\/posts\/2804","targetHints":{"allow":["GET"]}}],"collection":[{"href":"https:\/\/wp.kristdemokraterna.se\/uppsala\/wp-json\/wp\/v2\/posts"}],"about":[{"href":"https:\/\/wp.kristdemokraterna.se\/uppsala\/wp-json\/wp\/v2\/types\/post"}],"author":[{"embeddable":true,"href":"https:\/\/wp.kristdemokraterna.se\/uppsala\/wp-json\/wp\/v2\/users\/702"}],"replies":[{"embeddable":true,"href":"https:\/\/wp.kristdemokraterna.se\/uppsala\/wp-json\/wp\/v2\/comments?post=2804"}],"version-history":[{"count":11,"href":"https:\/\/wp.kristdemokraterna.se\/uppsala\/wp-json\/wp\/v2\/posts\/2804\/revisions"}],"predecessor-version":[{"id":2817,"href":"https:\/\/wp.kristdemokraterna.se\/uppsala\/wp-json\/wp\/v2\/posts\/2804\/revisions\/2817"}],"wp:attachment":[{"href":"https:\/\/wp.kristdemokraterna.se\/uppsala\/wp-json\/wp\/v2\/media?parent=2804"}],"wp:term":[{"taxonomy":"category","embeddable":true,"href":"https:\/\/wp.kristdemokraterna.se\/uppsala\/wp-json\/wp\/v2\/categories?post=2804"},{"taxonomy":"post_tag","embeddable":true,"href":"https:\/\/wp.kristdemokraterna.se\/uppsala\/wp-json\/wp\/v2\/tags?post=2804"}],"curies":[{"name":"wp","href":"https:\/\/api.w.org\/{rel}","templated":true}]}}