{"id":2841,"date":"2018-09-02T22:58:09","date_gmt":"2018-09-02T20:58:09","guid":{"rendered":"http:\/\/wp.kristdemokraterna.se\/uppsala\/?p=2841"},"modified":"2024-04-07T17:30:37","modified_gmt":"2024-04-07T15:30:37","slug":"kds-forslag-kortar-koerna-till-bup","status":"publish","type":"post","link":"https:\/\/wp.kristdemokraterna.se\/uppsala\/kds-forslag-kortar-koerna-till-bup\/","title":{"rendered":"KD:s f\u00f6rslag kortar k\u00f6erna till BUP"},"content":{"rendered":"<p><strong>Den psykiska oh\u00e4lsan \u00f6kar bland barn och unga i Uppsala l\u00e4n.\u00a0Samtidigt som fler m\u00e5r d\u00e5ligt och \u00e4r i behov av v\u00e5rd sviker sjukv\u00e5rden.<\/strong><br \/>\n<strong>\u2013 Till skillnad fr\u00e5n det r\u00f6dgr\u00f6na styret s\u00e5 vill vi \u00e5tg\u00e4rda problemen och har konkreta f\u00f6rslag, s\u00e4ger Bj\u00f6rn-Owe Bj\u00f6rk, regionetta f\u00f6r KD.<\/strong><\/p>\n<p>Den \u00f6kning av psykisk oh\u00e4lsa som skett bland ungdomar har f\u00f6rt med sig att fler beh\u00f6ver psykiatrisk v\u00e5rd. V\u00e4ntetiderna har dessutom \u00f6kat och endast tv\u00e5 procent av de unga har f\u00e5tt komma p\u00e5 bes\u00f6k p\u00e5 barn- och ungdomspsykiatrin inom 30 dagar.<\/p>\n<p>Bj\u00f6rn-Owe Bj\u00f6rk vill ge v\u00e5rdcentralerna ett uppdrag att arbeta med de ungdomar som har mindre allvarliga problem f\u00f6r att avlasta barn- och ungdomspsykiatrin. P\u00e5 s\u00e5 s\u00e4tt s\u00e5 kan de som \u00e4r i behov av specialistv\u00e5rd f\u00e5 det i tid.<\/p>\n<p>\u2013\u00a0 Vi kristdemokrater vill utveckla v\u00e5rdkedjan elevh\u00e4lsa-v\u00e5rdcentral-BUP. Det inneb\u00e4r att elevh\u00e4lsan kan fokusera p\u00e5 h\u00e4lsofr\u00e4mjande \u00e5tg\u00e4rder och f\u00f6rebygga psykisk oh\u00e4lsa hos barn och ungdomar och v\u00e5rdcentralerna kan bist\u00e5 dem vars problem \u00e4r m\u00e5ttliga, s\u00e4ger Bj\u00f6rn-Owe Bj\u00f6rk.<\/p>\n<p>\u2013\u00a0 BUP kan d\u00e5 ocks\u00e5 vara navet f\u00f6r specialistv\u00e5rd f\u00f6r barn och unga som det \u00e4r t\u00e4nkt. Det \u00f6kar deras m\u00f6jlighet att g\u00f6ra ett bra jobb, s\u00e4ger han.<\/p>\n<h2>Regionen ska ta \u00f6ver skolans utredningar<\/h2>\n<p>F\u00f6r att ytterligare motverka problematiken med en \u00f6kad psykisk oh\u00e4lsa bland unga s\u00e5 vill KD att basutredningar f\u00f6r de som sen ska remitteras till specialistv\u00e5rd s\u00e5som BUP, ska genomf\u00f6ras av v\u00e5rdcentralerna snarare \u00e4n elevh\u00e4lsan och skolan.<\/p>\n<p><b>\u2013\u00a0<\/b>Vi vill avlasta skolornas elevh\u00e4lsa. Elevh\u00e4lsans uppdrag ska vara att st\u00f6dja barn och ungdomar ur ett h\u00e4lsofr\u00e4mjande och f\u00f6rebyggande perspektiv och ge ungdomar \u201dverktyg\u201d f\u00f6r att m\u00e5 b\u00e4ttre. Det \u00e4r viktigt att de f\u00e5r fokusera p\u00e5 denna viktiga uppgift utan att annat kommer emellan, s\u00e4ger Bj\u00f6rn-Owe Bj\u00f6rk och avslutar:<\/p>\n<p>\u2013\u00a0 V\u00e5ra f\u00f6rslag syftar till att ungdomarna f\u00e5r hj\u00e4lp i tid och kommer ocks\u00e5 ha effekten att k\u00f6erna till BUP minskar.<\/p>\n","protected":false},"excerpt":{"rendered":"<p>Den psykiska oh\u00e4lsan \u00f6kar bland barn och unga i Uppsala l\u00e4n.\u00a0Samtidigt som fler m\u00e5r d\u00e5ligt och \u00e4r i behov av v\u00e5rd sviker sjukv\u00e5rden. \u2013 Till skillnad fr\u00e5n det r\u00f6dgr\u00f6na styret s\u00e5 vill vi \u00e5tg\u00e4rda problemen och har konkreta f\u00f6rslag, s\u00e4ger Bj\u00f6rn-Owe Bj\u00f6rk, regionetta f\u00f6r KD. Den \u00f6kning av psykisk oh\u00e4lsa som skett bland ungdomar har <a class=\"read-more-link\" href=\"https:\/\/wp.kristdemokraterna.se\/uppsala\/kds-forslag-kortar-koerna-till-bup\/\">Read More<\/a><\/p>\n","protected":false},"author":702,"featured_media":0,"comment_status":"closed","ping_status":"closed","sticky":false,"template":"","format":"standard","meta":{"_acf_changed":false,"footnotes":""},"categories":[236],"tags":[8,135,206,198,199],"class_list":["post-2841","post","type-post","status-publish","format-standard","hentry","category-vard-o-omsorg","tag-barn-och-unga","tag-bjorn-owe-bjork","tag-bup","tag-kd","tag-region-uppsala"],"acf":[],"yoast_head":"<!-- This site is optimized with the Yoast SEO plugin v27.4 - https:\/\/yoast.com\/product\/yoast-seo-wordpress\/ -->\n<title>KD:s f\u00f6rslag kortar k\u00f6erna till BUP | Kristdemokraterna | Uppsala<\/title>\n<meta name=\"robots\" content=\"index, follow, max-snippet:-1, max-image-preview:large, max-video-preview:-1\" \/>\n<link rel=\"canonical\" href=\"https:\/\/wp.kristdemokraterna.se\/uppsala\/kds-forslag-kortar-koerna-till-bup\/\" \/>\n<meta property=\"og:locale\" content=\"sv_SE\" \/>\n<meta property=\"og:type\" content=\"article\" \/>\n<meta property=\"og:title\" content=\"KD:s f\u00f6rslag kortar k\u00f6erna till BUP | Kristdemokraterna | Uppsala\" \/>\n<meta property=\"og:description\" content=\"Den psykiska oh\u00e4lsan \u00f6kar bland barn och unga i Uppsala l\u00e4n.\u00a0Samtidigt som fler m\u00e5r d\u00e5ligt och \u00e4r i behov av v\u00e5rd sviker sjukv\u00e5rden. \u2013 Till skillnad fr\u00e5n det r\u00f6dgr\u00f6na styret s\u00e5 vill vi \u00e5tg\u00e4rda problemen och har konkreta f\u00f6rslag, s\u00e4ger Bj\u00f6rn-Owe Bj\u00f6rk, regionetta f\u00f6r KD. Den \u00f6kning av psykisk oh\u00e4lsa som skett bland ungdomar har Read More\" \/>\n<meta property=\"og:url\" content=\"https:\/\/wp.kristdemokraterna.se\/uppsala\/kds-forslag-kortar-koerna-till-bup\/\" \/>\n<meta property=\"og:site_name\" content=\"Kristdemokraterna | Uppsala\" \/>\n<meta property=\"article:publisher\" content=\"https:\/\/www.facebook.com\/UppsalaKD\/\" \/>\n<meta property=\"article:published_time\" content=\"2018-09-02T20:58:09+00:00\" \/>\n<meta property=\"article:modified_time\" content=\"2024-04-07T15:30:37+00:00\" \/>\n<meta property=\"og:image\" content=\"https:\/\/wp.kristdemokraterna.se\/uppsala\/files\/2021\/12\/kom1.png\" \/>\n\t<meta property=\"og:image:width\" content=\"770\" \/>\n\t<meta property=\"og:image:height\" content=\"404\" \/>\n\t<meta property=\"og:image:type\" content=\"image\/png\" \/>\n<meta name=\"author\" content=\"Mimmi Westerlund\" \/>\n<meta name=\"twitter:card\" content=\"summary_large_image\" \/>\n<meta name=\"twitter:label1\" content=\"Skriven av\" \/>\n\t<meta name=\"twitter:data1\" content=\"Mimmi Westerlund\" \/>\n\t<meta name=\"twitter:label2\" content=\"Ber\u00e4knad l\u00e4stid\" \/>\n\t<meta name=\"twitter:data2\" content=\"2 minuter\" \/>\n<script type=\"application\/ld+json\" class=\"yoast-schema-graph\">{\"@context\":\"https:\\\/\\\/schema.org\",\"@graph\":[{\"@type\":\"Article\",\"@id\":\"https:\\\/\\\/wp.kristdemokraterna.se\\\/uppsala\\\/kds-forslag-kortar-koerna-till-bup\\\/#article\",\"isPartOf\":{\"@id\":\"https:\\\/\\\/wp.kristdemokraterna.se\\\/uppsala\\\/kds-forslag-kortar-koerna-till-bup\\\/\"},\"author\":{\"name\":\"Mimmi Westerlund\",\"@id\":\"https:\\\/\\\/wp.kristdemokraterna.se\\\/uppsala\\\/#\\\/schema\\\/person\\\/038d805d685fb0ce5ad14ab8711d8e84\"},\"headline\":\"KD:s f\u00f6rslag kortar k\u00f6erna till BUP\",\"datePublished\":\"2018-09-02T20:58:09+00:00\",\"dateModified\":\"2024-04-07T15:30:37+00:00\",\"mainEntityOfPage\":{\"@id\":\"https:\\\/\\\/wp.kristdemokraterna.se\\\/uppsala\\\/kds-forslag-kortar-koerna-till-bup\\\/\"},\"wordCount\":381,\"publisher\":{\"@id\":\"https:\\\/\\\/wp.kristdemokraterna.se\\\/uppsala\\\/#organization\"},\"keywords\":[\"Barn och unga\",\"Bj\u00f6rn-Owe Bj\u00f6rk\",\"BUP\",\"KD\",\"Region Uppsala\"],\"articleSection\":[\"V\u00e5rd &amp; omsorg\"],\"inLanguage\":\"sv-SE\"},{\"@type\":\"WebPage\",\"@id\":\"https:\\\/\\\/wp.kristdemokraterna.se\\\/uppsala\\\/kds-forslag-kortar-koerna-till-bup\\\/\",\"url\":\"https:\\\/\\\/wp.kristdemokraterna.se\\\/uppsala\\\/kds-forslag-kortar-koerna-till-bup\\\/\",\"name\":\"KD:s f\u00f6rslag kortar k\u00f6erna till BUP | Kristdemokraterna | Uppsala\",\"isPartOf\":{\"@id\":\"https:\\\/\\\/wp.kristdemokraterna.se\\\/uppsala\\\/#website\"},\"datePublished\":\"2018-09-02T20:58:09+00:00\",\"dateModified\":\"2024-04-07T15:30:37+00:00\",\"breadcrumb\":{\"@id\":\"https:\\\/\\\/wp.kristdemokraterna.se\\\/uppsala\\\/kds-forslag-kortar-koerna-till-bup\\\/#breadcrumb\"},\"inLanguage\":\"sv-SE\",\"potentialAction\":[{\"@type\":\"ReadAction\",\"target\":[\"https:\\\/\\\/wp.kristdemokraterna.se\\\/uppsala\\\/kds-forslag-kortar-koerna-till-bup\\\/\"]}]},{\"@type\":\"BreadcrumbList\",\"@id\":\"https:\\\/\\\/wp.kristdemokraterna.se\\\/uppsala\\\/kds-forslag-kortar-koerna-till-bup\\\/#breadcrumb\",\"itemListElement\":[{\"@type\":\"ListItem\",\"position\":1,\"name\":\"Hem\",\"item\":\"https:\\\/\\\/wp.kristdemokraterna.se\\\/uppsala\\\/\"},{\"@type\":\"ListItem\",\"position\":2,\"name\":\"KD:s f\u00f6rslag kortar k\u00f6erna till BUP\"}]},{\"@type\":\"WebSite\",\"@id\":\"https:\\\/\\\/wp.kristdemokraterna.se\\\/uppsala\\\/#website\",\"url\":\"https:\\\/\\\/wp.kristdemokraterna.se\\\/uppsala\\\/\",\"name\":\"Kristdemokraterna Uppsala\",\"description\":\"Tryggare Uppsala\",\"publisher\":{\"@id\":\"https:\\\/\\\/wp.kristdemokraterna.se\\\/uppsala\\\/#organization\"},\"inLanguage\":\"sv-SE\"},{\"@type\":\"Organization\",\"@id\":\"https:\\\/\\\/wp.kristdemokraterna.se\\\/uppsala\\\/#organization\",\"name\":\"Kristdemokraterna Uppsala\",\"url\":\"https:\\\/\\\/wp.kristdemokraterna.se\\\/uppsala\\\/\",\"logo\":{\"@type\":\"ImageObject\",\"inLanguage\":\"sv-SE\",\"@id\":\"https:\\\/\\\/wp.kristdemokraterna.se\\\/uppsala\\\/#\\\/schema\\\/logo\\\/image\\\/\",\"url\":\"https:\\\/\\\/wp.kristdemokraterna.se\\\/uppsala\\\/files\\\/2019\\\/10\\\/kd-uppsala.png\",\"contentUrl\":\"https:\\\/\\\/wp.kristdemokraterna.se\\\/uppsala\\\/files\\\/2019\\\/10\\\/kd-uppsala.png\",\"width\":804,\"height\":421,\"caption\":\"Kristdemokraterna Uppsala\"},\"image\":{\"@id\":\"https:\\\/\\\/wp.kristdemokraterna.se\\\/uppsala\\\/#\\\/schema\\\/logo\\\/image\\\/\"},\"sameAs\":[\"https:\\\/\\\/www.facebook.com\\\/UppsalaKD\\\/\",\"https:\\\/\\\/www.instagram.com\\\/uppsalakd\\\/\"]},{\"@type\":\"Person\",\"@id\":\"https:\\\/\\\/wp.kristdemokraterna.se\\\/uppsala\\\/#\\\/schema\\\/person\\\/038d805d685fb0ce5ad14ab8711d8e84\",\"name\":\"Mimmi Westerlund\",\"image\":{\"@type\":\"ImageObject\",\"inLanguage\":\"sv-SE\",\"@id\":\"https:\\\/\\\/secure.gravatar.com\\\/avatar\\\/a5697359f709b6b10d9c7e6a7c89f3e054554dedb4657d5ffe9e5bc5b1445841?s=96&r=g\",\"url\":\"https:\\\/\\\/secure.gravatar.com\\\/avatar\\\/a5697359f709b6b10d9c7e6a7c89f3e054554dedb4657d5ffe9e5bc5b1445841?s=96&r=g\",\"contentUrl\":\"https:\\\/\\\/secure.gravatar.com\\\/avatar\\\/a5697359f709b6b10d9c7e6a7c89f3e054554dedb4657d5ffe9e5bc5b1445841?s=96&r=g\",\"caption\":\"Mimmi Westerlund\"},\"url\":\"https:\\\/\\\/wp.kristdemokraterna.se\\\/uppsala\\\/author\\\/mimmi\\\/\"}]}<\/script>\n<!-- \/ Yoast SEO plugin. -->","yoast_head_json":{"title":"KD:s f\u00f6rslag kortar k\u00f6erna till BUP | Kristdemokraterna | Uppsala","robots":{"index":"index","follow":"follow","max-snippet":"max-snippet:-1","max-image-preview":"max-image-preview:large","max-video-preview":"max-video-preview:-1"},"canonical":"https:\/\/wp.kristdemokraterna.se\/uppsala\/kds-forslag-kortar-koerna-till-bup\/","og_locale":"sv_SE","og_type":"article","og_title":"KD:s f\u00f6rslag kortar k\u00f6erna till BUP | Kristdemokraterna | Uppsala","og_description":"Den psykiska oh\u00e4lsan \u00f6kar bland barn och unga i Uppsala l\u00e4n.\u00a0Samtidigt som fler m\u00e5r d\u00e5ligt och \u00e4r i behov av v\u00e5rd sviker sjukv\u00e5rden. \u2013 Till skillnad fr\u00e5n det r\u00f6dgr\u00f6na styret s\u00e5 vill vi \u00e5tg\u00e4rda problemen och har konkreta f\u00f6rslag, s\u00e4ger Bj\u00f6rn-Owe Bj\u00f6rk, regionetta f\u00f6r KD. Den \u00f6kning av psykisk oh\u00e4lsa som skett bland ungdomar har Read More","og_url":"https:\/\/wp.kristdemokraterna.se\/uppsala\/kds-forslag-kortar-koerna-till-bup\/","og_site_name":"Kristdemokraterna | Uppsala","article_publisher":"https:\/\/www.facebook.com\/UppsalaKD\/","article_published_time":"2018-09-02T20:58:09+00:00","article_modified_time":"2024-04-07T15:30:37+00:00","og_image":[{"width":770,"height":404,"url":"https:\/\/wp.kristdemokraterna.se\/uppsala\/files\/2021\/12\/kom1.png","type":"image\/png"}],"author":"Mimmi Westerlund","twitter_card":"summary_large_image","twitter_misc":{"Skriven av":"Mimmi Westerlund","Ber\u00e4knad l\u00e4stid":"2 minuter"},"schema":{"@context":"https:\/\/schema.org","@graph":[{"@type":"Article","@id":"https:\/\/wp.kristdemokraterna.se\/uppsala\/kds-forslag-kortar-koerna-till-bup\/#article","isPartOf":{"@id":"https:\/\/wp.kristdemokraterna.se\/uppsala\/kds-forslag-kortar-koerna-till-bup\/"},"author":{"name":"Mimmi Westerlund","@id":"https:\/\/wp.kristdemokraterna.se\/uppsala\/#\/schema\/person\/038d805d685fb0ce5ad14ab8711d8e84"},"headline":"KD:s f\u00f6rslag kortar k\u00f6erna till BUP","datePublished":"2018-09-02T20:58:09+00:00","dateModified":"2024-04-07T15:30:37+00:00","mainEntityOfPage":{"@id":"https:\/\/wp.kristdemokraterna.se\/uppsala\/kds-forslag-kortar-koerna-till-bup\/"},"wordCount":381,"publisher":{"@id":"https:\/\/wp.kristdemokraterna.se\/uppsala\/#organization"},"keywords":["Barn och unga","Bj\u00f6rn-Owe Bj\u00f6rk","BUP","KD","Region Uppsala"],"articleSection":["V\u00e5rd &amp; omsorg"],"inLanguage":"sv-SE"},{"@type":"WebPage","@id":"https:\/\/wp.kristdemokraterna.se\/uppsala\/kds-forslag-kortar-koerna-till-bup\/","url":"https:\/\/wp.kristdemokraterna.se\/uppsala\/kds-forslag-kortar-koerna-till-bup\/","name":"KD:s f\u00f6rslag kortar k\u00f6erna till BUP | Kristdemokraterna | Uppsala","isPartOf":{"@id":"https:\/\/wp.kristdemokraterna.se\/uppsala\/#website"},"datePublished":"2018-09-02T20:58:09+00:00","dateModified":"2024-04-07T15:30:37+00:00","breadcrumb":{"@id":"https:\/\/wp.kristdemokraterna.se\/uppsala\/kds-forslag-kortar-koerna-till-bup\/#breadcrumb"},"inLanguage":"sv-SE","potentialAction":[{"@type":"ReadAction","target":["https:\/\/wp.kristdemokraterna.se\/uppsala\/kds-forslag-kortar-koerna-till-bup\/"]}]},{"@type":"BreadcrumbList","@id":"https:\/\/wp.kristdemokraterna.se\/uppsala\/kds-forslag-kortar-koerna-till-bup\/#breadcrumb","itemListElement":[{"@type":"ListItem","position":1,"name":"Hem","item":"https:\/\/wp.kristdemokraterna.se\/uppsala\/"},{"@type":"ListItem","position":2,"name":"KD:s f\u00f6rslag kortar k\u00f6erna till BUP"}]},{"@type":"WebSite","@id":"https:\/\/wp.kristdemokraterna.se\/uppsala\/#website","url":"https:\/\/wp.kristdemokraterna.se\/uppsala\/","name":"Kristdemokraterna Uppsala","description":"Tryggare Uppsala","publisher":{"@id":"https:\/\/wp.kristdemokraterna.se\/uppsala\/#organization"},"inLanguage":"sv-SE"},{"@type":"Organization","@id":"https:\/\/wp.kristdemokraterna.se\/uppsala\/#organization","name":"Kristdemokraterna Uppsala","url":"https:\/\/wp.kristdemokraterna.se\/uppsala\/","logo":{"@type":"ImageObject","inLanguage":"sv-SE","@id":"https:\/\/wp.kristdemokraterna.se\/uppsala\/#\/schema\/logo\/image\/","url":"https:\/\/wp.kristdemokraterna.se\/uppsala\/files\/2019\/10\/kd-uppsala.png","contentUrl":"https:\/\/wp.kristdemokraterna.se\/uppsala\/files\/2019\/10\/kd-uppsala.png","width":804,"height":421,"caption":"Kristdemokraterna Uppsala"},"image":{"@id":"https:\/\/wp.kristdemokraterna.se\/uppsala\/#\/schema\/logo\/image\/"},"sameAs":["https:\/\/www.facebook.com\/UppsalaKD\/","https:\/\/www.instagram.com\/uppsalakd\/"]},{"@type":"Person","@id":"https:\/\/wp.kristdemokraterna.se\/uppsala\/#\/schema\/person\/038d805d685fb0ce5ad14ab8711d8e84","name":"Mimmi Westerlund","image":{"@type":"ImageObject","inLanguage":"sv-SE","@id":"https:\/\/secure.gravatar.com\/avatar\/a5697359f709b6b10d9c7e6a7c89f3e054554dedb4657d5ffe9e5bc5b1445841?s=96&r=g","url":"https:\/\/secure.gravatar.com\/avatar\/a5697359f709b6b10d9c7e6a7c89f3e054554dedb4657d5ffe9e5bc5b1445841?s=96&r=g","contentUrl":"https:\/\/secure.gravatar.com\/avatar\/a5697359f709b6b10d9c7e6a7c89f3e054554dedb4657d5ffe9e5bc5b1445841?s=96&r=g","caption":"Mimmi Westerlund"},"url":"https:\/\/wp.kristdemokraterna.se\/uppsala\/author\/mimmi\/"}]}},"_links":{"self":[{"href":"https:\/\/wp.kristdemokraterna.se\/uppsala\/wp-json\/wp\/v2\/posts\/2841","targetHints":{"allow":["GET"]}}],"collection":[{"href":"https:\/\/wp.kristdemokraterna.se\/uppsala\/wp-json\/wp\/v2\/posts"}],"about":[{"href":"https:\/\/wp.kristdemokraterna.se\/uppsala\/wp-json\/wp\/v2\/types\/post"}],"author":[{"embeddable":true,"href":"https:\/\/wp.kristdemokraterna.se\/uppsala\/wp-json\/wp\/v2\/users\/702"}],"replies":[{"embeddable":true,"href":"https:\/\/wp.kristdemokraterna.se\/uppsala\/wp-json\/wp\/v2\/comments?post=2841"}],"version-history":[{"count":14,"href":"https:\/\/wp.kristdemokraterna.se\/uppsala\/wp-json\/wp\/v2\/posts\/2841\/revisions"}],"predecessor-version":[{"id":2856,"href":"https:\/\/wp.kristdemokraterna.se\/uppsala\/wp-json\/wp\/v2\/posts\/2841\/revisions\/2856"}],"wp:attachment":[{"href":"https:\/\/wp.kristdemokraterna.se\/uppsala\/wp-json\/wp\/v2\/media?parent=2841"}],"wp:term":[{"taxonomy":"category","embeddable":true,"href":"https:\/\/wp.kristdemokraterna.se\/uppsala\/wp-json\/wp\/v2\/categories?post=2841"},{"taxonomy":"post_tag","embeddable":true,"href":"https:\/\/wp.kristdemokraterna.se\/uppsala\/wp-json\/wp\/v2\/tags?post=2841"}],"curies":[{"name":"wp","href":"https:\/\/api.w.org\/{rel}","templated":true}]}}