{"id":2864,"date":"2018-09-07T19:30:02","date_gmt":"2018-09-07T17:30:02","guid":{"rendered":"http:\/\/wp.kristdemokraterna.se\/uppsala\/?p=2864"},"modified":"2024-04-04T00:27:10","modified_gmt":"2024-04-03T22:27:10","slug":"kd-satsar-pa-de-aldre","status":"publish","type":"post","link":"https:\/\/wp.kristdemokraterna.se\/uppsala\/kd-satsar-pa-de-aldre\/","title":{"rendered":"KD satsar p\u00e5 de \u00e4ldre"},"content":{"rendered":"<p><strong>Socialdemokraterna lovade att inf\u00f6ra \u00e4ldrev\u00e5rdcentraler. Det vall\u00f6ftet h\u00f6lls inte.<\/strong><br \/>\n<strong>Trots tre \u00e5rs S-styre s\u00e5 har man \u00e4nnu inte f\u00f6rs\u00f6kt att m\u00f6ta detta behov av v\u00e5rd som m\u00e5nga \u00e4ldre har. Det lovar Kristdemokraterna i regionen nu att \u00e4ndra p\u00e5.<\/strong><\/p>\n<p>I Uppsala l\u00e4n \u00e4r antalet personer som v\u00e4ntat i mer \u00e4n tre m\u00e5nader p\u00e5 sitt f\u00f6rsta bes\u00f6k f\u00f6r specialiserad v\u00e5rd n\u00e4stan dubbelt s\u00e5 m\u00e5nga nu som de var 2014 d\u00e5 KD och Alliansen styrde regionen. Dessa l\u00e5nga v\u00e4ntetider drabbar inte minst \u00e4ldre.<\/p>\n<p>\u2013 Vid akut sjukdom drabbas dessutom m\u00e5nga \u00e4ldre extra h\u00e5rt med tanke p\u00e5 de orimligt l\u00e5nga v\u00e4ntetiderna som nu r\u00e5der p\u00e5 akuten, s\u00e4ger Bj\u00f6rn-Owe Bj\u00f6rk som kandiderar till nytt regionr\u00e5d f\u00f6r KD.<\/p>\n<p>Han vill nu inf\u00f6ra \u00e4ldrev\u00e5rdcentraler ute p\u00e5 v\u00e5rdcentralerna.<\/p>\n<p>\u2013 D\u00e4r ska det finnas s\u00e4rskild kompetens och kunskap f\u00f6r att m\u00f6ta de behov av v\u00e5rd och r\u00e5dgivning som m\u00e5nga \u00e4ldre har &#8211; de f\u00f6rtj\u00e4nar en bra v\u00e5rd, s\u00e4ger han.<\/p>\n<h2>Inf\u00f6rde aldrig \u00e4ldrev\u00e5rdcentraler<\/h2>\n<p>Ett av Socialdemokraternas brutna vall\u00f6ften i Uppsala l\u00e4n \u00e4r just inf\u00f6randet av \u00e4ldrev\u00e5rdcentraler.\u00a0Trots att man nu har styrt under flera \u00e5r s\u00e5 har S \u00e4nnu inte f\u00f6rs\u00f6kt att m\u00f6ta det behov av v\u00e5rd som m\u00e5nga \u00e4ldre har. Ist\u00e4llet har man beslutat om en \u00e5rlig besparing p\u00e5 600 miljoner kronor till 2020.<\/p>\n<p>\u2013 Det \u00e4r verkligen ett fiasko.\u00a0Inget s\u00e4ger s\u00e5 mycket om ett lands v\u00e4rderingar som hur man behandlar sina \u00e4ldre. Vi Kristdemokrater lovar att ta tag i de brister som finns.\u00a0Som \u00e4ldre ska man kunna lita p\u00e5 v\u00e4lf\u00e4rden!<\/p>\n<p>Ute i landet \u00e4r bristen p\u00e5 \u00e4ldreboenden allvarlig. Ist\u00e4llet f\u00f6r att p\u00e5 ett seri\u00f6st s\u00e4tt f\u00f6resl\u00e5 \u00e5tg\u00e4rder f\u00f6r att \u00f6ka antalet \u00e4ldreboenden har nuvarande regering best\u00e4mt sig f\u00f6r att genom en vinstbegr\u00e4nsningsmodell, l\u00e5ngsamt kv\u00e4va ihj\u00e4l ett stort antal f\u00f6retag som idag bedriver \u00e4ldreomsorg.<\/p>\n<p>\u2013 Om regeringens f\u00f6rslag blir verklighet riskerar drygt 2600 \u00e4ldre i Uppsala l\u00e4n som idag har sitt boende eller sin hemtj\u00e4nst fr\u00e5n privata alternativ, att drabbas. H\u00e4r vet jag att\u00a0v\u00e5ra politiker i riksdagen kommer att kunna agera om Alliansen vinner valet p\u00e5 s\u00f6ndag.<\/p>\n<h2>Lovar avs\u00e4tta resurser<\/h2>\n<p>Kristdemokraterna lovar inf\u00f6r valet att v\u00e4nda Socialdemokraternas v\u00e4lf\u00e4rdssvek b\u00e5de i landets regioner, kommuner och riket som helhet.<\/p>\n<p>\u2013 Vi avs\u00e4tter resurser f\u00f6r fler \u00e4ldreboenden, v\u00e5rdplatser, \u00e4ldrev\u00e5rdcentraler och vi \u00e5terinf\u00f6r k\u00f6miljarden f\u00f6r kortade v\u00e5rdk\u00f6er. Vi vill att Sverige ska vara ett land d\u00e4r man vill och v\u00e5gar bli gammal, avslutar Bj\u00f6rn-Owe Bj\u00f6rk.<\/p>\n","protected":false},"excerpt":{"rendered":"<p>Socialdemokraterna lovade att inf\u00f6ra \u00e4ldrev\u00e5rdcentraler. Det vall\u00f6ftet h\u00f6lls inte. Trots tre \u00e5rs S-styre s\u00e5 har man \u00e4nnu inte f\u00f6rs\u00f6kt att m\u00f6ta detta behov av v\u00e5rd som m\u00e5nga \u00e4ldre har. Det lovar Kristdemokraterna i regionen nu att \u00e4ndra p\u00e5. I Uppsala l\u00e4n \u00e4r antalet personer som v\u00e4ntat i mer \u00e4n tre m\u00e5nader p\u00e5 sitt f\u00f6rsta bes\u00f6k <a class=\"read-more-link\" href=\"https:\/\/wp.kristdemokraterna.se\/uppsala\/kd-satsar-pa-de-aldre\/\">Read More<\/a><\/p>\n","protected":false},"author":702,"featured_media":0,"comment_status":"closed","ping_status":"closed","sticky":false,"template":"","format":"standard","meta":{"_acf_changed":false,"footnotes":""},"categories":[236],"tags":[128,207,135,198,199],"class_list":["post-2864","post","type-post","status-publish","format-standard","hentry","category-vard-o-omsorg","tag-aldre","tag-aldrevardcentraler","tag-bjorn-owe-bjork","tag-kd","tag-region-uppsala"],"acf":[],"yoast_head":"<!-- This site is optimized with the Yoast SEO plugin v27.4 - https:\/\/yoast.com\/product\/yoast-seo-wordpress\/ -->\n<title>KD satsar p\u00e5 de \u00e4ldre | Kristdemokraterna | Uppsala<\/title>\n<meta name=\"robots\" content=\"index, follow, max-snippet:-1, max-image-preview:large, max-video-preview:-1\" \/>\n<link rel=\"canonical\" href=\"https:\/\/wp.kristdemokraterna.se\/uppsala\/kd-satsar-pa-de-aldre\/\" \/>\n<meta property=\"og:locale\" content=\"sv_SE\" \/>\n<meta property=\"og:type\" content=\"article\" \/>\n<meta property=\"og:title\" content=\"KD satsar p\u00e5 de \u00e4ldre | Kristdemokraterna | Uppsala\" \/>\n<meta property=\"og:description\" content=\"Socialdemokraterna lovade att inf\u00f6ra \u00e4ldrev\u00e5rdcentraler. Det vall\u00f6ftet h\u00f6lls inte. Trots tre \u00e5rs S-styre s\u00e5 har man \u00e4nnu inte f\u00f6rs\u00f6kt att m\u00f6ta detta behov av v\u00e5rd som m\u00e5nga \u00e4ldre har. Det lovar Kristdemokraterna i regionen nu att \u00e4ndra p\u00e5. I Uppsala l\u00e4n \u00e4r antalet personer som v\u00e4ntat i mer \u00e4n tre m\u00e5nader p\u00e5 sitt f\u00f6rsta bes\u00f6k Read More\" \/>\n<meta property=\"og:url\" content=\"https:\/\/wp.kristdemokraterna.se\/uppsala\/kd-satsar-pa-de-aldre\/\" \/>\n<meta property=\"og:site_name\" content=\"Kristdemokraterna | Uppsala\" \/>\n<meta property=\"article:publisher\" content=\"https:\/\/www.facebook.com\/UppsalaKD\/\" \/>\n<meta property=\"article:published_time\" content=\"2018-09-07T17:30:02+00:00\" \/>\n<meta property=\"article:modified_time\" content=\"2024-04-03T22:27:10+00:00\" \/>\n<meta property=\"og:image\" content=\"https:\/\/wp.kristdemokraterna.se\/uppsala\/files\/2021\/12\/kom1.png\" \/>\n\t<meta property=\"og:image:width\" content=\"770\" \/>\n\t<meta property=\"og:image:height\" content=\"404\" \/>\n\t<meta property=\"og:image:type\" content=\"image\/png\" \/>\n<meta name=\"author\" content=\"Mimmi Westerlund\" \/>\n<meta name=\"twitter:card\" content=\"summary_large_image\" \/>\n<meta name=\"twitter:label1\" content=\"Skriven av\" \/>\n\t<meta name=\"twitter:data1\" content=\"Mimmi Westerlund\" \/>\n\t<meta name=\"twitter:label2\" content=\"Ber\u00e4knad l\u00e4stid\" \/>\n\t<meta name=\"twitter:data2\" content=\"2 minuter\" \/>\n<script type=\"application\/ld+json\" class=\"yoast-schema-graph\">{\"@context\":\"https:\\\/\\\/schema.org\",\"@graph\":[{\"@type\":\"Article\",\"@id\":\"https:\\\/\\\/wp.kristdemokraterna.se\\\/uppsala\\\/kd-satsar-pa-de-aldre\\\/#article\",\"isPartOf\":{\"@id\":\"https:\\\/\\\/wp.kristdemokraterna.se\\\/uppsala\\\/kd-satsar-pa-de-aldre\\\/\"},\"author\":{\"name\":\"Mimmi Westerlund\",\"@id\":\"https:\\\/\\\/wp.kristdemokraterna.se\\\/uppsala\\\/#\\\/schema\\\/person\\\/038d805d685fb0ce5ad14ab8711d8e84\"},\"headline\":\"KD satsar p\u00e5 de \u00e4ldre\",\"datePublished\":\"2018-09-07T17:30:02+00:00\",\"dateModified\":\"2024-04-03T22:27:10+00:00\",\"mainEntityOfPage\":{\"@id\":\"https:\\\/\\\/wp.kristdemokraterna.se\\\/uppsala\\\/kd-satsar-pa-de-aldre\\\/\"},\"wordCount\":481,\"publisher\":{\"@id\":\"https:\\\/\\\/wp.kristdemokraterna.se\\\/uppsala\\\/#organization\"},\"keywords\":[\"\u00c4ldre\",\"\u00e4ldrev\u00e5rdcentraler\",\"Bj\u00f6rn-Owe Bj\u00f6rk\",\"KD\",\"Region Uppsala\"],\"articleSection\":[\"V\u00e5rd &amp; omsorg\"],\"inLanguage\":\"sv-SE\"},{\"@type\":\"WebPage\",\"@id\":\"https:\\\/\\\/wp.kristdemokraterna.se\\\/uppsala\\\/kd-satsar-pa-de-aldre\\\/\",\"url\":\"https:\\\/\\\/wp.kristdemokraterna.se\\\/uppsala\\\/kd-satsar-pa-de-aldre\\\/\",\"name\":\"KD satsar p\u00e5 de \u00e4ldre | Kristdemokraterna | Uppsala\",\"isPartOf\":{\"@id\":\"https:\\\/\\\/wp.kristdemokraterna.se\\\/uppsala\\\/#website\"},\"datePublished\":\"2018-09-07T17:30:02+00:00\",\"dateModified\":\"2024-04-03T22:27:10+00:00\",\"breadcrumb\":{\"@id\":\"https:\\\/\\\/wp.kristdemokraterna.se\\\/uppsala\\\/kd-satsar-pa-de-aldre\\\/#breadcrumb\"},\"inLanguage\":\"sv-SE\",\"potentialAction\":[{\"@type\":\"ReadAction\",\"target\":[\"https:\\\/\\\/wp.kristdemokraterna.se\\\/uppsala\\\/kd-satsar-pa-de-aldre\\\/\"]}]},{\"@type\":\"BreadcrumbList\",\"@id\":\"https:\\\/\\\/wp.kristdemokraterna.se\\\/uppsala\\\/kd-satsar-pa-de-aldre\\\/#breadcrumb\",\"itemListElement\":[{\"@type\":\"ListItem\",\"position\":1,\"name\":\"Hem\",\"item\":\"https:\\\/\\\/wp.kristdemokraterna.se\\\/uppsala\\\/\"},{\"@type\":\"ListItem\",\"position\":2,\"name\":\"KD satsar p\u00e5 de \u00e4ldre\"}]},{\"@type\":\"WebSite\",\"@id\":\"https:\\\/\\\/wp.kristdemokraterna.se\\\/uppsala\\\/#website\",\"url\":\"https:\\\/\\\/wp.kristdemokraterna.se\\\/uppsala\\\/\",\"name\":\"Kristdemokraterna Uppsala\",\"description\":\"Tryggare Uppsala\",\"publisher\":{\"@id\":\"https:\\\/\\\/wp.kristdemokraterna.se\\\/uppsala\\\/#organization\"},\"inLanguage\":\"sv-SE\"},{\"@type\":\"Organization\",\"@id\":\"https:\\\/\\\/wp.kristdemokraterna.se\\\/uppsala\\\/#organization\",\"name\":\"Kristdemokraterna Uppsala\",\"url\":\"https:\\\/\\\/wp.kristdemokraterna.se\\\/uppsala\\\/\",\"logo\":{\"@type\":\"ImageObject\",\"inLanguage\":\"sv-SE\",\"@id\":\"https:\\\/\\\/wp.kristdemokraterna.se\\\/uppsala\\\/#\\\/schema\\\/logo\\\/image\\\/\",\"url\":\"https:\\\/\\\/wp.kristdemokraterna.se\\\/uppsala\\\/files\\\/2019\\\/10\\\/kd-uppsala.png\",\"contentUrl\":\"https:\\\/\\\/wp.kristdemokraterna.se\\\/uppsala\\\/files\\\/2019\\\/10\\\/kd-uppsala.png\",\"width\":804,\"height\":421,\"caption\":\"Kristdemokraterna Uppsala\"},\"image\":{\"@id\":\"https:\\\/\\\/wp.kristdemokraterna.se\\\/uppsala\\\/#\\\/schema\\\/logo\\\/image\\\/\"},\"sameAs\":[\"https:\\\/\\\/www.facebook.com\\\/UppsalaKD\\\/\",\"https:\\\/\\\/www.instagram.com\\\/uppsalakd\\\/\"]},{\"@type\":\"Person\",\"@id\":\"https:\\\/\\\/wp.kristdemokraterna.se\\\/uppsala\\\/#\\\/schema\\\/person\\\/038d805d685fb0ce5ad14ab8711d8e84\",\"name\":\"Mimmi Westerlund\",\"image\":{\"@type\":\"ImageObject\",\"inLanguage\":\"sv-SE\",\"@id\":\"https:\\\/\\\/secure.gravatar.com\\\/avatar\\\/a5697359f709b6b10d9c7e6a7c89f3e054554dedb4657d5ffe9e5bc5b1445841?s=96&r=g\",\"url\":\"https:\\\/\\\/secure.gravatar.com\\\/avatar\\\/a5697359f709b6b10d9c7e6a7c89f3e054554dedb4657d5ffe9e5bc5b1445841?s=96&r=g\",\"contentUrl\":\"https:\\\/\\\/secure.gravatar.com\\\/avatar\\\/a5697359f709b6b10d9c7e6a7c89f3e054554dedb4657d5ffe9e5bc5b1445841?s=96&r=g\",\"caption\":\"Mimmi Westerlund\"},\"url\":\"https:\\\/\\\/wp.kristdemokraterna.se\\\/uppsala\\\/author\\\/mimmi\\\/\"}]}<\/script>\n<!-- \/ Yoast SEO plugin. -->","yoast_head_json":{"title":"KD satsar p\u00e5 de \u00e4ldre | Kristdemokraterna | Uppsala","robots":{"index":"index","follow":"follow","max-snippet":"max-snippet:-1","max-image-preview":"max-image-preview:large","max-video-preview":"max-video-preview:-1"},"canonical":"https:\/\/wp.kristdemokraterna.se\/uppsala\/kd-satsar-pa-de-aldre\/","og_locale":"sv_SE","og_type":"article","og_title":"KD satsar p\u00e5 de \u00e4ldre | Kristdemokraterna | Uppsala","og_description":"Socialdemokraterna lovade att inf\u00f6ra \u00e4ldrev\u00e5rdcentraler. Det vall\u00f6ftet h\u00f6lls inte. Trots tre \u00e5rs S-styre s\u00e5 har man \u00e4nnu inte f\u00f6rs\u00f6kt att m\u00f6ta detta behov av v\u00e5rd som m\u00e5nga \u00e4ldre har. Det lovar Kristdemokraterna i regionen nu att \u00e4ndra p\u00e5. I Uppsala l\u00e4n \u00e4r antalet personer som v\u00e4ntat i mer \u00e4n tre m\u00e5nader p\u00e5 sitt f\u00f6rsta bes\u00f6k Read More","og_url":"https:\/\/wp.kristdemokraterna.se\/uppsala\/kd-satsar-pa-de-aldre\/","og_site_name":"Kristdemokraterna | Uppsala","article_publisher":"https:\/\/www.facebook.com\/UppsalaKD\/","article_published_time":"2018-09-07T17:30:02+00:00","article_modified_time":"2024-04-03T22:27:10+00:00","og_image":[{"width":770,"height":404,"url":"https:\/\/wp.kristdemokraterna.se\/uppsala\/files\/2021\/12\/kom1.png","type":"image\/png"}],"author":"Mimmi Westerlund","twitter_card":"summary_large_image","twitter_misc":{"Skriven av":"Mimmi Westerlund","Ber\u00e4knad l\u00e4stid":"2 minuter"},"schema":{"@context":"https:\/\/schema.org","@graph":[{"@type":"Article","@id":"https:\/\/wp.kristdemokraterna.se\/uppsala\/kd-satsar-pa-de-aldre\/#article","isPartOf":{"@id":"https:\/\/wp.kristdemokraterna.se\/uppsala\/kd-satsar-pa-de-aldre\/"},"author":{"name":"Mimmi Westerlund","@id":"https:\/\/wp.kristdemokraterna.se\/uppsala\/#\/schema\/person\/038d805d685fb0ce5ad14ab8711d8e84"},"headline":"KD satsar p\u00e5 de \u00e4ldre","datePublished":"2018-09-07T17:30:02+00:00","dateModified":"2024-04-03T22:27:10+00:00","mainEntityOfPage":{"@id":"https:\/\/wp.kristdemokraterna.se\/uppsala\/kd-satsar-pa-de-aldre\/"},"wordCount":481,"publisher":{"@id":"https:\/\/wp.kristdemokraterna.se\/uppsala\/#organization"},"keywords":["\u00c4ldre","\u00e4ldrev\u00e5rdcentraler","Bj\u00f6rn-Owe Bj\u00f6rk","KD","Region Uppsala"],"articleSection":["V\u00e5rd &amp; omsorg"],"inLanguage":"sv-SE"},{"@type":"WebPage","@id":"https:\/\/wp.kristdemokraterna.se\/uppsala\/kd-satsar-pa-de-aldre\/","url":"https:\/\/wp.kristdemokraterna.se\/uppsala\/kd-satsar-pa-de-aldre\/","name":"KD satsar p\u00e5 de \u00e4ldre | Kristdemokraterna | Uppsala","isPartOf":{"@id":"https:\/\/wp.kristdemokraterna.se\/uppsala\/#website"},"datePublished":"2018-09-07T17:30:02+00:00","dateModified":"2024-04-03T22:27:10+00:00","breadcrumb":{"@id":"https:\/\/wp.kristdemokraterna.se\/uppsala\/kd-satsar-pa-de-aldre\/#breadcrumb"},"inLanguage":"sv-SE","potentialAction":[{"@type":"ReadAction","target":["https:\/\/wp.kristdemokraterna.se\/uppsala\/kd-satsar-pa-de-aldre\/"]}]},{"@type":"BreadcrumbList","@id":"https:\/\/wp.kristdemokraterna.se\/uppsala\/kd-satsar-pa-de-aldre\/#breadcrumb","itemListElement":[{"@type":"ListItem","position":1,"name":"Hem","item":"https:\/\/wp.kristdemokraterna.se\/uppsala\/"},{"@type":"ListItem","position":2,"name":"KD satsar p\u00e5 de \u00e4ldre"}]},{"@type":"WebSite","@id":"https:\/\/wp.kristdemokraterna.se\/uppsala\/#website","url":"https:\/\/wp.kristdemokraterna.se\/uppsala\/","name":"Kristdemokraterna Uppsala","description":"Tryggare Uppsala","publisher":{"@id":"https:\/\/wp.kristdemokraterna.se\/uppsala\/#organization"},"inLanguage":"sv-SE"},{"@type":"Organization","@id":"https:\/\/wp.kristdemokraterna.se\/uppsala\/#organization","name":"Kristdemokraterna Uppsala","url":"https:\/\/wp.kristdemokraterna.se\/uppsala\/","logo":{"@type":"ImageObject","inLanguage":"sv-SE","@id":"https:\/\/wp.kristdemokraterna.se\/uppsala\/#\/schema\/logo\/image\/","url":"https:\/\/wp.kristdemokraterna.se\/uppsala\/files\/2019\/10\/kd-uppsala.png","contentUrl":"https:\/\/wp.kristdemokraterna.se\/uppsala\/files\/2019\/10\/kd-uppsala.png","width":804,"height":421,"caption":"Kristdemokraterna Uppsala"},"image":{"@id":"https:\/\/wp.kristdemokraterna.se\/uppsala\/#\/schema\/logo\/image\/"},"sameAs":["https:\/\/www.facebook.com\/UppsalaKD\/","https:\/\/www.instagram.com\/uppsalakd\/"]},{"@type":"Person","@id":"https:\/\/wp.kristdemokraterna.se\/uppsala\/#\/schema\/person\/038d805d685fb0ce5ad14ab8711d8e84","name":"Mimmi Westerlund","image":{"@type":"ImageObject","inLanguage":"sv-SE","@id":"https:\/\/secure.gravatar.com\/avatar\/a5697359f709b6b10d9c7e6a7c89f3e054554dedb4657d5ffe9e5bc5b1445841?s=96&r=g","url":"https:\/\/secure.gravatar.com\/avatar\/a5697359f709b6b10d9c7e6a7c89f3e054554dedb4657d5ffe9e5bc5b1445841?s=96&r=g","contentUrl":"https:\/\/secure.gravatar.com\/avatar\/a5697359f709b6b10d9c7e6a7c89f3e054554dedb4657d5ffe9e5bc5b1445841?s=96&r=g","caption":"Mimmi Westerlund"},"url":"https:\/\/wp.kristdemokraterna.se\/uppsala\/author\/mimmi\/"}]}},"_links":{"self":[{"href":"https:\/\/wp.kristdemokraterna.se\/uppsala\/wp-json\/wp\/v2\/posts\/2864","targetHints":{"allow":["GET"]}}],"collection":[{"href":"https:\/\/wp.kristdemokraterna.se\/uppsala\/wp-json\/wp\/v2\/posts"}],"about":[{"href":"https:\/\/wp.kristdemokraterna.se\/uppsala\/wp-json\/wp\/v2\/types\/post"}],"author":[{"embeddable":true,"href":"https:\/\/wp.kristdemokraterna.se\/uppsala\/wp-json\/wp\/v2\/users\/702"}],"replies":[{"embeddable":true,"href":"https:\/\/wp.kristdemokraterna.se\/uppsala\/wp-json\/wp\/v2\/comments?post=2864"}],"version-history":[{"count":8,"href":"https:\/\/wp.kristdemokraterna.se\/uppsala\/wp-json\/wp\/v2\/posts\/2864\/revisions"}],"predecessor-version":[{"id":2878,"href":"https:\/\/wp.kristdemokraterna.se\/uppsala\/wp-json\/wp\/v2\/posts\/2864\/revisions\/2878"}],"wp:attachment":[{"href":"https:\/\/wp.kristdemokraterna.se\/uppsala\/wp-json\/wp\/v2\/media?parent=2864"}],"wp:term":[{"taxonomy":"category","embeddable":true,"href":"https:\/\/wp.kristdemokraterna.se\/uppsala\/wp-json\/wp\/v2\/categories?post=2864"},{"taxonomy":"post_tag","embeddable":true,"href":"https:\/\/wp.kristdemokraterna.se\/uppsala\/wp-json\/wp\/v2\/tags?post=2864"}],"curies":[{"name":"wp","href":"https:\/\/api.w.org\/{rel}","templated":true}]}}