{"id":2890,"date":"2018-10-15T13:32:08","date_gmt":"2018-10-15T11:32:08","guid":{"rendered":"http:\/\/wp.kristdemokraterna.se\/uppsala\/?p=2890"},"modified":"2024-04-07T17:38:32","modified_gmt":"2024-04-07T15:38:32","slug":"segersam-kd-omvald-som-kommunalrad","status":"publish","type":"post","link":"https:\/\/wp.kristdemokraterna.se\/uppsala\/segersam-kd-omvald-som-kommunalrad\/","title":{"rendered":"Segersam f\u00e5r f\u00f6rnyat f\u00f6rtroende som kommunalr\u00e5d"},"content":{"rendered":"<p><strong>Pressmeddelande\u00a0<\/strong><strong>2018-10-15<\/strong><\/p>\n<p><strong>I valet 2018 \u00f6kade KD till 7,1 procent (5,6 procent 2014) och fick tv\u00e5 nya mandat i fullm\u00e4ktige. Totalt best\u00e5r gruppen nu av sex ordinarie ledam\u00f6ter och tre ers\u00e4ttare. Detta inneb\u00e4r bland annat att partiet st\u00e4rker sina positioner och \u00e4ven fortsatt har f\u00f6rm\u00e5nen att ha ett kommunalr\u00e5d p\u00e5 heltid.\u00a0Efter kommunfullm\u00e4ktiges sammantr\u00e4de den 15 oktober st\u00e5r det klart att Jonas Segersam (KD) omv\u00e4ljs att leda partiet lokalt.<\/strong><\/p>\n<blockquote><p>&#8211; I Uppsala g\u00f6r vi ett formidabelt resultat med 7,1% och \u00e4r d\u00e4rmed tillbaka p\u00e5 samma antal mandat i fullm\u00e4ktige som efter valet 1998 n\u00e4r vi fick 12% i riksdagen. Jag gl\u00e4ds \u00f6ver v\u00e5r nya fullm\u00e4ktigegrupp och ser fram mot att jobba tillsammans f\u00f6r KD-politik i Uppsala under den kommande perioden, kommenterar Jonas Segersam.<\/p><\/blockquote>\n<p>De politiska f\u00f6rhandlingarna om olika poster \u00e4r \u00e4nnu inte f\u00e4rdiga, men klart st\u00e5r att Kristdemokraterna g\u00e5r i opposition mot det nya v\u00e4nsterstyret best\u00e5ende av (S), (L) och (MP) med aktivt st\u00f6d av (Fi) och (V).<\/p>\n<blockquote><p>&#8211; Vi kommer aktivt att driva den borgerliga politik vi anser kommunen beh\u00f6ver: mer valfrihet inom v\u00e4lf\u00e4rden, en ekonomi i balans och ett st\u00e4rkt n\u00e4ringsliv \u00e4r n\u00e5gra av de fr\u00e5gor vi s\u00e4rskilt kommer fokusera p\u00e5, avslutar Segersam.<\/p><\/blockquote>\n<p>&nbsp;<\/p>\n","protected":false},"excerpt":{"rendered":"<p>Pressmeddelande\u00a02018-10-15 I valet 2018 \u00f6kade KD till 7,1 procent (5,6 procent 2014) och fick tv\u00e5 nya mandat i fullm\u00e4ktige. Totalt best\u00e5r gruppen nu av sex ordinarie ledam\u00f6ter och tre ers\u00e4ttare. Detta inneb\u00e4r bland annat att partiet st\u00e4rker sina positioner och \u00e4ven fortsatt har f\u00f6rm\u00e5nen att ha ett kommunalr\u00e5d p\u00e5 heltid.\u00a0Efter kommunfullm\u00e4ktiges sammantr\u00e4de den 15 oktober <a class=\"read-more-link\" href=\"https:\/\/wp.kristdemokraterna.se\/uppsala\/segersam-kd-omvald-som-kommunalrad\/\">Read More<\/a><\/p>\n","protected":false},"author":702,"featured_media":0,"comment_status":"closed","ping_status":"closed","sticky":false,"template":"","format":"standard","meta":{"_acf_changed":false,"footnotes":""},"categories":[259],"tags":[22],"class_list":["post-2890","post","type-post","status-publish","format-standard","hentry","category-vara-foretradare","tag-jonas-segersam"],"acf":[],"yoast_head":"<!-- This site is optimized with the Yoast SEO plugin v27.4 - https:\/\/yoast.com\/product\/yoast-seo-wordpress\/ -->\n<title>Segersam f\u00e5r f\u00f6rnyat f\u00f6rtroende som kommunalr\u00e5d | Kristdemokraterna | Uppsala<\/title>\n<meta name=\"robots\" content=\"index, follow, max-snippet:-1, max-image-preview:large, max-video-preview:-1\" \/>\n<link rel=\"canonical\" href=\"https:\/\/wp.kristdemokraterna.se\/uppsala\/segersam-kd-omvald-som-kommunalrad\/\" \/>\n<meta property=\"og:locale\" content=\"sv_SE\" \/>\n<meta property=\"og:type\" content=\"article\" \/>\n<meta property=\"og:title\" content=\"Segersam f\u00e5r f\u00f6rnyat f\u00f6rtroende som kommunalr\u00e5d | Kristdemokraterna | Uppsala\" \/>\n<meta property=\"og:description\" content=\"Pressmeddelande\u00a02018-10-15 I valet 2018 \u00f6kade KD till 7,1 procent (5,6 procent 2014) och fick tv\u00e5 nya mandat i fullm\u00e4ktige. Totalt best\u00e5r gruppen nu av sex ordinarie ledam\u00f6ter och tre ers\u00e4ttare. Detta inneb\u00e4r bland annat att partiet st\u00e4rker sina positioner och \u00e4ven fortsatt har f\u00f6rm\u00e5nen att ha ett kommunalr\u00e5d p\u00e5 heltid.\u00a0Efter kommunfullm\u00e4ktiges sammantr\u00e4de den 15 oktober Read More\" \/>\n<meta property=\"og:url\" content=\"https:\/\/wp.kristdemokraterna.se\/uppsala\/segersam-kd-omvald-som-kommunalrad\/\" \/>\n<meta property=\"og:site_name\" content=\"Kristdemokraterna | Uppsala\" \/>\n<meta property=\"article:publisher\" content=\"https:\/\/www.facebook.com\/UppsalaKD\/\" \/>\n<meta property=\"article:published_time\" content=\"2018-10-15T11:32:08+00:00\" \/>\n<meta property=\"article:modified_time\" content=\"2024-04-07T15:38:32+00:00\" \/>\n<meta property=\"og:image\" content=\"https:\/\/wp.kristdemokraterna.se\/uppsala\/files\/2021\/12\/kom1.png\" \/>\n\t<meta property=\"og:image:width\" content=\"770\" \/>\n\t<meta property=\"og:image:height\" content=\"404\" \/>\n\t<meta property=\"og:image:type\" content=\"image\/png\" \/>\n<meta name=\"author\" content=\"Mimmi Westerlund\" \/>\n<meta name=\"twitter:card\" content=\"summary_large_image\" \/>\n<meta name=\"twitter:label1\" content=\"Skriven av\" \/>\n\t<meta name=\"twitter:data1\" content=\"Mimmi Westerlund\" \/>\n\t<meta name=\"twitter:label2\" content=\"Ber\u00e4knad l\u00e4stid\" \/>\n\t<meta name=\"twitter:data2\" content=\"1 minut\" \/>\n<script type=\"application\/ld+json\" class=\"yoast-schema-graph\">{\"@context\":\"https:\\\/\\\/schema.org\",\"@graph\":[{\"@type\":\"Article\",\"@id\":\"https:\\\/\\\/wp.kristdemokraterna.se\\\/uppsala\\\/segersam-kd-omvald-som-kommunalrad\\\/#article\",\"isPartOf\":{\"@id\":\"https:\\\/\\\/wp.kristdemokraterna.se\\\/uppsala\\\/segersam-kd-omvald-som-kommunalrad\\\/\"},\"author\":{\"name\":\"Mimmi Westerlund\",\"@id\":\"https:\\\/\\\/wp.kristdemokraterna.se\\\/uppsala\\\/#\\\/schema\\\/person\\\/038d805d685fb0ce5ad14ab8711d8e84\"},\"headline\":\"Segersam f\u00e5r f\u00f6rnyat f\u00f6rtroende som kommunalr\u00e5d\",\"datePublished\":\"2018-10-15T11:32:08+00:00\",\"dateModified\":\"2024-04-07T15:38:32+00:00\",\"mainEntityOfPage\":{\"@id\":\"https:\\\/\\\/wp.kristdemokraterna.se\\\/uppsala\\\/segersam-kd-omvald-som-kommunalrad\\\/\"},\"wordCount\":235,\"publisher\":{\"@id\":\"https:\\\/\\\/wp.kristdemokraterna.se\\\/uppsala\\\/#organization\"},\"keywords\":[\"Jonas Segersam\"],\"articleSection\":[\"V\u00e5ra f\u00f6retr\u00e4dare\"],\"inLanguage\":\"sv-SE\"},{\"@type\":\"WebPage\",\"@id\":\"https:\\\/\\\/wp.kristdemokraterna.se\\\/uppsala\\\/segersam-kd-omvald-som-kommunalrad\\\/\",\"url\":\"https:\\\/\\\/wp.kristdemokraterna.se\\\/uppsala\\\/segersam-kd-omvald-som-kommunalrad\\\/\",\"name\":\"Segersam f\u00e5r f\u00f6rnyat f\u00f6rtroende som kommunalr\u00e5d | Kristdemokraterna | Uppsala\",\"isPartOf\":{\"@id\":\"https:\\\/\\\/wp.kristdemokraterna.se\\\/uppsala\\\/#website\"},\"datePublished\":\"2018-10-15T11:32:08+00:00\",\"dateModified\":\"2024-04-07T15:38:32+00:00\",\"breadcrumb\":{\"@id\":\"https:\\\/\\\/wp.kristdemokraterna.se\\\/uppsala\\\/segersam-kd-omvald-som-kommunalrad\\\/#breadcrumb\"},\"inLanguage\":\"sv-SE\",\"potentialAction\":[{\"@type\":\"ReadAction\",\"target\":[\"https:\\\/\\\/wp.kristdemokraterna.se\\\/uppsala\\\/segersam-kd-omvald-som-kommunalrad\\\/\"]}]},{\"@type\":\"BreadcrumbList\",\"@id\":\"https:\\\/\\\/wp.kristdemokraterna.se\\\/uppsala\\\/segersam-kd-omvald-som-kommunalrad\\\/#breadcrumb\",\"itemListElement\":[{\"@type\":\"ListItem\",\"position\":1,\"name\":\"Hem\",\"item\":\"https:\\\/\\\/wp.kristdemokraterna.se\\\/uppsala\\\/\"},{\"@type\":\"ListItem\",\"position\":2,\"name\":\"Segersam f\u00e5r f\u00f6rnyat f\u00f6rtroende som kommunalr\u00e5d\"}]},{\"@type\":\"WebSite\",\"@id\":\"https:\\\/\\\/wp.kristdemokraterna.se\\\/uppsala\\\/#website\",\"url\":\"https:\\\/\\\/wp.kristdemokraterna.se\\\/uppsala\\\/\",\"name\":\"Kristdemokraterna Uppsala\",\"description\":\"Tryggare Uppsala\",\"publisher\":{\"@id\":\"https:\\\/\\\/wp.kristdemokraterna.se\\\/uppsala\\\/#organization\"},\"inLanguage\":\"sv-SE\"},{\"@type\":\"Organization\",\"@id\":\"https:\\\/\\\/wp.kristdemokraterna.se\\\/uppsala\\\/#organization\",\"name\":\"Kristdemokraterna Uppsala\",\"url\":\"https:\\\/\\\/wp.kristdemokraterna.se\\\/uppsala\\\/\",\"logo\":{\"@type\":\"ImageObject\",\"inLanguage\":\"sv-SE\",\"@id\":\"https:\\\/\\\/wp.kristdemokraterna.se\\\/uppsala\\\/#\\\/schema\\\/logo\\\/image\\\/\",\"url\":\"https:\\\/\\\/wp.kristdemokraterna.se\\\/uppsala\\\/files\\\/2019\\\/10\\\/kd-uppsala.png\",\"contentUrl\":\"https:\\\/\\\/wp.kristdemokraterna.se\\\/uppsala\\\/files\\\/2019\\\/10\\\/kd-uppsala.png\",\"width\":804,\"height\":421,\"caption\":\"Kristdemokraterna Uppsala\"},\"image\":{\"@id\":\"https:\\\/\\\/wp.kristdemokraterna.se\\\/uppsala\\\/#\\\/schema\\\/logo\\\/image\\\/\"},\"sameAs\":[\"https:\\\/\\\/www.facebook.com\\\/UppsalaKD\\\/\",\"https:\\\/\\\/www.instagram.com\\\/uppsalakd\\\/\"]},{\"@type\":\"Person\",\"@id\":\"https:\\\/\\\/wp.kristdemokraterna.se\\\/uppsala\\\/#\\\/schema\\\/person\\\/038d805d685fb0ce5ad14ab8711d8e84\",\"name\":\"Mimmi Westerlund\",\"image\":{\"@type\":\"ImageObject\",\"inLanguage\":\"sv-SE\",\"@id\":\"https:\\\/\\\/secure.gravatar.com\\\/avatar\\\/a5697359f709b6b10d9c7e6a7c89f3e054554dedb4657d5ffe9e5bc5b1445841?s=96&r=g\",\"url\":\"https:\\\/\\\/secure.gravatar.com\\\/avatar\\\/a5697359f709b6b10d9c7e6a7c89f3e054554dedb4657d5ffe9e5bc5b1445841?s=96&r=g\",\"contentUrl\":\"https:\\\/\\\/secure.gravatar.com\\\/avatar\\\/a5697359f709b6b10d9c7e6a7c89f3e054554dedb4657d5ffe9e5bc5b1445841?s=96&r=g\",\"caption\":\"Mimmi Westerlund\"},\"url\":\"https:\\\/\\\/wp.kristdemokraterna.se\\\/uppsala\\\/author\\\/mimmi\\\/\"}]}<\/script>\n<!-- \/ Yoast SEO plugin. -->","yoast_head_json":{"title":"Segersam f\u00e5r f\u00f6rnyat f\u00f6rtroende som kommunalr\u00e5d | Kristdemokraterna | Uppsala","robots":{"index":"index","follow":"follow","max-snippet":"max-snippet:-1","max-image-preview":"max-image-preview:large","max-video-preview":"max-video-preview:-1"},"canonical":"https:\/\/wp.kristdemokraterna.se\/uppsala\/segersam-kd-omvald-som-kommunalrad\/","og_locale":"sv_SE","og_type":"article","og_title":"Segersam f\u00e5r f\u00f6rnyat f\u00f6rtroende som kommunalr\u00e5d | Kristdemokraterna | Uppsala","og_description":"Pressmeddelande\u00a02018-10-15 I valet 2018 \u00f6kade KD till 7,1 procent (5,6 procent 2014) och fick tv\u00e5 nya mandat i fullm\u00e4ktige. Totalt best\u00e5r gruppen nu av sex ordinarie ledam\u00f6ter och tre ers\u00e4ttare. Detta inneb\u00e4r bland annat att partiet st\u00e4rker sina positioner och \u00e4ven fortsatt har f\u00f6rm\u00e5nen att ha ett kommunalr\u00e5d p\u00e5 heltid.\u00a0Efter kommunfullm\u00e4ktiges sammantr\u00e4de den 15 oktober Read More","og_url":"https:\/\/wp.kristdemokraterna.se\/uppsala\/segersam-kd-omvald-som-kommunalrad\/","og_site_name":"Kristdemokraterna | Uppsala","article_publisher":"https:\/\/www.facebook.com\/UppsalaKD\/","article_published_time":"2018-10-15T11:32:08+00:00","article_modified_time":"2024-04-07T15:38:32+00:00","og_image":[{"width":770,"height":404,"url":"https:\/\/wp.kristdemokraterna.se\/uppsala\/files\/2021\/12\/kom1.png","type":"image\/png"}],"author":"Mimmi Westerlund","twitter_card":"summary_large_image","twitter_misc":{"Skriven av":"Mimmi Westerlund","Ber\u00e4knad l\u00e4stid":"1 minut"},"schema":{"@context":"https:\/\/schema.org","@graph":[{"@type":"Article","@id":"https:\/\/wp.kristdemokraterna.se\/uppsala\/segersam-kd-omvald-som-kommunalrad\/#article","isPartOf":{"@id":"https:\/\/wp.kristdemokraterna.se\/uppsala\/segersam-kd-omvald-som-kommunalrad\/"},"author":{"name":"Mimmi Westerlund","@id":"https:\/\/wp.kristdemokraterna.se\/uppsala\/#\/schema\/person\/038d805d685fb0ce5ad14ab8711d8e84"},"headline":"Segersam f\u00e5r f\u00f6rnyat f\u00f6rtroende som kommunalr\u00e5d","datePublished":"2018-10-15T11:32:08+00:00","dateModified":"2024-04-07T15:38:32+00:00","mainEntityOfPage":{"@id":"https:\/\/wp.kristdemokraterna.se\/uppsala\/segersam-kd-omvald-som-kommunalrad\/"},"wordCount":235,"publisher":{"@id":"https:\/\/wp.kristdemokraterna.se\/uppsala\/#organization"},"keywords":["Jonas Segersam"],"articleSection":["V\u00e5ra f\u00f6retr\u00e4dare"],"inLanguage":"sv-SE"},{"@type":"WebPage","@id":"https:\/\/wp.kristdemokraterna.se\/uppsala\/segersam-kd-omvald-som-kommunalrad\/","url":"https:\/\/wp.kristdemokraterna.se\/uppsala\/segersam-kd-omvald-som-kommunalrad\/","name":"Segersam f\u00e5r f\u00f6rnyat f\u00f6rtroende som kommunalr\u00e5d | Kristdemokraterna | Uppsala","isPartOf":{"@id":"https:\/\/wp.kristdemokraterna.se\/uppsala\/#website"},"datePublished":"2018-10-15T11:32:08+00:00","dateModified":"2024-04-07T15:38:32+00:00","breadcrumb":{"@id":"https:\/\/wp.kristdemokraterna.se\/uppsala\/segersam-kd-omvald-som-kommunalrad\/#breadcrumb"},"inLanguage":"sv-SE","potentialAction":[{"@type":"ReadAction","target":["https:\/\/wp.kristdemokraterna.se\/uppsala\/segersam-kd-omvald-som-kommunalrad\/"]}]},{"@type":"BreadcrumbList","@id":"https:\/\/wp.kristdemokraterna.se\/uppsala\/segersam-kd-omvald-som-kommunalrad\/#breadcrumb","itemListElement":[{"@type":"ListItem","position":1,"name":"Hem","item":"https:\/\/wp.kristdemokraterna.se\/uppsala\/"},{"@type":"ListItem","position":2,"name":"Segersam f\u00e5r f\u00f6rnyat f\u00f6rtroende som kommunalr\u00e5d"}]},{"@type":"WebSite","@id":"https:\/\/wp.kristdemokraterna.se\/uppsala\/#website","url":"https:\/\/wp.kristdemokraterna.se\/uppsala\/","name":"Kristdemokraterna Uppsala","description":"Tryggare Uppsala","publisher":{"@id":"https:\/\/wp.kristdemokraterna.se\/uppsala\/#organization"},"inLanguage":"sv-SE"},{"@type":"Organization","@id":"https:\/\/wp.kristdemokraterna.se\/uppsala\/#organization","name":"Kristdemokraterna Uppsala","url":"https:\/\/wp.kristdemokraterna.se\/uppsala\/","logo":{"@type":"ImageObject","inLanguage":"sv-SE","@id":"https:\/\/wp.kristdemokraterna.se\/uppsala\/#\/schema\/logo\/image\/","url":"https:\/\/wp.kristdemokraterna.se\/uppsala\/files\/2019\/10\/kd-uppsala.png","contentUrl":"https:\/\/wp.kristdemokraterna.se\/uppsala\/files\/2019\/10\/kd-uppsala.png","width":804,"height":421,"caption":"Kristdemokraterna Uppsala"},"image":{"@id":"https:\/\/wp.kristdemokraterna.se\/uppsala\/#\/schema\/logo\/image\/"},"sameAs":["https:\/\/www.facebook.com\/UppsalaKD\/","https:\/\/www.instagram.com\/uppsalakd\/"]},{"@type":"Person","@id":"https:\/\/wp.kristdemokraterna.se\/uppsala\/#\/schema\/person\/038d805d685fb0ce5ad14ab8711d8e84","name":"Mimmi Westerlund","image":{"@type":"ImageObject","inLanguage":"sv-SE","@id":"https:\/\/secure.gravatar.com\/avatar\/a5697359f709b6b10d9c7e6a7c89f3e054554dedb4657d5ffe9e5bc5b1445841?s=96&r=g","url":"https:\/\/secure.gravatar.com\/avatar\/a5697359f709b6b10d9c7e6a7c89f3e054554dedb4657d5ffe9e5bc5b1445841?s=96&r=g","contentUrl":"https:\/\/secure.gravatar.com\/avatar\/a5697359f709b6b10d9c7e6a7c89f3e054554dedb4657d5ffe9e5bc5b1445841?s=96&r=g","caption":"Mimmi Westerlund"},"url":"https:\/\/wp.kristdemokraterna.se\/uppsala\/author\/mimmi\/"}]}},"_links":{"self":[{"href":"https:\/\/wp.kristdemokraterna.se\/uppsala\/wp-json\/wp\/v2\/posts\/2890","targetHints":{"allow":["GET"]}}],"collection":[{"href":"https:\/\/wp.kristdemokraterna.se\/uppsala\/wp-json\/wp\/v2\/posts"}],"about":[{"href":"https:\/\/wp.kristdemokraterna.se\/uppsala\/wp-json\/wp\/v2\/types\/post"}],"author":[{"embeddable":true,"href":"https:\/\/wp.kristdemokraterna.se\/uppsala\/wp-json\/wp\/v2\/users\/702"}],"replies":[{"embeddable":true,"href":"https:\/\/wp.kristdemokraterna.se\/uppsala\/wp-json\/wp\/v2\/comments?post=2890"}],"version-history":[{"count":6,"href":"https:\/\/wp.kristdemokraterna.se\/uppsala\/wp-json\/wp\/v2\/posts\/2890\/revisions"}],"predecessor-version":[{"id":2972,"href":"https:\/\/wp.kristdemokraterna.se\/uppsala\/wp-json\/wp\/v2\/posts\/2890\/revisions\/2972"}],"wp:attachment":[{"href":"https:\/\/wp.kristdemokraterna.se\/uppsala\/wp-json\/wp\/v2\/media?parent=2890"}],"wp:term":[{"taxonomy":"category","embeddable":true,"href":"https:\/\/wp.kristdemokraterna.se\/uppsala\/wp-json\/wp\/v2\/categories?post=2890"},{"taxonomy":"post_tag","embeddable":true,"href":"https:\/\/wp.kristdemokraterna.se\/uppsala\/wp-json\/wp\/v2\/tags?post=2890"}],"curies":[{"name":"wp","href":"https:\/\/api.w.org\/{rel}","templated":true}]}}