{"id":2974,"date":"2018-10-24T13:15:31","date_gmt":"2018-10-24T11:15:31","guid":{"rendered":"http:\/\/wp.kristdemokraterna.se\/uppsala\/?p=2974"},"modified":"2024-04-04T00:59:28","modified_gmt":"2024-04-03T22:59:28","slug":"kd-sager-nej-till-punkthus-i-rackarberget","status":"publish","type":"post","link":"https:\/\/wp.kristdemokraterna.se\/uppsala\/kd-sager-nej-till-punkthus-i-rackarberget\/","title":{"rendered":"KD s\u00e4ger nej till punkthus i Rackarberget"},"content":{"rendered":"<p><b><span style=\"color: #000000;font-family: Calibri\">Pressmeddelande\u00a0<\/span><\/b><b><span style=\"color: #000000;font-family: Calibri\">2018-10-24<\/span><\/b><\/p>\n<p><b><span style=\"color: #000000;font-family: Calibri\">\u00a0<\/span><\/b><span style=\"color: #000000;font-family: Calibri\">Idag behandlar kommunstyrelsen ett \u00e4rende g\u00e4llande detaljplan f\u00f6r Rackarberget. Kristdemokraterna yrkade som enda parti \u00e5terremiss i syfte att justera de tv\u00e5 punkthusen i den l\u00e4gre delen av omr\u00e5det. <\/span><\/p>\n<blockquote><p><span style=\"color: #000000;font-family: Calibri\">\u00a0<span style=\"color: #001000;font-family: Georgia\">&#8211; <\/span><\/span>Vi \u00e4r v\u00e4ldigt tveksamma till att kl\u00e4mma in tv\u00e5 h\u00f6ga hus p\u00e5 en redan t\u00e4tt bebyggd yta. De harmonierar dessutom inte med den \u00f6vriga bebyggelsen, vilket f\u00f6r oss \u00e4r viktigt n\u00e4r vi tar st\u00e4llning till nya f\u00f6rslag. De tv\u00e5 nya husen \u00e4r h\u00f6gre \u00e4n \u00f6vriga och t\u00e4cker igen ing\u00e5ngen till omr\u00e5det. Nu blir det smalare och m\u00f6rkare, vilket kan \u00f6ka den upplevda otryggheten. Vi vill att man justerar f\u00f6rslaget och tar h\u00e4nsyn till bland annat trygghetsperspektivet, kommenterar Jonas Segersam (KD).<\/p>\n<p>&#8211; Det finns flera problem med punkthus. Dels inneb\u00e4r det d\u00e5lig hush\u00e5llning med markytan, dels blir det m\u00e5nga l\u00e4genheter med samma trappuppg\u00e5ng. Det riskerar att bli socialt oh\u00e5llbart, avslutar han.<\/p><\/blockquote>\n<p><span style=\"font-family: Calibri\"><span style=\"color: #000000\">Handlingen \u00e5terfinns p\u00e5 kommunens hemsida: <\/span><a href=\"https:\/\/www.uppsala.se\/contentassets\/aa019a1b48e54638a6eb314de4747d0b\/6-detaljplan-for-rackarberget.pdf\">https:\/\/www.uppsala.se\/contentassets\/aa019a1b48e54638a6eb314de4747d0b\/6-detaljplan-for-rackarberget.pdf<\/a><\/span><\/p>\n<p><b><span style=\"color: #000000;font-family: Calibri\">F\u00f6r vidare kontakt:<\/span><\/b><\/p>\n<p><span style=\"color: #000000;font-family: Calibri\">Jonas Segersam<\/span><span style=\"color: #000000;font-family: Calibri\"><br \/>\nKommunalr\u00e5d (KD)<br \/>\n018-7271304<br \/>\njonas.segersam(at)uppsala.se<br \/>\n<\/span><\/p>\n","protected":false},"excerpt":{"rendered":"<p>Pressmeddelande\u00a02018-10-24 \u00a0Idag behandlar kommunstyrelsen ett \u00e4rende g\u00e4llande detaljplan f\u00f6r Rackarberget. Kristdemokraterna yrkade som enda parti \u00e5terremiss i syfte att justera de tv\u00e5 punkthusen i den l\u00e4gre delen av omr\u00e5det. \u00a0&#8211; Vi \u00e4r v\u00e4ldigt tveksamma till att kl\u00e4mma in tv\u00e5 h\u00f6ga hus p\u00e5 en redan t\u00e4tt bebyggd yta. De harmonierar dessutom inte med den \u00f6vriga bebyggelsen, <a class=\"read-more-link\" href=\"https:\/\/wp.kristdemokraterna.se\/uppsala\/kd-sager-nej-till-punkthus-i-rackarberget\/\">Read More<\/a><\/p>\n","protected":false},"author":702,"featured_media":0,"comment_status":"closed","ping_status":"closed","sticky":false,"template":"","format":"standard","meta":{"_acf_changed":false,"footnotes":""},"categories":[232],"tags":[],"class_list":["post-2974","post","type-post","status-publish","format-standard","hentry","category-kollektivtrafik-o-stadsplanering"],"acf":[],"yoast_head":"<!-- This site is optimized with the Yoast SEO plugin v27.4 - https:\/\/yoast.com\/product\/yoast-seo-wordpress\/ -->\n<title>KD s\u00e4ger nej till punkthus i Rackarberget | Kristdemokraterna | Uppsala<\/title>\n<meta name=\"robots\" content=\"index, follow, max-snippet:-1, max-image-preview:large, max-video-preview:-1\" \/>\n<link rel=\"canonical\" href=\"https:\/\/wp.kristdemokraterna.se\/uppsala\/kd-sager-nej-till-punkthus-i-rackarberget\/\" \/>\n<meta property=\"og:locale\" content=\"sv_SE\" \/>\n<meta property=\"og:type\" content=\"article\" \/>\n<meta property=\"og:title\" content=\"KD s\u00e4ger nej till punkthus i Rackarberget | Kristdemokraterna | Uppsala\" \/>\n<meta property=\"og:description\" content=\"Pressmeddelande\u00a02018-10-24 \u00a0Idag behandlar kommunstyrelsen ett \u00e4rende g\u00e4llande detaljplan f\u00f6r Rackarberget. Kristdemokraterna yrkade som enda parti \u00e5terremiss i syfte att justera de tv\u00e5 punkthusen i den l\u00e4gre delen av omr\u00e5det. \u00a0&#8211; Vi \u00e4r v\u00e4ldigt tveksamma till att kl\u00e4mma in tv\u00e5 h\u00f6ga hus p\u00e5 en redan t\u00e4tt bebyggd yta. De harmonierar dessutom inte med den \u00f6vriga bebyggelsen, Read More\" \/>\n<meta property=\"og:url\" content=\"https:\/\/wp.kristdemokraterna.se\/uppsala\/kd-sager-nej-till-punkthus-i-rackarberget\/\" \/>\n<meta property=\"og:site_name\" content=\"Kristdemokraterna | Uppsala\" \/>\n<meta property=\"article:publisher\" content=\"https:\/\/www.facebook.com\/UppsalaKD\/\" \/>\n<meta property=\"article:published_time\" content=\"2018-10-24T11:15:31+00:00\" \/>\n<meta property=\"article:modified_time\" content=\"2024-04-03T22:59:28+00:00\" \/>\n<meta property=\"og:image\" content=\"https:\/\/wp.kristdemokraterna.se\/uppsala\/files\/2021\/12\/kom1.png\" \/>\n\t<meta property=\"og:image:width\" content=\"770\" \/>\n\t<meta property=\"og:image:height\" content=\"404\" \/>\n\t<meta property=\"og:image:type\" content=\"image\/png\" \/>\n<meta name=\"author\" content=\"Mimmi Westerlund\" \/>\n<meta name=\"twitter:card\" content=\"summary_large_image\" \/>\n<meta name=\"twitter:label1\" content=\"Skriven av\" \/>\n\t<meta name=\"twitter:data1\" content=\"Mimmi Westerlund\" \/>\n\t<meta name=\"twitter:label2\" content=\"Ber\u00e4knad l\u00e4stid\" \/>\n\t<meta name=\"twitter:data2\" content=\"1 minut\" \/>\n<script type=\"application\/ld+json\" class=\"yoast-schema-graph\">{\"@context\":\"https:\\\/\\\/schema.org\",\"@graph\":[{\"@type\":\"Article\",\"@id\":\"https:\\\/\\\/wp.kristdemokraterna.se\\\/uppsala\\\/kd-sager-nej-till-punkthus-i-rackarberget\\\/#article\",\"isPartOf\":{\"@id\":\"https:\\\/\\\/wp.kristdemokraterna.se\\\/uppsala\\\/kd-sager-nej-till-punkthus-i-rackarberget\\\/\"},\"author\":{\"name\":\"Mimmi Westerlund\",\"@id\":\"https:\\\/\\\/wp.kristdemokraterna.se\\\/uppsala\\\/#\\\/schema\\\/person\\\/038d805d685fb0ce5ad14ab8711d8e84\"},\"headline\":\"KD s\u00e4ger nej till punkthus i Rackarberget\",\"datePublished\":\"2018-10-24T11:15:31+00:00\",\"dateModified\":\"2024-04-03T22:59:28+00:00\",\"mainEntityOfPage\":{\"@id\":\"https:\\\/\\\/wp.kristdemokraterna.se\\\/uppsala\\\/kd-sager-nej-till-punkthus-i-rackarberget\\\/\"},\"wordCount\":212,\"publisher\":{\"@id\":\"https:\\\/\\\/wp.kristdemokraterna.se\\\/uppsala\\\/#organization\"},\"articleSection\":[\"Kollektivtrafik &amp; Stadsplanering\"],\"inLanguage\":\"sv-SE\"},{\"@type\":\"WebPage\",\"@id\":\"https:\\\/\\\/wp.kristdemokraterna.se\\\/uppsala\\\/kd-sager-nej-till-punkthus-i-rackarberget\\\/\",\"url\":\"https:\\\/\\\/wp.kristdemokraterna.se\\\/uppsala\\\/kd-sager-nej-till-punkthus-i-rackarberget\\\/\",\"name\":\"KD s\u00e4ger nej till punkthus i Rackarberget | Kristdemokraterna | Uppsala\",\"isPartOf\":{\"@id\":\"https:\\\/\\\/wp.kristdemokraterna.se\\\/uppsala\\\/#website\"},\"datePublished\":\"2018-10-24T11:15:31+00:00\",\"dateModified\":\"2024-04-03T22:59:28+00:00\",\"breadcrumb\":{\"@id\":\"https:\\\/\\\/wp.kristdemokraterna.se\\\/uppsala\\\/kd-sager-nej-till-punkthus-i-rackarberget\\\/#breadcrumb\"},\"inLanguage\":\"sv-SE\",\"potentialAction\":[{\"@type\":\"ReadAction\",\"target\":[\"https:\\\/\\\/wp.kristdemokraterna.se\\\/uppsala\\\/kd-sager-nej-till-punkthus-i-rackarberget\\\/\"]}]},{\"@type\":\"BreadcrumbList\",\"@id\":\"https:\\\/\\\/wp.kristdemokraterna.se\\\/uppsala\\\/kd-sager-nej-till-punkthus-i-rackarberget\\\/#breadcrumb\",\"itemListElement\":[{\"@type\":\"ListItem\",\"position\":1,\"name\":\"Hem\",\"item\":\"https:\\\/\\\/wp.kristdemokraterna.se\\\/uppsala\\\/\"},{\"@type\":\"ListItem\",\"position\":2,\"name\":\"KD s\u00e4ger nej till punkthus i Rackarberget\"}]},{\"@type\":\"WebSite\",\"@id\":\"https:\\\/\\\/wp.kristdemokraterna.se\\\/uppsala\\\/#website\",\"url\":\"https:\\\/\\\/wp.kristdemokraterna.se\\\/uppsala\\\/\",\"name\":\"Kristdemokraterna Uppsala\",\"description\":\"Tryggare Uppsala\",\"publisher\":{\"@id\":\"https:\\\/\\\/wp.kristdemokraterna.se\\\/uppsala\\\/#organization\"},\"inLanguage\":\"sv-SE\"},{\"@type\":\"Organization\",\"@id\":\"https:\\\/\\\/wp.kristdemokraterna.se\\\/uppsala\\\/#organization\",\"name\":\"Kristdemokraterna Uppsala\",\"url\":\"https:\\\/\\\/wp.kristdemokraterna.se\\\/uppsala\\\/\",\"logo\":{\"@type\":\"ImageObject\",\"inLanguage\":\"sv-SE\",\"@id\":\"https:\\\/\\\/wp.kristdemokraterna.se\\\/uppsala\\\/#\\\/schema\\\/logo\\\/image\\\/\",\"url\":\"https:\\\/\\\/wp.kristdemokraterna.se\\\/uppsala\\\/files\\\/2019\\\/10\\\/kd-uppsala.png\",\"contentUrl\":\"https:\\\/\\\/wp.kristdemokraterna.se\\\/uppsala\\\/files\\\/2019\\\/10\\\/kd-uppsala.png\",\"width\":804,\"height\":421,\"caption\":\"Kristdemokraterna Uppsala\"},\"image\":{\"@id\":\"https:\\\/\\\/wp.kristdemokraterna.se\\\/uppsala\\\/#\\\/schema\\\/logo\\\/image\\\/\"},\"sameAs\":[\"https:\\\/\\\/www.facebook.com\\\/UppsalaKD\\\/\",\"https:\\\/\\\/www.instagram.com\\\/uppsalakd\\\/\"]},{\"@type\":\"Person\",\"@id\":\"https:\\\/\\\/wp.kristdemokraterna.se\\\/uppsala\\\/#\\\/schema\\\/person\\\/038d805d685fb0ce5ad14ab8711d8e84\",\"name\":\"Mimmi Westerlund\",\"image\":{\"@type\":\"ImageObject\",\"inLanguage\":\"sv-SE\",\"@id\":\"https:\\\/\\\/secure.gravatar.com\\\/avatar\\\/a5697359f709b6b10d9c7e6a7c89f3e054554dedb4657d5ffe9e5bc5b1445841?s=96&r=g\",\"url\":\"https:\\\/\\\/secure.gravatar.com\\\/avatar\\\/a5697359f709b6b10d9c7e6a7c89f3e054554dedb4657d5ffe9e5bc5b1445841?s=96&r=g\",\"contentUrl\":\"https:\\\/\\\/secure.gravatar.com\\\/avatar\\\/a5697359f709b6b10d9c7e6a7c89f3e054554dedb4657d5ffe9e5bc5b1445841?s=96&r=g\",\"caption\":\"Mimmi Westerlund\"},\"url\":\"https:\\\/\\\/wp.kristdemokraterna.se\\\/uppsala\\\/author\\\/mimmi\\\/\"}]}<\/script>\n<!-- \/ Yoast SEO plugin. -->","yoast_head_json":{"title":"KD s\u00e4ger nej till punkthus i Rackarberget | Kristdemokraterna | Uppsala","robots":{"index":"index","follow":"follow","max-snippet":"max-snippet:-1","max-image-preview":"max-image-preview:large","max-video-preview":"max-video-preview:-1"},"canonical":"https:\/\/wp.kristdemokraterna.se\/uppsala\/kd-sager-nej-till-punkthus-i-rackarberget\/","og_locale":"sv_SE","og_type":"article","og_title":"KD s\u00e4ger nej till punkthus i Rackarberget | Kristdemokraterna | Uppsala","og_description":"Pressmeddelande\u00a02018-10-24 \u00a0Idag behandlar kommunstyrelsen ett \u00e4rende g\u00e4llande detaljplan f\u00f6r Rackarberget. Kristdemokraterna yrkade som enda parti \u00e5terremiss i syfte att justera de tv\u00e5 punkthusen i den l\u00e4gre delen av omr\u00e5det. \u00a0&#8211; Vi \u00e4r v\u00e4ldigt tveksamma till att kl\u00e4mma in tv\u00e5 h\u00f6ga hus p\u00e5 en redan t\u00e4tt bebyggd yta. De harmonierar dessutom inte med den \u00f6vriga bebyggelsen, Read More","og_url":"https:\/\/wp.kristdemokraterna.se\/uppsala\/kd-sager-nej-till-punkthus-i-rackarberget\/","og_site_name":"Kristdemokraterna | Uppsala","article_publisher":"https:\/\/www.facebook.com\/UppsalaKD\/","article_published_time":"2018-10-24T11:15:31+00:00","article_modified_time":"2024-04-03T22:59:28+00:00","og_image":[{"width":770,"height":404,"url":"https:\/\/wp.kristdemokraterna.se\/uppsala\/files\/2021\/12\/kom1.png","type":"image\/png"}],"author":"Mimmi Westerlund","twitter_card":"summary_large_image","twitter_misc":{"Skriven av":"Mimmi Westerlund","Ber\u00e4knad l\u00e4stid":"1 minut"},"schema":{"@context":"https:\/\/schema.org","@graph":[{"@type":"Article","@id":"https:\/\/wp.kristdemokraterna.se\/uppsala\/kd-sager-nej-till-punkthus-i-rackarberget\/#article","isPartOf":{"@id":"https:\/\/wp.kristdemokraterna.se\/uppsala\/kd-sager-nej-till-punkthus-i-rackarberget\/"},"author":{"name":"Mimmi Westerlund","@id":"https:\/\/wp.kristdemokraterna.se\/uppsala\/#\/schema\/person\/038d805d685fb0ce5ad14ab8711d8e84"},"headline":"KD s\u00e4ger nej till punkthus i Rackarberget","datePublished":"2018-10-24T11:15:31+00:00","dateModified":"2024-04-03T22:59:28+00:00","mainEntityOfPage":{"@id":"https:\/\/wp.kristdemokraterna.se\/uppsala\/kd-sager-nej-till-punkthus-i-rackarberget\/"},"wordCount":212,"publisher":{"@id":"https:\/\/wp.kristdemokraterna.se\/uppsala\/#organization"},"articleSection":["Kollektivtrafik &amp; Stadsplanering"],"inLanguage":"sv-SE"},{"@type":"WebPage","@id":"https:\/\/wp.kristdemokraterna.se\/uppsala\/kd-sager-nej-till-punkthus-i-rackarberget\/","url":"https:\/\/wp.kristdemokraterna.se\/uppsala\/kd-sager-nej-till-punkthus-i-rackarberget\/","name":"KD s\u00e4ger nej till punkthus i Rackarberget | Kristdemokraterna | Uppsala","isPartOf":{"@id":"https:\/\/wp.kristdemokraterna.se\/uppsala\/#website"},"datePublished":"2018-10-24T11:15:31+00:00","dateModified":"2024-04-03T22:59:28+00:00","breadcrumb":{"@id":"https:\/\/wp.kristdemokraterna.se\/uppsala\/kd-sager-nej-till-punkthus-i-rackarberget\/#breadcrumb"},"inLanguage":"sv-SE","potentialAction":[{"@type":"ReadAction","target":["https:\/\/wp.kristdemokraterna.se\/uppsala\/kd-sager-nej-till-punkthus-i-rackarberget\/"]}]},{"@type":"BreadcrumbList","@id":"https:\/\/wp.kristdemokraterna.se\/uppsala\/kd-sager-nej-till-punkthus-i-rackarberget\/#breadcrumb","itemListElement":[{"@type":"ListItem","position":1,"name":"Hem","item":"https:\/\/wp.kristdemokraterna.se\/uppsala\/"},{"@type":"ListItem","position":2,"name":"KD s\u00e4ger nej till punkthus i Rackarberget"}]},{"@type":"WebSite","@id":"https:\/\/wp.kristdemokraterna.se\/uppsala\/#website","url":"https:\/\/wp.kristdemokraterna.se\/uppsala\/","name":"Kristdemokraterna Uppsala","description":"Tryggare Uppsala","publisher":{"@id":"https:\/\/wp.kristdemokraterna.se\/uppsala\/#organization"},"inLanguage":"sv-SE"},{"@type":"Organization","@id":"https:\/\/wp.kristdemokraterna.se\/uppsala\/#organization","name":"Kristdemokraterna Uppsala","url":"https:\/\/wp.kristdemokraterna.se\/uppsala\/","logo":{"@type":"ImageObject","inLanguage":"sv-SE","@id":"https:\/\/wp.kristdemokraterna.se\/uppsala\/#\/schema\/logo\/image\/","url":"https:\/\/wp.kristdemokraterna.se\/uppsala\/files\/2019\/10\/kd-uppsala.png","contentUrl":"https:\/\/wp.kristdemokraterna.se\/uppsala\/files\/2019\/10\/kd-uppsala.png","width":804,"height":421,"caption":"Kristdemokraterna Uppsala"},"image":{"@id":"https:\/\/wp.kristdemokraterna.se\/uppsala\/#\/schema\/logo\/image\/"},"sameAs":["https:\/\/www.facebook.com\/UppsalaKD\/","https:\/\/www.instagram.com\/uppsalakd\/"]},{"@type":"Person","@id":"https:\/\/wp.kristdemokraterna.se\/uppsala\/#\/schema\/person\/038d805d685fb0ce5ad14ab8711d8e84","name":"Mimmi Westerlund","image":{"@type":"ImageObject","inLanguage":"sv-SE","@id":"https:\/\/secure.gravatar.com\/avatar\/a5697359f709b6b10d9c7e6a7c89f3e054554dedb4657d5ffe9e5bc5b1445841?s=96&r=g","url":"https:\/\/secure.gravatar.com\/avatar\/a5697359f709b6b10d9c7e6a7c89f3e054554dedb4657d5ffe9e5bc5b1445841?s=96&r=g","contentUrl":"https:\/\/secure.gravatar.com\/avatar\/a5697359f709b6b10d9c7e6a7c89f3e054554dedb4657d5ffe9e5bc5b1445841?s=96&r=g","caption":"Mimmi Westerlund"},"url":"https:\/\/wp.kristdemokraterna.se\/uppsala\/author\/mimmi\/"}]}},"_links":{"self":[{"href":"https:\/\/wp.kristdemokraterna.se\/uppsala\/wp-json\/wp\/v2\/posts\/2974","targetHints":{"allow":["GET"]}}],"collection":[{"href":"https:\/\/wp.kristdemokraterna.se\/uppsala\/wp-json\/wp\/v2\/posts"}],"about":[{"href":"https:\/\/wp.kristdemokraterna.se\/uppsala\/wp-json\/wp\/v2\/types\/post"}],"author":[{"embeddable":true,"href":"https:\/\/wp.kristdemokraterna.se\/uppsala\/wp-json\/wp\/v2\/users\/702"}],"replies":[{"embeddable":true,"href":"https:\/\/wp.kristdemokraterna.se\/uppsala\/wp-json\/wp\/v2\/comments?post=2974"}],"version-history":[{"count":7,"href":"https:\/\/wp.kristdemokraterna.se\/uppsala\/wp-json\/wp\/v2\/posts\/2974\/revisions"}],"predecessor-version":[{"id":2985,"href":"https:\/\/wp.kristdemokraterna.se\/uppsala\/wp-json\/wp\/v2\/posts\/2974\/revisions\/2985"}],"wp:attachment":[{"href":"https:\/\/wp.kristdemokraterna.se\/uppsala\/wp-json\/wp\/v2\/media?parent=2974"}],"wp:term":[{"taxonomy":"category","embeddable":true,"href":"https:\/\/wp.kristdemokraterna.se\/uppsala\/wp-json\/wp\/v2\/categories?post=2974"},{"taxonomy":"post_tag","embeddable":true,"href":"https:\/\/wp.kristdemokraterna.se\/uppsala\/wp-json\/wp\/v2\/tags?post=2974"}],"curies":[{"name":"wp","href":"https:\/\/api.w.org\/{rel}","templated":true}]}}