{"id":3119,"date":"2018-12-11T14:08:09","date_gmt":"2018-12-11T13:08:09","guid":{"rendered":"http:\/\/wp.kristdemokraterna.se\/uppsala\/?p=3119"},"modified":"2024-04-07T17:37:31","modified_gmt":"2024-04-07T15:37:31","slug":"segersam-kd-vice-ordforande-i-utbildningsnamnden","status":"publish","type":"post","link":"https:\/\/wp.kristdemokraterna.se\/uppsala\/segersam-kd-vice-ordforande-i-utbildningsnamnden\/","title":{"rendered":"Segersam (KD) vice ordf\u00f6rande i Utbildningsn\u00e4mnden"},"content":{"rendered":"<p><strong>Kristdemokraternas kommunalr\u00e5d Jonas Segersam har valts till andre vice ordf\u00f6rande i Utbildningsn\u00e4mnden. Han kommenterar:<\/strong><\/p>\n<blockquote><p>&#8211; P\u00e5 senaste kommunfullm\u00e4ktige genomf\u00f6rde vi alla val till styrelser och n\u00e4mnder. Jag fick det stora f\u00f6rtroendet att f\u00f6rutom kommunalr\u00e5dskapet och kommunstyrelsen ocks\u00e5 f\u00e5 bli andre vice ordf\u00f6rande i utbildningsn\u00e4mnden. Det \u00e4r kommunens st\u00f6rsta n\u00e4mnd med budgetansvar f\u00f6r h\u00e4lften av kommunens ekonomi. Det \u00e4r ett stort och f\u00f6rpliktigande ansvar och jag ser fram emot att leda oppositionsarbetet inom Uppsalaalliansen!<\/p><\/blockquote>\n<p><strong>Jonas har b\u00e5de pedagogisk utbildning, erfarenhet av arbete p\u00e5 skola, och av att starta och driva f\u00f6retag inom barnomsorgen.<\/strong><\/p>\n<blockquote><p>&#8211; Vi kommer alltid att v\u00e4rna en h\u00f6g kvalitet inom s\u00e5v\u00e4l barnomsorgen som i skolundervisningen. Det \u00e4r viktigare nu \u00e4n n\u00e5gonsin att vi i oppositionen st\u00e5r upp f\u00f6r valfriheten genom det fria skolvalet, och det arbetet ser jag fram emot att leda.<\/p><\/blockquote>\n","protected":false},"excerpt":{"rendered":"<p>Kristdemokraternas kommunalr\u00e5d Jonas Segersam har valts till andre vice ordf\u00f6rande i Utbildningsn\u00e4mnden. Han kommenterar: &#8211; P\u00e5 senaste kommunfullm\u00e4ktige genomf\u00f6rde vi alla val till styrelser och n\u00e4mnder. Jag fick det stora f\u00f6rtroendet att f\u00f6rutom kommunalr\u00e5dskapet och kommunstyrelsen ocks\u00e5 f\u00e5 bli andre vice ordf\u00f6rande i utbildningsn\u00e4mnden. Det \u00e4r kommunens st\u00f6rsta n\u00e4mnd med budgetansvar f\u00f6r h\u00e4lften av kommunens <a class=\"read-more-link\" href=\"https:\/\/wp.kristdemokraterna.se\/uppsala\/segersam-kd-vice-ordforande-i-utbildningsnamnden\/\">Read More<\/a><\/p>\n","protected":false},"author":702,"featured_media":0,"comment_status":"closed","ping_status":"closed","sticky":false,"template":"","format":"standard","meta":{"_acf_changed":false,"footnotes":""},"categories":[259],"tags":[22],"class_list":["post-3119","post","type-post","status-publish","format-standard","hentry","category-vara-foretradare","tag-jonas-segersam"],"acf":[],"yoast_head":"<!-- This site is optimized with the Yoast SEO plugin v27.4 - https:\/\/yoast.com\/product\/yoast-seo-wordpress\/ -->\n<title>Segersam (KD) vice ordf\u00f6rande i Utbildningsn\u00e4mnden | Kristdemokraterna | Uppsala<\/title>\n<meta name=\"robots\" content=\"index, follow, max-snippet:-1, max-image-preview:large, max-video-preview:-1\" \/>\n<link rel=\"canonical\" href=\"https:\/\/wp.kristdemokraterna.se\/uppsala\/segersam-kd-vice-ordforande-i-utbildningsnamnden\/\" \/>\n<meta property=\"og:locale\" content=\"sv_SE\" \/>\n<meta property=\"og:type\" content=\"article\" \/>\n<meta property=\"og:title\" content=\"Segersam (KD) vice ordf\u00f6rande i Utbildningsn\u00e4mnden | Kristdemokraterna | Uppsala\" \/>\n<meta property=\"og:description\" content=\"Kristdemokraternas kommunalr\u00e5d Jonas Segersam har valts till andre vice ordf\u00f6rande i Utbildningsn\u00e4mnden. Han kommenterar: &#8211; P\u00e5 senaste kommunfullm\u00e4ktige genomf\u00f6rde vi alla val till styrelser och n\u00e4mnder. Jag fick det stora f\u00f6rtroendet att f\u00f6rutom kommunalr\u00e5dskapet och kommunstyrelsen ocks\u00e5 f\u00e5 bli andre vice ordf\u00f6rande i utbildningsn\u00e4mnden. Det \u00e4r kommunens st\u00f6rsta n\u00e4mnd med budgetansvar f\u00f6r h\u00e4lften av kommunens Read More\" \/>\n<meta property=\"og:url\" content=\"https:\/\/wp.kristdemokraterna.se\/uppsala\/segersam-kd-vice-ordforande-i-utbildningsnamnden\/\" \/>\n<meta property=\"og:site_name\" content=\"Kristdemokraterna | Uppsala\" \/>\n<meta property=\"article:publisher\" content=\"https:\/\/www.facebook.com\/UppsalaKD\/\" \/>\n<meta property=\"article:published_time\" content=\"2018-12-11T13:08:09+00:00\" \/>\n<meta property=\"article:modified_time\" content=\"2024-04-07T15:37:31+00:00\" \/>\n<meta property=\"og:image\" content=\"https:\/\/wp.kristdemokraterna.se\/uppsala\/files\/2021\/12\/kom1.png\" \/>\n\t<meta property=\"og:image:width\" content=\"770\" \/>\n\t<meta property=\"og:image:height\" content=\"404\" \/>\n\t<meta property=\"og:image:type\" content=\"image\/png\" \/>\n<meta name=\"author\" content=\"Mimmi Westerlund\" \/>\n<meta name=\"twitter:card\" content=\"summary_large_image\" \/>\n<meta name=\"twitter:label1\" content=\"Skriven av\" \/>\n\t<meta name=\"twitter:data1\" content=\"Mimmi Westerlund\" \/>\n\t<meta name=\"twitter:label2\" content=\"Ber\u00e4knad l\u00e4stid\" \/>\n\t<meta name=\"twitter:data2\" content=\"1 minut\" \/>\n<script type=\"application\/ld+json\" class=\"yoast-schema-graph\">{\"@context\":\"https:\\\/\\\/schema.org\",\"@graph\":[{\"@type\":\"Article\",\"@id\":\"https:\\\/\\\/wp.kristdemokraterna.se\\\/uppsala\\\/segersam-kd-vice-ordforande-i-utbildningsnamnden\\\/#article\",\"isPartOf\":{\"@id\":\"https:\\\/\\\/wp.kristdemokraterna.se\\\/uppsala\\\/segersam-kd-vice-ordforande-i-utbildningsnamnden\\\/\"},\"author\":{\"name\":\"Mimmi Westerlund\",\"@id\":\"https:\\\/\\\/wp.kristdemokraterna.se\\\/uppsala\\\/#\\\/schema\\\/person\\\/038d805d685fb0ce5ad14ab8711d8e84\"},\"headline\":\"Segersam (KD) vice ordf\u00f6rande i Utbildningsn\u00e4mnden\",\"datePublished\":\"2018-12-11T13:08:09+00:00\",\"dateModified\":\"2024-04-07T15:37:31+00:00\",\"mainEntityOfPage\":{\"@id\":\"https:\\\/\\\/wp.kristdemokraterna.se\\\/uppsala\\\/segersam-kd-vice-ordforande-i-utbildningsnamnden\\\/\"},\"wordCount\":167,\"publisher\":{\"@id\":\"https:\\\/\\\/wp.kristdemokraterna.se\\\/uppsala\\\/#organization\"},\"keywords\":[\"Jonas Segersam\"],\"articleSection\":[\"V\u00e5ra f\u00f6retr\u00e4dare\"],\"inLanguage\":\"sv-SE\"},{\"@type\":\"WebPage\",\"@id\":\"https:\\\/\\\/wp.kristdemokraterna.se\\\/uppsala\\\/segersam-kd-vice-ordforande-i-utbildningsnamnden\\\/\",\"url\":\"https:\\\/\\\/wp.kristdemokraterna.se\\\/uppsala\\\/segersam-kd-vice-ordforande-i-utbildningsnamnden\\\/\",\"name\":\"Segersam (KD) vice ordf\u00f6rande i Utbildningsn\u00e4mnden | Kristdemokraterna | Uppsala\",\"isPartOf\":{\"@id\":\"https:\\\/\\\/wp.kristdemokraterna.se\\\/uppsala\\\/#website\"},\"datePublished\":\"2018-12-11T13:08:09+00:00\",\"dateModified\":\"2024-04-07T15:37:31+00:00\",\"breadcrumb\":{\"@id\":\"https:\\\/\\\/wp.kristdemokraterna.se\\\/uppsala\\\/segersam-kd-vice-ordforande-i-utbildningsnamnden\\\/#breadcrumb\"},\"inLanguage\":\"sv-SE\",\"potentialAction\":[{\"@type\":\"ReadAction\",\"target\":[\"https:\\\/\\\/wp.kristdemokraterna.se\\\/uppsala\\\/segersam-kd-vice-ordforande-i-utbildningsnamnden\\\/\"]}]},{\"@type\":\"BreadcrumbList\",\"@id\":\"https:\\\/\\\/wp.kristdemokraterna.se\\\/uppsala\\\/segersam-kd-vice-ordforande-i-utbildningsnamnden\\\/#breadcrumb\",\"itemListElement\":[{\"@type\":\"ListItem\",\"position\":1,\"name\":\"Hem\",\"item\":\"https:\\\/\\\/wp.kristdemokraterna.se\\\/uppsala\\\/\"},{\"@type\":\"ListItem\",\"position\":2,\"name\":\"Segersam (KD) vice ordf\u00f6rande i Utbildningsn\u00e4mnden\"}]},{\"@type\":\"WebSite\",\"@id\":\"https:\\\/\\\/wp.kristdemokraterna.se\\\/uppsala\\\/#website\",\"url\":\"https:\\\/\\\/wp.kristdemokraterna.se\\\/uppsala\\\/\",\"name\":\"Kristdemokraterna Uppsala\",\"description\":\"Tryggare Uppsala\",\"publisher\":{\"@id\":\"https:\\\/\\\/wp.kristdemokraterna.se\\\/uppsala\\\/#organization\"},\"inLanguage\":\"sv-SE\"},{\"@type\":\"Organization\",\"@id\":\"https:\\\/\\\/wp.kristdemokraterna.se\\\/uppsala\\\/#organization\",\"name\":\"Kristdemokraterna Uppsala\",\"url\":\"https:\\\/\\\/wp.kristdemokraterna.se\\\/uppsala\\\/\",\"logo\":{\"@type\":\"ImageObject\",\"inLanguage\":\"sv-SE\",\"@id\":\"https:\\\/\\\/wp.kristdemokraterna.se\\\/uppsala\\\/#\\\/schema\\\/logo\\\/image\\\/\",\"url\":\"https:\\\/\\\/wp.kristdemokraterna.se\\\/uppsala\\\/files\\\/2019\\\/10\\\/kd-uppsala.png\",\"contentUrl\":\"https:\\\/\\\/wp.kristdemokraterna.se\\\/uppsala\\\/files\\\/2019\\\/10\\\/kd-uppsala.png\",\"width\":804,\"height\":421,\"caption\":\"Kristdemokraterna Uppsala\"},\"image\":{\"@id\":\"https:\\\/\\\/wp.kristdemokraterna.se\\\/uppsala\\\/#\\\/schema\\\/logo\\\/image\\\/\"},\"sameAs\":[\"https:\\\/\\\/www.facebook.com\\\/UppsalaKD\\\/\",\"https:\\\/\\\/www.instagram.com\\\/uppsalakd\\\/\"]},{\"@type\":\"Person\",\"@id\":\"https:\\\/\\\/wp.kristdemokraterna.se\\\/uppsala\\\/#\\\/schema\\\/person\\\/038d805d685fb0ce5ad14ab8711d8e84\",\"name\":\"Mimmi Westerlund\",\"image\":{\"@type\":\"ImageObject\",\"inLanguage\":\"sv-SE\",\"@id\":\"https:\\\/\\\/secure.gravatar.com\\\/avatar\\\/a5697359f709b6b10d9c7e6a7c89f3e054554dedb4657d5ffe9e5bc5b1445841?s=96&r=g\",\"url\":\"https:\\\/\\\/secure.gravatar.com\\\/avatar\\\/a5697359f709b6b10d9c7e6a7c89f3e054554dedb4657d5ffe9e5bc5b1445841?s=96&r=g\",\"contentUrl\":\"https:\\\/\\\/secure.gravatar.com\\\/avatar\\\/a5697359f709b6b10d9c7e6a7c89f3e054554dedb4657d5ffe9e5bc5b1445841?s=96&r=g\",\"caption\":\"Mimmi Westerlund\"},\"url\":\"https:\\\/\\\/wp.kristdemokraterna.se\\\/uppsala\\\/author\\\/mimmi\\\/\"}]}<\/script>\n<!-- \/ Yoast SEO plugin. -->","yoast_head_json":{"title":"Segersam (KD) vice ordf\u00f6rande i Utbildningsn\u00e4mnden | Kristdemokraterna | Uppsala","robots":{"index":"index","follow":"follow","max-snippet":"max-snippet:-1","max-image-preview":"max-image-preview:large","max-video-preview":"max-video-preview:-1"},"canonical":"https:\/\/wp.kristdemokraterna.se\/uppsala\/segersam-kd-vice-ordforande-i-utbildningsnamnden\/","og_locale":"sv_SE","og_type":"article","og_title":"Segersam (KD) vice ordf\u00f6rande i Utbildningsn\u00e4mnden | Kristdemokraterna | Uppsala","og_description":"Kristdemokraternas kommunalr\u00e5d Jonas Segersam har valts till andre vice ordf\u00f6rande i Utbildningsn\u00e4mnden. Han kommenterar: &#8211; P\u00e5 senaste kommunfullm\u00e4ktige genomf\u00f6rde vi alla val till styrelser och n\u00e4mnder. Jag fick det stora f\u00f6rtroendet att f\u00f6rutom kommunalr\u00e5dskapet och kommunstyrelsen ocks\u00e5 f\u00e5 bli andre vice ordf\u00f6rande i utbildningsn\u00e4mnden. Det \u00e4r kommunens st\u00f6rsta n\u00e4mnd med budgetansvar f\u00f6r h\u00e4lften av kommunens Read More","og_url":"https:\/\/wp.kristdemokraterna.se\/uppsala\/segersam-kd-vice-ordforande-i-utbildningsnamnden\/","og_site_name":"Kristdemokraterna | Uppsala","article_publisher":"https:\/\/www.facebook.com\/UppsalaKD\/","article_published_time":"2018-12-11T13:08:09+00:00","article_modified_time":"2024-04-07T15:37:31+00:00","og_image":[{"width":770,"height":404,"url":"https:\/\/wp.kristdemokraterna.se\/uppsala\/files\/2021\/12\/kom1.png","type":"image\/png"}],"author":"Mimmi Westerlund","twitter_card":"summary_large_image","twitter_misc":{"Skriven av":"Mimmi Westerlund","Ber\u00e4knad l\u00e4stid":"1 minut"},"schema":{"@context":"https:\/\/schema.org","@graph":[{"@type":"Article","@id":"https:\/\/wp.kristdemokraterna.se\/uppsala\/segersam-kd-vice-ordforande-i-utbildningsnamnden\/#article","isPartOf":{"@id":"https:\/\/wp.kristdemokraterna.se\/uppsala\/segersam-kd-vice-ordforande-i-utbildningsnamnden\/"},"author":{"name":"Mimmi Westerlund","@id":"https:\/\/wp.kristdemokraterna.se\/uppsala\/#\/schema\/person\/038d805d685fb0ce5ad14ab8711d8e84"},"headline":"Segersam (KD) vice ordf\u00f6rande i Utbildningsn\u00e4mnden","datePublished":"2018-12-11T13:08:09+00:00","dateModified":"2024-04-07T15:37:31+00:00","mainEntityOfPage":{"@id":"https:\/\/wp.kristdemokraterna.se\/uppsala\/segersam-kd-vice-ordforande-i-utbildningsnamnden\/"},"wordCount":167,"publisher":{"@id":"https:\/\/wp.kristdemokraterna.se\/uppsala\/#organization"},"keywords":["Jonas Segersam"],"articleSection":["V\u00e5ra f\u00f6retr\u00e4dare"],"inLanguage":"sv-SE"},{"@type":"WebPage","@id":"https:\/\/wp.kristdemokraterna.se\/uppsala\/segersam-kd-vice-ordforande-i-utbildningsnamnden\/","url":"https:\/\/wp.kristdemokraterna.se\/uppsala\/segersam-kd-vice-ordforande-i-utbildningsnamnden\/","name":"Segersam (KD) vice ordf\u00f6rande i Utbildningsn\u00e4mnden | Kristdemokraterna | Uppsala","isPartOf":{"@id":"https:\/\/wp.kristdemokraterna.se\/uppsala\/#website"},"datePublished":"2018-12-11T13:08:09+00:00","dateModified":"2024-04-07T15:37:31+00:00","breadcrumb":{"@id":"https:\/\/wp.kristdemokraterna.se\/uppsala\/segersam-kd-vice-ordforande-i-utbildningsnamnden\/#breadcrumb"},"inLanguage":"sv-SE","potentialAction":[{"@type":"ReadAction","target":["https:\/\/wp.kristdemokraterna.se\/uppsala\/segersam-kd-vice-ordforande-i-utbildningsnamnden\/"]}]},{"@type":"BreadcrumbList","@id":"https:\/\/wp.kristdemokraterna.se\/uppsala\/segersam-kd-vice-ordforande-i-utbildningsnamnden\/#breadcrumb","itemListElement":[{"@type":"ListItem","position":1,"name":"Hem","item":"https:\/\/wp.kristdemokraterna.se\/uppsala\/"},{"@type":"ListItem","position":2,"name":"Segersam (KD) vice ordf\u00f6rande i Utbildningsn\u00e4mnden"}]},{"@type":"WebSite","@id":"https:\/\/wp.kristdemokraterna.se\/uppsala\/#website","url":"https:\/\/wp.kristdemokraterna.se\/uppsala\/","name":"Kristdemokraterna Uppsala","description":"Tryggare Uppsala","publisher":{"@id":"https:\/\/wp.kristdemokraterna.se\/uppsala\/#organization"},"inLanguage":"sv-SE"},{"@type":"Organization","@id":"https:\/\/wp.kristdemokraterna.se\/uppsala\/#organization","name":"Kristdemokraterna Uppsala","url":"https:\/\/wp.kristdemokraterna.se\/uppsala\/","logo":{"@type":"ImageObject","inLanguage":"sv-SE","@id":"https:\/\/wp.kristdemokraterna.se\/uppsala\/#\/schema\/logo\/image\/","url":"https:\/\/wp.kristdemokraterna.se\/uppsala\/files\/2019\/10\/kd-uppsala.png","contentUrl":"https:\/\/wp.kristdemokraterna.se\/uppsala\/files\/2019\/10\/kd-uppsala.png","width":804,"height":421,"caption":"Kristdemokraterna Uppsala"},"image":{"@id":"https:\/\/wp.kristdemokraterna.se\/uppsala\/#\/schema\/logo\/image\/"},"sameAs":["https:\/\/www.facebook.com\/UppsalaKD\/","https:\/\/www.instagram.com\/uppsalakd\/"]},{"@type":"Person","@id":"https:\/\/wp.kristdemokraterna.se\/uppsala\/#\/schema\/person\/038d805d685fb0ce5ad14ab8711d8e84","name":"Mimmi Westerlund","image":{"@type":"ImageObject","inLanguage":"sv-SE","@id":"https:\/\/secure.gravatar.com\/avatar\/a5697359f709b6b10d9c7e6a7c89f3e054554dedb4657d5ffe9e5bc5b1445841?s=96&r=g","url":"https:\/\/secure.gravatar.com\/avatar\/a5697359f709b6b10d9c7e6a7c89f3e054554dedb4657d5ffe9e5bc5b1445841?s=96&r=g","contentUrl":"https:\/\/secure.gravatar.com\/avatar\/a5697359f709b6b10d9c7e6a7c89f3e054554dedb4657d5ffe9e5bc5b1445841?s=96&r=g","caption":"Mimmi Westerlund"},"url":"https:\/\/wp.kristdemokraterna.se\/uppsala\/author\/mimmi\/"}]}},"_links":{"self":[{"href":"https:\/\/wp.kristdemokraterna.se\/uppsala\/wp-json\/wp\/v2\/posts\/3119","targetHints":{"allow":["GET"]}}],"collection":[{"href":"https:\/\/wp.kristdemokraterna.se\/uppsala\/wp-json\/wp\/v2\/posts"}],"about":[{"href":"https:\/\/wp.kristdemokraterna.se\/uppsala\/wp-json\/wp\/v2\/types\/post"}],"author":[{"embeddable":true,"href":"https:\/\/wp.kristdemokraterna.se\/uppsala\/wp-json\/wp\/v2\/users\/702"}],"replies":[{"embeddable":true,"href":"https:\/\/wp.kristdemokraterna.se\/uppsala\/wp-json\/wp\/v2\/comments?post=3119"}],"version-history":[{"count":1,"href":"https:\/\/wp.kristdemokraterna.se\/uppsala\/wp-json\/wp\/v2\/posts\/3119\/revisions"}],"predecessor-version":[{"id":3120,"href":"https:\/\/wp.kristdemokraterna.se\/uppsala\/wp-json\/wp\/v2\/posts\/3119\/revisions\/3120"}],"wp:attachment":[{"href":"https:\/\/wp.kristdemokraterna.se\/uppsala\/wp-json\/wp\/v2\/media?parent=3119"}],"wp:term":[{"taxonomy":"category","embeddable":true,"href":"https:\/\/wp.kristdemokraterna.se\/uppsala\/wp-json\/wp\/v2\/categories?post=3119"},{"taxonomy":"post_tag","embeddable":true,"href":"https:\/\/wp.kristdemokraterna.se\/uppsala\/wp-json\/wp\/v2\/tags?post=3119"}],"curies":[{"name":"wp","href":"https:\/\/api.w.org\/{rel}","templated":true}]}}