{"id":3126,"date":"2018-12-18T19:28:55","date_gmt":"2018-12-18T18:28:55","guid":{"rendered":"http:\/\/wp.kristdemokraterna.se\/uppsala\/?p=3126"},"modified":"2024-04-04T00:26:04","modified_gmt":"2024-04-03T22:26:04","slug":"ny-plan-ska-frigora-tid-for-vard","status":"publish","type":"post","link":"https:\/\/wp.kristdemokraterna.se\/uppsala\/ny-plan-ska-frigora-tid-for-vard\/","title":{"rendered":"Ny plan ska frig\u00f6ra tid f\u00f6r v\u00e5rd"},"content":{"rendered":"<p><strong>Fram\u00f6ver kommer v\u00e5rdpersonal p\u00e5 Akademiska sjukhuset och Lasarettet i Enk\u00f6ping att f\u00e5 mer tid \u00f6ver till patienterna. Arbetsuppgifter som st\u00e4dning, transporter av patienter och m\u00e5ltider kommer ist\u00e4llet att hanteras av annan personal.<\/strong><br \/>\n<!--more--><br \/>\nIdag beslutade regionstyrelsen om en plan f\u00f6r att \u00f6verf\u00f6ra vissa serviceinsatser som sker runt och gentemot patienten fr\u00e5n v\u00e5rdpersonal, till s\u00e4rskilt anst\u00e4lld personal. Senast 2023 ska arbetsmodellen vara inf\u00f6rd p\u00e5 alla enheter, d\u00e4r detta \u00e4r m\u00f6jligt och d\u00e4r behov finns.<\/p>\n<p>Personalen som arbetar med s\u00e5 kallad \u201dv\u00e5rdn\u00e4ra service\u201d ska vara anst\u00e4llda av Fastighet och service vid regionen.<\/p>\n<p>\u2013 Det \u00e4r ett j\u00e4ttebra att detta inf\u00f6rs. Det kommer att avlasta v\u00e5rdpersonalen och g\u00f6ra v\u00e5rdyrket mer attraktivt, s\u00e4ger Bj\u00f6rn-Owe Bj\u00f6rk, KD, regionr\u00e5d och vice ordf\u00f6rande i regionstyrelsen.<\/p>\n<p>V\u00e5rdn\u00e4ra service \u00e4r ett begrepp som inneb\u00e4r att s\u00e4rskilt utbildad servicepersonal utf\u00f6r vissa sysslor, som historiskt sett har utf\u00f6rts av v\u00e5rdpersonal.<br \/>\nDen 1 april 2019 presenteras vilka enheter som inf\u00f6r v\u00e5rdn\u00e4ra service och n\u00e4r.<\/p>\n<p>Under g\u00e5rdagens m\u00f6te s\u00e5 valdes ocks\u00e5 flera av KD:s regionpolitiker till olika poster. Exempelvis s\u00e5 valdes Eva Fredriksson som ledamot i pension\u00e4rsr\u00e5det och Bj\u00f6rn-Owe Bj\u00f6rk valdes till ordf\u00f6rande i utskottet f\u00f6r h\u00e4lso- och sjukv\u00e5rd.<\/p>\n<p>Mimmi Westerlund valdes in i utskottet f\u00f6r personal, kompetensf\u00f6rs\u00f6rjning och utbildning Anna-Karin Vaz Contreiras blev ordf\u00f6rande f\u00f6r R\u00e5det f\u00f6r delaktighet.<\/p>\n<p><strong>\u00d6vriga val:<\/strong><br \/>\nFrida Bj\u00f6rk, KD, valdes som ledamot i Stiftelsen Musik i Uppland<br \/>\nIngela Vikander, KD, valdes som ledamot i Stiftelsen Upplandsmuseet<br \/>\nBj\u00f6rn-Owe Bj\u00f6rk, KD, valdes som ledamot i Stockholmsregionens<br \/>\nEuropaf\u00f6rening<\/p>\n","protected":false},"excerpt":{"rendered":"<p>Fram\u00f6ver kommer v\u00e5rdpersonal p\u00e5 Akademiska sjukhuset och Lasarettet i Enk\u00f6ping att f\u00e5 mer tid \u00f6ver till patienterna. Arbetsuppgifter som st\u00e4dning, transporter av patienter och m\u00e5ltider kommer ist\u00e4llet att hanteras av annan personal.<\/p>\n","protected":false},"author":702,"featured_media":0,"comment_status":"closed","ping_status":"closed","sticky":false,"template":"","format":"standard","meta":{"_acf_changed":false,"footnotes":""},"categories":[236],"tags":[135,198,212],"class_list":["post-3126","post","type-post","status-publish","format-standard","hentry","category-vard-o-omsorg","tag-bjorn-owe-bjork","tag-kd","tag-regionstyrelsen"],"acf":[],"yoast_head":"<!-- This site is optimized with the Yoast SEO plugin v27.4 - https:\/\/yoast.com\/product\/yoast-seo-wordpress\/ -->\n<title>Ny plan ska frig\u00f6ra tid f\u00f6r v\u00e5rd | Kristdemokraterna | Uppsala<\/title>\n<meta name=\"robots\" content=\"index, follow, max-snippet:-1, max-image-preview:large, max-video-preview:-1\" \/>\n<link rel=\"canonical\" href=\"https:\/\/wp.kristdemokraterna.se\/uppsala\/ny-plan-ska-frigora-tid-for-vard\/\" \/>\n<meta property=\"og:locale\" content=\"sv_SE\" \/>\n<meta property=\"og:type\" content=\"article\" \/>\n<meta property=\"og:title\" content=\"Ny plan ska frig\u00f6ra tid f\u00f6r v\u00e5rd | Kristdemokraterna | Uppsala\" \/>\n<meta property=\"og:description\" content=\"Fram\u00f6ver kommer v\u00e5rdpersonal p\u00e5 Akademiska sjukhuset och Lasarettet i Enk\u00f6ping att f\u00e5 mer tid \u00f6ver till patienterna. Arbetsuppgifter som st\u00e4dning, transporter av patienter och m\u00e5ltider kommer ist\u00e4llet att hanteras av annan personal.\" \/>\n<meta property=\"og:url\" content=\"https:\/\/wp.kristdemokraterna.se\/uppsala\/ny-plan-ska-frigora-tid-for-vard\/\" \/>\n<meta property=\"og:site_name\" content=\"Kristdemokraterna | Uppsala\" \/>\n<meta property=\"article:publisher\" content=\"https:\/\/www.facebook.com\/UppsalaKD\/\" \/>\n<meta property=\"article:published_time\" content=\"2018-12-18T18:28:55+00:00\" \/>\n<meta property=\"article:modified_time\" content=\"2024-04-03T22:26:04+00:00\" \/>\n<meta property=\"og:image\" content=\"https:\/\/wp.kristdemokraterna.se\/uppsala\/files\/2021\/12\/kom1.png\" \/>\n\t<meta property=\"og:image:width\" content=\"770\" \/>\n\t<meta property=\"og:image:height\" content=\"404\" \/>\n\t<meta property=\"og:image:type\" content=\"image\/png\" \/>\n<meta name=\"author\" content=\"Mimmi Westerlund\" \/>\n<meta name=\"twitter:card\" content=\"summary_large_image\" \/>\n<meta name=\"twitter:label1\" content=\"Skriven av\" \/>\n\t<meta name=\"twitter:data1\" content=\"Mimmi Westerlund\" \/>\n\t<meta name=\"twitter:label2\" content=\"Ber\u00e4knad l\u00e4stid\" \/>\n\t<meta name=\"twitter:data2\" content=\"1 minut\" \/>\n<script type=\"application\/ld+json\" class=\"yoast-schema-graph\">{\"@context\":\"https:\\\/\\\/schema.org\",\"@graph\":[{\"@type\":\"Article\",\"@id\":\"https:\\\/\\\/wp.kristdemokraterna.se\\\/uppsala\\\/ny-plan-ska-frigora-tid-for-vard\\\/#article\",\"isPartOf\":{\"@id\":\"https:\\\/\\\/wp.kristdemokraterna.se\\\/uppsala\\\/ny-plan-ska-frigora-tid-for-vard\\\/\"},\"author\":{\"name\":\"Mimmi Westerlund\",\"@id\":\"https:\\\/\\\/wp.kristdemokraterna.se\\\/uppsala\\\/#\\\/schema\\\/person\\\/038d805d685fb0ce5ad14ab8711d8e84\"},\"headline\":\"Ny plan ska frig\u00f6ra tid f\u00f6r v\u00e5rd\",\"datePublished\":\"2018-12-18T18:28:55+00:00\",\"dateModified\":\"2024-04-03T22:26:04+00:00\",\"mainEntityOfPage\":{\"@id\":\"https:\\\/\\\/wp.kristdemokraterna.se\\\/uppsala\\\/ny-plan-ska-frigora-tid-for-vard\\\/\"},\"wordCount\":304,\"publisher\":{\"@id\":\"https:\\\/\\\/wp.kristdemokraterna.se\\\/uppsala\\\/#organization\"},\"keywords\":[\"Bj\u00f6rn-Owe Bj\u00f6rk\",\"KD\",\"regionstyrelsen\"],\"articleSection\":[\"V\u00e5rd &amp; omsorg\"],\"inLanguage\":\"sv-SE\"},{\"@type\":\"WebPage\",\"@id\":\"https:\\\/\\\/wp.kristdemokraterna.se\\\/uppsala\\\/ny-plan-ska-frigora-tid-for-vard\\\/\",\"url\":\"https:\\\/\\\/wp.kristdemokraterna.se\\\/uppsala\\\/ny-plan-ska-frigora-tid-for-vard\\\/\",\"name\":\"Ny plan ska frig\u00f6ra tid f\u00f6r v\u00e5rd | Kristdemokraterna | Uppsala\",\"isPartOf\":{\"@id\":\"https:\\\/\\\/wp.kristdemokraterna.se\\\/uppsala\\\/#website\"},\"datePublished\":\"2018-12-18T18:28:55+00:00\",\"dateModified\":\"2024-04-03T22:26:04+00:00\",\"breadcrumb\":{\"@id\":\"https:\\\/\\\/wp.kristdemokraterna.se\\\/uppsala\\\/ny-plan-ska-frigora-tid-for-vard\\\/#breadcrumb\"},\"inLanguage\":\"sv-SE\",\"potentialAction\":[{\"@type\":\"ReadAction\",\"target\":[\"https:\\\/\\\/wp.kristdemokraterna.se\\\/uppsala\\\/ny-plan-ska-frigora-tid-for-vard\\\/\"]}]},{\"@type\":\"BreadcrumbList\",\"@id\":\"https:\\\/\\\/wp.kristdemokraterna.se\\\/uppsala\\\/ny-plan-ska-frigora-tid-for-vard\\\/#breadcrumb\",\"itemListElement\":[{\"@type\":\"ListItem\",\"position\":1,\"name\":\"Hem\",\"item\":\"https:\\\/\\\/wp.kristdemokraterna.se\\\/uppsala\\\/\"},{\"@type\":\"ListItem\",\"position\":2,\"name\":\"Ny plan ska frig\u00f6ra tid f\u00f6r v\u00e5rd\"}]},{\"@type\":\"WebSite\",\"@id\":\"https:\\\/\\\/wp.kristdemokraterna.se\\\/uppsala\\\/#website\",\"url\":\"https:\\\/\\\/wp.kristdemokraterna.se\\\/uppsala\\\/\",\"name\":\"Kristdemokraterna Uppsala\",\"description\":\"Tryggare Uppsala\",\"publisher\":{\"@id\":\"https:\\\/\\\/wp.kristdemokraterna.se\\\/uppsala\\\/#organization\"},\"inLanguage\":\"sv-SE\"},{\"@type\":\"Organization\",\"@id\":\"https:\\\/\\\/wp.kristdemokraterna.se\\\/uppsala\\\/#organization\",\"name\":\"Kristdemokraterna Uppsala\",\"url\":\"https:\\\/\\\/wp.kristdemokraterna.se\\\/uppsala\\\/\",\"logo\":{\"@type\":\"ImageObject\",\"inLanguage\":\"sv-SE\",\"@id\":\"https:\\\/\\\/wp.kristdemokraterna.se\\\/uppsala\\\/#\\\/schema\\\/logo\\\/image\\\/\",\"url\":\"https:\\\/\\\/wp.kristdemokraterna.se\\\/uppsala\\\/files\\\/2019\\\/10\\\/kd-uppsala.png\",\"contentUrl\":\"https:\\\/\\\/wp.kristdemokraterna.se\\\/uppsala\\\/files\\\/2019\\\/10\\\/kd-uppsala.png\",\"width\":804,\"height\":421,\"caption\":\"Kristdemokraterna Uppsala\"},\"image\":{\"@id\":\"https:\\\/\\\/wp.kristdemokraterna.se\\\/uppsala\\\/#\\\/schema\\\/logo\\\/image\\\/\"},\"sameAs\":[\"https:\\\/\\\/www.facebook.com\\\/UppsalaKD\\\/\",\"https:\\\/\\\/www.instagram.com\\\/uppsalakd\\\/\"]},{\"@type\":\"Person\",\"@id\":\"https:\\\/\\\/wp.kristdemokraterna.se\\\/uppsala\\\/#\\\/schema\\\/person\\\/038d805d685fb0ce5ad14ab8711d8e84\",\"name\":\"Mimmi Westerlund\",\"image\":{\"@type\":\"ImageObject\",\"inLanguage\":\"sv-SE\",\"@id\":\"https:\\\/\\\/secure.gravatar.com\\\/avatar\\\/a5697359f709b6b10d9c7e6a7c89f3e054554dedb4657d5ffe9e5bc5b1445841?s=96&r=g\",\"url\":\"https:\\\/\\\/secure.gravatar.com\\\/avatar\\\/a5697359f709b6b10d9c7e6a7c89f3e054554dedb4657d5ffe9e5bc5b1445841?s=96&r=g\",\"contentUrl\":\"https:\\\/\\\/secure.gravatar.com\\\/avatar\\\/a5697359f709b6b10d9c7e6a7c89f3e054554dedb4657d5ffe9e5bc5b1445841?s=96&r=g\",\"caption\":\"Mimmi Westerlund\"},\"url\":\"https:\\\/\\\/wp.kristdemokraterna.se\\\/uppsala\\\/author\\\/mimmi\\\/\"}]}<\/script>\n<!-- \/ Yoast SEO plugin. -->","yoast_head_json":{"title":"Ny plan ska frig\u00f6ra tid f\u00f6r v\u00e5rd | Kristdemokraterna | Uppsala","robots":{"index":"index","follow":"follow","max-snippet":"max-snippet:-1","max-image-preview":"max-image-preview:large","max-video-preview":"max-video-preview:-1"},"canonical":"https:\/\/wp.kristdemokraterna.se\/uppsala\/ny-plan-ska-frigora-tid-for-vard\/","og_locale":"sv_SE","og_type":"article","og_title":"Ny plan ska frig\u00f6ra tid f\u00f6r v\u00e5rd | Kristdemokraterna | Uppsala","og_description":"Fram\u00f6ver kommer v\u00e5rdpersonal p\u00e5 Akademiska sjukhuset och Lasarettet i Enk\u00f6ping att f\u00e5 mer tid \u00f6ver till patienterna. Arbetsuppgifter som st\u00e4dning, transporter av patienter och m\u00e5ltider kommer ist\u00e4llet att hanteras av annan personal.","og_url":"https:\/\/wp.kristdemokraterna.se\/uppsala\/ny-plan-ska-frigora-tid-for-vard\/","og_site_name":"Kristdemokraterna | Uppsala","article_publisher":"https:\/\/www.facebook.com\/UppsalaKD\/","article_published_time":"2018-12-18T18:28:55+00:00","article_modified_time":"2024-04-03T22:26:04+00:00","og_image":[{"width":770,"height":404,"url":"https:\/\/wp.kristdemokraterna.se\/uppsala\/files\/2021\/12\/kom1.png","type":"image\/png"}],"author":"Mimmi Westerlund","twitter_card":"summary_large_image","twitter_misc":{"Skriven av":"Mimmi Westerlund","Ber\u00e4knad l\u00e4stid":"1 minut"},"schema":{"@context":"https:\/\/schema.org","@graph":[{"@type":"Article","@id":"https:\/\/wp.kristdemokraterna.se\/uppsala\/ny-plan-ska-frigora-tid-for-vard\/#article","isPartOf":{"@id":"https:\/\/wp.kristdemokraterna.se\/uppsala\/ny-plan-ska-frigora-tid-for-vard\/"},"author":{"name":"Mimmi Westerlund","@id":"https:\/\/wp.kristdemokraterna.se\/uppsala\/#\/schema\/person\/038d805d685fb0ce5ad14ab8711d8e84"},"headline":"Ny plan ska frig\u00f6ra tid f\u00f6r v\u00e5rd","datePublished":"2018-12-18T18:28:55+00:00","dateModified":"2024-04-03T22:26:04+00:00","mainEntityOfPage":{"@id":"https:\/\/wp.kristdemokraterna.se\/uppsala\/ny-plan-ska-frigora-tid-for-vard\/"},"wordCount":304,"publisher":{"@id":"https:\/\/wp.kristdemokraterna.se\/uppsala\/#organization"},"keywords":["Bj\u00f6rn-Owe Bj\u00f6rk","KD","regionstyrelsen"],"articleSection":["V\u00e5rd &amp; omsorg"],"inLanguage":"sv-SE"},{"@type":"WebPage","@id":"https:\/\/wp.kristdemokraterna.se\/uppsala\/ny-plan-ska-frigora-tid-for-vard\/","url":"https:\/\/wp.kristdemokraterna.se\/uppsala\/ny-plan-ska-frigora-tid-for-vard\/","name":"Ny plan ska frig\u00f6ra tid f\u00f6r v\u00e5rd | Kristdemokraterna | Uppsala","isPartOf":{"@id":"https:\/\/wp.kristdemokraterna.se\/uppsala\/#website"},"datePublished":"2018-12-18T18:28:55+00:00","dateModified":"2024-04-03T22:26:04+00:00","breadcrumb":{"@id":"https:\/\/wp.kristdemokraterna.se\/uppsala\/ny-plan-ska-frigora-tid-for-vard\/#breadcrumb"},"inLanguage":"sv-SE","potentialAction":[{"@type":"ReadAction","target":["https:\/\/wp.kristdemokraterna.se\/uppsala\/ny-plan-ska-frigora-tid-for-vard\/"]}]},{"@type":"BreadcrumbList","@id":"https:\/\/wp.kristdemokraterna.se\/uppsala\/ny-plan-ska-frigora-tid-for-vard\/#breadcrumb","itemListElement":[{"@type":"ListItem","position":1,"name":"Hem","item":"https:\/\/wp.kristdemokraterna.se\/uppsala\/"},{"@type":"ListItem","position":2,"name":"Ny plan ska frig\u00f6ra tid f\u00f6r v\u00e5rd"}]},{"@type":"WebSite","@id":"https:\/\/wp.kristdemokraterna.se\/uppsala\/#website","url":"https:\/\/wp.kristdemokraterna.se\/uppsala\/","name":"Kristdemokraterna Uppsala","description":"Tryggare Uppsala","publisher":{"@id":"https:\/\/wp.kristdemokraterna.se\/uppsala\/#organization"},"inLanguage":"sv-SE"},{"@type":"Organization","@id":"https:\/\/wp.kristdemokraterna.se\/uppsala\/#organization","name":"Kristdemokraterna Uppsala","url":"https:\/\/wp.kristdemokraterna.se\/uppsala\/","logo":{"@type":"ImageObject","inLanguage":"sv-SE","@id":"https:\/\/wp.kristdemokraterna.se\/uppsala\/#\/schema\/logo\/image\/","url":"https:\/\/wp.kristdemokraterna.se\/uppsala\/files\/2019\/10\/kd-uppsala.png","contentUrl":"https:\/\/wp.kristdemokraterna.se\/uppsala\/files\/2019\/10\/kd-uppsala.png","width":804,"height":421,"caption":"Kristdemokraterna Uppsala"},"image":{"@id":"https:\/\/wp.kristdemokraterna.se\/uppsala\/#\/schema\/logo\/image\/"},"sameAs":["https:\/\/www.facebook.com\/UppsalaKD\/","https:\/\/www.instagram.com\/uppsalakd\/"]},{"@type":"Person","@id":"https:\/\/wp.kristdemokraterna.se\/uppsala\/#\/schema\/person\/038d805d685fb0ce5ad14ab8711d8e84","name":"Mimmi Westerlund","image":{"@type":"ImageObject","inLanguage":"sv-SE","@id":"https:\/\/secure.gravatar.com\/avatar\/a5697359f709b6b10d9c7e6a7c89f3e054554dedb4657d5ffe9e5bc5b1445841?s=96&r=g","url":"https:\/\/secure.gravatar.com\/avatar\/a5697359f709b6b10d9c7e6a7c89f3e054554dedb4657d5ffe9e5bc5b1445841?s=96&r=g","contentUrl":"https:\/\/secure.gravatar.com\/avatar\/a5697359f709b6b10d9c7e6a7c89f3e054554dedb4657d5ffe9e5bc5b1445841?s=96&r=g","caption":"Mimmi Westerlund"},"url":"https:\/\/wp.kristdemokraterna.se\/uppsala\/author\/mimmi\/"}]}},"_links":{"self":[{"href":"https:\/\/wp.kristdemokraterna.se\/uppsala\/wp-json\/wp\/v2\/posts\/3126","targetHints":{"allow":["GET"]}}],"collection":[{"href":"https:\/\/wp.kristdemokraterna.se\/uppsala\/wp-json\/wp\/v2\/posts"}],"about":[{"href":"https:\/\/wp.kristdemokraterna.se\/uppsala\/wp-json\/wp\/v2\/types\/post"}],"author":[{"embeddable":true,"href":"https:\/\/wp.kristdemokraterna.se\/uppsala\/wp-json\/wp\/v2\/users\/702"}],"replies":[{"embeddable":true,"href":"https:\/\/wp.kristdemokraterna.se\/uppsala\/wp-json\/wp\/v2\/comments?post=3126"}],"version-history":[{"count":2,"href":"https:\/\/wp.kristdemokraterna.se\/uppsala\/wp-json\/wp\/v2\/posts\/3126\/revisions"}],"predecessor-version":[{"id":3130,"href":"https:\/\/wp.kristdemokraterna.se\/uppsala\/wp-json\/wp\/v2\/posts\/3126\/revisions\/3130"}],"wp:attachment":[{"href":"https:\/\/wp.kristdemokraterna.se\/uppsala\/wp-json\/wp\/v2\/media?parent=3126"}],"wp:term":[{"taxonomy":"category","embeddable":true,"href":"https:\/\/wp.kristdemokraterna.se\/uppsala\/wp-json\/wp\/v2\/categories?post=3126"},{"taxonomy":"post_tag","embeddable":true,"href":"https:\/\/wp.kristdemokraterna.se\/uppsala\/wp-json\/wp\/v2\/tags?post=3126"}],"curies":[{"name":"wp","href":"https:\/\/api.w.org\/{rel}","templated":true}]}}