{"id":3204,"date":"2019-01-28T19:06:43","date_gmt":"2019-01-28T18:06:43","guid":{"rendered":"http:\/\/wp.kristdemokraterna.se\/uppsala\/?p=3204"},"modified":"2024-04-04T00:24:26","modified_gmt":"2024-04-03T22:24:26","slug":"okat-resande-i-fokus-i-ny-budget","status":"publish","type":"post","link":"https:\/\/wp.kristdemokraterna.se\/uppsala\/okat-resande-i-fokus-i-ny-budget\/","title":{"rendered":"\u00d6kat resande &#8211; i fokus i ny budget"},"content":{"rendered":"<p><strong>Idag tog trafik- och samh\u00e4llsutvecklingsn\u00e4mnden beslut om \u00e5rets budget. Under 2019 ska en rad satsningar g\u00f6ras: Uppt\u00e5get ska \u00f6ka sin kapacitet, det ska bli enklare att g\u00f6ra kombinationsresor och arbetet med sp\u00e5rv\u00e4gsprojektet forts\u00e4tter.<br \/>\n<\/strong><!--more--><\/p>\n<p>I december 2018 beslutade regionfullm\u00e4ktige att anslaget f\u00f6r trafik och samh\u00e4llsutvecklingsn\u00e4mnden och dess f\u00f6rvaltning Trafik och samh\u00e4lle f\u00f6r \u00e5r 2019 ska uppg\u00e5 till 1 091, 3 miljoner kronor. Biljettint\u00e4kter och \u00f6vriga int\u00e4kter ber\u00e4knas uppg\u00e5 till 1 045 miljoner kronor, vilket ger en total budget p\u00e5 2 137 miljoner kronor.<\/p>\n<p>Totalt ber\u00e4knas budgeten f\u00f6r Trafik och samh\u00e4lle resultera i ett nollresultat f\u00f6r \u00e5r 2019.<\/p>\n<p>\u2013 Ett viktigt fokus under \u00e5ret blir att \u00f6ka b\u00e5de resande och f\u00f6rs\u00e4ljning, d\u00e4r de nya t\u00e5g som tas i drift under h\u00f6sten \u00e4r en viktig del, s\u00e4ger Johan \u00d6rjes (C), ordf\u00f6rande f\u00f6r trafik och samh\u00e4llsutvecklingsn\u00e4mnden i ett pressmeddelande.<\/p>\n<h2>H\u00e5llbara transporter ska \u00f6ka<\/h2>\n<p>M\u00e5let f\u00f6r f\u00f6rvaltningen \u00e4r att \u00f6ka de h\u00e5llbara transporterna och det h\u00e5llbara resandet i regionen. Antalet resor i kollektivtrafiken ska f\u00f6rdubblas till \u00e5r 2020 marknadsandel av motoriserade resor ska f\u00f6rdubblas till \u00e5r 2030.<\/p>\n<p>F\u00f6r Uppt\u00e5get s\u00e5 ska kapaciteten \u00f6ka genom de nya dubbeld\u00e4ckart\u00e5g nya t\u00e5g som tas i drift under h\u00f6sten 2019. Det ska ocks\u00e5 bli l\u00e4ttare att g\u00f6ra kombinationsresor, exempelvis kollektivtrafik-cykel genom fler cykelparkeringar vid prioriterade bytespunkter och anslutningsv\u00e4gar till h\u00e5llplatser och stationer. L\u00e5necyklar vid stationerna, och andra tj\u00e4nster f\u00f6r att underl\u00e4tta f\u00f6r pendlare ska ocks\u00e5 utredas.<\/p>\n<p>\u2013 Det \u00e4r positivt och bra att Uppt\u00e5get kan ta fler passagerare men ocks\u00e5 att vi underl\u00e4ttar f\u00f6r de som tar sig till och fr\u00e5n kollektiva knutpunkter med cykel, s\u00e4ger Pontus Lamberg, KD, ledamot i trafik- och samh\u00e4llsutvecklingsn\u00e4mnden (p\u00e5 bilden).<\/p>\n<h2>Nytt linjen\u00e4t i Enk\u00f6ping<\/h2>\n<p>Enk\u00f6pings t\u00e4tort kommer f\u00e5 ett nytt linjen\u00e4t som tas fram tillsammans med kommunen. En ny systemanalys f\u00f6r j\u00e4rnv\u00e4gen mellan\u00a0Uppsala \u2013 Enk\u00f6ping, ska ocks\u00e5 g\u00f6ras.<\/p>\n<p>Arbetet med sp\u00e5rv\u00e4g ska forts\u00e4tta, d\u00e4r kommunen och regionen ska\u00a0arbeta fram ett program f\u00f6r bland annat\u00a0linjestr\u00e4ckning, fordonskoncept med mera. En ny strategi f\u00f6r t\u00e5gtrafiken i l\u00e4net ska vidare tas fram och\u00a0f\u00f6r- och nackdelar med att driva regionbusstrafik i egen regi ska utredas.<\/p>\n<p>\u2013 Det k\u00e4nns fantastiskt att b\u00f6rja mandatperioden med att ta fram en strategi f\u00f6r t\u00e5gtrafiken i l\u00e4net och dess samverkan med den storregionala trafiken. Det \u00e4r ocks\u00e5 viktigt att det finns ett fokus p\u00e5 Dalabanan och t\u00e5gtrafiken mellan Uppsala och Sala, d\u00e4r vi tillsammans med andra akt\u00f6rer ska se \u00f6ver funktionerna och prioriteringarna, avslutar Pontus Lamberg.<\/p>\n","protected":false},"excerpt":{"rendered":"<p>Idag tog trafik- och samh\u00e4llsutvecklingsn\u00e4mnden beslut om \u00e5rets budget. Under 2019 ska en rad satsningar g\u00f6ras: Uppt\u00e5get ska \u00f6ka sin kapacitet, det ska bli enklare att g\u00f6ra kombinationsresor och arbetet med sp\u00e5rv\u00e4gsprojektet forts\u00e4tter.<\/p>\n","protected":false},"author":702,"featured_media":0,"comment_status":"closed","ping_status":"closed","sticky":false,"template":"","format":"standard","meta":{"_acf_changed":false,"footnotes":""},"categories":[232],"tags":[198],"class_list":["post-3204","post","type-post","status-publish","format-standard","hentry","category-kollektivtrafik-o-stadsplanering","tag-kd"],"acf":[],"yoast_head":"<!-- This site is optimized with the Yoast SEO plugin v27.4 - https:\/\/yoast.com\/product\/yoast-seo-wordpress\/ -->\n<title>\u00d6kat resande - i fokus i ny budget | Kristdemokraterna | Uppsala<\/title>\n<meta name=\"robots\" content=\"index, follow, max-snippet:-1, max-image-preview:large, max-video-preview:-1\" \/>\n<link rel=\"canonical\" href=\"https:\/\/wp.kristdemokraterna.se\/uppsala\/okat-resande-i-fokus-i-ny-budget\/\" \/>\n<meta property=\"og:locale\" content=\"sv_SE\" \/>\n<meta property=\"og:type\" content=\"article\" \/>\n<meta property=\"og:title\" content=\"\u00d6kat resande - i fokus i ny budget | Kristdemokraterna | Uppsala\" \/>\n<meta property=\"og:description\" content=\"Idag tog trafik- och samh\u00e4llsutvecklingsn\u00e4mnden beslut om \u00e5rets budget. Under 2019 ska en rad satsningar g\u00f6ras: Uppt\u00e5get ska \u00f6ka sin kapacitet, det ska bli enklare att g\u00f6ra kombinationsresor och arbetet med sp\u00e5rv\u00e4gsprojektet forts\u00e4tter.\" \/>\n<meta property=\"og:url\" content=\"https:\/\/wp.kristdemokraterna.se\/uppsala\/okat-resande-i-fokus-i-ny-budget\/\" \/>\n<meta property=\"og:site_name\" content=\"Kristdemokraterna | Uppsala\" \/>\n<meta property=\"article:publisher\" content=\"https:\/\/www.facebook.com\/UppsalaKD\/\" \/>\n<meta property=\"article:published_time\" content=\"2019-01-28T18:06:43+00:00\" \/>\n<meta property=\"article:modified_time\" content=\"2024-04-03T22:24:26+00:00\" \/>\n<meta property=\"og:image\" content=\"https:\/\/wp.kristdemokraterna.se\/uppsala\/files\/2021\/12\/kom1.png\" \/>\n\t<meta property=\"og:image:width\" content=\"770\" \/>\n\t<meta property=\"og:image:height\" content=\"404\" \/>\n\t<meta property=\"og:image:type\" content=\"image\/png\" \/>\n<meta name=\"author\" content=\"Mimmi Westerlund\" \/>\n<meta name=\"twitter:card\" content=\"summary_large_image\" \/>\n<meta name=\"twitter:label1\" content=\"Skriven av\" \/>\n\t<meta name=\"twitter:data1\" content=\"Mimmi Westerlund\" \/>\n\t<meta name=\"twitter:label2\" content=\"Ber\u00e4knad l\u00e4stid\" \/>\n\t<meta name=\"twitter:data2\" content=\"2 minuter\" \/>\n<script type=\"application\/ld+json\" class=\"yoast-schema-graph\">{\"@context\":\"https:\\\/\\\/schema.org\",\"@graph\":[{\"@type\":\"Article\",\"@id\":\"https:\\\/\\\/wp.kristdemokraterna.se\\\/uppsala\\\/okat-resande-i-fokus-i-ny-budget\\\/#article\",\"isPartOf\":{\"@id\":\"https:\\\/\\\/wp.kristdemokraterna.se\\\/uppsala\\\/okat-resande-i-fokus-i-ny-budget\\\/\"},\"author\":{\"name\":\"Mimmi Westerlund\",\"@id\":\"https:\\\/\\\/wp.kristdemokraterna.se\\\/uppsala\\\/#\\\/schema\\\/person\\\/038d805d685fb0ce5ad14ab8711d8e84\"},\"headline\":\"\u00d6kat resande &#8211; i fokus i ny budget\",\"datePublished\":\"2019-01-28T18:06:43+00:00\",\"dateModified\":\"2024-04-03T22:24:26+00:00\",\"mainEntityOfPage\":{\"@id\":\"https:\\\/\\\/wp.kristdemokraterna.se\\\/uppsala\\\/okat-resande-i-fokus-i-ny-budget\\\/\"},\"wordCount\":478,\"publisher\":{\"@id\":\"https:\\\/\\\/wp.kristdemokraterna.se\\\/uppsala\\\/#organization\"},\"keywords\":[\"KD\"],\"articleSection\":[\"Kollektivtrafik &amp; Stadsplanering\"],\"inLanguage\":\"sv-SE\"},{\"@type\":\"WebPage\",\"@id\":\"https:\\\/\\\/wp.kristdemokraterna.se\\\/uppsala\\\/okat-resande-i-fokus-i-ny-budget\\\/\",\"url\":\"https:\\\/\\\/wp.kristdemokraterna.se\\\/uppsala\\\/okat-resande-i-fokus-i-ny-budget\\\/\",\"name\":\"\u00d6kat resande - i fokus i ny budget | Kristdemokraterna | Uppsala\",\"isPartOf\":{\"@id\":\"https:\\\/\\\/wp.kristdemokraterna.se\\\/uppsala\\\/#website\"},\"datePublished\":\"2019-01-28T18:06:43+00:00\",\"dateModified\":\"2024-04-03T22:24:26+00:00\",\"breadcrumb\":{\"@id\":\"https:\\\/\\\/wp.kristdemokraterna.se\\\/uppsala\\\/okat-resande-i-fokus-i-ny-budget\\\/#breadcrumb\"},\"inLanguage\":\"sv-SE\",\"potentialAction\":[{\"@type\":\"ReadAction\",\"target\":[\"https:\\\/\\\/wp.kristdemokraterna.se\\\/uppsala\\\/okat-resande-i-fokus-i-ny-budget\\\/\"]}]},{\"@type\":\"BreadcrumbList\",\"@id\":\"https:\\\/\\\/wp.kristdemokraterna.se\\\/uppsala\\\/okat-resande-i-fokus-i-ny-budget\\\/#breadcrumb\",\"itemListElement\":[{\"@type\":\"ListItem\",\"position\":1,\"name\":\"Hem\",\"item\":\"https:\\\/\\\/wp.kristdemokraterna.se\\\/uppsala\\\/\"},{\"@type\":\"ListItem\",\"position\":2,\"name\":\"\u00d6kat resande &#8211; i fokus i ny budget\"}]},{\"@type\":\"WebSite\",\"@id\":\"https:\\\/\\\/wp.kristdemokraterna.se\\\/uppsala\\\/#website\",\"url\":\"https:\\\/\\\/wp.kristdemokraterna.se\\\/uppsala\\\/\",\"name\":\"Kristdemokraterna Uppsala\",\"description\":\"Tryggare Uppsala\",\"publisher\":{\"@id\":\"https:\\\/\\\/wp.kristdemokraterna.se\\\/uppsala\\\/#organization\"},\"inLanguage\":\"sv-SE\"},{\"@type\":\"Organization\",\"@id\":\"https:\\\/\\\/wp.kristdemokraterna.se\\\/uppsala\\\/#organization\",\"name\":\"Kristdemokraterna Uppsala\",\"url\":\"https:\\\/\\\/wp.kristdemokraterna.se\\\/uppsala\\\/\",\"logo\":{\"@type\":\"ImageObject\",\"inLanguage\":\"sv-SE\",\"@id\":\"https:\\\/\\\/wp.kristdemokraterna.se\\\/uppsala\\\/#\\\/schema\\\/logo\\\/image\\\/\",\"url\":\"https:\\\/\\\/wp.kristdemokraterna.se\\\/uppsala\\\/files\\\/2019\\\/10\\\/kd-uppsala.png\",\"contentUrl\":\"https:\\\/\\\/wp.kristdemokraterna.se\\\/uppsala\\\/files\\\/2019\\\/10\\\/kd-uppsala.png\",\"width\":804,\"height\":421,\"caption\":\"Kristdemokraterna Uppsala\"},\"image\":{\"@id\":\"https:\\\/\\\/wp.kristdemokraterna.se\\\/uppsala\\\/#\\\/schema\\\/logo\\\/image\\\/\"},\"sameAs\":[\"https:\\\/\\\/www.facebook.com\\\/UppsalaKD\\\/\",\"https:\\\/\\\/www.instagram.com\\\/uppsalakd\\\/\"]},{\"@type\":\"Person\",\"@id\":\"https:\\\/\\\/wp.kristdemokraterna.se\\\/uppsala\\\/#\\\/schema\\\/person\\\/038d805d685fb0ce5ad14ab8711d8e84\",\"name\":\"Mimmi Westerlund\",\"image\":{\"@type\":\"ImageObject\",\"inLanguage\":\"sv-SE\",\"@id\":\"https:\\\/\\\/secure.gravatar.com\\\/avatar\\\/a5697359f709b6b10d9c7e6a7c89f3e054554dedb4657d5ffe9e5bc5b1445841?s=96&r=g\",\"url\":\"https:\\\/\\\/secure.gravatar.com\\\/avatar\\\/a5697359f709b6b10d9c7e6a7c89f3e054554dedb4657d5ffe9e5bc5b1445841?s=96&r=g\",\"contentUrl\":\"https:\\\/\\\/secure.gravatar.com\\\/avatar\\\/a5697359f709b6b10d9c7e6a7c89f3e054554dedb4657d5ffe9e5bc5b1445841?s=96&r=g\",\"caption\":\"Mimmi Westerlund\"},\"url\":\"https:\\\/\\\/wp.kristdemokraterna.se\\\/uppsala\\\/author\\\/mimmi\\\/\"}]}<\/script>\n<!-- \/ Yoast SEO plugin. -->","yoast_head_json":{"title":"\u00d6kat resande - i fokus i ny budget | Kristdemokraterna | Uppsala","robots":{"index":"index","follow":"follow","max-snippet":"max-snippet:-1","max-image-preview":"max-image-preview:large","max-video-preview":"max-video-preview:-1"},"canonical":"https:\/\/wp.kristdemokraterna.se\/uppsala\/okat-resande-i-fokus-i-ny-budget\/","og_locale":"sv_SE","og_type":"article","og_title":"\u00d6kat resande - i fokus i ny budget | Kristdemokraterna | Uppsala","og_description":"Idag tog trafik- och samh\u00e4llsutvecklingsn\u00e4mnden beslut om \u00e5rets budget. Under 2019 ska en rad satsningar g\u00f6ras: Uppt\u00e5get ska \u00f6ka sin kapacitet, det ska bli enklare att g\u00f6ra kombinationsresor och arbetet med sp\u00e5rv\u00e4gsprojektet forts\u00e4tter.","og_url":"https:\/\/wp.kristdemokraterna.se\/uppsala\/okat-resande-i-fokus-i-ny-budget\/","og_site_name":"Kristdemokraterna | Uppsala","article_publisher":"https:\/\/www.facebook.com\/UppsalaKD\/","article_published_time":"2019-01-28T18:06:43+00:00","article_modified_time":"2024-04-03T22:24:26+00:00","og_image":[{"width":770,"height":404,"url":"https:\/\/wp.kristdemokraterna.se\/uppsala\/files\/2021\/12\/kom1.png","type":"image\/png"}],"author":"Mimmi Westerlund","twitter_card":"summary_large_image","twitter_misc":{"Skriven av":"Mimmi Westerlund","Ber\u00e4knad l\u00e4stid":"2 minuter"},"schema":{"@context":"https:\/\/schema.org","@graph":[{"@type":"Article","@id":"https:\/\/wp.kristdemokraterna.se\/uppsala\/okat-resande-i-fokus-i-ny-budget\/#article","isPartOf":{"@id":"https:\/\/wp.kristdemokraterna.se\/uppsala\/okat-resande-i-fokus-i-ny-budget\/"},"author":{"name":"Mimmi Westerlund","@id":"https:\/\/wp.kristdemokraterna.se\/uppsala\/#\/schema\/person\/038d805d685fb0ce5ad14ab8711d8e84"},"headline":"\u00d6kat resande &#8211; i fokus i ny budget","datePublished":"2019-01-28T18:06:43+00:00","dateModified":"2024-04-03T22:24:26+00:00","mainEntityOfPage":{"@id":"https:\/\/wp.kristdemokraterna.se\/uppsala\/okat-resande-i-fokus-i-ny-budget\/"},"wordCount":478,"publisher":{"@id":"https:\/\/wp.kristdemokraterna.se\/uppsala\/#organization"},"keywords":["KD"],"articleSection":["Kollektivtrafik &amp; Stadsplanering"],"inLanguage":"sv-SE"},{"@type":"WebPage","@id":"https:\/\/wp.kristdemokraterna.se\/uppsala\/okat-resande-i-fokus-i-ny-budget\/","url":"https:\/\/wp.kristdemokraterna.se\/uppsala\/okat-resande-i-fokus-i-ny-budget\/","name":"\u00d6kat resande - i fokus i ny budget | Kristdemokraterna | Uppsala","isPartOf":{"@id":"https:\/\/wp.kristdemokraterna.se\/uppsala\/#website"},"datePublished":"2019-01-28T18:06:43+00:00","dateModified":"2024-04-03T22:24:26+00:00","breadcrumb":{"@id":"https:\/\/wp.kristdemokraterna.se\/uppsala\/okat-resande-i-fokus-i-ny-budget\/#breadcrumb"},"inLanguage":"sv-SE","potentialAction":[{"@type":"ReadAction","target":["https:\/\/wp.kristdemokraterna.se\/uppsala\/okat-resande-i-fokus-i-ny-budget\/"]}]},{"@type":"BreadcrumbList","@id":"https:\/\/wp.kristdemokraterna.se\/uppsala\/okat-resande-i-fokus-i-ny-budget\/#breadcrumb","itemListElement":[{"@type":"ListItem","position":1,"name":"Hem","item":"https:\/\/wp.kristdemokraterna.se\/uppsala\/"},{"@type":"ListItem","position":2,"name":"\u00d6kat resande &#8211; i fokus i ny budget"}]},{"@type":"WebSite","@id":"https:\/\/wp.kristdemokraterna.se\/uppsala\/#website","url":"https:\/\/wp.kristdemokraterna.se\/uppsala\/","name":"Kristdemokraterna Uppsala","description":"Tryggare Uppsala","publisher":{"@id":"https:\/\/wp.kristdemokraterna.se\/uppsala\/#organization"},"inLanguage":"sv-SE"},{"@type":"Organization","@id":"https:\/\/wp.kristdemokraterna.se\/uppsala\/#organization","name":"Kristdemokraterna Uppsala","url":"https:\/\/wp.kristdemokraterna.se\/uppsala\/","logo":{"@type":"ImageObject","inLanguage":"sv-SE","@id":"https:\/\/wp.kristdemokraterna.se\/uppsala\/#\/schema\/logo\/image\/","url":"https:\/\/wp.kristdemokraterna.se\/uppsala\/files\/2019\/10\/kd-uppsala.png","contentUrl":"https:\/\/wp.kristdemokraterna.se\/uppsala\/files\/2019\/10\/kd-uppsala.png","width":804,"height":421,"caption":"Kristdemokraterna Uppsala"},"image":{"@id":"https:\/\/wp.kristdemokraterna.se\/uppsala\/#\/schema\/logo\/image\/"},"sameAs":["https:\/\/www.facebook.com\/UppsalaKD\/","https:\/\/www.instagram.com\/uppsalakd\/"]},{"@type":"Person","@id":"https:\/\/wp.kristdemokraterna.se\/uppsala\/#\/schema\/person\/038d805d685fb0ce5ad14ab8711d8e84","name":"Mimmi Westerlund","image":{"@type":"ImageObject","inLanguage":"sv-SE","@id":"https:\/\/secure.gravatar.com\/avatar\/a5697359f709b6b10d9c7e6a7c89f3e054554dedb4657d5ffe9e5bc5b1445841?s=96&r=g","url":"https:\/\/secure.gravatar.com\/avatar\/a5697359f709b6b10d9c7e6a7c89f3e054554dedb4657d5ffe9e5bc5b1445841?s=96&r=g","contentUrl":"https:\/\/secure.gravatar.com\/avatar\/a5697359f709b6b10d9c7e6a7c89f3e054554dedb4657d5ffe9e5bc5b1445841?s=96&r=g","caption":"Mimmi Westerlund"},"url":"https:\/\/wp.kristdemokraterna.se\/uppsala\/author\/mimmi\/"}]}},"_links":{"self":[{"href":"https:\/\/wp.kristdemokraterna.se\/uppsala\/wp-json\/wp\/v2\/posts\/3204","targetHints":{"allow":["GET"]}}],"collection":[{"href":"https:\/\/wp.kristdemokraterna.se\/uppsala\/wp-json\/wp\/v2\/posts"}],"about":[{"href":"https:\/\/wp.kristdemokraterna.se\/uppsala\/wp-json\/wp\/v2\/types\/post"}],"author":[{"embeddable":true,"href":"https:\/\/wp.kristdemokraterna.se\/uppsala\/wp-json\/wp\/v2\/users\/702"}],"replies":[{"embeddable":true,"href":"https:\/\/wp.kristdemokraterna.se\/uppsala\/wp-json\/wp\/v2\/comments?post=3204"}],"version-history":[{"count":21,"href":"https:\/\/wp.kristdemokraterna.se\/uppsala\/wp-json\/wp\/v2\/posts\/3204\/revisions"}],"predecessor-version":[{"id":3235,"href":"https:\/\/wp.kristdemokraterna.se\/uppsala\/wp-json\/wp\/v2\/posts\/3204\/revisions\/3235"}],"wp:attachment":[{"href":"https:\/\/wp.kristdemokraterna.se\/uppsala\/wp-json\/wp\/v2\/media?parent=3204"}],"wp:term":[{"taxonomy":"category","embeddable":true,"href":"https:\/\/wp.kristdemokraterna.se\/uppsala\/wp-json\/wp\/v2\/categories?post=3204"},{"taxonomy":"post_tag","embeddable":true,"href":"https:\/\/wp.kristdemokraterna.se\/uppsala\/wp-json\/wp\/v2\/tags?post=3204"}],"curies":[{"name":"wp","href":"https:\/\/api.w.org\/{rel}","templated":true}]}}