{"id":3266,"date":"2019-02-08T13:28:05","date_gmt":"2019-02-08T12:28:05","guid":{"rendered":"http:\/\/wp.kristdemokraterna.se\/uppsala\/?p=3266"},"modified":"2024-04-04T00:24:08","modified_gmt":"2024-04-03T22:24:08","slug":"patientsakerhet-och-jamlik-vard-ar-drivkrafter","status":"publish","type":"post","link":"https:\/\/wp.kristdemokraterna.se\/uppsala\/patientsakerhet-och-jamlik-vard-ar-drivkrafter\/","title":{"rendered":"Patients\u00e4kerhet och j\u00e4mlik v\u00e5rd \u00e4r drivkrafter"},"content":{"rendered":"<p><strong>Bra och s\u00e4ker v\u00e5rd f\u00f6r patienterna, b\u00e4ttre arbetsmilj\u00f6 f\u00f6r personalen och ett effektivare sjukhus. Det \u00e4r n\u00e5gra fr\u00e5gor som Mimmi Westerlund \u00e4r speciellt engagerad i. Som ny ordf\u00f6rande i patientn\u00e4mnden och vice ordf\u00f6rande i sjukhusstyrelsen har hon flera viktiga omr\u00e5den att ta tag i.<\/strong><br \/>\n<!--more--><\/p>\n<h2>Ber\u00e4tta om ditt engagemang, vad driver dig som regionpolitiker?<\/h2>\n<p>\u2013 Att vara med och p\u00e5verka till att omh\u00e4ndertagandet och v\u00e5rden av patienterna blir bra \u00e4r viktigt &#8211; eftersom bristerna kan inneb\u00e4ra skador eller till och med d\u00f6d, n\u00e5got jag tror alltf\u00f6r m\u00e5nga har personlig erfarenhet av. Jag k\u00e4nner ett stort ansvar gentemot alla som tar del av regionens sjukv\u00e5rd och \u00f6vriga verksamheter.<\/p>\n<h2>Du sitter \u00e4ven i regionstyrelsen och i personalutskottet &#8211; ber\u00e4tta!<\/h2>\n<p>\u2013 Ja, det k\u00e4nns ansvarsfullt och roligt. Jag \u00e4r tacksam f\u00f6r att mina kollegor har s\u00e5 stort f\u00f6rtroende f\u00f6r mig! Det k\u00e4nns v\u00e4ldigt genomt\u00e4nkt eftersom alla mina uppdrag har med varandra att g\u00f6ra. I patientn\u00e4mnden tar vi upp klagom\u00e5l och synpunkter p\u00e5 brister i v\u00e5rden, och sjukhusstyrelsen har det \u00f6vergripande ansvaret f\u00f6r Akademiska sjukhuset. Att ha en starkare koppling mellan dessa tror jag \u00e4r v\u00e4rdefullt.<\/p>\n<p>Samma sak g\u00e4ller personalutskottet, besluten d\u00e4r h\u00e4r v\u00e4l samman med besluten b\u00e5de i regionstyrelsen och sjukhusstyrelsen.<\/p>\n<h2>Vilka fr\u00e5gor \u00e4r mest akuta att ta tag i?<\/h2>\n<p>\u2013 Det \u00e4r mycket som m\u00e5ste g\u00f6ras, och det ganska snart. Framf\u00f6r allt beh\u00f6ver vi f\u00e5 b\u00e4ttre kontroll \u00f6ver den ekonomiska styrningen, ett minusresultat p\u00e5 n\u00e4rmare 400 miljoner \u00e4r inte acceptabelt. Vi vet ocks\u00e5 att sjuksk\u00f6terskor l\u00e4mnar sina jobb eftersom arbetsvillkoren \u00e4r f\u00f6r d\u00e5liga. Dessa tv\u00e5 problemomr\u00e5den ser jag som de mest akuta att \u00e5tg\u00e4rda tillsammans med sjukhuset och medarbetarna.<\/p>\n<h2>Vad blir ditt f\u00f6rsta steg i patientn\u00e4mnden?<\/h2>\n<p>\u2013 Jag ser fram mot att att s\u00e4tta mig in i lagar och i verksamheten, d\u00e4refter ska vi ta vid ett arbete med att f\u00f6ra ut v\u00e5ra analyser till politikerna i sjukhusstyrelsen, d\u00e4r jag sitter, men \u00e4ven till exempelvis v\u00e5rdstyrelsen.<\/p>\n<h2>Vilka \u00e4r de st\u00f6rsta utmaningarna i Region Uppsala p\u00e5 l\u00e4ngre sikt?<\/h2>\n<p>\u2013 Det jag n\u00e4mnde ovan g\u00e4llande ekonomin och personalflykten, men ocks\u00e5 att g\u00f6ra v\u00e5rden mer tillg\u00e4nglig och j\u00e4mlik. Kvinno- och f\u00f6rlossningsv\u00e5rden brinner jag f\u00f6r extra mycket, och d\u00e4r har vi mycket att ta tag i.<\/p>\n","protected":false},"excerpt":{"rendered":"<p>Bra och s\u00e4ker v\u00e5rd f\u00f6r patienterna, b\u00e4ttre arbetsmilj\u00f6 f\u00f6r personalen och ett effektivare sjukhus. Det \u00e4r n\u00e5gra fr\u00e5gor som Mimmi Westerlund \u00e4r speciellt engagerad i. Som ny ordf\u00f6rande i patientn\u00e4mnden och vice ordf\u00f6rande i sjukhusstyrelsen har hon flera viktiga omr\u00e5den att ta tag i.<\/p>\n","protected":false},"author":702,"featured_media":0,"comment_status":"closed","ping_status":"closed","sticky":false,"template":"","format":"standard","meta":{"_acf_changed":false,"footnotes":""},"categories":[236],"tags":[198,57,221,222,199,223],"class_list":["post-3266","post","type-post","status-publish","format-standard","hentry","category-vard-o-omsorg","tag-kd","tag-kristdemokraterna","tag-mimmi-westerlund","tag-patientnamnden","tag-region-uppsala","tag-sjukhusstyrelsen"],"acf":[],"yoast_head":"<!-- This site is optimized with the Yoast SEO plugin v27.4 - https:\/\/yoast.com\/product\/yoast-seo-wordpress\/ -->\n<title>Patients\u00e4kerhet och j\u00e4mlik v\u00e5rd \u00e4r drivkrafter | Kristdemokraterna | Uppsala<\/title>\n<meta name=\"robots\" content=\"index, follow, max-snippet:-1, max-image-preview:large, max-video-preview:-1\" \/>\n<link rel=\"canonical\" href=\"https:\/\/wp.kristdemokraterna.se\/uppsala\/patientsakerhet-och-jamlik-vard-ar-drivkrafter\/\" \/>\n<meta property=\"og:locale\" content=\"sv_SE\" \/>\n<meta property=\"og:type\" content=\"article\" \/>\n<meta property=\"og:title\" content=\"Patients\u00e4kerhet och j\u00e4mlik v\u00e5rd \u00e4r drivkrafter | Kristdemokraterna | Uppsala\" \/>\n<meta property=\"og:description\" content=\"Bra och s\u00e4ker v\u00e5rd f\u00f6r patienterna, b\u00e4ttre arbetsmilj\u00f6 f\u00f6r personalen och ett effektivare sjukhus. Det \u00e4r n\u00e5gra fr\u00e5gor som Mimmi Westerlund \u00e4r speciellt engagerad i. Som ny ordf\u00f6rande i patientn\u00e4mnden och vice ordf\u00f6rande i sjukhusstyrelsen har hon flera viktiga omr\u00e5den att ta tag i.\" \/>\n<meta property=\"og:url\" content=\"https:\/\/wp.kristdemokraterna.se\/uppsala\/patientsakerhet-och-jamlik-vard-ar-drivkrafter\/\" \/>\n<meta property=\"og:site_name\" content=\"Kristdemokraterna | Uppsala\" \/>\n<meta property=\"article:publisher\" content=\"https:\/\/www.facebook.com\/UppsalaKD\/\" \/>\n<meta property=\"article:published_time\" content=\"2019-02-08T12:28:05+00:00\" \/>\n<meta property=\"article:modified_time\" content=\"2024-04-03T22:24:08+00:00\" \/>\n<meta property=\"og:image\" content=\"https:\/\/wp.kristdemokraterna.se\/uppsala\/files\/2021\/12\/kom1.png\" \/>\n\t<meta property=\"og:image:width\" content=\"770\" \/>\n\t<meta property=\"og:image:height\" content=\"404\" \/>\n\t<meta property=\"og:image:type\" content=\"image\/png\" \/>\n<meta name=\"author\" content=\"Mimmi Westerlund\" \/>\n<meta name=\"twitter:card\" content=\"summary_large_image\" \/>\n<meta name=\"twitter:label1\" content=\"Skriven av\" \/>\n\t<meta name=\"twitter:data1\" content=\"Mimmi Westerlund\" \/>\n\t<meta name=\"twitter:label2\" content=\"Ber\u00e4knad l\u00e4stid\" \/>\n\t<meta name=\"twitter:data2\" content=\"2 minuter\" \/>\n<script type=\"application\/ld+json\" class=\"yoast-schema-graph\">{\"@context\":\"https:\\\/\\\/schema.org\",\"@graph\":[{\"@type\":\"Article\",\"@id\":\"https:\\\/\\\/wp.kristdemokraterna.se\\\/uppsala\\\/patientsakerhet-och-jamlik-vard-ar-drivkrafter\\\/#article\",\"isPartOf\":{\"@id\":\"https:\\\/\\\/wp.kristdemokraterna.se\\\/uppsala\\\/patientsakerhet-och-jamlik-vard-ar-drivkrafter\\\/\"},\"author\":{\"name\":\"Mimmi Westerlund\",\"@id\":\"https:\\\/\\\/wp.kristdemokraterna.se\\\/uppsala\\\/#\\\/schema\\\/person\\\/038d805d685fb0ce5ad14ab8711d8e84\"},\"headline\":\"Patients\u00e4kerhet och j\u00e4mlik v\u00e5rd \u00e4r drivkrafter\",\"datePublished\":\"2019-02-08T12:28:05+00:00\",\"dateModified\":\"2024-04-03T22:24:08+00:00\",\"mainEntityOfPage\":{\"@id\":\"https:\\\/\\\/wp.kristdemokraterna.se\\\/uppsala\\\/patientsakerhet-och-jamlik-vard-ar-drivkrafter\\\/\"},\"wordCount\":436,\"publisher\":{\"@id\":\"https:\\\/\\\/wp.kristdemokraterna.se\\\/uppsala\\\/#organization\"},\"keywords\":[\"KD\",\"Kristdemokraterna\",\"Mimmi Westerlund\",\"patientn\u00e4mnden\",\"Region Uppsala\",\"sjukhusstyrelsen\"],\"articleSection\":[\"V\u00e5rd &amp; omsorg\"],\"inLanguage\":\"sv-SE\"},{\"@type\":\"WebPage\",\"@id\":\"https:\\\/\\\/wp.kristdemokraterna.se\\\/uppsala\\\/patientsakerhet-och-jamlik-vard-ar-drivkrafter\\\/\",\"url\":\"https:\\\/\\\/wp.kristdemokraterna.se\\\/uppsala\\\/patientsakerhet-och-jamlik-vard-ar-drivkrafter\\\/\",\"name\":\"Patients\u00e4kerhet och j\u00e4mlik v\u00e5rd \u00e4r drivkrafter | Kristdemokraterna | Uppsala\",\"isPartOf\":{\"@id\":\"https:\\\/\\\/wp.kristdemokraterna.se\\\/uppsala\\\/#website\"},\"datePublished\":\"2019-02-08T12:28:05+00:00\",\"dateModified\":\"2024-04-03T22:24:08+00:00\",\"breadcrumb\":{\"@id\":\"https:\\\/\\\/wp.kristdemokraterna.se\\\/uppsala\\\/patientsakerhet-och-jamlik-vard-ar-drivkrafter\\\/#breadcrumb\"},\"inLanguage\":\"sv-SE\",\"potentialAction\":[{\"@type\":\"ReadAction\",\"target\":[\"https:\\\/\\\/wp.kristdemokraterna.se\\\/uppsala\\\/patientsakerhet-och-jamlik-vard-ar-drivkrafter\\\/\"]}]},{\"@type\":\"BreadcrumbList\",\"@id\":\"https:\\\/\\\/wp.kristdemokraterna.se\\\/uppsala\\\/patientsakerhet-och-jamlik-vard-ar-drivkrafter\\\/#breadcrumb\",\"itemListElement\":[{\"@type\":\"ListItem\",\"position\":1,\"name\":\"Hem\",\"item\":\"https:\\\/\\\/wp.kristdemokraterna.se\\\/uppsala\\\/\"},{\"@type\":\"ListItem\",\"position\":2,\"name\":\"Patients\u00e4kerhet och j\u00e4mlik v\u00e5rd \u00e4r drivkrafter\"}]},{\"@type\":\"WebSite\",\"@id\":\"https:\\\/\\\/wp.kristdemokraterna.se\\\/uppsala\\\/#website\",\"url\":\"https:\\\/\\\/wp.kristdemokraterna.se\\\/uppsala\\\/\",\"name\":\"Kristdemokraterna Uppsala\",\"description\":\"Tryggare Uppsala\",\"publisher\":{\"@id\":\"https:\\\/\\\/wp.kristdemokraterna.se\\\/uppsala\\\/#organization\"},\"inLanguage\":\"sv-SE\"},{\"@type\":\"Organization\",\"@id\":\"https:\\\/\\\/wp.kristdemokraterna.se\\\/uppsala\\\/#organization\",\"name\":\"Kristdemokraterna Uppsala\",\"url\":\"https:\\\/\\\/wp.kristdemokraterna.se\\\/uppsala\\\/\",\"logo\":{\"@type\":\"ImageObject\",\"inLanguage\":\"sv-SE\",\"@id\":\"https:\\\/\\\/wp.kristdemokraterna.se\\\/uppsala\\\/#\\\/schema\\\/logo\\\/image\\\/\",\"url\":\"https:\\\/\\\/wp.kristdemokraterna.se\\\/uppsala\\\/files\\\/2019\\\/10\\\/kd-uppsala.png\",\"contentUrl\":\"https:\\\/\\\/wp.kristdemokraterna.se\\\/uppsala\\\/files\\\/2019\\\/10\\\/kd-uppsala.png\",\"width\":804,\"height\":421,\"caption\":\"Kristdemokraterna Uppsala\"},\"image\":{\"@id\":\"https:\\\/\\\/wp.kristdemokraterna.se\\\/uppsala\\\/#\\\/schema\\\/logo\\\/image\\\/\"},\"sameAs\":[\"https:\\\/\\\/www.facebook.com\\\/UppsalaKD\\\/\",\"https:\\\/\\\/www.instagram.com\\\/uppsalakd\\\/\"]},{\"@type\":\"Person\",\"@id\":\"https:\\\/\\\/wp.kristdemokraterna.se\\\/uppsala\\\/#\\\/schema\\\/person\\\/038d805d685fb0ce5ad14ab8711d8e84\",\"name\":\"Mimmi Westerlund\",\"image\":{\"@type\":\"ImageObject\",\"inLanguage\":\"sv-SE\",\"@id\":\"https:\\\/\\\/secure.gravatar.com\\\/avatar\\\/a5697359f709b6b10d9c7e6a7c89f3e054554dedb4657d5ffe9e5bc5b1445841?s=96&r=g\",\"url\":\"https:\\\/\\\/secure.gravatar.com\\\/avatar\\\/a5697359f709b6b10d9c7e6a7c89f3e054554dedb4657d5ffe9e5bc5b1445841?s=96&r=g\",\"contentUrl\":\"https:\\\/\\\/secure.gravatar.com\\\/avatar\\\/a5697359f709b6b10d9c7e6a7c89f3e054554dedb4657d5ffe9e5bc5b1445841?s=96&r=g\",\"caption\":\"Mimmi Westerlund\"},\"url\":\"https:\\\/\\\/wp.kristdemokraterna.se\\\/uppsala\\\/author\\\/mimmi\\\/\"}]}<\/script>\n<!-- \/ Yoast SEO plugin. -->","yoast_head_json":{"title":"Patients\u00e4kerhet och j\u00e4mlik v\u00e5rd \u00e4r drivkrafter | Kristdemokraterna | Uppsala","robots":{"index":"index","follow":"follow","max-snippet":"max-snippet:-1","max-image-preview":"max-image-preview:large","max-video-preview":"max-video-preview:-1"},"canonical":"https:\/\/wp.kristdemokraterna.se\/uppsala\/patientsakerhet-och-jamlik-vard-ar-drivkrafter\/","og_locale":"sv_SE","og_type":"article","og_title":"Patients\u00e4kerhet och j\u00e4mlik v\u00e5rd \u00e4r drivkrafter | Kristdemokraterna | Uppsala","og_description":"Bra och s\u00e4ker v\u00e5rd f\u00f6r patienterna, b\u00e4ttre arbetsmilj\u00f6 f\u00f6r personalen och ett effektivare sjukhus. Det \u00e4r n\u00e5gra fr\u00e5gor som Mimmi Westerlund \u00e4r speciellt engagerad i. Som ny ordf\u00f6rande i patientn\u00e4mnden och vice ordf\u00f6rande i sjukhusstyrelsen har hon flera viktiga omr\u00e5den att ta tag i.","og_url":"https:\/\/wp.kristdemokraterna.se\/uppsala\/patientsakerhet-och-jamlik-vard-ar-drivkrafter\/","og_site_name":"Kristdemokraterna | Uppsala","article_publisher":"https:\/\/www.facebook.com\/UppsalaKD\/","article_published_time":"2019-02-08T12:28:05+00:00","article_modified_time":"2024-04-03T22:24:08+00:00","og_image":[{"width":770,"height":404,"url":"https:\/\/wp.kristdemokraterna.se\/uppsala\/files\/2021\/12\/kom1.png","type":"image\/png"}],"author":"Mimmi Westerlund","twitter_card":"summary_large_image","twitter_misc":{"Skriven av":"Mimmi Westerlund","Ber\u00e4knad l\u00e4stid":"2 minuter"},"schema":{"@context":"https:\/\/schema.org","@graph":[{"@type":"Article","@id":"https:\/\/wp.kristdemokraterna.se\/uppsala\/patientsakerhet-och-jamlik-vard-ar-drivkrafter\/#article","isPartOf":{"@id":"https:\/\/wp.kristdemokraterna.se\/uppsala\/patientsakerhet-och-jamlik-vard-ar-drivkrafter\/"},"author":{"name":"Mimmi Westerlund","@id":"https:\/\/wp.kristdemokraterna.se\/uppsala\/#\/schema\/person\/038d805d685fb0ce5ad14ab8711d8e84"},"headline":"Patients\u00e4kerhet och j\u00e4mlik v\u00e5rd \u00e4r drivkrafter","datePublished":"2019-02-08T12:28:05+00:00","dateModified":"2024-04-03T22:24:08+00:00","mainEntityOfPage":{"@id":"https:\/\/wp.kristdemokraterna.se\/uppsala\/patientsakerhet-och-jamlik-vard-ar-drivkrafter\/"},"wordCount":436,"publisher":{"@id":"https:\/\/wp.kristdemokraterna.se\/uppsala\/#organization"},"keywords":["KD","Kristdemokraterna","Mimmi Westerlund","patientn\u00e4mnden","Region Uppsala","sjukhusstyrelsen"],"articleSection":["V\u00e5rd &amp; omsorg"],"inLanguage":"sv-SE"},{"@type":"WebPage","@id":"https:\/\/wp.kristdemokraterna.se\/uppsala\/patientsakerhet-och-jamlik-vard-ar-drivkrafter\/","url":"https:\/\/wp.kristdemokraterna.se\/uppsala\/patientsakerhet-och-jamlik-vard-ar-drivkrafter\/","name":"Patients\u00e4kerhet och j\u00e4mlik v\u00e5rd \u00e4r drivkrafter | Kristdemokraterna | Uppsala","isPartOf":{"@id":"https:\/\/wp.kristdemokraterna.se\/uppsala\/#website"},"datePublished":"2019-02-08T12:28:05+00:00","dateModified":"2024-04-03T22:24:08+00:00","breadcrumb":{"@id":"https:\/\/wp.kristdemokraterna.se\/uppsala\/patientsakerhet-och-jamlik-vard-ar-drivkrafter\/#breadcrumb"},"inLanguage":"sv-SE","potentialAction":[{"@type":"ReadAction","target":["https:\/\/wp.kristdemokraterna.se\/uppsala\/patientsakerhet-och-jamlik-vard-ar-drivkrafter\/"]}]},{"@type":"BreadcrumbList","@id":"https:\/\/wp.kristdemokraterna.se\/uppsala\/patientsakerhet-och-jamlik-vard-ar-drivkrafter\/#breadcrumb","itemListElement":[{"@type":"ListItem","position":1,"name":"Hem","item":"https:\/\/wp.kristdemokraterna.se\/uppsala\/"},{"@type":"ListItem","position":2,"name":"Patients\u00e4kerhet och j\u00e4mlik v\u00e5rd \u00e4r drivkrafter"}]},{"@type":"WebSite","@id":"https:\/\/wp.kristdemokraterna.se\/uppsala\/#website","url":"https:\/\/wp.kristdemokraterna.se\/uppsala\/","name":"Kristdemokraterna Uppsala","description":"Tryggare Uppsala","publisher":{"@id":"https:\/\/wp.kristdemokraterna.se\/uppsala\/#organization"},"inLanguage":"sv-SE"},{"@type":"Organization","@id":"https:\/\/wp.kristdemokraterna.se\/uppsala\/#organization","name":"Kristdemokraterna Uppsala","url":"https:\/\/wp.kristdemokraterna.se\/uppsala\/","logo":{"@type":"ImageObject","inLanguage":"sv-SE","@id":"https:\/\/wp.kristdemokraterna.se\/uppsala\/#\/schema\/logo\/image\/","url":"https:\/\/wp.kristdemokraterna.se\/uppsala\/files\/2019\/10\/kd-uppsala.png","contentUrl":"https:\/\/wp.kristdemokraterna.se\/uppsala\/files\/2019\/10\/kd-uppsala.png","width":804,"height":421,"caption":"Kristdemokraterna Uppsala"},"image":{"@id":"https:\/\/wp.kristdemokraterna.se\/uppsala\/#\/schema\/logo\/image\/"},"sameAs":["https:\/\/www.facebook.com\/UppsalaKD\/","https:\/\/www.instagram.com\/uppsalakd\/"]},{"@type":"Person","@id":"https:\/\/wp.kristdemokraterna.se\/uppsala\/#\/schema\/person\/038d805d685fb0ce5ad14ab8711d8e84","name":"Mimmi Westerlund","image":{"@type":"ImageObject","inLanguage":"sv-SE","@id":"https:\/\/secure.gravatar.com\/avatar\/a5697359f709b6b10d9c7e6a7c89f3e054554dedb4657d5ffe9e5bc5b1445841?s=96&r=g","url":"https:\/\/secure.gravatar.com\/avatar\/a5697359f709b6b10d9c7e6a7c89f3e054554dedb4657d5ffe9e5bc5b1445841?s=96&r=g","contentUrl":"https:\/\/secure.gravatar.com\/avatar\/a5697359f709b6b10d9c7e6a7c89f3e054554dedb4657d5ffe9e5bc5b1445841?s=96&r=g","caption":"Mimmi Westerlund"},"url":"https:\/\/wp.kristdemokraterna.se\/uppsala\/author\/mimmi\/"}]}},"_links":{"self":[{"href":"https:\/\/wp.kristdemokraterna.se\/uppsala\/wp-json\/wp\/v2\/posts\/3266","targetHints":{"allow":["GET"]}}],"collection":[{"href":"https:\/\/wp.kristdemokraterna.se\/uppsala\/wp-json\/wp\/v2\/posts"}],"about":[{"href":"https:\/\/wp.kristdemokraterna.se\/uppsala\/wp-json\/wp\/v2\/types\/post"}],"author":[{"embeddable":true,"href":"https:\/\/wp.kristdemokraterna.se\/uppsala\/wp-json\/wp\/v2\/users\/702"}],"replies":[{"embeddable":true,"href":"https:\/\/wp.kristdemokraterna.se\/uppsala\/wp-json\/wp\/v2\/comments?post=3266"}],"version-history":[{"count":8,"href":"https:\/\/wp.kristdemokraterna.se\/uppsala\/wp-json\/wp\/v2\/posts\/3266\/revisions"}],"predecessor-version":[{"id":3276,"href":"https:\/\/wp.kristdemokraterna.se\/uppsala\/wp-json\/wp\/v2\/posts\/3266\/revisions\/3276"}],"wp:attachment":[{"href":"https:\/\/wp.kristdemokraterna.se\/uppsala\/wp-json\/wp\/v2\/media?parent=3266"}],"wp:term":[{"taxonomy":"category","embeddable":true,"href":"https:\/\/wp.kristdemokraterna.se\/uppsala\/wp-json\/wp\/v2\/categories?post=3266"},{"taxonomy":"post_tag","embeddable":true,"href":"https:\/\/wp.kristdemokraterna.se\/uppsala\/wp-json\/wp\/v2\/tags?post=3266"}],"curies":[{"name":"wp","href":"https:\/\/api.w.org\/{rel}","templated":true}]}}