{"id":3281,"date":"2019-02-11T12:03:39","date_gmt":"2019-02-11T11:03:39","guid":{"rendered":"http:\/\/wp.kristdemokraterna.se\/uppsala\/?p=3281"},"modified":"2024-04-04T00:23:51","modified_gmt":"2024-04-03T22:23:51","slug":"medlemsboom-i-uppsala-popular-utbildning","status":"publish","type":"post","link":"https:\/\/wp.kristdemokraterna.se\/uppsala\/medlemsboom-i-uppsala-popular-utbildning\/","title":{"rendered":"Medlemsboom i Uppsala &#8211; m\u00e4rks p\u00e5 popul\u00e4r utbildning"},"content":{"rendered":"<h4><strong>Sedan januari\u00f6verenskommelsen presenterades den 11 januari, d\u00e4r C och L gjorde upp med Stefan L\u00f6fven, har KD i riket f\u00e5tt n\u00e4stan 3000 nya medlemmar. 150 av dessa h\u00f6r hemma i Uppsala l\u00e4n, och f\u00f6r att alla nya medlemmar ska k\u00e4nna sig v\u00e4lkomna arrangeras \u00f6ppna utbildningstr\u00e4ffar varje torsdag i februari.\u00a0<\/strong><\/h4>\n<p>Mikael Oscarsson, KD, riksdagsledamot och distriktsordf\u00f6rande skriver p\u00e5 sin Facebooksida:<\/p>\n<p>\u2013 Det \u00e4r helt fantastiskt, vi har aldrig varit med om n\u00e5got liknande! Folk uppskattar att vi var tydliga i regeringsfr\u00e5gan, och vi kommer nu att utg\u00f6ra en kraftfull opposition och i alla l\u00e4gen driva p\u00e5 f\u00f6r v\u00e5r politik. Om m\u00f6jligheten finns att f\u00e4lla L\u00f6fven kommer Kristdemokraterna inte att tveka.<\/p>\n<p>Jonas Segersam, KD, kommunalr\u00e5d Uppsala, var med p\u00e5 utbildningen och kommenterar:<\/p>\n<p>\u2013\u00a0 Det var en v\u00e4ldigt trevlig f\u00f6rsta tr\u00e4ff i torsdags med n\u00e4rmare 40 deltagare. Totalt \u00e4r det \u00f6ver 50 anm\u00e4lda och bara nu p\u00e5 n\u00e5gra dagar har vi f\u00e5tt in n\u00e5gra till. Vi ser verkligen fram emot forts\u00e4ttningen h\u00e4r fram\u00f6ver!<\/p>\n<p>Det g\u00e5r fortfarande bra att anm\u00e4la sig till utbildningen som heter &#8221;Fr\u00e5n medlem till minister&#8221;. Anv\u00e4nd f\u00f6ljande l\u00e4nk:<\/p>\n<p>https:\/\/goo.gl\/forms\/MJguBzvsMxWVpOSv2<\/p>\n","protected":false},"excerpt":{"rendered":"<p>Sedan januari\u00f6verenskommelsen presenterades den 11 januari, d\u00e4r C och L gjorde upp med Stefan L\u00f6fven, har KD i riket f\u00e5tt n\u00e4stan 3000 nya medlemmar. 150 av dessa h\u00f6r hemma i Uppsala l\u00e4n, och f\u00f6r att alla nya medlemmar ska k\u00e4nna sig v\u00e4lkomna arrangeras \u00f6ppna utbildningstr\u00e4ffar varje torsdag i februari.\u00a0 Mikael Oscarsson, KD, riksdagsledamot och distriktsordf\u00f6rande <a class=\"read-more-link\" href=\"https:\/\/wp.kristdemokraterna.se\/uppsala\/medlemsboom-i-uppsala-popular-utbildning\/\">Read More<\/a><\/p>\n","protected":false},"author":702,"featured_media":0,"comment_status":"closed","ping_status":"closed","sticky":false,"template":"","format":"standard","meta":{"_acf_changed":false,"footnotes":""},"categories":[241],"tags":[],"class_list":["post-3281","post","type-post","status-publish","format-standard","hentry","category-familj-och-skola"],"acf":[],"yoast_head":"<!-- This site is optimized with the Yoast SEO plugin v27.4 - https:\/\/yoast.com\/product\/yoast-seo-wordpress\/ -->\n<title>Medlemsboom i Uppsala - m\u00e4rks p\u00e5 popul\u00e4r utbildning | Kristdemokraterna | Uppsala<\/title>\n<meta name=\"robots\" content=\"index, follow, max-snippet:-1, max-image-preview:large, max-video-preview:-1\" \/>\n<link rel=\"canonical\" href=\"https:\/\/wp.kristdemokraterna.se\/uppsala\/medlemsboom-i-uppsala-popular-utbildning\/\" \/>\n<meta property=\"og:locale\" content=\"sv_SE\" \/>\n<meta property=\"og:type\" content=\"article\" \/>\n<meta property=\"og:title\" content=\"Medlemsboom i Uppsala - m\u00e4rks p\u00e5 popul\u00e4r utbildning | Kristdemokraterna | Uppsala\" \/>\n<meta property=\"og:description\" content=\"Sedan januari\u00f6verenskommelsen presenterades den 11 januari, d\u00e4r C och L gjorde upp med Stefan L\u00f6fven, har KD i riket f\u00e5tt n\u00e4stan 3000 nya medlemmar. 150 av dessa h\u00f6r hemma i Uppsala l\u00e4n, och f\u00f6r att alla nya medlemmar ska k\u00e4nna sig v\u00e4lkomna arrangeras \u00f6ppna utbildningstr\u00e4ffar varje torsdag i februari.\u00a0 Mikael Oscarsson, KD, riksdagsledamot och distriktsordf\u00f6rande Read More\" \/>\n<meta property=\"og:url\" content=\"https:\/\/wp.kristdemokraterna.se\/uppsala\/medlemsboom-i-uppsala-popular-utbildning\/\" \/>\n<meta property=\"og:site_name\" content=\"Kristdemokraterna | Uppsala\" \/>\n<meta property=\"article:publisher\" content=\"https:\/\/www.facebook.com\/UppsalaKD\/\" \/>\n<meta property=\"article:published_time\" content=\"2019-02-11T11:03:39+00:00\" \/>\n<meta property=\"article:modified_time\" content=\"2024-04-03T22:23:51+00:00\" \/>\n<meta property=\"og:image\" content=\"https:\/\/wp.kristdemokraterna.se\/uppsala\/files\/2021\/12\/kom1.png\" \/>\n\t<meta property=\"og:image:width\" content=\"770\" \/>\n\t<meta property=\"og:image:height\" content=\"404\" \/>\n\t<meta property=\"og:image:type\" content=\"image\/png\" \/>\n<meta name=\"author\" content=\"Mimmi Westerlund\" \/>\n<meta name=\"twitter:card\" content=\"summary_large_image\" \/>\n<meta name=\"twitter:label1\" content=\"Skriven av\" \/>\n\t<meta name=\"twitter:data1\" content=\"Mimmi Westerlund\" \/>\n\t<meta name=\"twitter:label2\" content=\"Ber\u00e4knad l\u00e4stid\" \/>\n\t<meta name=\"twitter:data2\" content=\"1 minut\" \/>\n<script type=\"application\/ld+json\" class=\"yoast-schema-graph\">{\"@context\":\"https:\\\/\\\/schema.org\",\"@graph\":[{\"@type\":\"Article\",\"@id\":\"https:\\\/\\\/wp.kristdemokraterna.se\\\/uppsala\\\/medlemsboom-i-uppsala-popular-utbildning\\\/#article\",\"isPartOf\":{\"@id\":\"https:\\\/\\\/wp.kristdemokraterna.se\\\/uppsala\\\/medlemsboom-i-uppsala-popular-utbildning\\\/\"},\"author\":{\"name\":\"Mimmi Westerlund\",\"@id\":\"https:\\\/\\\/wp.kristdemokraterna.se\\\/uppsala\\\/#\\\/schema\\\/person\\\/038d805d685fb0ce5ad14ab8711d8e84\"},\"headline\":\"Medlemsboom i Uppsala &#8211; m\u00e4rks p\u00e5 popul\u00e4r utbildning\",\"datePublished\":\"2019-02-11T11:03:39+00:00\",\"dateModified\":\"2024-04-03T22:23:51+00:00\",\"mainEntityOfPage\":{\"@id\":\"https:\\\/\\\/wp.kristdemokraterna.se\\\/uppsala\\\/medlemsboom-i-uppsala-popular-utbildning\\\/\"},\"wordCount\":225,\"publisher\":{\"@id\":\"https:\\\/\\\/wp.kristdemokraterna.se\\\/uppsala\\\/#organization\"},\"articleSection\":[\"Familj &amp; skola\"],\"inLanguage\":\"sv-SE\"},{\"@type\":\"WebPage\",\"@id\":\"https:\\\/\\\/wp.kristdemokraterna.se\\\/uppsala\\\/medlemsboom-i-uppsala-popular-utbildning\\\/\",\"url\":\"https:\\\/\\\/wp.kristdemokraterna.se\\\/uppsala\\\/medlemsboom-i-uppsala-popular-utbildning\\\/\",\"name\":\"Medlemsboom i Uppsala - m\u00e4rks p\u00e5 popul\u00e4r utbildning | Kristdemokraterna | Uppsala\",\"isPartOf\":{\"@id\":\"https:\\\/\\\/wp.kristdemokraterna.se\\\/uppsala\\\/#website\"},\"datePublished\":\"2019-02-11T11:03:39+00:00\",\"dateModified\":\"2024-04-03T22:23:51+00:00\",\"breadcrumb\":{\"@id\":\"https:\\\/\\\/wp.kristdemokraterna.se\\\/uppsala\\\/medlemsboom-i-uppsala-popular-utbildning\\\/#breadcrumb\"},\"inLanguage\":\"sv-SE\",\"potentialAction\":[{\"@type\":\"ReadAction\",\"target\":[\"https:\\\/\\\/wp.kristdemokraterna.se\\\/uppsala\\\/medlemsboom-i-uppsala-popular-utbildning\\\/\"]}]},{\"@type\":\"BreadcrumbList\",\"@id\":\"https:\\\/\\\/wp.kristdemokraterna.se\\\/uppsala\\\/medlemsboom-i-uppsala-popular-utbildning\\\/#breadcrumb\",\"itemListElement\":[{\"@type\":\"ListItem\",\"position\":1,\"name\":\"Hem\",\"item\":\"https:\\\/\\\/wp.kristdemokraterna.se\\\/uppsala\\\/\"},{\"@type\":\"ListItem\",\"position\":2,\"name\":\"Medlemsboom i Uppsala &#8211; m\u00e4rks p\u00e5 popul\u00e4r utbildning\"}]},{\"@type\":\"WebSite\",\"@id\":\"https:\\\/\\\/wp.kristdemokraterna.se\\\/uppsala\\\/#website\",\"url\":\"https:\\\/\\\/wp.kristdemokraterna.se\\\/uppsala\\\/\",\"name\":\"Kristdemokraterna Uppsala\",\"description\":\"Tryggare Uppsala\",\"publisher\":{\"@id\":\"https:\\\/\\\/wp.kristdemokraterna.se\\\/uppsala\\\/#organization\"},\"inLanguage\":\"sv-SE\"},{\"@type\":\"Organization\",\"@id\":\"https:\\\/\\\/wp.kristdemokraterna.se\\\/uppsala\\\/#organization\",\"name\":\"Kristdemokraterna Uppsala\",\"url\":\"https:\\\/\\\/wp.kristdemokraterna.se\\\/uppsala\\\/\",\"logo\":{\"@type\":\"ImageObject\",\"inLanguage\":\"sv-SE\",\"@id\":\"https:\\\/\\\/wp.kristdemokraterna.se\\\/uppsala\\\/#\\\/schema\\\/logo\\\/image\\\/\",\"url\":\"https:\\\/\\\/wp.kristdemokraterna.se\\\/uppsala\\\/files\\\/2019\\\/10\\\/kd-uppsala.png\",\"contentUrl\":\"https:\\\/\\\/wp.kristdemokraterna.se\\\/uppsala\\\/files\\\/2019\\\/10\\\/kd-uppsala.png\",\"width\":804,\"height\":421,\"caption\":\"Kristdemokraterna Uppsala\"},\"image\":{\"@id\":\"https:\\\/\\\/wp.kristdemokraterna.se\\\/uppsala\\\/#\\\/schema\\\/logo\\\/image\\\/\"},\"sameAs\":[\"https:\\\/\\\/www.facebook.com\\\/UppsalaKD\\\/\",\"https:\\\/\\\/www.instagram.com\\\/uppsalakd\\\/\"]},{\"@type\":\"Person\",\"@id\":\"https:\\\/\\\/wp.kristdemokraterna.se\\\/uppsala\\\/#\\\/schema\\\/person\\\/038d805d685fb0ce5ad14ab8711d8e84\",\"name\":\"Mimmi Westerlund\",\"image\":{\"@type\":\"ImageObject\",\"inLanguage\":\"sv-SE\",\"@id\":\"https:\\\/\\\/secure.gravatar.com\\\/avatar\\\/a5697359f709b6b10d9c7e6a7c89f3e054554dedb4657d5ffe9e5bc5b1445841?s=96&r=g\",\"url\":\"https:\\\/\\\/secure.gravatar.com\\\/avatar\\\/a5697359f709b6b10d9c7e6a7c89f3e054554dedb4657d5ffe9e5bc5b1445841?s=96&r=g\",\"contentUrl\":\"https:\\\/\\\/secure.gravatar.com\\\/avatar\\\/a5697359f709b6b10d9c7e6a7c89f3e054554dedb4657d5ffe9e5bc5b1445841?s=96&r=g\",\"caption\":\"Mimmi Westerlund\"},\"url\":\"https:\\\/\\\/wp.kristdemokraterna.se\\\/uppsala\\\/author\\\/mimmi\\\/\"}]}<\/script>\n<!-- \/ Yoast SEO plugin. -->","yoast_head_json":{"title":"Medlemsboom i Uppsala - m\u00e4rks p\u00e5 popul\u00e4r utbildning | Kristdemokraterna | Uppsala","robots":{"index":"index","follow":"follow","max-snippet":"max-snippet:-1","max-image-preview":"max-image-preview:large","max-video-preview":"max-video-preview:-1"},"canonical":"https:\/\/wp.kristdemokraterna.se\/uppsala\/medlemsboom-i-uppsala-popular-utbildning\/","og_locale":"sv_SE","og_type":"article","og_title":"Medlemsboom i Uppsala - m\u00e4rks p\u00e5 popul\u00e4r utbildning | Kristdemokraterna | Uppsala","og_description":"Sedan januari\u00f6verenskommelsen presenterades den 11 januari, d\u00e4r C och L gjorde upp med Stefan L\u00f6fven, har KD i riket f\u00e5tt n\u00e4stan 3000 nya medlemmar. 150 av dessa h\u00f6r hemma i Uppsala l\u00e4n, och f\u00f6r att alla nya medlemmar ska k\u00e4nna sig v\u00e4lkomna arrangeras \u00f6ppna utbildningstr\u00e4ffar varje torsdag i februari.\u00a0 Mikael Oscarsson, KD, riksdagsledamot och distriktsordf\u00f6rande Read More","og_url":"https:\/\/wp.kristdemokraterna.se\/uppsala\/medlemsboom-i-uppsala-popular-utbildning\/","og_site_name":"Kristdemokraterna | Uppsala","article_publisher":"https:\/\/www.facebook.com\/UppsalaKD\/","article_published_time":"2019-02-11T11:03:39+00:00","article_modified_time":"2024-04-03T22:23:51+00:00","og_image":[{"width":770,"height":404,"url":"https:\/\/wp.kristdemokraterna.se\/uppsala\/files\/2021\/12\/kom1.png","type":"image\/png"}],"author":"Mimmi Westerlund","twitter_card":"summary_large_image","twitter_misc":{"Skriven av":"Mimmi Westerlund","Ber\u00e4knad l\u00e4stid":"1 minut"},"schema":{"@context":"https:\/\/schema.org","@graph":[{"@type":"Article","@id":"https:\/\/wp.kristdemokraterna.se\/uppsala\/medlemsboom-i-uppsala-popular-utbildning\/#article","isPartOf":{"@id":"https:\/\/wp.kristdemokraterna.se\/uppsala\/medlemsboom-i-uppsala-popular-utbildning\/"},"author":{"name":"Mimmi Westerlund","@id":"https:\/\/wp.kristdemokraterna.se\/uppsala\/#\/schema\/person\/038d805d685fb0ce5ad14ab8711d8e84"},"headline":"Medlemsboom i Uppsala &#8211; m\u00e4rks p\u00e5 popul\u00e4r utbildning","datePublished":"2019-02-11T11:03:39+00:00","dateModified":"2024-04-03T22:23:51+00:00","mainEntityOfPage":{"@id":"https:\/\/wp.kristdemokraterna.se\/uppsala\/medlemsboom-i-uppsala-popular-utbildning\/"},"wordCount":225,"publisher":{"@id":"https:\/\/wp.kristdemokraterna.se\/uppsala\/#organization"},"articleSection":["Familj &amp; skola"],"inLanguage":"sv-SE"},{"@type":"WebPage","@id":"https:\/\/wp.kristdemokraterna.se\/uppsala\/medlemsboom-i-uppsala-popular-utbildning\/","url":"https:\/\/wp.kristdemokraterna.se\/uppsala\/medlemsboom-i-uppsala-popular-utbildning\/","name":"Medlemsboom i Uppsala - m\u00e4rks p\u00e5 popul\u00e4r utbildning | Kristdemokraterna | Uppsala","isPartOf":{"@id":"https:\/\/wp.kristdemokraterna.se\/uppsala\/#website"},"datePublished":"2019-02-11T11:03:39+00:00","dateModified":"2024-04-03T22:23:51+00:00","breadcrumb":{"@id":"https:\/\/wp.kristdemokraterna.se\/uppsala\/medlemsboom-i-uppsala-popular-utbildning\/#breadcrumb"},"inLanguage":"sv-SE","potentialAction":[{"@type":"ReadAction","target":["https:\/\/wp.kristdemokraterna.se\/uppsala\/medlemsboom-i-uppsala-popular-utbildning\/"]}]},{"@type":"BreadcrumbList","@id":"https:\/\/wp.kristdemokraterna.se\/uppsala\/medlemsboom-i-uppsala-popular-utbildning\/#breadcrumb","itemListElement":[{"@type":"ListItem","position":1,"name":"Hem","item":"https:\/\/wp.kristdemokraterna.se\/uppsala\/"},{"@type":"ListItem","position":2,"name":"Medlemsboom i Uppsala &#8211; m\u00e4rks p\u00e5 popul\u00e4r utbildning"}]},{"@type":"WebSite","@id":"https:\/\/wp.kristdemokraterna.se\/uppsala\/#website","url":"https:\/\/wp.kristdemokraterna.se\/uppsala\/","name":"Kristdemokraterna Uppsala","description":"Tryggare Uppsala","publisher":{"@id":"https:\/\/wp.kristdemokraterna.se\/uppsala\/#organization"},"inLanguage":"sv-SE"},{"@type":"Organization","@id":"https:\/\/wp.kristdemokraterna.se\/uppsala\/#organization","name":"Kristdemokraterna Uppsala","url":"https:\/\/wp.kristdemokraterna.se\/uppsala\/","logo":{"@type":"ImageObject","inLanguage":"sv-SE","@id":"https:\/\/wp.kristdemokraterna.se\/uppsala\/#\/schema\/logo\/image\/","url":"https:\/\/wp.kristdemokraterna.se\/uppsala\/files\/2019\/10\/kd-uppsala.png","contentUrl":"https:\/\/wp.kristdemokraterna.se\/uppsala\/files\/2019\/10\/kd-uppsala.png","width":804,"height":421,"caption":"Kristdemokraterna Uppsala"},"image":{"@id":"https:\/\/wp.kristdemokraterna.se\/uppsala\/#\/schema\/logo\/image\/"},"sameAs":["https:\/\/www.facebook.com\/UppsalaKD\/","https:\/\/www.instagram.com\/uppsalakd\/"]},{"@type":"Person","@id":"https:\/\/wp.kristdemokraterna.se\/uppsala\/#\/schema\/person\/038d805d685fb0ce5ad14ab8711d8e84","name":"Mimmi Westerlund","image":{"@type":"ImageObject","inLanguage":"sv-SE","@id":"https:\/\/secure.gravatar.com\/avatar\/a5697359f709b6b10d9c7e6a7c89f3e054554dedb4657d5ffe9e5bc5b1445841?s=96&r=g","url":"https:\/\/secure.gravatar.com\/avatar\/a5697359f709b6b10d9c7e6a7c89f3e054554dedb4657d5ffe9e5bc5b1445841?s=96&r=g","contentUrl":"https:\/\/secure.gravatar.com\/avatar\/a5697359f709b6b10d9c7e6a7c89f3e054554dedb4657d5ffe9e5bc5b1445841?s=96&r=g","caption":"Mimmi Westerlund"},"url":"https:\/\/wp.kristdemokraterna.se\/uppsala\/author\/mimmi\/"}]}},"_links":{"self":[{"href":"https:\/\/wp.kristdemokraterna.se\/uppsala\/wp-json\/wp\/v2\/posts\/3281","targetHints":{"allow":["GET"]}}],"collection":[{"href":"https:\/\/wp.kristdemokraterna.se\/uppsala\/wp-json\/wp\/v2\/posts"}],"about":[{"href":"https:\/\/wp.kristdemokraterna.se\/uppsala\/wp-json\/wp\/v2\/types\/post"}],"author":[{"embeddable":true,"href":"https:\/\/wp.kristdemokraterna.se\/uppsala\/wp-json\/wp\/v2\/users\/702"}],"replies":[{"embeddable":true,"href":"https:\/\/wp.kristdemokraterna.se\/uppsala\/wp-json\/wp\/v2\/comments?post=3281"}],"version-history":[{"count":10,"href":"https:\/\/wp.kristdemokraterna.se\/uppsala\/wp-json\/wp\/v2\/posts\/3281\/revisions"}],"predecessor-version":[{"id":3296,"href":"https:\/\/wp.kristdemokraterna.se\/uppsala\/wp-json\/wp\/v2\/posts\/3281\/revisions\/3296"}],"wp:attachment":[{"href":"https:\/\/wp.kristdemokraterna.se\/uppsala\/wp-json\/wp\/v2\/media?parent=3281"}],"wp:term":[{"taxonomy":"category","embeddable":true,"href":"https:\/\/wp.kristdemokraterna.se\/uppsala\/wp-json\/wp\/v2\/categories?post=3281"},{"taxonomy":"post_tag","embeddable":true,"href":"https:\/\/wp.kristdemokraterna.se\/uppsala\/wp-json\/wp\/v2\/tags?post=3281"}],"curies":[{"name":"wp","href":"https:\/\/api.w.org\/{rel}","templated":true}]}}