{"id":3301,"date":"2019-02-13T15:00:35","date_gmt":"2019-02-13T14:00:35","guid":{"rendered":"http:\/\/wp.kristdemokraterna.se\/uppsala\/?p=3301"},"modified":"2024-04-04T00:23:41","modified_gmt":"2024-04-03T22:23:41","slug":"krafttag-mot-psykisk-ohalsa","status":"publish","type":"post","link":"https:\/\/wp.kristdemokraterna.se\/uppsala\/krafttag-mot-psykisk-ohalsa\/","title":{"rendered":"Krafttag tas mot psykisk oh\u00e4lsa"},"content":{"rendered":"<p><strong>Tillg\u00e4ngligheten till v\u00e5rd f\u00f6r barn och ungdomar med psykisk oh\u00e4lsa brister kraftigt i l\u00e4net.<\/strong><br \/>\n<strong>\u2013 Vi har d\u00e4rf\u00f6r beg\u00e4rt att hela v\u00e5rdkedjan ska ses \u00f6ver f\u00f6r att komma \u00e5t problematiken och st\u00e4rka v\u00e5rden, s\u00e4ger Bj\u00f6rn-Owe Bj\u00f6rk, KD, regionr\u00e5d.<br \/>\n<\/strong><!--more--><\/p>\n<p>Beslutet som togs i h\u00e4lso- och sjukv\u00e5rdsutskottet i Region Uppsala \u00e4r ett f\u00f6rsta steg f\u00f6r att \u00e5tg\u00e4rda de problem som funnits under fyra \u00e5r n\u00e4r det handlar om tillg\u00e4ngligheten av v\u00e5rd till unga i regionen.<\/p>\n<p>Nyligen visade en revisionsrapport att en rad allvarliga brister r\u00e5der p\u00e5 flera niv\u00e5er n\u00e4r det handlar om psykiatri till barn och unga med medelsv\u00e5r och l\u00e4ttare problematik vilket f\u00f6rsv\u00e5rar m\u00f6jligheten att ge r\u00e4tt v\u00e5rd i r\u00e4tt tid till m\u00e5lgruppen. Enligt rapporten s\u00e5 \u00e4r dels ansvarstagandet i b\u00e5de den politiska samt tj\u00e4nstemannaorganisationen oklart. \u00c4ven samordningen brister. Och samarbetet med kommunerna beh\u00f6ver bli b\u00e4ttre.<\/p>\n<p>\u2013 Vi har d\u00e4rf\u00f6r bett h\u00e4lso- och sjukv\u00e5rdsdirekt\u00f6ren att utreda och komma med f\u00f6rslag som f\u00f6rb\u00e4ttrar v\u00e5rden p\u00e5 prim\u00e4rv\u00e5rdsniv\u00e5n r\u00f6rande barn och ungas psykiska h\u00e4lsa. Dessutom ska en \u00f6versyn av hela v\u00e5rdkedjan g\u00f6ras f\u00f6r att \u00f6ka tillg\u00e4ngligheten till v\u00e5rd, s\u00e4ger Bj\u00f6rn-Owe Bj\u00f6rk.<\/p>\n<p>Han kommenterar allvaret med den bristande tillg\u00e4ngligheten av v\u00e5rd:<\/p>\n<p>\u2013 Att f\u00e5 v\u00e4nta f\u00f6r l\u00e4nge p\u00e5 v\u00e5rd inneb\u00e4r alltid risker och precis som revisorerna p\u00e5pekar i rapporten s\u00e5 \u00e4ventyras patients\u00e4kerheten. Det \u00e4r viktigt att agera nu.<\/p>\n<p>Uppdraget ska delredovisas i maj och slutredovisas i augusti. Avsikten \u00e4r att n\u00f6dv\u00e4ndiga \u00e5tg\u00e4rder f\u00f6r att f\u00f6rb\u00e4ttra v\u00e5rdkedjan ska inf\u00f6ras fr\u00e5n och med 1 januari 2020.<\/p>\n","protected":false},"excerpt":{"rendered":"<p>Tillg\u00e4ngligheten till v\u00e5rd f\u00f6r barn och ungdomar med psykisk oh\u00e4lsa brister kraftigt i l\u00e4net. \u2013 Vi har d\u00e4rf\u00f6r beg\u00e4rt att hela v\u00e5rdkedjan ska ses \u00f6ver f\u00f6r att komma \u00e5t problematiken och st\u00e4rka v\u00e5rden, s\u00e4ger Bj\u00f6rn-Owe Bj\u00f6rk, KD, regionr\u00e5d.<\/p>\n","protected":false},"author":702,"featured_media":0,"comment_status":"closed","ping_status":"closed","sticky":false,"template":"","format":"standard","meta":{"_acf_changed":false,"footnotes":""},"categories":[236],"tags":[],"class_list":["post-3301","post","type-post","status-publish","format-standard","hentry","category-vard-o-omsorg"],"acf":[],"yoast_head":"<!-- This site is optimized with the Yoast SEO plugin v27.4 - https:\/\/yoast.com\/product\/yoast-seo-wordpress\/ -->\n<title>Krafttag tas mot psykisk oh\u00e4lsa | Kristdemokraterna | Uppsala<\/title>\n<meta name=\"robots\" content=\"index, follow, max-snippet:-1, max-image-preview:large, max-video-preview:-1\" \/>\n<link rel=\"canonical\" href=\"https:\/\/wp.kristdemokraterna.se\/uppsala\/krafttag-mot-psykisk-ohalsa\/\" \/>\n<meta property=\"og:locale\" content=\"sv_SE\" \/>\n<meta property=\"og:type\" content=\"article\" \/>\n<meta property=\"og:title\" content=\"Krafttag tas mot psykisk oh\u00e4lsa | Kristdemokraterna | Uppsala\" \/>\n<meta property=\"og:description\" content=\"Tillg\u00e4ngligheten till v\u00e5rd f\u00f6r barn och ungdomar med psykisk oh\u00e4lsa brister kraftigt i l\u00e4net. \u2013 Vi har d\u00e4rf\u00f6r beg\u00e4rt att hela v\u00e5rdkedjan ska ses \u00f6ver f\u00f6r att komma \u00e5t problematiken och st\u00e4rka v\u00e5rden, s\u00e4ger Bj\u00f6rn-Owe Bj\u00f6rk, KD, regionr\u00e5d.\" \/>\n<meta property=\"og:url\" content=\"https:\/\/wp.kristdemokraterna.se\/uppsala\/krafttag-mot-psykisk-ohalsa\/\" \/>\n<meta property=\"og:site_name\" content=\"Kristdemokraterna | Uppsala\" \/>\n<meta property=\"article:publisher\" content=\"https:\/\/www.facebook.com\/UppsalaKD\/\" \/>\n<meta property=\"article:published_time\" content=\"2019-02-13T14:00:35+00:00\" \/>\n<meta property=\"article:modified_time\" content=\"2024-04-03T22:23:41+00:00\" \/>\n<meta property=\"og:image\" content=\"https:\/\/wp.kristdemokraterna.se\/uppsala\/files\/2021\/12\/kom1.png\" \/>\n\t<meta property=\"og:image:width\" content=\"770\" \/>\n\t<meta property=\"og:image:height\" content=\"404\" \/>\n\t<meta property=\"og:image:type\" content=\"image\/png\" \/>\n<meta name=\"author\" content=\"Mimmi Westerlund\" \/>\n<meta name=\"twitter:card\" content=\"summary_large_image\" \/>\n<meta name=\"twitter:label1\" content=\"Skriven av\" \/>\n\t<meta name=\"twitter:data1\" content=\"Mimmi Westerlund\" \/>\n\t<meta name=\"twitter:label2\" content=\"Ber\u00e4knad l\u00e4stid\" \/>\n\t<meta name=\"twitter:data2\" content=\"2 minuter\" \/>\n<script type=\"application\/ld+json\" class=\"yoast-schema-graph\">{\"@context\":\"https:\\\/\\\/schema.org\",\"@graph\":[{\"@type\":\"Article\",\"@id\":\"https:\\\/\\\/wp.kristdemokraterna.se\\\/uppsala\\\/krafttag-mot-psykisk-ohalsa\\\/#article\",\"isPartOf\":{\"@id\":\"https:\\\/\\\/wp.kristdemokraterna.se\\\/uppsala\\\/krafttag-mot-psykisk-ohalsa\\\/\"},\"author\":{\"name\":\"Mimmi Westerlund\",\"@id\":\"https:\\\/\\\/wp.kristdemokraterna.se\\\/uppsala\\\/#\\\/schema\\\/person\\\/038d805d685fb0ce5ad14ab8711d8e84\"},\"headline\":\"Krafttag tas mot psykisk oh\u00e4lsa\",\"datePublished\":\"2019-02-13T14:00:35+00:00\",\"dateModified\":\"2024-04-03T22:23:41+00:00\",\"mainEntityOfPage\":{\"@id\":\"https:\\\/\\\/wp.kristdemokraterna.se\\\/uppsala\\\/krafttag-mot-psykisk-ohalsa\\\/\"},\"wordCount\":320,\"publisher\":{\"@id\":\"https:\\\/\\\/wp.kristdemokraterna.se\\\/uppsala\\\/#organization\"},\"articleSection\":[\"V\u00e5rd &amp; omsorg\"],\"inLanguage\":\"sv-SE\"},{\"@type\":\"WebPage\",\"@id\":\"https:\\\/\\\/wp.kristdemokraterna.se\\\/uppsala\\\/krafttag-mot-psykisk-ohalsa\\\/\",\"url\":\"https:\\\/\\\/wp.kristdemokraterna.se\\\/uppsala\\\/krafttag-mot-psykisk-ohalsa\\\/\",\"name\":\"Krafttag tas mot psykisk oh\u00e4lsa | Kristdemokraterna | Uppsala\",\"isPartOf\":{\"@id\":\"https:\\\/\\\/wp.kristdemokraterna.se\\\/uppsala\\\/#website\"},\"datePublished\":\"2019-02-13T14:00:35+00:00\",\"dateModified\":\"2024-04-03T22:23:41+00:00\",\"breadcrumb\":{\"@id\":\"https:\\\/\\\/wp.kristdemokraterna.se\\\/uppsala\\\/krafttag-mot-psykisk-ohalsa\\\/#breadcrumb\"},\"inLanguage\":\"sv-SE\",\"potentialAction\":[{\"@type\":\"ReadAction\",\"target\":[\"https:\\\/\\\/wp.kristdemokraterna.se\\\/uppsala\\\/krafttag-mot-psykisk-ohalsa\\\/\"]}]},{\"@type\":\"BreadcrumbList\",\"@id\":\"https:\\\/\\\/wp.kristdemokraterna.se\\\/uppsala\\\/krafttag-mot-psykisk-ohalsa\\\/#breadcrumb\",\"itemListElement\":[{\"@type\":\"ListItem\",\"position\":1,\"name\":\"Hem\",\"item\":\"https:\\\/\\\/wp.kristdemokraterna.se\\\/uppsala\\\/\"},{\"@type\":\"ListItem\",\"position\":2,\"name\":\"Krafttag tas mot psykisk oh\u00e4lsa\"}]},{\"@type\":\"WebSite\",\"@id\":\"https:\\\/\\\/wp.kristdemokraterna.se\\\/uppsala\\\/#website\",\"url\":\"https:\\\/\\\/wp.kristdemokraterna.se\\\/uppsala\\\/\",\"name\":\"Kristdemokraterna Uppsala\",\"description\":\"Tryggare Uppsala\",\"publisher\":{\"@id\":\"https:\\\/\\\/wp.kristdemokraterna.se\\\/uppsala\\\/#organization\"},\"inLanguage\":\"sv-SE\"},{\"@type\":\"Organization\",\"@id\":\"https:\\\/\\\/wp.kristdemokraterna.se\\\/uppsala\\\/#organization\",\"name\":\"Kristdemokraterna Uppsala\",\"url\":\"https:\\\/\\\/wp.kristdemokraterna.se\\\/uppsala\\\/\",\"logo\":{\"@type\":\"ImageObject\",\"inLanguage\":\"sv-SE\",\"@id\":\"https:\\\/\\\/wp.kristdemokraterna.se\\\/uppsala\\\/#\\\/schema\\\/logo\\\/image\\\/\",\"url\":\"https:\\\/\\\/wp.kristdemokraterna.se\\\/uppsala\\\/files\\\/2019\\\/10\\\/kd-uppsala.png\",\"contentUrl\":\"https:\\\/\\\/wp.kristdemokraterna.se\\\/uppsala\\\/files\\\/2019\\\/10\\\/kd-uppsala.png\",\"width\":804,\"height\":421,\"caption\":\"Kristdemokraterna Uppsala\"},\"image\":{\"@id\":\"https:\\\/\\\/wp.kristdemokraterna.se\\\/uppsala\\\/#\\\/schema\\\/logo\\\/image\\\/\"},\"sameAs\":[\"https:\\\/\\\/www.facebook.com\\\/UppsalaKD\\\/\",\"https:\\\/\\\/www.instagram.com\\\/uppsalakd\\\/\"]},{\"@type\":\"Person\",\"@id\":\"https:\\\/\\\/wp.kristdemokraterna.se\\\/uppsala\\\/#\\\/schema\\\/person\\\/038d805d685fb0ce5ad14ab8711d8e84\",\"name\":\"Mimmi Westerlund\",\"image\":{\"@type\":\"ImageObject\",\"inLanguage\":\"sv-SE\",\"@id\":\"https:\\\/\\\/secure.gravatar.com\\\/avatar\\\/a5697359f709b6b10d9c7e6a7c89f3e054554dedb4657d5ffe9e5bc5b1445841?s=96&r=g\",\"url\":\"https:\\\/\\\/secure.gravatar.com\\\/avatar\\\/a5697359f709b6b10d9c7e6a7c89f3e054554dedb4657d5ffe9e5bc5b1445841?s=96&r=g\",\"contentUrl\":\"https:\\\/\\\/secure.gravatar.com\\\/avatar\\\/a5697359f709b6b10d9c7e6a7c89f3e054554dedb4657d5ffe9e5bc5b1445841?s=96&r=g\",\"caption\":\"Mimmi Westerlund\"},\"url\":\"https:\\\/\\\/wp.kristdemokraterna.se\\\/uppsala\\\/author\\\/mimmi\\\/\"}]}<\/script>\n<!-- \/ Yoast SEO plugin. -->","yoast_head_json":{"title":"Krafttag tas mot psykisk oh\u00e4lsa | Kristdemokraterna | Uppsala","robots":{"index":"index","follow":"follow","max-snippet":"max-snippet:-1","max-image-preview":"max-image-preview:large","max-video-preview":"max-video-preview:-1"},"canonical":"https:\/\/wp.kristdemokraterna.se\/uppsala\/krafttag-mot-psykisk-ohalsa\/","og_locale":"sv_SE","og_type":"article","og_title":"Krafttag tas mot psykisk oh\u00e4lsa | Kristdemokraterna | Uppsala","og_description":"Tillg\u00e4ngligheten till v\u00e5rd f\u00f6r barn och ungdomar med psykisk oh\u00e4lsa brister kraftigt i l\u00e4net. \u2013 Vi har d\u00e4rf\u00f6r beg\u00e4rt att hela v\u00e5rdkedjan ska ses \u00f6ver f\u00f6r att komma \u00e5t problematiken och st\u00e4rka v\u00e5rden, s\u00e4ger Bj\u00f6rn-Owe Bj\u00f6rk, KD, regionr\u00e5d.","og_url":"https:\/\/wp.kristdemokraterna.se\/uppsala\/krafttag-mot-psykisk-ohalsa\/","og_site_name":"Kristdemokraterna | Uppsala","article_publisher":"https:\/\/www.facebook.com\/UppsalaKD\/","article_published_time":"2019-02-13T14:00:35+00:00","article_modified_time":"2024-04-03T22:23:41+00:00","og_image":[{"width":770,"height":404,"url":"https:\/\/wp.kristdemokraterna.se\/uppsala\/files\/2021\/12\/kom1.png","type":"image\/png"}],"author":"Mimmi Westerlund","twitter_card":"summary_large_image","twitter_misc":{"Skriven av":"Mimmi Westerlund","Ber\u00e4knad l\u00e4stid":"2 minuter"},"schema":{"@context":"https:\/\/schema.org","@graph":[{"@type":"Article","@id":"https:\/\/wp.kristdemokraterna.se\/uppsala\/krafttag-mot-psykisk-ohalsa\/#article","isPartOf":{"@id":"https:\/\/wp.kristdemokraterna.se\/uppsala\/krafttag-mot-psykisk-ohalsa\/"},"author":{"name":"Mimmi Westerlund","@id":"https:\/\/wp.kristdemokraterna.se\/uppsala\/#\/schema\/person\/038d805d685fb0ce5ad14ab8711d8e84"},"headline":"Krafttag tas mot psykisk oh\u00e4lsa","datePublished":"2019-02-13T14:00:35+00:00","dateModified":"2024-04-03T22:23:41+00:00","mainEntityOfPage":{"@id":"https:\/\/wp.kristdemokraterna.se\/uppsala\/krafttag-mot-psykisk-ohalsa\/"},"wordCount":320,"publisher":{"@id":"https:\/\/wp.kristdemokraterna.se\/uppsala\/#organization"},"articleSection":["V\u00e5rd &amp; omsorg"],"inLanguage":"sv-SE"},{"@type":"WebPage","@id":"https:\/\/wp.kristdemokraterna.se\/uppsala\/krafttag-mot-psykisk-ohalsa\/","url":"https:\/\/wp.kristdemokraterna.se\/uppsala\/krafttag-mot-psykisk-ohalsa\/","name":"Krafttag tas mot psykisk oh\u00e4lsa | Kristdemokraterna | Uppsala","isPartOf":{"@id":"https:\/\/wp.kristdemokraterna.se\/uppsala\/#website"},"datePublished":"2019-02-13T14:00:35+00:00","dateModified":"2024-04-03T22:23:41+00:00","breadcrumb":{"@id":"https:\/\/wp.kristdemokraterna.se\/uppsala\/krafttag-mot-psykisk-ohalsa\/#breadcrumb"},"inLanguage":"sv-SE","potentialAction":[{"@type":"ReadAction","target":["https:\/\/wp.kristdemokraterna.se\/uppsala\/krafttag-mot-psykisk-ohalsa\/"]}]},{"@type":"BreadcrumbList","@id":"https:\/\/wp.kristdemokraterna.se\/uppsala\/krafttag-mot-psykisk-ohalsa\/#breadcrumb","itemListElement":[{"@type":"ListItem","position":1,"name":"Hem","item":"https:\/\/wp.kristdemokraterna.se\/uppsala\/"},{"@type":"ListItem","position":2,"name":"Krafttag tas mot psykisk oh\u00e4lsa"}]},{"@type":"WebSite","@id":"https:\/\/wp.kristdemokraterna.se\/uppsala\/#website","url":"https:\/\/wp.kristdemokraterna.se\/uppsala\/","name":"Kristdemokraterna Uppsala","description":"Tryggare Uppsala","publisher":{"@id":"https:\/\/wp.kristdemokraterna.se\/uppsala\/#organization"},"inLanguage":"sv-SE"},{"@type":"Organization","@id":"https:\/\/wp.kristdemokraterna.se\/uppsala\/#organization","name":"Kristdemokraterna Uppsala","url":"https:\/\/wp.kristdemokraterna.se\/uppsala\/","logo":{"@type":"ImageObject","inLanguage":"sv-SE","@id":"https:\/\/wp.kristdemokraterna.se\/uppsala\/#\/schema\/logo\/image\/","url":"https:\/\/wp.kristdemokraterna.se\/uppsala\/files\/2019\/10\/kd-uppsala.png","contentUrl":"https:\/\/wp.kristdemokraterna.se\/uppsala\/files\/2019\/10\/kd-uppsala.png","width":804,"height":421,"caption":"Kristdemokraterna Uppsala"},"image":{"@id":"https:\/\/wp.kristdemokraterna.se\/uppsala\/#\/schema\/logo\/image\/"},"sameAs":["https:\/\/www.facebook.com\/UppsalaKD\/","https:\/\/www.instagram.com\/uppsalakd\/"]},{"@type":"Person","@id":"https:\/\/wp.kristdemokraterna.se\/uppsala\/#\/schema\/person\/038d805d685fb0ce5ad14ab8711d8e84","name":"Mimmi Westerlund","image":{"@type":"ImageObject","inLanguage":"sv-SE","@id":"https:\/\/secure.gravatar.com\/avatar\/a5697359f709b6b10d9c7e6a7c89f3e054554dedb4657d5ffe9e5bc5b1445841?s=96&r=g","url":"https:\/\/secure.gravatar.com\/avatar\/a5697359f709b6b10d9c7e6a7c89f3e054554dedb4657d5ffe9e5bc5b1445841?s=96&r=g","contentUrl":"https:\/\/secure.gravatar.com\/avatar\/a5697359f709b6b10d9c7e6a7c89f3e054554dedb4657d5ffe9e5bc5b1445841?s=96&r=g","caption":"Mimmi Westerlund"},"url":"https:\/\/wp.kristdemokraterna.se\/uppsala\/author\/mimmi\/"}]}},"_links":{"self":[{"href":"https:\/\/wp.kristdemokraterna.se\/uppsala\/wp-json\/wp\/v2\/posts\/3301","targetHints":{"allow":["GET"]}}],"collection":[{"href":"https:\/\/wp.kristdemokraterna.se\/uppsala\/wp-json\/wp\/v2\/posts"}],"about":[{"href":"https:\/\/wp.kristdemokraterna.se\/uppsala\/wp-json\/wp\/v2\/types\/post"}],"author":[{"embeddable":true,"href":"https:\/\/wp.kristdemokraterna.se\/uppsala\/wp-json\/wp\/v2\/users\/702"}],"replies":[{"embeddable":true,"href":"https:\/\/wp.kristdemokraterna.se\/uppsala\/wp-json\/wp\/v2\/comments?post=3301"}],"version-history":[{"count":5,"href":"https:\/\/wp.kristdemokraterna.se\/uppsala\/wp-json\/wp\/v2\/posts\/3301\/revisions"}],"predecessor-version":[{"id":3309,"href":"https:\/\/wp.kristdemokraterna.se\/uppsala\/wp-json\/wp\/v2\/posts\/3301\/revisions\/3309"}],"wp:attachment":[{"href":"https:\/\/wp.kristdemokraterna.se\/uppsala\/wp-json\/wp\/v2\/media?parent=3301"}],"wp:term":[{"taxonomy":"category","embeddable":true,"href":"https:\/\/wp.kristdemokraterna.se\/uppsala\/wp-json\/wp\/v2\/categories?post=3301"},{"taxonomy":"post_tag","embeddable":true,"href":"https:\/\/wp.kristdemokraterna.se\/uppsala\/wp-json\/wp\/v2\/tags?post=3301"}],"curies":[{"name":"wp","href":"https:\/\/api.w.org\/{rel}","templated":true}]}}