{"id":3311,"date":"2019-02-25T16:40:17","date_gmt":"2019-02-25T15:40:17","guid":{"rendered":"http:\/\/wp.kristdemokraterna.se\/uppsala\/?p=3311"},"modified":"2024-04-04T00:23:33","modified_gmt":"2024-04-03T22:23:33","slug":"klart-10-miljoner-mer-till-aldrenamnden","status":"publish","type":"post","link":"https:\/\/wp.kristdemokraterna.se\/uppsala\/klart-10-miljoner-mer-till-aldrenamnden\/","title":{"rendered":"Klart: 10 miljoner mer till \u00c4ldren\u00e4mnden"},"content":{"rendered":"<h3>I och med den i riksdagen antagna M\/KD-budgeten ut\u00f6kas nu kommunens budget med 77 miljoner, n\u00e5got som \u00e4r mycket positivt!<\/h3>\n<p>&#8211; Vi kristdemokrater valde, tillsammans med M och C, att prioritera att \u00c4ldren\u00e4mnden f\u00e5r de resurser som kr\u00e4vs f\u00f6r att klara v\u00e4lf\u00e4rds\u00e5tagandet f\u00f6r Uppsalas \u00e4ldre.\u00a0Alla ska ha r\u00e4tt till tryggt boende, sociala kontakter, ett aktivt liv och inflytande i samh\u00e4llet hela livet, kommenterar Jonas Segersam, kommunalr\u00e5d (KD)<\/p>\n<p>D\u00e4rf\u00f6r f\u00f6reslog Uppsala-Alliansen p\u00e5 kommunstyrelsen en justering av budgetramen f\u00f6r 2019 d\u00e4r utbildningsn\u00e4mnden tillf\u00f6rs 15,4 miljoner kronor och \u00e4ldren\u00e4mnden tillf\u00f6rs 18,9 miljoner kronor. Ett f\u00f6rslag som ocks\u00e5 gick igenom p\u00e5 kommunfullm\u00e4ktige den 25 februari, d\u00e4r Uppsala-Alliansen fick st\u00f6d av (V) och (SD) och d\u00e4rmed vann en majoritet av r\u00f6sterna mot \u201dMittenstyret\u201d.<\/p>\n<p>&#8211; 19 miljoner mer till \u00c4ldren\u00e4mnden ger utrymme f\u00f6r att beh\u00e5lla de uppskattade seniorluncherna p\u00e5 Fyrishov och hindra att dagverksamhet f\u00f6r dementa dras in som annars riskerar ske. Det h\u00e4r \u00e4r allts\u00e5 ett v\u00e4ldigt bra beslut som gl\u00e4der mig, avslutar Segersam.<\/p>\n","protected":false},"excerpt":{"rendered":"<p>I och med den i riksdagen antagna M\/KD-budgeten ut\u00f6kas nu kommunens budget med 77 miljoner, n\u00e5got som \u00e4r mycket positivt! &#8211; Vi kristdemokrater valde, tillsammans med M och C, att prioritera att \u00c4ldren\u00e4mnden f\u00e5r de resurser som kr\u00e4vs f\u00f6r att klara v\u00e4lf\u00e4rds\u00e5tagandet f\u00f6r Uppsalas \u00e4ldre.\u00a0Alla ska ha r\u00e4tt till tryggt boende, sociala kontakter, ett aktivt <a class=\"read-more-link\" href=\"https:\/\/wp.kristdemokraterna.se\/uppsala\/klart-10-miljoner-mer-till-aldrenamnden\/\">Read More<\/a><\/p>\n","protected":false},"author":702,"featured_media":0,"comment_status":"closed","ping_status":"closed","sticky":false,"template":"","format":"standard","meta":{"_acf_changed":false,"footnotes":""},"categories":[236],"tags":[],"class_list":["post-3311","post","type-post","status-publish","format-standard","hentry","category-vard-o-omsorg"],"acf":[],"yoast_head":"<!-- This site is optimized with the Yoast SEO plugin v27.4 - https:\/\/yoast.com\/product\/yoast-seo-wordpress\/ -->\n<title>Klart: 10 miljoner mer till \u00c4ldren\u00e4mnden | Kristdemokraterna | Uppsala<\/title>\n<meta name=\"robots\" content=\"index, follow, max-snippet:-1, max-image-preview:large, max-video-preview:-1\" \/>\n<link rel=\"canonical\" href=\"https:\/\/wp.kristdemokraterna.se\/uppsala\/klart-10-miljoner-mer-till-aldrenamnden\/\" \/>\n<meta property=\"og:locale\" content=\"sv_SE\" \/>\n<meta property=\"og:type\" content=\"article\" \/>\n<meta property=\"og:title\" content=\"Klart: 10 miljoner mer till \u00c4ldren\u00e4mnden | Kristdemokraterna | Uppsala\" \/>\n<meta property=\"og:description\" content=\"I och med den i riksdagen antagna M\/KD-budgeten ut\u00f6kas nu kommunens budget med 77 miljoner, n\u00e5got som \u00e4r mycket positivt! &#8211; Vi kristdemokrater valde, tillsammans med M och C, att prioritera att \u00c4ldren\u00e4mnden f\u00e5r de resurser som kr\u00e4vs f\u00f6r att klara v\u00e4lf\u00e4rds\u00e5tagandet f\u00f6r Uppsalas \u00e4ldre.\u00a0Alla ska ha r\u00e4tt till tryggt boende, sociala kontakter, ett aktivt Read More\" \/>\n<meta property=\"og:url\" content=\"https:\/\/wp.kristdemokraterna.se\/uppsala\/klart-10-miljoner-mer-till-aldrenamnden\/\" \/>\n<meta property=\"og:site_name\" content=\"Kristdemokraterna | Uppsala\" \/>\n<meta property=\"article:publisher\" content=\"https:\/\/www.facebook.com\/UppsalaKD\/\" \/>\n<meta property=\"article:published_time\" content=\"2019-02-25T15:40:17+00:00\" \/>\n<meta property=\"article:modified_time\" content=\"2024-04-03T22:23:33+00:00\" \/>\n<meta property=\"og:image\" content=\"https:\/\/wp.kristdemokraterna.se\/uppsala\/files\/2021\/12\/kom1.png\" \/>\n\t<meta property=\"og:image:width\" content=\"770\" \/>\n\t<meta property=\"og:image:height\" content=\"404\" \/>\n\t<meta property=\"og:image:type\" content=\"image\/png\" \/>\n<meta name=\"author\" content=\"Mimmi Westerlund\" \/>\n<meta name=\"twitter:card\" content=\"summary_large_image\" \/>\n<meta name=\"twitter:label1\" content=\"Skriven av\" \/>\n\t<meta name=\"twitter:data1\" content=\"Mimmi Westerlund\" \/>\n\t<meta name=\"twitter:label2\" content=\"Ber\u00e4knad l\u00e4stid\" \/>\n\t<meta name=\"twitter:data2\" content=\"1 minut\" \/>\n<script type=\"application\/ld+json\" class=\"yoast-schema-graph\">{\"@context\":\"https:\\\/\\\/schema.org\",\"@graph\":[{\"@type\":\"Article\",\"@id\":\"https:\\\/\\\/wp.kristdemokraterna.se\\\/uppsala\\\/klart-10-miljoner-mer-till-aldrenamnden\\\/#article\",\"isPartOf\":{\"@id\":\"https:\\\/\\\/wp.kristdemokraterna.se\\\/uppsala\\\/klart-10-miljoner-mer-till-aldrenamnden\\\/\"},\"author\":{\"name\":\"Mimmi Westerlund\",\"@id\":\"https:\\\/\\\/wp.kristdemokraterna.se\\\/uppsala\\\/#\\\/schema\\\/person\\\/038d805d685fb0ce5ad14ab8711d8e84\"},\"headline\":\"Klart: 10 miljoner mer till \u00c4ldren\u00e4mnden\",\"datePublished\":\"2019-02-25T15:40:17+00:00\",\"dateModified\":\"2024-04-03T22:23:33+00:00\",\"mainEntityOfPage\":{\"@id\":\"https:\\\/\\\/wp.kristdemokraterna.se\\\/uppsala\\\/klart-10-miljoner-mer-till-aldrenamnden\\\/\"},\"wordCount\":196,\"publisher\":{\"@id\":\"https:\\\/\\\/wp.kristdemokraterna.se\\\/uppsala\\\/#organization\"},\"articleSection\":[\"V\u00e5rd &amp; omsorg\"],\"inLanguage\":\"sv-SE\"},{\"@type\":\"WebPage\",\"@id\":\"https:\\\/\\\/wp.kristdemokraterna.se\\\/uppsala\\\/klart-10-miljoner-mer-till-aldrenamnden\\\/\",\"url\":\"https:\\\/\\\/wp.kristdemokraterna.se\\\/uppsala\\\/klart-10-miljoner-mer-till-aldrenamnden\\\/\",\"name\":\"Klart: 10 miljoner mer till \u00c4ldren\u00e4mnden | Kristdemokraterna | Uppsala\",\"isPartOf\":{\"@id\":\"https:\\\/\\\/wp.kristdemokraterna.se\\\/uppsala\\\/#website\"},\"datePublished\":\"2019-02-25T15:40:17+00:00\",\"dateModified\":\"2024-04-03T22:23:33+00:00\",\"breadcrumb\":{\"@id\":\"https:\\\/\\\/wp.kristdemokraterna.se\\\/uppsala\\\/klart-10-miljoner-mer-till-aldrenamnden\\\/#breadcrumb\"},\"inLanguage\":\"sv-SE\",\"potentialAction\":[{\"@type\":\"ReadAction\",\"target\":[\"https:\\\/\\\/wp.kristdemokraterna.se\\\/uppsala\\\/klart-10-miljoner-mer-till-aldrenamnden\\\/\"]}]},{\"@type\":\"BreadcrumbList\",\"@id\":\"https:\\\/\\\/wp.kristdemokraterna.se\\\/uppsala\\\/klart-10-miljoner-mer-till-aldrenamnden\\\/#breadcrumb\",\"itemListElement\":[{\"@type\":\"ListItem\",\"position\":1,\"name\":\"Hem\",\"item\":\"https:\\\/\\\/wp.kristdemokraterna.se\\\/uppsala\\\/\"},{\"@type\":\"ListItem\",\"position\":2,\"name\":\"Klart: 10 miljoner mer till \u00c4ldren\u00e4mnden\"}]},{\"@type\":\"WebSite\",\"@id\":\"https:\\\/\\\/wp.kristdemokraterna.se\\\/uppsala\\\/#website\",\"url\":\"https:\\\/\\\/wp.kristdemokraterna.se\\\/uppsala\\\/\",\"name\":\"Kristdemokraterna Uppsala\",\"description\":\"Tryggare Uppsala\",\"publisher\":{\"@id\":\"https:\\\/\\\/wp.kristdemokraterna.se\\\/uppsala\\\/#organization\"},\"inLanguage\":\"sv-SE\"},{\"@type\":\"Organization\",\"@id\":\"https:\\\/\\\/wp.kristdemokraterna.se\\\/uppsala\\\/#organization\",\"name\":\"Kristdemokraterna Uppsala\",\"url\":\"https:\\\/\\\/wp.kristdemokraterna.se\\\/uppsala\\\/\",\"logo\":{\"@type\":\"ImageObject\",\"inLanguage\":\"sv-SE\",\"@id\":\"https:\\\/\\\/wp.kristdemokraterna.se\\\/uppsala\\\/#\\\/schema\\\/logo\\\/image\\\/\",\"url\":\"https:\\\/\\\/wp.kristdemokraterna.se\\\/uppsala\\\/files\\\/2019\\\/10\\\/kd-uppsala.png\",\"contentUrl\":\"https:\\\/\\\/wp.kristdemokraterna.se\\\/uppsala\\\/files\\\/2019\\\/10\\\/kd-uppsala.png\",\"width\":804,\"height\":421,\"caption\":\"Kristdemokraterna Uppsala\"},\"image\":{\"@id\":\"https:\\\/\\\/wp.kristdemokraterna.se\\\/uppsala\\\/#\\\/schema\\\/logo\\\/image\\\/\"},\"sameAs\":[\"https:\\\/\\\/www.facebook.com\\\/UppsalaKD\\\/\",\"https:\\\/\\\/www.instagram.com\\\/uppsalakd\\\/\"]},{\"@type\":\"Person\",\"@id\":\"https:\\\/\\\/wp.kristdemokraterna.se\\\/uppsala\\\/#\\\/schema\\\/person\\\/038d805d685fb0ce5ad14ab8711d8e84\",\"name\":\"Mimmi Westerlund\",\"image\":{\"@type\":\"ImageObject\",\"inLanguage\":\"sv-SE\",\"@id\":\"https:\\\/\\\/secure.gravatar.com\\\/avatar\\\/a5697359f709b6b10d9c7e6a7c89f3e054554dedb4657d5ffe9e5bc5b1445841?s=96&r=g\",\"url\":\"https:\\\/\\\/secure.gravatar.com\\\/avatar\\\/a5697359f709b6b10d9c7e6a7c89f3e054554dedb4657d5ffe9e5bc5b1445841?s=96&r=g\",\"contentUrl\":\"https:\\\/\\\/secure.gravatar.com\\\/avatar\\\/a5697359f709b6b10d9c7e6a7c89f3e054554dedb4657d5ffe9e5bc5b1445841?s=96&r=g\",\"caption\":\"Mimmi Westerlund\"},\"url\":\"https:\\\/\\\/wp.kristdemokraterna.se\\\/uppsala\\\/author\\\/mimmi\\\/\"}]}<\/script>\n<!-- \/ Yoast SEO plugin. -->","yoast_head_json":{"title":"Klart: 10 miljoner mer till \u00c4ldren\u00e4mnden | Kristdemokraterna | Uppsala","robots":{"index":"index","follow":"follow","max-snippet":"max-snippet:-1","max-image-preview":"max-image-preview:large","max-video-preview":"max-video-preview:-1"},"canonical":"https:\/\/wp.kristdemokraterna.se\/uppsala\/klart-10-miljoner-mer-till-aldrenamnden\/","og_locale":"sv_SE","og_type":"article","og_title":"Klart: 10 miljoner mer till \u00c4ldren\u00e4mnden | Kristdemokraterna | Uppsala","og_description":"I och med den i riksdagen antagna M\/KD-budgeten ut\u00f6kas nu kommunens budget med 77 miljoner, n\u00e5got som \u00e4r mycket positivt! &#8211; Vi kristdemokrater valde, tillsammans med M och C, att prioritera att \u00c4ldren\u00e4mnden f\u00e5r de resurser som kr\u00e4vs f\u00f6r att klara v\u00e4lf\u00e4rds\u00e5tagandet f\u00f6r Uppsalas \u00e4ldre.\u00a0Alla ska ha r\u00e4tt till tryggt boende, sociala kontakter, ett aktivt Read More","og_url":"https:\/\/wp.kristdemokraterna.se\/uppsala\/klart-10-miljoner-mer-till-aldrenamnden\/","og_site_name":"Kristdemokraterna | Uppsala","article_publisher":"https:\/\/www.facebook.com\/UppsalaKD\/","article_published_time":"2019-02-25T15:40:17+00:00","article_modified_time":"2024-04-03T22:23:33+00:00","og_image":[{"width":770,"height":404,"url":"https:\/\/wp.kristdemokraterna.se\/uppsala\/files\/2021\/12\/kom1.png","type":"image\/png"}],"author":"Mimmi Westerlund","twitter_card":"summary_large_image","twitter_misc":{"Skriven av":"Mimmi Westerlund","Ber\u00e4knad l\u00e4stid":"1 minut"},"schema":{"@context":"https:\/\/schema.org","@graph":[{"@type":"Article","@id":"https:\/\/wp.kristdemokraterna.se\/uppsala\/klart-10-miljoner-mer-till-aldrenamnden\/#article","isPartOf":{"@id":"https:\/\/wp.kristdemokraterna.se\/uppsala\/klart-10-miljoner-mer-till-aldrenamnden\/"},"author":{"name":"Mimmi Westerlund","@id":"https:\/\/wp.kristdemokraterna.se\/uppsala\/#\/schema\/person\/038d805d685fb0ce5ad14ab8711d8e84"},"headline":"Klart: 10 miljoner mer till \u00c4ldren\u00e4mnden","datePublished":"2019-02-25T15:40:17+00:00","dateModified":"2024-04-03T22:23:33+00:00","mainEntityOfPage":{"@id":"https:\/\/wp.kristdemokraterna.se\/uppsala\/klart-10-miljoner-mer-till-aldrenamnden\/"},"wordCount":196,"publisher":{"@id":"https:\/\/wp.kristdemokraterna.se\/uppsala\/#organization"},"articleSection":["V\u00e5rd &amp; omsorg"],"inLanguage":"sv-SE"},{"@type":"WebPage","@id":"https:\/\/wp.kristdemokraterna.se\/uppsala\/klart-10-miljoner-mer-till-aldrenamnden\/","url":"https:\/\/wp.kristdemokraterna.se\/uppsala\/klart-10-miljoner-mer-till-aldrenamnden\/","name":"Klart: 10 miljoner mer till \u00c4ldren\u00e4mnden | Kristdemokraterna | Uppsala","isPartOf":{"@id":"https:\/\/wp.kristdemokraterna.se\/uppsala\/#website"},"datePublished":"2019-02-25T15:40:17+00:00","dateModified":"2024-04-03T22:23:33+00:00","breadcrumb":{"@id":"https:\/\/wp.kristdemokraterna.se\/uppsala\/klart-10-miljoner-mer-till-aldrenamnden\/#breadcrumb"},"inLanguage":"sv-SE","potentialAction":[{"@type":"ReadAction","target":["https:\/\/wp.kristdemokraterna.se\/uppsala\/klart-10-miljoner-mer-till-aldrenamnden\/"]}]},{"@type":"BreadcrumbList","@id":"https:\/\/wp.kristdemokraterna.se\/uppsala\/klart-10-miljoner-mer-till-aldrenamnden\/#breadcrumb","itemListElement":[{"@type":"ListItem","position":1,"name":"Hem","item":"https:\/\/wp.kristdemokraterna.se\/uppsala\/"},{"@type":"ListItem","position":2,"name":"Klart: 10 miljoner mer till \u00c4ldren\u00e4mnden"}]},{"@type":"WebSite","@id":"https:\/\/wp.kristdemokraterna.se\/uppsala\/#website","url":"https:\/\/wp.kristdemokraterna.se\/uppsala\/","name":"Kristdemokraterna Uppsala","description":"Tryggare Uppsala","publisher":{"@id":"https:\/\/wp.kristdemokraterna.se\/uppsala\/#organization"},"inLanguage":"sv-SE"},{"@type":"Organization","@id":"https:\/\/wp.kristdemokraterna.se\/uppsala\/#organization","name":"Kristdemokraterna Uppsala","url":"https:\/\/wp.kristdemokraterna.se\/uppsala\/","logo":{"@type":"ImageObject","inLanguage":"sv-SE","@id":"https:\/\/wp.kristdemokraterna.se\/uppsala\/#\/schema\/logo\/image\/","url":"https:\/\/wp.kristdemokraterna.se\/uppsala\/files\/2019\/10\/kd-uppsala.png","contentUrl":"https:\/\/wp.kristdemokraterna.se\/uppsala\/files\/2019\/10\/kd-uppsala.png","width":804,"height":421,"caption":"Kristdemokraterna Uppsala"},"image":{"@id":"https:\/\/wp.kristdemokraterna.se\/uppsala\/#\/schema\/logo\/image\/"},"sameAs":["https:\/\/www.facebook.com\/UppsalaKD\/","https:\/\/www.instagram.com\/uppsalakd\/"]},{"@type":"Person","@id":"https:\/\/wp.kristdemokraterna.se\/uppsala\/#\/schema\/person\/038d805d685fb0ce5ad14ab8711d8e84","name":"Mimmi Westerlund","image":{"@type":"ImageObject","inLanguage":"sv-SE","@id":"https:\/\/secure.gravatar.com\/avatar\/a5697359f709b6b10d9c7e6a7c89f3e054554dedb4657d5ffe9e5bc5b1445841?s=96&r=g","url":"https:\/\/secure.gravatar.com\/avatar\/a5697359f709b6b10d9c7e6a7c89f3e054554dedb4657d5ffe9e5bc5b1445841?s=96&r=g","contentUrl":"https:\/\/secure.gravatar.com\/avatar\/a5697359f709b6b10d9c7e6a7c89f3e054554dedb4657d5ffe9e5bc5b1445841?s=96&r=g","caption":"Mimmi Westerlund"},"url":"https:\/\/wp.kristdemokraterna.se\/uppsala\/author\/mimmi\/"}]}},"_links":{"self":[{"href":"https:\/\/wp.kristdemokraterna.se\/uppsala\/wp-json\/wp\/v2\/posts\/3311","targetHints":{"allow":["GET"]}}],"collection":[{"href":"https:\/\/wp.kristdemokraterna.se\/uppsala\/wp-json\/wp\/v2\/posts"}],"about":[{"href":"https:\/\/wp.kristdemokraterna.se\/uppsala\/wp-json\/wp\/v2\/types\/post"}],"author":[{"embeddable":true,"href":"https:\/\/wp.kristdemokraterna.se\/uppsala\/wp-json\/wp\/v2\/users\/702"}],"replies":[{"embeddable":true,"href":"https:\/\/wp.kristdemokraterna.se\/uppsala\/wp-json\/wp\/v2\/comments?post=3311"}],"version-history":[{"count":7,"href":"https:\/\/wp.kristdemokraterna.se\/uppsala\/wp-json\/wp\/v2\/posts\/3311\/revisions"}],"predecessor-version":[{"id":3319,"href":"https:\/\/wp.kristdemokraterna.se\/uppsala\/wp-json\/wp\/v2\/posts\/3311\/revisions\/3319"}],"wp:attachment":[{"href":"https:\/\/wp.kristdemokraterna.se\/uppsala\/wp-json\/wp\/v2\/media?parent=3311"}],"wp:term":[{"taxonomy":"category","embeddable":true,"href":"https:\/\/wp.kristdemokraterna.se\/uppsala\/wp-json\/wp\/v2\/categories?post=3311"},{"taxonomy":"post_tag","embeddable":true,"href":"https:\/\/wp.kristdemokraterna.se\/uppsala\/wp-json\/wp\/v2\/tags?post=3311"}],"curies":[{"name":"wp","href":"https:\/\/api.w.org\/{rel}","templated":true}]}}