{"id":3320,"date":"2019-02-28T11:03:27","date_gmt":"2019-02-28T10:03:27","guid":{"rendered":"http:\/\/wp.kristdemokraterna.se\/uppsala\/?p=3320"},"modified":"2024-04-04T00:23:18","modified_gmt":"2024-04-03T22:23:18","slug":"kd-sjalvklart-att-syskonfortur-ska-galla","status":"publish","type":"post","link":"https:\/\/wp.kristdemokraterna.se\/uppsala\/kd-sjalvklart-att-syskonfortur-ska-galla\/","title":{"rendered":"KD: Sj\u00e4lvklart att syskonf\u00f6rtur ska g\u00e4lla"},"content":{"rendered":"<h3>S\u00e5 kom till slut beskedet \u2013 h\u00f6gsta r\u00e4ttsinstans har meddelat att syskonf\u00f6rtur strider mot skollagen. Uppsala kommun tvingas nu g\u00f6ra om urvalet trots att alla f\u00f6r\u00e4ldrar redan gjort sina val. Detta \u00e4r n\u00e5got som uppr\u00f6r f\u00f6r\u00e4ldrar likv\u00e4l som kristdemokraternas Jonas Segersam, 2:e vice ordf\u00f6rande i utbildningsn\u00e4mnden.<\/h3>\n<blockquote><p>&#8211;\u00a0\u00a0\u00a0\u00a0\u00a0\u00a0\u00a0 Jag \u00e4r v\u00e4ldigt besviken, kommenterar Segersam. F\u00f6r mig \u00e4r det sj\u00e4lvklart att syskonf\u00f6rtur borde g\u00e4lla och vara ett av kriterierna f\u00f6r placering i f\u00f6rskola och skola. Nu beh\u00f6ver vi jobba f\u00f6r att s\u00e5 snabbt som m\u00f6jligt f\u00f6r\u00e4ndra lagstiftningen s\u00e5 den anpassas efter f\u00f6r\u00e4ldrarnas \u00f6nskem\u00e5l<\/p>\n<p>&#8211;\u00a0\u00a0\u00a0\u00a0\u00a0\u00a0\u00a0 Lagen ska inte vara till f\u00f6r att skydda systemet, utan f\u00f6r att hj\u00e4lpa f\u00f6r\u00e4ldrar att f\u00e5 ihop sitt livspussel. Att ha sina barn placerade p\u00e5 vitt skilda st\u00e4llen f\u00f6rsv\u00e5rar p\u00e5 m\u00e5nga s\u00e4tt, inte minst logistiken kring h\u00e4mtning och l\u00e4mning<\/p><\/blockquote>\n<p>Besked om vilken skola man blivit placerad p\u00e5 till h\u00f6sten kommer i b\u00f6rjan av mars. Enligt <a href=\"https:\/\/www.unt.se\/nyheter\/uppsala\/syskonforturen-tas-bort-5226918.aspx\">UNT (27\/2)<\/a> ber\u00f6r tusentals barn som allts\u00e5 f\u00e5r sv\u00e4va i os\u00e4kerhet en m\u00e5nad till.<\/p>\n<p>&nbsp;<\/p>\n","protected":false},"excerpt":{"rendered":"<p>S\u00e5 kom till slut beskedet \u2013 h\u00f6gsta r\u00e4ttsinstans har meddelat att syskonf\u00f6rtur strider mot skollagen. Uppsala kommun tvingas nu g\u00f6ra om urvalet trots att alla f\u00f6r\u00e4ldrar redan gjort sina val. Detta \u00e4r n\u00e5got som uppr\u00f6r f\u00f6r\u00e4ldrar likv\u00e4l som kristdemokraternas Jonas Segersam, 2:e vice ordf\u00f6rande i utbildningsn\u00e4mnden. &#8211;\u00a0\u00a0\u00a0\u00a0\u00a0\u00a0\u00a0 Jag \u00e4r v\u00e4ldigt besviken, kommenterar Segersam. F\u00f6r mig <a class=\"read-more-link\" href=\"https:\/\/wp.kristdemokraterna.se\/uppsala\/kd-sjalvklart-att-syskonfortur-ska-galla\/\">Read More<\/a><\/p>\n","protected":false},"author":702,"featured_media":0,"comment_status":"closed","ping_status":"closed","sticky":false,"template":"","format":"standard","meta":{"_acf_changed":false,"footnotes":""},"categories":[241],"tags":[],"class_list":["post-3320","post","type-post","status-publish","format-standard","hentry","category-familj-och-skola"],"acf":[],"yoast_head":"<!-- This site is optimized with the Yoast SEO plugin v27.4 - https:\/\/yoast.com\/product\/yoast-seo-wordpress\/ -->\n<title>KD: Sj\u00e4lvklart att syskonf\u00f6rtur ska g\u00e4lla | Kristdemokraterna | Uppsala<\/title>\n<meta name=\"robots\" content=\"index, follow, max-snippet:-1, max-image-preview:large, max-video-preview:-1\" \/>\n<link rel=\"canonical\" href=\"https:\/\/wp.kristdemokraterna.se\/uppsala\/kd-sjalvklart-att-syskonfortur-ska-galla\/\" \/>\n<meta property=\"og:locale\" content=\"sv_SE\" \/>\n<meta property=\"og:type\" content=\"article\" \/>\n<meta property=\"og:title\" content=\"KD: Sj\u00e4lvklart att syskonf\u00f6rtur ska g\u00e4lla | Kristdemokraterna | Uppsala\" \/>\n<meta property=\"og:description\" content=\"S\u00e5 kom till slut beskedet \u2013 h\u00f6gsta r\u00e4ttsinstans har meddelat att syskonf\u00f6rtur strider mot skollagen. Uppsala kommun tvingas nu g\u00f6ra om urvalet trots att alla f\u00f6r\u00e4ldrar redan gjort sina val. Detta \u00e4r n\u00e5got som uppr\u00f6r f\u00f6r\u00e4ldrar likv\u00e4l som kristdemokraternas Jonas Segersam, 2:e vice ordf\u00f6rande i utbildningsn\u00e4mnden. &#8211;\u00a0\u00a0\u00a0\u00a0\u00a0\u00a0\u00a0 Jag \u00e4r v\u00e4ldigt besviken, kommenterar Segersam. F\u00f6r mig Read More\" \/>\n<meta property=\"og:url\" content=\"https:\/\/wp.kristdemokraterna.se\/uppsala\/kd-sjalvklart-att-syskonfortur-ska-galla\/\" \/>\n<meta property=\"og:site_name\" content=\"Kristdemokraterna | Uppsala\" \/>\n<meta property=\"article:publisher\" content=\"https:\/\/www.facebook.com\/UppsalaKD\/\" \/>\n<meta property=\"article:published_time\" content=\"2019-02-28T10:03:27+00:00\" \/>\n<meta property=\"article:modified_time\" content=\"2024-04-03T22:23:18+00:00\" \/>\n<meta property=\"og:image\" content=\"https:\/\/wp.kristdemokraterna.se\/uppsala\/files\/2021\/12\/kom1.png\" \/>\n\t<meta property=\"og:image:width\" content=\"770\" \/>\n\t<meta property=\"og:image:height\" content=\"404\" \/>\n\t<meta property=\"og:image:type\" content=\"image\/png\" \/>\n<meta name=\"author\" content=\"Mimmi Westerlund\" \/>\n<meta name=\"twitter:card\" content=\"summary_large_image\" \/>\n<meta name=\"twitter:label1\" content=\"Skriven av\" \/>\n\t<meta name=\"twitter:data1\" content=\"Mimmi Westerlund\" \/>\n\t<meta name=\"twitter:label2\" content=\"Ber\u00e4knad l\u00e4stid\" \/>\n\t<meta name=\"twitter:data2\" content=\"1 minut\" \/>\n<script type=\"application\/ld+json\" class=\"yoast-schema-graph\">{\"@context\":\"https:\\\/\\\/schema.org\",\"@graph\":[{\"@type\":\"Article\",\"@id\":\"https:\\\/\\\/wp.kristdemokraterna.se\\\/uppsala\\\/kd-sjalvklart-att-syskonfortur-ska-galla\\\/#article\",\"isPartOf\":{\"@id\":\"https:\\\/\\\/wp.kristdemokraterna.se\\\/uppsala\\\/kd-sjalvklart-att-syskonfortur-ska-galla\\\/\"},\"author\":{\"name\":\"Mimmi Westerlund\",\"@id\":\"https:\\\/\\\/wp.kristdemokraterna.se\\\/uppsala\\\/#\\\/schema\\\/person\\\/038d805d685fb0ce5ad14ab8711d8e84\"},\"headline\":\"KD: Sj\u00e4lvklart att syskonf\u00f6rtur ska g\u00e4lla\",\"datePublished\":\"2019-02-28T10:03:27+00:00\",\"dateModified\":\"2024-04-03T22:23:18+00:00\",\"mainEntityOfPage\":{\"@id\":\"https:\\\/\\\/wp.kristdemokraterna.se\\\/uppsala\\\/kd-sjalvklart-att-syskonfortur-ska-galla\\\/\"},\"wordCount\":216,\"publisher\":{\"@id\":\"https:\\\/\\\/wp.kristdemokraterna.se\\\/uppsala\\\/#organization\"},\"articleSection\":[\"Familj &amp; skola\"],\"inLanguage\":\"sv-SE\"},{\"@type\":\"WebPage\",\"@id\":\"https:\\\/\\\/wp.kristdemokraterna.se\\\/uppsala\\\/kd-sjalvklart-att-syskonfortur-ska-galla\\\/\",\"url\":\"https:\\\/\\\/wp.kristdemokraterna.se\\\/uppsala\\\/kd-sjalvklart-att-syskonfortur-ska-galla\\\/\",\"name\":\"KD: Sj\u00e4lvklart att syskonf\u00f6rtur ska g\u00e4lla | Kristdemokraterna | Uppsala\",\"isPartOf\":{\"@id\":\"https:\\\/\\\/wp.kristdemokraterna.se\\\/uppsala\\\/#website\"},\"datePublished\":\"2019-02-28T10:03:27+00:00\",\"dateModified\":\"2024-04-03T22:23:18+00:00\",\"breadcrumb\":{\"@id\":\"https:\\\/\\\/wp.kristdemokraterna.se\\\/uppsala\\\/kd-sjalvklart-att-syskonfortur-ska-galla\\\/#breadcrumb\"},\"inLanguage\":\"sv-SE\",\"potentialAction\":[{\"@type\":\"ReadAction\",\"target\":[\"https:\\\/\\\/wp.kristdemokraterna.se\\\/uppsala\\\/kd-sjalvklart-att-syskonfortur-ska-galla\\\/\"]}]},{\"@type\":\"BreadcrumbList\",\"@id\":\"https:\\\/\\\/wp.kristdemokraterna.se\\\/uppsala\\\/kd-sjalvklart-att-syskonfortur-ska-galla\\\/#breadcrumb\",\"itemListElement\":[{\"@type\":\"ListItem\",\"position\":1,\"name\":\"Hem\",\"item\":\"https:\\\/\\\/wp.kristdemokraterna.se\\\/uppsala\\\/\"},{\"@type\":\"ListItem\",\"position\":2,\"name\":\"KD: Sj\u00e4lvklart att syskonf\u00f6rtur ska g\u00e4lla\"}]},{\"@type\":\"WebSite\",\"@id\":\"https:\\\/\\\/wp.kristdemokraterna.se\\\/uppsala\\\/#website\",\"url\":\"https:\\\/\\\/wp.kristdemokraterna.se\\\/uppsala\\\/\",\"name\":\"Kristdemokraterna Uppsala\",\"description\":\"Tryggare Uppsala\",\"publisher\":{\"@id\":\"https:\\\/\\\/wp.kristdemokraterna.se\\\/uppsala\\\/#organization\"},\"inLanguage\":\"sv-SE\"},{\"@type\":\"Organization\",\"@id\":\"https:\\\/\\\/wp.kristdemokraterna.se\\\/uppsala\\\/#organization\",\"name\":\"Kristdemokraterna Uppsala\",\"url\":\"https:\\\/\\\/wp.kristdemokraterna.se\\\/uppsala\\\/\",\"logo\":{\"@type\":\"ImageObject\",\"inLanguage\":\"sv-SE\",\"@id\":\"https:\\\/\\\/wp.kristdemokraterna.se\\\/uppsala\\\/#\\\/schema\\\/logo\\\/image\\\/\",\"url\":\"https:\\\/\\\/wp.kristdemokraterna.se\\\/uppsala\\\/files\\\/2019\\\/10\\\/kd-uppsala.png\",\"contentUrl\":\"https:\\\/\\\/wp.kristdemokraterna.se\\\/uppsala\\\/files\\\/2019\\\/10\\\/kd-uppsala.png\",\"width\":804,\"height\":421,\"caption\":\"Kristdemokraterna Uppsala\"},\"image\":{\"@id\":\"https:\\\/\\\/wp.kristdemokraterna.se\\\/uppsala\\\/#\\\/schema\\\/logo\\\/image\\\/\"},\"sameAs\":[\"https:\\\/\\\/www.facebook.com\\\/UppsalaKD\\\/\",\"https:\\\/\\\/www.instagram.com\\\/uppsalakd\\\/\"]},{\"@type\":\"Person\",\"@id\":\"https:\\\/\\\/wp.kristdemokraterna.se\\\/uppsala\\\/#\\\/schema\\\/person\\\/038d805d685fb0ce5ad14ab8711d8e84\",\"name\":\"Mimmi Westerlund\",\"image\":{\"@type\":\"ImageObject\",\"inLanguage\":\"sv-SE\",\"@id\":\"https:\\\/\\\/secure.gravatar.com\\\/avatar\\\/a5697359f709b6b10d9c7e6a7c89f3e054554dedb4657d5ffe9e5bc5b1445841?s=96&r=g\",\"url\":\"https:\\\/\\\/secure.gravatar.com\\\/avatar\\\/a5697359f709b6b10d9c7e6a7c89f3e054554dedb4657d5ffe9e5bc5b1445841?s=96&r=g\",\"contentUrl\":\"https:\\\/\\\/secure.gravatar.com\\\/avatar\\\/a5697359f709b6b10d9c7e6a7c89f3e054554dedb4657d5ffe9e5bc5b1445841?s=96&r=g\",\"caption\":\"Mimmi Westerlund\"},\"url\":\"https:\\\/\\\/wp.kristdemokraterna.se\\\/uppsala\\\/author\\\/mimmi\\\/\"}]}<\/script>\n<!-- \/ Yoast SEO plugin. -->","yoast_head_json":{"title":"KD: Sj\u00e4lvklart att syskonf\u00f6rtur ska g\u00e4lla | Kristdemokraterna | Uppsala","robots":{"index":"index","follow":"follow","max-snippet":"max-snippet:-1","max-image-preview":"max-image-preview:large","max-video-preview":"max-video-preview:-1"},"canonical":"https:\/\/wp.kristdemokraterna.se\/uppsala\/kd-sjalvklart-att-syskonfortur-ska-galla\/","og_locale":"sv_SE","og_type":"article","og_title":"KD: Sj\u00e4lvklart att syskonf\u00f6rtur ska g\u00e4lla | Kristdemokraterna | Uppsala","og_description":"S\u00e5 kom till slut beskedet \u2013 h\u00f6gsta r\u00e4ttsinstans har meddelat att syskonf\u00f6rtur strider mot skollagen. Uppsala kommun tvingas nu g\u00f6ra om urvalet trots att alla f\u00f6r\u00e4ldrar redan gjort sina val. Detta \u00e4r n\u00e5got som uppr\u00f6r f\u00f6r\u00e4ldrar likv\u00e4l som kristdemokraternas Jonas Segersam, 2:e vice ordf\u00f6rande i utbildningsn\u00e4mnden. &#8211;\u00a0\u00a0\u00a0\u00a0\u00a0\u00a0\u00a0 Jag \u00e4r v\u00e4ldigt besviken, kommenterar Segersam. F\u00f6r mig Read More","og_url":"https:\/\/wp.kristdemokraterna.se\/uppsala\/kd-sjalvklart-att-syskonfortur-ska-galla\/","og_site_name":"Kristdemokraterna | Uppsala","article_publisher":"https:\/\/www.facebook.com\/UppsalaKD\/","article_published_time":"2019-02-28T10:03:27+00:00","article_modified_time":"2024-04-03T22:23:18+00:00","og_image":[{"width":770,"height":404,"url":"https:\/\/wp.kristdemokraterna.se\/uppsala\/files\/2021\/12\/kom1.png","type":"image\/png"}],"author":"Mimmi Westerlund","twitter_card":"summary_large_image","twitter_misc":{"Skriven av":"Mimmi Westerlund","Ber\u00e4knad l\u00e4stid":"1 minut"},"schema":{"@context":"https:\/\/schema.org","@graph":[{"@type":"Article","@id":"https:\/\/wp.kristdemokraterna.se\/uppsala\/kd-sjalvklart-att-syskonfortur-ska-galla\/#article","isPartOf":{"@id":"https:\/\/wp.kristdemokraterna.se\/uppsala\/kd-sjalvklart-att-syskonfortur-ska-galla\/"},"author":{"name":"Mimmi Westerlund","@id":"https:\/\/wp.kristdemokraterna.se\/uppsala\/#\/schema\/person\/038d805d685fb0ce5ad14ab8711d8e84"},"headline":"KD: Sj\u00e4lvklart att syskonf\u00f6rtur ska g\u00e4lla","datePublished":"2019-02-28T10:03:27+00:00","dateModified":"2024-04-03T22:23:18+00:00","mainEntityOfPage":{"@id":"https:\/\/wp.kristdemokraterna.se\/uppsala\/kd-sjalvklart-att-syskonfortur-ska-galla\/"},"wordCount":216,"publisher":{"@id":"https:\/\/wp.kristdemokraterna.se\/uppsala\/#organization"},"articleSection":["Familj &amp; skola"],"inLanguage":"sv-SE"},{"@type":"WebPage","@id":"https:\/\/wp.kristdemokraterna.se\/uppsala\/kd-sjalvklart-att-syskonfortur-ska-galla\/","url":"https:\/\/wp.kristdemokraterna.se\/uppsala\/kd-sjalvklart-att-syskonfortur-ska-galla\/","name":"KD: Sj\u00e4lvklart att syskonf\u00f6rtur ska g\u00e4lla | Kristdemokraterna | Uppsala","isPartOf":{"@id":"https:\/\/wp.kristdemokraterna.se\/uppsala\/#website"},"datePublished":"2019-02-28T10:03:27+00:00","dateModified":"2024-04-03T22:23:18+00:00","breadcrumb":{"@id":"https:\/\/wp.kristdemokraterna.se\/uppsala\/kd-sjalvklart-att-syskonfortur-ska-galla\/#breadcrumb"},"inLanguage":"sv-SE","potentialAction":[{"@type":"ReadAction","target":["https:\/\/wp.kristdemokraterna.se\/uppsala\/kd-sjalvklart-att-syskonfortur-ska-galla\/"]}]},{"@type":"BreadcrumbList","@id":"https:\/\/wp.kristdemokraterna.se\/uppsala\/kd-sjalvklart-att-syskonfortur-ska-galla\/#breadcrumb","itemListElement":[{"@type":"ListItem","position":1,"name":"Hem","item":"https:\/\/wp.kristdemokraterna.se\/uppsala\/"},{"@type":"ListItem","position":2,"name":"KD: Sj\u00e4lvklart att syskonf\u00f6rtur ska g\u00e4lla"}]},{"@type":"WebSite","@id":"https:\/\/wp.kristdemokraterna.se\/uppsala\/#website","url":"https:\/\/wp.kristdemokraterna.se\/uppsala\/","name":"Kristdemokraterna Uppsala","description":"Tryggare Uppsala","publisher":{"@id":"https:\/\/wp.kristdemokraterna.se\/uppsala\/#organization"},"inLanguage":"sv-SE"},{"@type":"Organization","@id":"https:\/\/wp.kristdemokraterna.se\/uppsala\/#organization","name":"Kristdemokraterna Uppsala","url":"https:\/\/wp.kristdemokraterna.se\/uppsala\/","logo":{"@type":"ImageObject","inLanguage":"sv-SE","@id":"https:\/\/wp.kristdemokraterna.se\/uppsala\/#\/schema\/logo\/image\/","url":"https:\/\/wp.kristdemokraterna.se\/uppsala\/files\/2019\/10\/kd-uppsala.png","contentUrl":"https:\/\/wp.kristdemokraterna.se\/uppsala\/files\/2019\/10\/kd-uppsala.png","width":804,"height":421,"caption":"Kristdemokraterna Uppsala"},"image":{"@id":"https:\/\/wp.kristdemokraterna.se\/uppsala\/#\/schema\/logo\/image\/"},"sameAs":["https:\/\/www.facebook.com\/UppsalaKD\/","https:\/\/www.instagram.com\/uppsalakd\/"]},{"@type":"Person","@id":"https:\/\/wp.kristdemokraterna.se\/uppsala\/#\/schema\/person\/038d805d685fb0ce5ad14ab8711d8e84","name":"Mimmi Westerlund","image":{"@type":"ImageObject","inLanguage":"sv-SE","@id":"https:\/\/secure.gravatar.com\/avatar\/a5697359f709b6b10d9c7e6a7c89f3e054554dedb4657d5ffe9e5bc5b1445841?s=96&r=g","url":"https:\/\/secure.gravatar.com\/avatar\/a5697359f709b6b10d9c7e6a7c89f3e054554dedb4657d5ffe9e5bc5b1445841?s=96&r=g","contentUrl":"https:\/\/secure.gravatar.com\/avatar\/a5697359f709b6b10d9c7e6a7c89f3e054554dedb4657d5ffe9e5bc5b1445841?s=96&r=g","caption":"Mimmi Westerlund"},"url":"https:\/\/wp.kristdemokraterna.se\/uppsala\/author\/mimmi\/"}]}},"_links":{"self":[{"href":"https:\/\/wp.kristdemokraterna.se\/uppsala\/wp-json\/wp\/v2\/posts\/3320","targetHints":{"allow":["GET"]}}],"collection":[{"href":"https:\/\/wp.kristdemokraterna.se\/uppsala\/wp-json\/wp\/v2\/posts"}],"about":[{"href":"https:\/\/wp.kristdemokraterna.se\/uppsala\/wp-json\/wp\/v2\/types\/post"}],"author":[{"embeddable":true,"href":"https:\/\/wp.kristdemokraterna.se\/uppsala\/wp-json\/wp\/v2\/users\/702"}],"replies":[{"embeddable":true,"href":"https:\/\/wp.kristdemokraterna.se\/uppsala\/wp-json\/wp\/v2\/comments?post=3320"}],"version-history":[{"count":2,"href":"https:\/\/wp.kristdemokraterna.se\/uppsala\/wp-json\/wp\/v2\/posts\/3320\/revisions"}],"predecessor-version":[{"id":3323,"href":"https:\/\/wp.kristdemokraterna.se\/uppsala\/wp-json\/wp\/v2\/posts\/3320\/revisions\/3323"}],"wp:attachment":[{"href":"https:\/\/wp.kristdemokraterna.se\/uppsala\/wp-json\/wp\/v2\/media?parent=3320"}],"wp:term":[{"taxonomy":"category","embeddable":true,"href":"https:\/\/wp.kristdemokraterna.se\/uppsala\/wp-json\/wp\/v2\/categories?post=3320"},{"taxonomy":"post_tag","embeddable":true,"href":"https:\/\/wp.kristdemokraterna.se\/uppsala\/wp-json\/wp\/v2\/tags?post=3320"}],"curies":[{"name":"wp","href":"https:\/\/api.w.org\/{rel}","templated":true}]}}