{"id":3325,"date":"2019-03-06T14:11:29","date_gmt":"2019-03-06T13:11:29","guid":{"rendered":"http:\/\/wp.kristdemokraterna.se\/uppsala\/?p=3325"},"modified":"2024-04-04T01:24:11","modified_gmt":"2024-04-03T23:24:11","slug":"nej-till-kd-forslag-om-aldreboendegaranti","status":"publish","type":"post","link":"https:\/\/wp.kristdemokraterna.se\/uppsala\/nej-till-kd-forslag-om-aldreboendegaranti\/","title":{"rendered":"Nej till KD-f\u00f6rslag om \u00e4ldreboendegaranti"},"content":{"rendered":"<h3>Alla \u00f6ver 85 \u00e5r ska garanteras plats p\u00e5 \u00e4ldreboenden &#8211; det f\u00f6reslog\u00a0Kristdemokraternas Jonas Segersam i en motion som behandlades p\u00e5 kommunstyrelsen den 6:e mars. &#8221;Majoriteten&#8221; valde dock att s\u00e4ga nej.<\/h3>\n<blockquote><p>&#8211; Vi vill att alla personer \u00f6ver 85 \u00e5r ska ha r\u00e4tt att f\u00e5 en plats p\u00e5 ett anpassat boende n\u00e4r och om de s\u00e5 vill. M\u00e5nga \u00e4ldre vill bo kvar i sitt hem s\u00e5 l\u00e4nge som m\u00f6jligt och h\u00e5ller ut s\u00e5 l\u00e4nge de orkar. N\u00e4r det stora och ibland sv\u00e5ra beslutet att ans\u00f6ka om plats kommer b\u00f6r beslutet helt vara den enskildes. Inte kommunens. D\u00e5 ska man inte nekas en plats, kommenterar Segersam.<\/p><\/blockquote>\n<p>F\u00f6rutom att f\u00e5 hj\u00e4lp med den praktiska vardagen n\u00e4r kroppen sviker \u00e4r detta inte minst viktigt f\u00f6r att bryta den ofrivilliga ensamheten som m\u00e5nga \u00e4ldre upplever. Kristdemokraterna beklagar d\u00e4rf\u00f6r beslutet att avsl\u00e5 f\u00f6rslaget.<\/p>\n<blockquote><p>&#8211; Bist\u00e5ndsbed\u00f6mningarna har blivit h\u00e5rdare och det drabbar v\u00e5ra \u00e4ldre, det \u00e4r inget annat \u00e4n beklagligt, avslutar Segersam.<\/p><\/blockquote>\n<p>Motionen g\u00e5r att l\u00e4sa i sin helhet genom att <a href=\"https:\/\/www.uppsala.se\/contentassets\/7170f5c1b213442cbf1e3a4cfa483afb\/5.-motion-av-jonas-segersam-kd-om-trygghetsboenden.pdf\">klicka h\u00e4r<\/a>.<\/p>\n<p>&nbsp;<\/p>\n","protected":false},"excerpt":{"rendered":"<p>Alla \u00f6ver 85 \u00e5r ska garanteras plats p\u00e5 \u00e4ldreboenden &#8211; det f\u00f6reslog\u00a0Kristdemokraternas Jonas Segersam i en motion som behandlades p\u00e5 kommunstyrelsen den 6:e mars. &#8221;Majoriteten&#8221; valde dock att s\u00e4ga nej. &#8211; Vi vill att alla personer \u00f6ver 85 \u00e5r ska ha r\u00e4tt att f\u00e5 en plats p\u00e5 ett anpassat boende n\u00e4r och om de s\u00e5 <a class=\"read-more-link\" href=\"https:\/\/wp.kristdemokraterna.se\/uppsala\/nej-till-kd-forslag-om-aldreboendegaranti\/\">Read More<\/a><\/p>\n","protected":false},"author":702,"featured_media":0,"comment_status":"closed","ping_status":"closed","sticky":false,"template":"","format":"standard","meta":{"_acf_changed":false,"footnotes":""},"categories":[236],"tags":[],"class_list":["post-3325","post","type-post","status-publish","format-standard","hentry","category-vard-o-omsorg"],"acf":[],"yoast_head":"<!-- This site is optimized with the Yoast SEO plugin v27.4 - https:\/\/yoast.com\/product\/yoast-seo-wordpress\/ -->\n<title>Nej till KD-f\u00f6rslag om \u00e4ldreboendegaranti | Kristdemokraterna | Uppsala<\/title>\n<meta name=\"robots\" content=\"index, follow, max-snippet:-1, max-image-preview:large, max-video-preview:-1\" \/>\n<link rel=\"canonical\" href=\"https:\/\/wp.kristdemokraterna.se\/uppsala\/nej-till-kd-forslag-om-aldreboendegaranti\/\" \/>\n<meta property=\"og:locale\" content=\"sv_SE\" \/>\n<meta property=\"og:type\" content=\"article\" \/>\n<meta property=\"og:title\" content=\"Nej till KD-f\u00f6rslag om \u00e4ldreboendegaranti | Kristdemokraterna | Uppsala\" \/>\n<meta property=\"og:description\" content=\"Alla \u00f6ver 85 \u00e5r ska garanteras plats p\u00e5 \u00e4ldreboenden &#8211; det f\u00f6reslog\u00a0Kristdemokraternas Jonas Segersam i en motion som behandlades p\u00e5 kommunstyrelsen den 6:e mars. &#8221;Majoriteten&#8221; valde dock att s\u00e4ga nej. &#8211; Vi vill att alla personer \u00f6ver 85 \u00e5r ska ha r\u00e4tt att f\u00e5 en plats p\u00e5 ett anpassat boende n\u00e4r och om de s\u00e5 Read More\" \/>\n<meta property=\"og:url\" content=\"https:\/\/wp.kristdemokraterna.se\/uppsala\/nej-till-kd-forslag-om-aldreboendegaranti\/\" \/>\n<meta property=\"og:site_name\" content=\"Kristdemokraterna | Uppsala\" \/>\n<meta property=\"article:publisher\" content=\"https:\/\/www.facebook.com\/UppsalaKD\/\" \/>\n<meta property=\"article:published_time\" content=\"2019-03-06T13:11:29+00:00\" \/>\n<meta property=\"article:modified_time\" content=\"2024-04-03T23:24:11+00:00\" \/>\n<meta property=\"og:image\" content=\"https:\/\/wp.kristdemokraterna.se\/uppsala\/files\/2021\/12\/kom1.png\" \/>\n\t<meta property=\"og:image:width\" content=\"770\" \/>\n\t<meta property=\"og:image:height\" content=\"404\" \/>\n\t<meta property=\"og:image:type\" content=\"image\/png\" \/>\n<meta name=\"author\" content=\"Mimmi Westerlund\" \/>\n<meta name=\"twitter:card\" content=\"summary_large_image\" \/>\n<meta name=\"twitter:label1\" content=\"Skriven av\" \/>\n\t<meta name=\"twitter:data1\" content=\"Mimmi Westerlund\" \/>\n\t<meta name=\"twitter:label2\" content=\"Ber\u00e4knad l\u00e4stid\" \/>\n\t<meta name=\"twitter:data2\" content=\"1 minut\" \/>\n<script type=\"application\/ld+json\" class=\"yoast-schema-graph\">{\"@context\":\"https:\\\/\\\/schema.org\",\"@graph\":[{\"@type\":\"Article\",\"@id\":\"https:\\\/\\\/wp.kristdemokraterna.se\\\/uppsala\\\/nej-till-kd-forslag-om-aldreboendegaranti\\\/#article\",\"isPartOf\":{\"@id\":\"https:\\\/\\\/wp.kristdemokraterna.se\\\/uppsala\\\/nej-till-kd-forslag-om-aldreboendegaranti\\\/\"},\"author\":{\"name\":\"Mimmi Westerlund\",\"@id\":\"https:\\\/\\\/wp.kristdemokraterna.se\\\/uppsala\\\/#\\\/schema\\\/person\\\/038d805d685fb0ce5ad14ab8711d8e84\"},\"headline\":\"Nej till KD-f\u00f6rslag om \u00e4ldreboendegaranti\",\"datePublished\":\"2019-03-06T13:11:29+00:00\",\"dateModified\":\"2024-04-03T23:24:11+00:00\",\"mainEntityOfPage\":{\"@id\":\"https:\\\/\\\/wp.kristdemokraterna.se\\\/uppsala\\\/nej-till-kd-forslag-om-aldreboendegaranti\\\/\"},\"wordCount\":200,\"publisher\":{\"@id\":\"https:\\\/\\\/wp.kristdemokraterna.se\\\/uppsala\\\/#organization\"},\"articleSection\":[\"V\u00e5rd &amp; omsorg\"],\"inLanguage\":\"sv-SE\"},{\"@type\":\"WebPage\",\"@id\":\"https:\\\/\\\/wp.kristdemokraterna.se\\\/uppsala\\\/nej-till-kd-forslag-om-aldreboendegaranti\\\/\",\"url\":\"https:\\\/\\\/wp.kristdemokraterna.se\\\/uppsala\\\/nej-till-kd-forslag-om-aldreboendegaranti\\\/\",\"name\":\"Nej till KD-f\u00f6rslag om \u00e4ldreboendegaranti | Kristdemokraterna | Uppsala\",\"isPartOf\":{\"@id\":\"https:\\\/\\\/wp.kristdemokraterna.se\\\/uppsala\\\/#website\"},\"datePublished\":\"2019-03-06T13:11:29+00:00\",\"dateModified\":\"2024-04-03T23:24:11+00:00\",\"breadcrumb\":{\"@id\":\"https:\\\/\\\/wp.kristdemokraterna.se\\\/uppsala\\\/nej-till-kd-forslag-om-aldreboendegaranti\\\/#breadcrumb\"},\"inLanguage\":\"sv-SE\",\"potentialAction\":[{\"@type\":\"ReadAction\",\"target\":[\"https:\\\/\\\/wp.kristdemokraterna.se\\\/uppsala\\\/nej-till-kd-forslag-om-aldreboendegaranti\\\/\"]}]},{\"@type\":\"BreadcrumbList\",\"@id\":\"https:\\\/\\\/wp.kristdemokraterna.se\\\/uppsala\\\/nej-till-kd-forslag-om-aldreboendegaranti\\\/#breadcrumb\",\"itemListElement\":[{\"@type\":\"ListItem\",\"position\":1,\"name\":\"Hem\",\"item\":\"https:\\\/\\\/wp.kristdemokraterna.se\\\/uppsala\\\/\"},{\"@type\":\"ListItem\",\"position\":2,\"name\":\"Nej till KD-f\u00f6rslag om \u00e4ldreboendegaranti\"}]},{\"@type\":\"WebSite\",\"@id\":\"https:\\\/\\\/wp.kristdemokraterna.se\\\/uppsala\\\/#website\",\"url\":\"https:\\\/\\\/wp.kristdemokraterna.se\\\/uppsala\\\/\",\"name\":\"Kristdemokraterna Uppsala\",\"description\":\"Tryggare Uppsala\",\"publisher\":{\"@id\":\"https:\\\/\\\/wp.kristdemokraterna.se\\\/uppsala\\\/#organization\"},\"inLanguage\":\"sv-SE\"},{\"@type\":\"Organization\",\"@id\":\"https:\\\/\\\/wp.kristdemokraterna.se\\\/uppsala\\\/#organization\",\"name\":\"Kristdemokraterna Uppsala\",\"url\":\"https:\\\/\\\/wp.kristdemokraterna.se\\\/uppsala\\\/\",\"logo\":{\"@type\":\"ImageObject\",\"inLanguage\":\"sv-SE\",\"@id\":\"https:\\\/\\\/wp.kristdemokraterna.se\\\/uppsala\\\/#\\\/schema\\\/logo\\\/image\\\/\",\"url\":\"https:\\\/\\\/wp.kristdemokraterna.se\\\/uppsala\\\/files\\\/2019\\\/10\\\/kd-uppsala.png\",\"contentUrl\":\"https:\\\/\\\/wp.kristdemokraterna.se\\\/uppsala\\\/files\\\/2019\\\/10\\\/kd-uppsala.png\",\"width\":804,\"height\":421,\"caption\":\"Kristdemokraterna Uppsala\"},\"image\":{\"@id\":\"https:\\\/\\\/wp.kristdemokraterna.se\\\/uppsala\\\/#\\\/schema\\\/logo\\\/image\\\/\"},\"sameAs\":[\"https:\\\/\\\/www.facebook.com\\\/UppsalaKD\\\/\",\"https:\\\/\\\/www.instagram.com\\\/uppsalakd\\\/\"]},{\"@type\":\"Person\",\"@id\":\"https:\\\/\\\/wp.kristdemokraterna.se\\\/uppsala\\\/#\\\/schema\\\/person\\\/038d805d685fb0ce5ad14ab8711d8e84\",\"name\":\"Mimmi Westerlund\",\"image\":{\"@type\":\"ImageObject\",\"inLanguage\":\"sv-SE\",\"@id\":\"https:\\\/\\\/secure.gravatar.com\\\/avatar\\\/a5697359f709b6b10d9c7e6a7c89f3e054554dedb4657d5ffe9e5bc5b1445841?s=96&r=g\",\"url\":\"https:\\\/\\\/secure.gravatar.com\\\/avatar\\\/a5697359f709b6b10d9c7e6a7c89f3e054554dedb4657d5ffe9e5bc5b1445841?s=96&r=g\",\"contentUrl\":\"https:\\\/\\\/secure.gravatar.com\\\/avatar\\\/a5697359f709b6b10d9c7e6a7c89f3e054554dedb4657d5ffe9e5bc5b1445841?s=96&r=g\",\"caption\":\"Mimmi Westerlund\"},\"url\":\"https:\\\/\\\/wp.kristdemokraterna.se\\\/uppsala\\\/author\\\/mimmi\\\/\"}]}<\/script>\n<!-- \/ Yoast SEO plugin. -->","yoast_head_json":{"title":"Nej till KD-f\u00f6rslag om \u00e4ldreboendegaranti | Kristdemokraterna | Uppsala","robots":{"index":"index","follow":"follow","max-snippet":"max-snippet:-1","max-image-preview":"max-image-preview:large","max-video-preview":"max-video-preview:-1"},"canonical":"https:\/\/wp.kristdemokraterna.se\/uppsala\/nej-till-kd-forslag-om-aldreboendegaranti\/","og_locale":"sv_SE","og_type":"article","og_title":"Nej till KD-f\u00f6rslag om \u00e4ldreboendegaranti | Kristdemokraterna | Uppsala","og_description":"Alla \u00f6ver 85 \u00e5r ska garanteras plats p\u00e5 \u00e4ldreboenden &#8211; det f\u00f6reslog\u00a0Kristdemokraternas Jonas Segersam i en motion som behandlades p\u00e5 kommunstyrelsen den 6:e mars. &#8221;Majoriteten&#8221; valde dock att s\u00e4ga nej. &#8211; Vi vill att alla personer \u00f6ver 85 \u00e5r ska ha r\u00e4tt att f\u00e5 en plats p\u00e5 ett anpassat boende n\u00e4r och om de s\u00e5 Read More","og_url":"https:\/\/wp.kristdemokraterna.se\/uppsala\/nej-till-kd-forslag-om-aldreboendegaranti\/","og_site_name":"Kristdemokraterna | Uppsala","article_publisher":"https:\/\/www.facebook.com\/UppsalaKD\/","article_published_time":"2019-03-06T13:11:29+00:00","article_modified_time":"2024-04-03T23:24:11+00:00","og_image":[{"width":770,"height":404,"url":"https:\/\/wp.kristdemokraterna.se\/uppsala\/files\/2021\/12\/kom1.png","type":"image\/png"}],"author":"Mimmi Westerlund","twitter_card":"summary_large_image","twitter_misc":{"Skriven av":"Mimmi Westerlund","Ber\u00e4knad l\u00e4stid":"1 minut"},"schema":{"@context":"https:\/\/schema.org","@graph":[{"@type":"Article","@id":"https:\/\/wp.kristdemokraterna.se\/uppsala\/nej-till-kd-forslag-om-aldreboendegaranti\/#article","isPartOf":{"@id":"https:\/\/wp.kristdemokraterna.se\/uppsala\/nej-till-kd-forslag-om-aldreboendegaranti\/"},"author":{"name":"Mimmi Westerlund","@id":"https:\/\/wp.kristdemokraterna.se\/uppsala\/#\/schema\/person\/038d805d685fb0ce5ad14ab8711d8e84"},"headline":"Nej till KD-f\u00f6rslag om \u00e4ldreboendegaranti","datePublished":"2019-03-06T13:11:29+00:00","dateModified":"2024-04-03T23:24:11+00:00","mainEntityOfPage":{"@id":"https:\/\/wp.kristdemokraterna.se\/uppsala\/nej-till-kd-forslag-om-aldreboendegaranti\/"},"wordCount":200,"publisher":{"@id":"https:\/\/wp.kristdemokraterna.se\/uppsala\/#organization"},"articleSection":["V\u00e5rd &amp; omsorg"],"inLanguage":"sv-SE"},{"@type":"WebPage","@id":"https:\/\/wp.kristdemokraterna.se\/uppsala\/nej-till-kd-forslag-om-aldreboendegaranti\/","url":"https:\/\/wp.kristdemokraterna.se\/uppsala\/nej-till-kd-forslag-om-aldreboendegaranti\/","name":"Nej till KD-f\u00f6rslag om \u00e4ldreboendegaranti | Kristdemokraterna | Uppsala","isPartOf":{"@id":"https:\/\/wp.kristdemokraterna.se\/uppsala\/#website"},"datePublished":"2019-03-06T13:11:29+00:00","dateModified":"2024-04-03T23:24:11+00:00","breadcrumb":{"@id":"https:\/\/wp.kristdemokraterna.se\/uppsala\/nej-till-kd-forslag-om-aldreboendegaranti\/#breadcrumb"},"inLanguage":"sv-SE","potentialAction":[{"@type":"ReadAction","target":["https:\/\/wp.kristdemokraterna.se\/uppsala\/nej-till-kd-forslag-om-aldreboendegaranti\/"]}]},{"@type":"BreadcrumbList","@id":"https:\/\/wp.kristdemokraterna.se\/uppsala\/nej-till-kd-forslag-om-aldreboendegaranti\/#breadcrumb","itemListElement":[{"@type":"ListItem","position":1,"name":"Hem","item":"https:\/\/wp.kristdemokraterna.se\/uppsala\/"},{"@type":"ListItem","position":2,"name":"Nej till KD-f\u00f6rslag om \u00e4ldreboendegaranti"}]},{"@type":"WebSite","@id":"https:\/\/wp.kristdemokraterna.se\/uppsala\/#website","url":"https:\/\/wp.kristdemokraterna.se\/uppsala\/","name":"Kristdemokraterna Uppsala","description":"Tryggare Uppsala","publisher":{"@id":"https:\/\/wp.kristdemokraterna.se\/uppsala\/#organization"},"inLanguage":"sv-SE"},{"@type":"Organization","@id":"https:\/\/wp.kristdemokraterna.se\/uppsala\/#organization","name":"Kristdemokraterna Uppsala","url":"https:\/\/wp.kristdemokraterna.se\/uppsala\/","logo":{"@type":"ImageObject","inLanguage":"sv-SE","@id":"https:\/\/wp.kristdemokraterna.se\/uppsala\/#\/schema\/logo\/image\/","url":"https:\/\/wp.kristdemokraterna.se\/uppsala\/files\/2019\/10\/kd-uppsala.png","contentUrl":"https:\/\/wp.kristdemokraterna.se\/uppsala\/files\/2019\/10\/kd-uppsala.png","width":804,"height":421,"caption":"Kristdemokraterna Uppsala"},"image":{"@id":"https:\/\/wp.kristdemokraterna.se\/uppsala\/#\/schema\/logo\/image\/"},"sameAs":["https:\/\/www.facebook.com\/UppsalaKD\/","https:\/\/www.instagram.com\/uppsalakd\/"]},{"@type":"Person","@id":"https:\/\/wp.kristdemokraterna.se\/uppsala\/#\/schema\/person\/038d805d685fb0ce5ad14ab8711d8e84","name":"Mimmi Westerlund","image":{"@type":"ImageObject","inLanguage":"sv-SE","@id":"https:\/\/secure.gravatar.com\/avatar\/a5697359f709b6b10d9c7e6a7c89f3e054554dedb4657d5ffe9e5bc5b1445841?s=96&r=g","url":"https:\/\/secure.gravatar.com\/avatar\/a5697359f709b6b10d9c7e6a7c89f3e054554dedb4657d5ffe9e5bc5b1445841?s=96&r=g","contentUrl":"https:\/\/secure.gravatar.com\/avatar\/a5697359f709b6b10d9c7e6a7c89f3e054554dedb4657d5ffe9e5bc5b1445841?s=96&r=g","caption":"Mimmi Westerlund"},"url":"https:\/\/wp.kristdemokraterna.se\/uppsala\/author\/mimmi\/"}]}},"_links":{"self":[{"href":"https:\/\/wp.kristdemokraterna.se\/uppsala\/wp-json\/wp\/v2\/posts\/3325","targetHints":{"allow":["GET"]}}],"collection":[{"href":"https:\/\/wp.kristdemokraterna.se\/uppsala\/wp-json\/wp\/v2\/posts"}],"about":[{"href":"https:\/\/wp.kristdemokraterna.se\/uppsala\/wp-json\/wp\/v2\/types\/post"}],"author":[{"embeddable":true,"href":"https:\/\/wp.kristdemokraterna.se\/uppsala\/wp-json\/wp\/v2\/users\/702"}],"replies":[{"embeddable":true,"href":"https:\/\/wp.kristdemokraterna.se\/uppsala\/wp-json\/wp\/v2\/comments?post=3325"}],"version-history":[{"count":6,"href":"https:\/\/wp.kristdemokraterna.se\/uppsala\/wp-json\/wp\/v2\/posts\/3325\/revisions"}],"predecessor-version":[{"id":3334,"href":"https:\/\/wp.kristdemokraterna.se\/uppsala\/wp-json\/wp\/v2\/posts\/3325\/revisions\/3334"}],"wp:attachment":[{"href":"https:\/\/wp.kristdemokraterna.se\/uppsala\/wp-json\/wp\/v2\/media?parent=3325"}],"wp:term":[{"taxonomy":"category","embeddable":true,"href":"https:\/\/wp.kristdemokraterna.se\/uppsala\/wp-json\/wp\/v2\/categories?post=3325"},{"taxonomy":"post_tag","embeddable":true,"href":"https:\/\/wp.kristdemokraterna.se\/uppsala\/wp-json\/wp\/v2\/tags?post=3325"}],"curies":[{"name":"wp","href":"https:\/\/api.w.org\/{rel}","templated":true}]}}