{"id":3337,"date":"2019-04-16T16:21:19","date_gmt":"2019-04-16T14:21:19","guid":{"rendered":"http:\/\/wp.kristdemokraterna.se\/uppsala\/?p=3337"},"modified":"2024-04-04T00:22:56","modified_gmt":"2024-04-03T22:22:56","slug":"ett-steg-narmare-vardcentrum","status":"publish","type":"post","link":"https:\/\/wp.kristdemokraterna.se\/uppsala\/ett-steg-narmare-vardcentrum\/","title":{"rendered":"Ett steg n\u00e4rmare v\u00e5rdcentrum"},"content":{"rendered":"<p><strong>Nu \u00e4r det klubbat. Idag togs ett beslut om vilka allm\u00e4nna kriterier som ska g\u00e4lla f\u00f6r ett v\u00e5rdcentrum fram\u00f6ver. P\u00e5 sikt \u00e4r m\u00e5let att b\u00e5de sjukhusv\u00e5rd och det som idag erbjuds vid v\u00e5rdcentralerna ska hamna d\u00e4r. <\/strong><!--more--><\/p>\n<p>\u00c5r 2018 fick regiondirekt\u00f6ren uppdraget att ta fram f\u00f6rslag p\u00e5 hur man ska kunna erbjuda en mer effektiv och n\u00e4ra v\u00e5rd. En utredning visade att n\u00e5gra platser i l\u00e4net borde bli noder f\u00f6r mer omfattande v\u00e5rd- och omsorgsverksamhet.<\/p>\n<p>Redan nu finns det h\u00e4lso- och sjukv\u00e5rd i l\u00e4net som passar in p\u00e5 beskrivningen av ett v\u00e5rdcentrum &#8211; det som idag erbjuds vid v\u00e5rdcentraler. Delar av detta kan fram\u00f6ver l\u00e4ggas d\u00e4r.<\/p>\n<h2>Sjukhusv\u00e5rd flyttas ut<\/h2>\n<p>En del av den v\u00e5rd som ska ing\u00e5 i ett v\u00e5rdcentrum \u00e4r ocks\u00e5 sjukv\u00e5rd som bedrivs vid l\u00e4nets sjukhus.<\/p>\n<p>\u2013 H\u00e4r ska det finnas en n\u00e4rv\u00e5rdsavdelning, r\u00f6ntgen och laboratorium, mobila n\u00e4rv\u00e5rdsteam, habilitering, akutverksamhet och ett f\u00f6rst\u00e4rkt h\u00e4lsouppdrag kopplat till orten med mera. Det ska ocks\u00e5 finnas ett samarbete med kommunen och andra akt\u00f6rer i omr\u00e5det f\u00f6r att f\u00f6rb\u00e4ttra h\u00e4lsan hos inv\u00e5narna, f\u00f6rklarar regionr\u00e5d Bj\u00f6rn-Owe Bj\u00f6rk, KD, som leder reformen politiskt.<\/p>\n<p>Idag s\u00e5 besl\u00f6t h\u00e4lso- och sjukv\u00e5rdsutskottet att anta mer tydliga kriterier:<\/p>\n<p>N\u00e4rv\u00e5rdsavdelningarna som ska drivas och finansieras av regionen och kommunen tillsammans ska vara \u00f6ppna dygnet och erbjuda geriatrik, internmedicin och allm\u00e4nmedicin. Tillg\u00e5ng till \u00f6vervakningsm\u00f6jligheter och syrgas m\u00e5ste ocks\u00e5 finnas.\u00a0 \u00c4ven psykiatri, och barnmedicin ska ing\u00e5 i varje v\u00e5rdcentrum.<\/p>\n<h2>Mobila team f\u00f6r vissa grupper<\/h2>\n<p>De mobila n\u00e4rv\u00e5rdsteamen kommer att utf\u00f6ra akuta insatser f\u00f6r inv\u00e5nare fr\u00e5n 17 \u00e5r.\u00a0 Teamet best\u00e5r av l\u00e4kare och sjuksk\u00f6terska och m\u00e5lgruppen \u00e4r patienter med omfattande behov och patienter med funktionsneds\u00e4ttning, som har sv\u00e5rt att ta sig till en v\u00e5rdcentral. Teamet kan ocks\u00e5 hoppa in vid behov av akut medicinsk uppf\u00f6ljning och bed\u00f6mning n\u00e4r n\u00e5gon skrivits ut fr\u00e5n en v\u00e5rdavdelning.<\/p>\n<p>\u2013 Vi ska ocks\u00e5 ha ett basutbud av habilitering vid varje v\u00e5rdcentrum. Och det ska finnas r\u00f6ntgen och ett laboratorium d\u00e4r prover kan tas lokalt och vissa ska kunna analyseras p\u00e5 plats. Pl\u00e5tarna bed\u00f6ms dock p\u00e5 klinik, s\u00e4ger Bj\u00f6rn-Owe Bj\u00f6rk.<\/p>\n<p>\u2013 Dessa centrum kommer ocks\u00e5 inneh\u00e5lla h\u00e4lsocentraler, d\u00e4r det ska finnas ett \u00f6kat fokus p\u00e5 patienternas levnadsvanor. Det handlar bland annat om f\u00f6rebyggande arbete med speciella riskgrupper som har h\u00f6gre risk f\u00f6r sjukdom om de inte lever h\u00e4lsosamt.<\/p>\n<h2>Tittar p\u00e5 lokala behov<\/h2>\n<p>Under v\u00e5ren s\u00e5 kommer dialoger ske p\u00e5 de orter som \u00e4r f\u00f6rst ut: Tierp, \u00d6sthammar, Enk\u00f6ping och Uppsala d\u00e4r man tittar p\u00e5 utvecklingen av v\u00e5rdcentrum utifr\u00e5n lokala f\u00f6ruts\u00e4ttningar och behov. Sedan f\u00f6ljer dialoger med H\u00e5bo och Knivsta. \u00c4ven politiker och tj\u00e4nstem\u00e4n i regionen ing\u00e5r i det fortsatta arbetet.<\/p>\n<p>I augusti kommer n\u00e4sta rapport om hur arbetet med att utveckla v\u00e5rdcentrum l\u00f6per p\u00e5.<\/p>\n","protected":false},"excerpt":{"rendered":"<p>Nu \u00e4r det klubbat. Idag togs ett beslut om vilka allm\u00e4nna kriterier som ska g\u00e4lla f\u00f6r ett v\u00e5rdcentrum fram\u00f6ver. P\u00e5 sikt \u00e4r m\u00e5let att b\u00e5de sjukhusv\u00e5rd och det som idag erbjuds vid v\u00e5rdcentralerna ska hamna d\u00e4r.<\/p>\n","protected":false},"author":702,"featured_media":0,"comment_status":"closed","ping_status":"closed","sticky":false,"template":"","format":"standard","meta":{"_acf_changed":false,"footnotes":""},"categories":[236],"tags":[135,224,226,198,199,225],"class_list":["post-3337","post","type-post","status-publish","format-standard","hentry","category-vard-o-omsorg","tag-bjorn-owe-bjork","tag-effektiv-och-nara-vard","tag-halsocentraler","tag-kd","tag-region-uppsala","tag-vardcentrum"],"acf":[],"yoast_head":"<!-- This site is optimized with the Yoast SEO plugin v27.4 - https:\/\/yoast.com\/product\/yoast-seo-wordpress\/ -->\n<title>Ett steg n\u00e4rmare v\u00e5rdcentrum | Kristdemokraterna | Uppsala<\/title>\n<meta name=\"robots\" content=\"index, follow, max-snippet:-1, max-image-preview:large, max-video-preview:-1\" \/>\n<link rel=\"canonical\" href=\"https:\/\/wp.kristdemokraterna.se\/uppsala\/ett-steg-narmare-vardcentrum\/\" \/>\n<meta property=\"og:locale\" content=\"sv_SE\" \/>\n<meta property=\"og:type\" content=\"article\" \/>\n<meta property=\"og:title\" content=\"Ett steg n\u00e4rmare v\u00e5rdcentrum | Kristdemokraterna | Uppsala\" \/>\n<meta property=\"og:description\" content=\"Nu \u00e4r det klubbat. Idag togs ett beslut om vilka allm\u00e4nna kriterier som ska g\u00e4lla f\u00f6r ett v\u00e5rdcentrum fram\u00f6ver. P\u00e5 sikt \u00e4r m\u00e5let att b\u00e5de sjukhusv\u00e5rd och det som idag erbjuds vid v\u00e5rdcentralerna ska hamna d\u00e4r.\" \/>\n<meta property=\"og:url\" content=\"https:\/\/wp.kristdemokraterna.se\/uppsala\/ett-steg-narmare-vardcentrum\/\" \/>\n<meta property=\"og:site_name\" content=\"Kristdemokraterna | Uppsala\" \/>\n<meta property=\"article:publisher\" content=\"https:\/\/www.facebook.com\/UppsalaKD\/\" \/>\n<meta property=\"article:published_time\" content=\"2019-04-16T14:21:19+00:00\" \/>\n<meta property=\"article:modified_time\" content=\"2024-04-03T22:22:56+00:00\" \/>\n<meta property=\"og:image\" content=\"https:\/\/wp.kristdemokraterna.se\/uppsala\/files\/2021\/12\/kom1.png\" \/>\n\t<meta property=\"og:image:width\" content=\"770\" \/>\n\t<meta property=\"og:image:height\" content=\"404\" \/>\n\t<meta property=\"og:image:type\" content=\"image\/png\" \/>\n<meta name=\"author\" content=\"Mimmi Westerlund\" \/>\n<meta name=\"twitter:card\" content=\"summary_large_image\" \/>\n<meta name=\"twitter:label1\" content=\"Skriven av\" \/>\n\t<meta name=\"twitter:data1\" content=\"Mimmi Westerlund\" \/>\n\t<meta name=\"twitter:label2\" content=\"Ber\u00e4knad l\u00e4stid\" \/>\n\t<meta name=\"twitter:data2\" content=\"3 minuter\" \/>\n<script type=\"application\/ld+json\" class=\"yoast-schema-graph\">{\"@context\":\"https:\\\/\\\/schema.org\",\"@graph\":[{\"@type\":\"Article\",\"@id\":\"https:\\\/\\\/wp.kristdemokraterna.se\\\/uppsala\\\/ett-steg-narmare-vardcentrum\\\/#article\",\"isPartOf\":{\"@id\":\"https:\\\/\\\/wp.kristdemokraterna.se\\\/uppsala\\\/ett-steg-narmare-vardcentrum\\\/\"},\"author\":{\"name\":\"Mimmi Westerlund\",\"@id\":\"https:\\\/\\\/wp.kristdemokraterna.se\\\/uppsala\\\/#\\\/schema\\\/person\\\/038d805d685fb0ce5ad14ab8711d8e84\"},\"headline\":\"Ett steg n\u00e4rmare v\u00e5rdcentrum\",\"datePublished\":\"2019-04-16T14:21:19+00:00\",\"dateModified\":\"2024-04-03T22:22:56+00:00\",\"mainEntityOfPage\":{\"@id\":\"https:\\\/\\\/wp.kristdemokraterna.se\\\/uppsala\\\/ett-steg-narmare-vardcentrum\\\/\"},\"wordCount\":548,\"publisher\":{\"@id\":\"https:\\\/\\\/wp.kristdemokraterna.se\\\/uppsala\\\/#organization\"},\"keywords\":[\"Bj\u00f6rn-Owe Bj\u00f6rk\",\"Effektiv och n\u00e4ra v\u00e5rd\",\"H\u00e4lsocentraler\",\"KD\",\"Region Uppsala\",\"V\u00e5rdcentrum\"],\"articleSection\":[\"V\u00e5rd &amp; omsorg\"],\"inLanguage\":\"sv-SE\"},{\"@type\":\"WebPage\",\"@id\":\"https:\\\/\\\/wp.kristdemokraterna.se\\\/uppsala\\\/ett-steg-narmare-vardcentrum\\\/\",\"url\":\"https:\\\/\\\/wp.kristdemokraterna.se\\\/uppsala\\\/ett-steg-narmare-vardcentrum\\\/\",\"name\":\"Ett steg n\u00e4rmare v\u00e5rdcentrum | Kristdemokraterna | Uppsala\",\"isPartOf\":{\"@id\":\"https:\\\/\\\/wp.kristdemokraterna.se\\\/uppsala\\\/#website\"},\"datePublished\":\"2019-04-16T14:21:19+00:00\",\"dateModified\":\"2024-04-03T22:22:56+00:00\",\"breadcrumb\":{\"@id\":\"https:\\\/\\\/wp.kristdemokraterna.se\\\/uppsala\\\/ett-steg-narmare-vardcentrum\\\/#breadcrumb\"},\"inLanguage\":\"sv-SE\",\"potentialAction\":[{\"@type\":\"ReadAction\",\"target\":[\"https:\\\/\\\/wp.kristdemokraterna.se\\\/uppsala\\\/ett-steg-narmare-vardcentrum\\\/\"]}]},{\"@type\":\"BreadcrumbList\",\"@id\":\"https:\\\/\\\/wp.kristdemokraterna.se\\\/uppsala\\\/ett-steg-narmare-vardcentrum\\\/#breadcrumb\",\"itemListElement\":[{\"@type\":\"ListItem\",\"position\":1,\"name\":\"Hem\",\"item\":\"https:\\\/\\\/wp.kristdemokraterna.se\\\/uppsala\\\/\"},{\"@type\":\"ListItem\",\"position\":2,\"name\":\"Ett steg n\u00e4rmare v\u00e5rdcentrum\"}]},{\"@type\":\"WebSite\",\"@id\":\"https:\\\/\\\/wp.kristdemokraterna.se\\\/uppsala\\\/#website\",\"url\":\"https:\\\/\\\/wp.kristdemokraterna.se\\\/uppsala\\\/\",\"name\":\"Kristdemokraterna Uppsala\",\"description\":\"Tryggare Uppsala\",\"publisher\":{\"@id\":\"https:\\\/\\\/wp.kristdemokraterna.se\\\/uppsala\\\/#organization\"},\"inLanguage\":\"sv-SE\"},{\"@type\":\"Organization\",\"@id\":\"https:\\\/\\\/wp.kristdemokraterna.se\\\/uppsala\\\/#organization\",\"name\":\"Kristdemokraterna Uppsala\",\"url\":\"https:\\\/\\\/wp.kristdemokraterna.se\\\/uppsala\\\/\",\"logo\":{\"@type\":\"ImageObject\",\"inLanguage\":\"sv-SE\",\"@id\":\"https:\\\/\\\/wp.kristdemokraterna.se\\\/uppsala\\\/#\\\/schema\\\/logo\\\/image\\\/\",\"url\":\"https:\\\/\\\/wp.kristdemokraterna.se\\\/uppsala\\\/files\\\/2019\\\/10\\\/kd-uppsala.png\",\"contentUrl\":\"https:\\\/\\\/wp.kristdemokraterna.se\\\/uppsala\\\/files\\\/2019\\\/10\\\/kd-uppsala.png\",\"width\":804,\"height\":421,\"caption\":\"Kristdemokraterna Uppsala\"},\"image\":{\"@id\":\"https:\\\/\\\/wp.kristdemokraterna.se\\\/uppsala\\\/#\\\/schema\\\/logo\\\/image\\\/\"},\"sameAs\":[\"https:\\\/\\\/www.facebook.com\\\/UppsalaKD\\\/\",\"https:\\\/\\\/www.instagram.com\\\/uppsalakd\\\/\"]},{\"@type\":\"Person\",\"@id\":\"https:\\\/\\\/wp.kristdemokraterna.se\\\/uppsala\\\/#\\\/schema\\\/person\\\/038d805d685fb0ce5ad14ab8711d8e84\",\"name\":\"Mimmi Westerlund\",\"image\":{\"@type\":\"ImageObject\",\"inLanguage\":\"sv-SE\",\"@id\":\"https:\\\/\\\/secure.gravatar.com\\\/avatar\\\/a5697359f709b6b10d9c7e6a7c89f3e054554dedb4657d5ffe9e5bc5b1445841?s=96&r=g\",\"url\":\"https:\\\/\\\/secure.gravatar.com\\\/avatar\\\/a5697359f709b6b10d9c7e6a7c89f3e054554dedb4657d5ffe9e5bc5b1445841?s=96&r=g\",\"contentUrl\":\"https:\\\/\\\/secure.gravatar.com\\\/avatar\\\/a5697359f709b6b10d9c7e6a7c89f3e054554dedb4657d5ffe9e5bc5b1445841?s=96&r=g\",\"caption\":\"Mimmi Westerlund\"},\"url\":\"https:\\\/\\\/wp.kristdemokraterna.se\\\/uppsala\\\/author\\\/mimmi\\\/\"}]}<\/script>\n<!-- \/ Yoast SEO plugin. -->","yoast_head_json":{"title":"Ett steg n\u00e4rmare v\u00e5rdcentrum | Kristdemokraterna | Uppsala","robots":{"index":"index","follow":"follow","max-snippet":"max-snippet:-1","max-image-preview":"max-image-preview:large","max-video-preview":"max-video-preview:-1"},"canonical":"https:\/\/wp.kristdemokraterna.se\/uppsala\/ett-steg-narmare-vardcentrum\/","og_locale":"sv_SE","og_type":"article","og_title":"Ett steg n\u00e4rmare v\u00e5rdcentrum | Kristdemokraterna | Uppsala","og_description":"Nu \u00e4r det klubbat. Idag togs ett beslut om vilka allm\u00e4nna kriterier som ska g\u00e4lla f\u00f6r ett v\u00e5rdcentrum fram\u00f6ver. P\u00e5 sikt \u00e4r m\u00e5let att b\u00e5de sjukhusv\u00e5rd och det som idag erbjuds vid v\u00e5rdcentralerna ska hamna d\u00e4r.","og_url":"https:\/\/wp.kristdemokraterna.se\/uppsala\/ett-steg-narmare-vardcentrum\/","og_site_name":"Kristdemokraterna | Uppsala","article_publisher":"https:\/\/www.facebook.com\/UppsalaKD\/","article_published_time":"2019-04-16T14:21:19+00:00","article_modified_time":"2024-04-03T22:22:56+00:00","og_image":[{"width":770,"height":404,"url":"https:\/\/wp.kristdemokraterna.se\/uppsala\/files\/2021\/12\/kom1.png","type":"image\/png"}],"author":"Mimmi Westerlund","twitter_card":"summary_large_image","twitter_misc":{"Skriven av":"Mimmi Westerlund","Ber\u00e4knad l\u00e4stid":"3 minuter"},"schema":{"@context":"https:\/\/schema.org","@graph":[{"@type":"Article","@id":"https:\/\/wp.kristdemokraterna.se\/uppsala\/ett-steg-narmare-vardcentrum\/#article","isPartOf":{"@id":"https:\/\/wp.kristdemokraterna.se\/uppsala\/ett-steg-narmare-vardcentrum\/"},"author":{"name":"Mimmi Westerlund","@id":"https:\/\/wp.kristdemokraterna.se\/uppsala\/#\/schema\/person\/038d805d685fb0ce5ad14ab8711d8e84"},"headline":"Ett steg n\u00e4rmare v\u00e5rdcentrum","datePublished":"2019-04-16T14:21:19+00:00","dateModified":"2024-04-03T22:22:56+00:00","mainEntityOfPage":{"@id":"https:\/\/wp.kristdemokraterna.se\/uppsala\/ett-steg-narmare-vardcentrum\/"},"wordCount":548,"publisher":{"@id":"https:\/\/wp.kristdemokraterna.se\/uppsala\/#organization"},"keywords":["Bj\u00f6rn-Owe Bj\u00f6rk","Effektiv och n\u00e4ra v\u00e5rd","H\u00e4lsocentraler","KD","Region Uppsala","V\u00e5rdcentrum"],"articleSection":["V\u00e5rd &amp; omsorg"],"inLanguage":"sv-SE"},{"@type":"WebPage","@id":"https:\/\/wp.kristdemokraterna.se\/uppsala\/ett-steg-narmare-vardcentrum\/","url":"https:\/\/wp.kristdemokraterna.se\/uppsala\/ett-steg-narmare-vardcentrum\/","name":"Ett steg n\u00e4rmare v\u00e5rdcentrum | Kristdemokraterna | Uppsala","isPartOf":{"@id":"https:\/\/wp.kristdemokraterna.se\/uppsala\/#website"},"datePublished":"2019-04-16T14:21:19+00:00","dateModified":"2024-04-03T22:22:56+00:00","breadcrumb":{"@id":"https:\/\/wp.kristdemokraterna.se\/uppsala\/ett-steg-narmare-vardcentrum\/#breadcrumb"},"inLanguage":"sv-SE","potentialAction":[{"@type":"ReadAction","target":["https:\/\/wp.kristdemokraterna.se\/uppsala\/ett-steg-narmare-vardcentrum\/"]}]},{"@type":"BreadcrumbList","@id":"https:\/\/wp.kristdemokraterna.se\/uppsala\/ett-steg-narmare-vardcentrum\/#breadcrumb","itemListElement":[{"@type":"ListItem","position":1,"name":"Hem","item":"https:\/\/wp.kristdemokraterna.se\/uppsala\/"},{"@type":"ListItem","position":2,"name":"Ett steg n\u00e4rmare v\u00e5rdcentrum"}]},{"@type":"WebSite","@id":"https:\/\/wp.kristdemokraterna.se\/uppsala\/#website","url":"https:\/\/wp.kristdemokraterna.se\/uppsala\/","name":"Kristdemokraterna Uppsala","description":"Tryggare Uppsala","publisher":{"@id":"https:\/\/wp.kristdemokraterna.se\/uppsala\/#organization"},"inLanguage":"sv-SE"},{"@type":"Organization","@id":"https:\/\/wp.kristdemokraterna.se\/uppsala\/#organization","name":"Kristdemokraterna Uppsala","url":"https:\/\/wp.kristdemokraterna.se\/uppsala\/","logo":{"@type":"ImageObject","inLanguage":"sv-SE","@id":"https:\/\/wp.kristdemokraterna.se\/uppsala\/#\/schema\/logo\/image\/","url":"https:\/\/wp.kristdemokraterna.se\/uppsala\/files\/2019\/10\/kd-uppsala.png","contentUrl":"https:\/\/wp.kristdemokraterna.se\/uppsala\/files\/2019\/10\/kd-uppsala.png","width":804,"height":421,"caption":"Kristdemokraterna Uppsala"},"image":{"@id":"https:\/\/wp.kristdemokraterna.se\/uppsala\/#\/schema\/logo\/image\/"},"sameAs":["https:\/\/www.facebook.com\/UppsalaKD\/","https:\/\/www.instagram.com\/uppsalakd\/"]},{"@type":"Person","@id":"https:\/\/wp.kristdemokraterna.se\/uppsala\/#\/schema\/person\/038d805d685fb0ce5ad14ab8711d8e84","name":"Mimmi Westerlund","image":{"@type":"ImageObject","inLanguage":"sv-SE","@id":"https:\/\/secure.gravatar.com\/avatar\/a5697359f709b6b10d9c7e6a7c89f3e054554dedb4657d5ffe9e5bc5b1445841?s=96&r=g","url":"https:\/\/secure.gravatar.com\/avatar\/a5697359f709b6b10d9c7e6a7c89f3e054554dedb4657d5ffe9e5bc5b1445841?s=96&r=g","contentUrl":"https:\/\/secure.gravatar.com\/avatar\/a5697359f709b6b10d9c7e6a7c89f3e054554dedb4657d5ffe9e5bc5b1445841?s=96&r=g","caption":"Mimmi Westerlund"},"url":"https:\/\/wp.kristdemokraterna.se\/uppsala\/author\/mimmi\/"}]}},"_links":{"self":[{"href":"https:\/\/wp.kristdemokraterna.se\/uppsala\/wp-json\/wp\/v2\/posts\/3337","targetHints":{"allow":["GET"]}}],"collection":[{"href":"https:\/\/wp.kristdemokraterna.se\/uppsala\/wp-json\/wp\/v2\/posts"}],"about":[{"href":"https:\/\/wp.kristdemokraterna.se\/uppsala\/wp-json\/wp\/v2\/types\/post"}],"author":[{"embeddable":true,"href":"https:\/\/wp.kristdemokraterna.se\/uppsala\/wp-json\/wp\/v2\/users\/702"}],"replies":[{"embeddable":true,"href":"https:\/\/wp.kristdemokraterna.se\/uppsala\/wp-json\/wp\/v2\/comments?post=3337"}],"version-history":[{"count":27,"href":"https:\/\/wp.kristdemokraterna.se\/uppsala\/wp-json\/wp\/v2\/posts\/3337\/revisions"}],"predecessor-version":[{"id":3368,"href":"https:\/\/wp.kristdemokraterna.se\/uppsala\/wp-json\/wp\/v2\/posts\/3337\/revisions\/3368"}],"wp:attachment":[{"href":"https:\/\/wp.kristdemokraterna.se\/uppsala\/wp-json\/wp\/v2\/media?parent=3337"}],"wp:term":[{"taxonomy":"category","embeddable":true,"href":"https:\/\/wp.kristdemokraterna.se\/uppsala\/wp-json\/wp\/v2\/categories?post=3337"},{"taxonomy":"post_tag","embeddable":true,"href":"https:\/\/wp.kristdemokraterna.se\/uppsala\/wp-json\/wp\/v2\/tags?post=3337"}],"curies":[{"name":"wp","href":"https:\/\/api.w.org\/{rel}","templated":true}]}}