{"id":3370,"date":"2019-06-19T18:22:55","date_gmt":"2019-06-19T16:22:55","guid":{"rendered":"http:\/\/wp.kristdemokraterna.se\/uppsala\/?p=3370"},"modified":"2024-04-07T17:22:32","modified_gmt":"2024-04-07T15:22:32","slug":"bemotande-av-invanare-nytt-inslag-i-riktlinjer","status":"publish","type":"post","link":"https:\/\/wp.kristdemokraterna.se\/uppsala\/bemotande-av-invanare-nytt-inslag-i-riktlinjer\/","title":{"rendered":"Bem\u00f6tande av inv\u00e5nare &#8211; nytt inslag i riktlinjer"},"content":{"rendered":"<p><strong>Arbetet mot diskriminering och kr\u00e4nkande s\u00e4rbehandling i regionen tar ett nytt kliv fram\u00e5t. Nu finns riktlinjer f\u00f6r arbete med likabehandling, f\u00e4rdiga att anv\u00e4ndas.\u00a0<\/strong><br \/>\n<strong>\u2013 Det \u00e4r bra att vi har ett gemensamt dokument d\u00e4r man lagt till inv\u00e5narperspektivet och att b\u00e5de tillg\u00e4nglighet och bem\u00f6tande finns med, s\u00e4ger Anna-Karin Vaz Contreiras, KD.\u00a0\u00a0<\/strong><\/p>\n<p>I slutet av november f\u00f6rra \u00e5ret beslutade regionfullm\u00e4ktige om en ny likabehandlingspolicy. Det best\u00e4mdes ocks\u00e5 att riktlinjer f\u00f6r hur arbetet med likabehandling ska bedrivas enligt den nya policyn, ska tas fram.<\/p>\n<p>H\u00e4r finns b\u00e5de ett ramverk f\u00f6r hantering av diskriminering, trakasserier, sexuella trakasserier och kr\u00e4nkande s\u00e4rbehandling.<\/p>\n<p>Dessutom finns ett handlingsprogram f\u00f6r \u00e5tg\u00e4rder vid v\u00e5ld i n\u00e4ra relationer &#8211; som ska st\u00f6tta anst\u00e4llda i regionen.<\/p>\n<h2>\u00c4ven inv\u00e5nare omfattas<\/h2>\n<p>Nytt \u00e4r att inte bara medarbetare ska omfattas utan att ocks\u00e5 bem\u00f6tandet av inv\u00e5nare i regionen \u00e4r i \u00e5tanke. Dessutom finns tillg\u00e4nglighetsfr\u00e5gorna med tydligare.<\/p>\n<p>\u2013 Det k\u00e4nns sk\u00f6nt att funktionshinderfr\u00e5gorna har f\u00e5tt en plats i riktlinjerna. Detta \u00e4r en diskrimineringsgrund som \u00e4r l\u00e4tt att gl\u00f6mma bort.<\/p>\n<p>\u2013 Arbetar vi utifr\u00e5n riktlinjerna vid planering och verksamhet som r\u00f6r denna grupps behov, s\u00e5 \u00f6kar \u00e4ven dessa m\u00e4nniskors m\u00f6jlighet att vara delaktiga i v\u00e5rt samh\u00e4lle, s\u00e4ger Anna-Karin Vaz Contreiras, ordf\u00f6rande i r\u00e5det f\u00f6r delaktighet, som gett sina synpunkter p\u00e5 riktlinjerna n\u00e4r de togs fram.<\/p>\n<h2>Flera deltog i workshop<\/h2>\n<p>\u00c4ven pension\u00e4rsr\u00e5det och beredningen f\u00f6r demokrati, j\u00e4mst\u00e4lldhet och integration deltog i workshopen.<\/p>\n<p>En rad referensgrupper har ocks\u00e5 ing\u00e5tt i arbetet d\u00e4r ocks\u00e5 f\u00f6rvaltningen deltagit.<\/p>\n<p>\u2013 H\u00e4r finns en rad perspektiv, b\u00e5de hur man som chef ska agera, om man \u00e4r kollega eller sj\u00e4lv har drabbats plus vad man ska g\u00f6ra om man uts\u00e4tts av en inv\u00e5nare. Det finns b\u00e5de f\u00f6rebyggande \u00e5tg\u00e4rder liksom tydliga instruktioner f\u00f6r vad man ska g\u00f6ra om trakasserier skett och hur man kan f\u00f6lja upp.<\/p>\n<p>Ett slags \u201dkonsekvensverktyg\u201d ska ocks\u00e5 finnas med till riktlinjerna, som st\u00f6d inf\u00f6r beslutsprocesser.<\/p>\n<p>\u2013 Detta \u00e4r ett viktigt steg fram\u00e5t f\u00f6r mer delaktighet och likabehandling, avslutar Anna-Karin Vaz Contreiras.<\/p>\n","protected":false},"excerpt":{"rendered":"<p>Arbetet mot diskriminering och kr\u00e4nkande s\u00e4rbehandling i regionen tar ett nytt kliv fram\u00e5t. Nu finns riktlinjer f\u00f6r arbete med likabehandling, f\u00e4rdiga att anv\u00e4ndas.\u00a0 \u2013 Det \u00e4r bra att vi har ett gemensamt dokument d\u00e4r man lagt till inv\u00e5narperspektivet och att b\u00e5de tillg\u00e4nglighet och bem\u00f6tande finns med, s\u00e4ger Anna-Karin Vaz Contreiras, KD.\u00a0\u00a0 I slutet av november <a class=\"read-more-link\" href=\"https:\/\/wp.kristdemokraterna.se\/uppsala\/bemotande-av-invanare-nytt-inslag-i-riktlinjer\/\">Read More<\/a><\/p>\n","protected":false},"author":702,"featured_media":0,"comment_status":"closed","ping_status":"closed","sticky":false,"template":"","format":"standard","meta":{"_acf_changed":false,"footnotes":""},"categories":[236],"tags":[219,198,228,227],"class_list":["post-3370","post","type-post","status-publish","format-standard","hentry","category-vard-o-omsorg","tag-anna-karin-vaz-contreiras","tag-kd","tag-kristdemokraterna-i-region-uppsala","tag-radet-for-delaktighet"],"acf":[],"yoast_head":"<!-- This site is optimized with the Yoast SEO plugin v27.4 - https:\/\/yoast.com\/product\/yoast-seo-wordpress\/ -->\n<title>Bem\u00f6tande av inv\u00e5nare - nytt inslag i riktlinjer | Kristdemokraterna | Uppsala<\/title>\n<meta name=\"robots\" content=\"index, follow, max-snippet:-1, max-image-preview:large, max-video-preview:-1\" \/>\n<link rel=\"canonical\" href=\"https:\/\/wp.kristdemokraterna.se\/uppsala\/bemotande-av-invanare-nytt-inslag-i-riktlinjer\/\" \/>\n<meta property=\"og:locale\" content=\"sv_SE\" \/>\n<meta property=\"og:type\" content=\"article\" \/>\n<meta property=\"og:title\" content=\"Bem\u00f6tande av inv\u00e5nare - nytt inslag i riktlinjer | Kristdemokraterna | Uppsala\" \/>\n<meta property=\"og:description\" content=\"Arbetet mot diskriminering och kr\u00e4nkande s\u00e4rbehandling i regionen tar ett nytt kliv fram\u00e5t. Nu finns riktlinjer f\u00f6r arbete med likabehandling, f\u00e4rdiga att anv\u00e4ndas.\u00a0 \u2013 Det \u00e4r bra att vi har ett gemensamt dokument d\u00e4r man lagt till inv\u00e5narperspektivet och att b\u00e5de tillg\u00e4nglighet och bem\u00f6tande finns med, s\u00e4ger Anna-Karin Vaz Contreiras, KD.\u00a0\u00a0 I slutet av november Read More\" \/>\n<meta property=\"og:url\" content=\"https:\/\/wp.kristdemokraterna.se\/uppsala\/bemotande-av-invanare-nytt-inslag-i-riktlinjer\/\" \/>\n<meta property=\"og:site_name\" content=\"Kristdemokraterna | Uppsala\" \/>\n<meta property=\"article:publisher\" content=\"https:\/\/www.facebook.com\/UppsalaKD\/\" \/>\n<meta property=\"article:published_time\" content=\"2019-06-19T16:22:55+00:00\" \/>\n<meta property=\"article:modified_time\" content=\"2024-04-07T15:22:32+00:00\" \/>\n<meta property=\"og:image\" content=\"https:\/\/wp.kristdemokraterna.se\/uppsala\/files\/2021\/12\/kom1.png\" \/>\n\t<meta property=\"og:image:width\" content=\"770\" \/>\n\t<meta property=\"og:image:height\" content=\"404\" \/>\n\t<meta property=\"og:image:type\" content=\"image\/png\" \/>\n<meta name=\"author\" content=\"Mimmi Westerlund\" \/>\n<meta name=\"twitter:card\" content=\"summary_large_image\" \/>\n<meta name=\"twitter:label1\" content=\"Skriven av\" \/>\n\t<meta name=\"twitter:data1\" content=\"Mimmi Westerlund\" \/>\n\t<meta name=\"twitter:label2\" content=\"Ber\u00e4knad l\u00e4stid\" \/>\n\t<meta name=\"twitter:data2\" content=\"2 minuter\" \/>\n<script type=\"application\/ld+json\" class=\"yoast-schema-graph\">{\"@context\":\"https:\\\/\\\/schema.org\",\"@graph\":[{\"@type\":\"Article\",\"@id\":\"https:\\\/\\\/wp.kristdemokraterna.se\\\/uppsala\\\/bemotande-av-invanare-nytt-inslag-i-riktlinjer\\\/#article\",\"isPartOf\":{\"@id\":\"https:\\\/\\\/wp.kristdemokraterna.se\\\/uppsala\\\/bemotande-av-invanare-nytt-inslag-i-riktlinjer\\\/\"},\"author\":{\"name\":\"Mimmi Westerlund\",\"@id\":\"https:\\\/\\\/wp.kristdemokraterna.se\\\/uppsala\\\/#\\\/schema\\\/person\\\/038d805d685fb0ce5ad14ab8711d8e84\"},\"headline\":\"Bem\u00f6tande av inv\u00e5nare &#8211; nytt inslag i riktlinjer\",\"datePublished\":\"2019-06-19T16:22:55+00:00\",\"dateModified\":\"2024-04-07T15:22:32+00:00\",\"mainEntityOfPage\":{\"@id\":\"https:\\\/\\\/wp.kristdemokraterna.se\\\/uppsala\\\/bemotande-av-invanare-nytt-inslag-i-riktlinjer\\\/\"},\"wordCount\":398,\"publisher\":{\"@id\":\"https:\\\/\\\/wp.kristdemokraterna.se\\\/uppsala\\\/#organization\"},\"keywords\":[\"Anna-Karin Vaz Contreiras\",\"KD\",\"Kristdemokraterna i Region Uppsala\",\"R\u00e5det f\u00f6r delaktighet\"],\"articleSection\":[\"V\u00e5rd &amp; omsorg\"],\"inLanguage\":\"sv-SE\"},{\"@type\":\"WebPage\",\"@id\":\"https:\\\/\\\/wp.kristdemokraterna.se\\\/uppsala\\\/bemotande-av-invanare-nytt-inslag-i-riktlinjer\\\/\",\"url\":\"https:\\\/\\\/wp.kristdemokraterna.se\\\/uppsala\\\/bemotande-av-invanare-nytt-inslag-i-riktlinjer\\\/\",\"name\":\"Bem\u00f6tande av inv\u00e5nare - nytt inslag i riktlinjer | Kristdemokraterna | Uppsala\",\"isPartOf\":{\"@id\":\"https:\\\/\\\/wp.kristdemokraterna.se\\\/uppsala\\\/#website\"},\"datePublished\":\"2019-06-19T16:22:55+00:00\",\"dateModified\":\"2024-04-07T15:22:32+00:00\",\"breadcrumb\":{\"@id\":\"https:\\\/\\\/wp.kristdemokraterna.se\\\/uppsala\\\/bemotande-av-invanare-nytt-inslag-i-riktlinjer\\\/#breadcrumb\"},\"inLanguage\":\"sv-SE\",\"potentialAction\":[{\"@type\":\"ReadAction\",\"target\":[\"https:\\\/\\\/wp.kristdemokraterna.se\\\/uppsala\\\/bemotande-av-invanare-nytt-inslag-i-riktlinjer\\\/\"]}]},{\"@type\":\"BreadcrumbList\",\"@id\":\"https:\\\/\\\/wp.kristdemokraterna.se\\\/uppsala\\\/bemotande-av-invanare-nytt-inslag-i-riktlinjer\\\/#breadcrumb\",\"itemListElement\":[{\"@type\":\"ListItem\",\"position\":1,\"name\":\"Hem\",\"item\":\"https:\\\/\\\/wp.kristdemokraterna.se\\\/uppsala\\\/\"},{\"@type\":\"ListItem\",\"position\":2,\"name\":\"Bem\u00f6tande av inv\u00e5nare &#8211; nytt inslag i riktlinjer\"}]},{\"@type\":\"WebSite\",\"@id\":\"https:\\\/\\\/wp.kristdemokraterna.se\\\/uppsala\\\/#website\",\"url\":\"https:\\\/\\\/wp.kristdemokraterna.se\\\/uppsala\\\/\",\"name\":\"Kristdemokraterna Uppsala\",\"description\":\"Tryggare Uppsala\",\"publisher\":{\"@id\":\"https:\\\/\\\/wp.kristdemokraterna.se\\\/uppsala\\\/#organization\"},\"inLanguage\":\"sv-SE\"},{\"@type\":\"Organization\",\"@id\":\"https:\\\/\\\/wp.kristdemokraterna.se\\\/uppsala\\\/#organization\",\"name\":\"Kristdemokraterna Uppsala\",\"url\":\"https:\\\/\\\/wp.kristdemokraterna.se\\\/uppsala\\\/\",\"logo\":{\"@type\":\"ImageObject\",\"inLanguage\":\"sv-SE\",\"@id\":\"https:\\\/\\\/wp.kristdemokraterna.se\\\/uppsala\\\/#\\\/schema\\\/logo\\\/image\\\/\",\"url\":\"https:\\\/\\\/wp.kristdemokraterna.se\\\/uppsala\\\/files\\\/2019\\\/10\\\/kd-uppsala.png\",\"contentUrl\":\"https:\\\/\\\/wp.kristdemokraterna.se\\\/uppsala\\\/files\\\/2019\\\/10\\\/kd-uppsala.png\",\"width\":804,\"height\":421,\"caption\":\"Kristdemokraterna Uppsala\"},\"image\":{\"@id\":\"https:\\\/\\\/wp.kristdemokraterna.se\\\/uppsala\\\/#\\\/schema\\\/logo\\\/image\\\/\"},\"sameAs\":[\"https:\\\/\\\/www.facebook.com\\\/UppsalaKD\\\/\",\"https:\\\/\\\/www.instagram.com\\\/uppsalakd\\\/\"]},{\"@type\":\"Person\",\"@id\":\"https:\\\/\\\/wp.kristdemokraterna.se\\\/uppsala\\\/#\\\/schema\\\/person\\\/038d805d685fb0ce5ad14ab8711d8e84\",\"name\":\"Mimmi Westerlund\",\"image\":{\"@type\":\"ImageObject\",\"inLanguage\":\"sv-SE\",\"@id\":\"https:\\\/\\\/secure.gravatar.com\\\/avatar\\\/a5697359f709b6b10d9c7e6a7c89f3e054554dedb4657d5ffe9e5bc5b1445841?s=96&r=g\",\"url\":\"https:\\\/\\\/secure.gravatar.com\\\/avatar\\\/a5697359f709b6b10d9c7e6a7c89f3e054554dedb4657d5ffe9e5bc5b1445841?s=96&r=g\",\"contentUrl\":\"https:\\\/\\\/secure.gravatar.com\\\/avatar\\\/a5697359f709b6b10d9c7e6a7c89f3e054554dedb4657d5ffe9e5bc5b1445841?s=96&r=g\",\"caption\":\"Mimmi Westerlund\"},\"url\":\"https:\\\/\\\/wp.kristdemokraterna.se\\\/uppsala\\\/author\\\/mimmi\\\/\"}]}<\/script>\n<!-- \/ Yoast SEO plugin. -->","yoast_head_json":{"title":"Bem\u00f6tande av inv\u00e5nare - nytt inslag i riktlinjer | Kristdemokraterna | Uppsala","robots":{"index":"index","follow":"follow","max-snippet":"max-snippet:-1","max-image-preview":"max-image-preview:large","max-video-preview":"max-video-preview:-1"},"canonical":"https:\/\/wp.kristdemokraterna.se\/uppsala\/bemotande-av-invanare-nytt-inslag-i-riktlinjer\/","og_locale":"sv_SE","og_type":"article","og_title":"Bem\u00f6tande av inv\u00e5nare - nytt inslag i riktlinjer | Kristdemokraterna | Uppsala","og_description":"Arbetet mot diskriminering och kr\u00e4nkande s\u00e4rbehandling i regionen tar ett nytt kliv fram\u00e5t. Nu finns riktlinjer f\u00f6r arbete med likabehandling, f\u00e4rdiga att anv\u00e4ndas.\u00a0 \u2013 Det \u00e4r bra att vi har ett gemensamt dokument d\u00e4r man lagt till inv\u00e5narperspektivet och att b\u00e5de tillg\u00e4nglighet och bem\u00f6tande finns med, s\u00e4ger Anna-Karin Vaz Contreiras, KD.\u00a0\u00a0 I slutet av november Read More","og_url":"https:\/\/wp.kristdemokraterna.se\/uppsala\/bemotande-av-invanare-nytt-inslag-i-riktlinjer\/","og_site_name":"Kristdemokraterna | Uppsala","article_publisher":"https:\/\/www.facebook.com\/UppsalaKD\/","article_published_time":"2019-06-19T16:22:55+00:00","article_modified_time":"2024-04-07T15:22:32+00:00","og_image":[{"width":770,"height":404,"url":"https:\/\/wp.kristdemokraterna.se\/uppsala\/files\/2021\/12\/kom1.png","type":"image\/png"}],"author":"Mimmi Westerlund","twitter_card":"summary_large_image","twitter_misc":{"Skriven av":"Mimmi Westerlund","Ber\u00e4knad l\u00e4stid":"2 minuter"},"schema":{"@context":"https:\/\/schema.org","@graph":[{"@type":"Article","@id":"https:\/\/wp.kristdemokraterna.se\/uppsala\/bemotande-av-invanare-nytt-inslag-i-riktlinjer\/#article","isPartOf":{"@id":"https:\/\/wp.kristdemokraterna.se\/uppsala\/bemotande-av-invanare-nytt-inslag-i-riktlinjer\/"},"author":{"name":"Mimmi Westerlund","@id":"https:\/\/wp.kristdemokraterna.se\/uppsala\/#\/schema\/person\/038d805d685fb0ce5ad14ab8711d8e84"},"headline":"Bem\u00f6tande av inv\u00e5nare &#8211; nytt inslag i riktlinjer","datePublished":"2019-06-19T16:22:55+00:00","dateModified":"2024-04-07T15:22:32+00:00","mainEntityOfPage":{"@id":"https:\/\/wp.kristdemokraterna.se\/uppsala\/bemotande-av-invanare-nytt-inslag-i-riktlinjer\/"},"wordCount":398,"publisher":{"@id":"https:\/\/wp.kristdemokraterna.se\/uppsala\/#organization"},"keywords":["Anna-Karin Vaz Contreiras","KD","Kristdemokraterna i Region Uppsala","R\u00e5det f\u00f6r delaktighet"],"articleSection":["V\u00e5rd &amp; omsorg"],"inLanguage":"sv-SE"},{"@type":"WebPage","@id":"https:\/\/wp.kristdemokraterna.se\/uppsala\/bemotande-av-invanare-nytt-inslag-i-riktlinjer\/","url":"https:\/\/wp.kristdemokraterna.se\/uppsala\/bemotande-av-invanare-nytt-inslag-i-riktlinjer\/","name":"Bem\u00f6tande av inv\u00e5nare - nytt inslag i riktlinjer | Kristdemokraterna | Uppsala","isPartOf":{"@id":"https:\/\/wp.kristdemokraterna.se\/uppsala\/#website"},"datePublished":"2019-06-19T16:22:55+00:00","dateModified":"2024-04-07T15:22:32+00:00","breadcrumb":{"@id":"https:\/\/wp.kristdemokraterna.se\/uppsala\/bemotande-av-invanare-nytt-inslag-i-riktlinjer\/#breadcrumb"},"inLanguage":"sv-SE","potentialAction":[{"@type":"ReadAction","target":["https:\/\/wp.kristdemokraterna.se\/uppsala\/bemotande-av-invanare-nytt-inslag-i-riktlinjer\/"]}]},{"@type":"BreadcrumbList","@id":"https:\/\/wp.kristdemokraterna.se\/uppsala\/bemotande-av-invanare-nytt-inslag-i-riktlinjer\/#breadcrumb","itemListElement":[{"@type":"ListItem","position":1,"name":"Hem","item":"https:\/\/wp.kristdemokraterna.se\/uppsala\/"},{"@type":"ListItem","position":2,"name":"Bem\u00f6tande av inv\u00e5nare &#8211; nytt inslag i riktlinjer"}]},{"@type":"WebSite","@id":"https:\/\/wp.kristdemokraterna.se\/uppsala\/#website","url":"https:\/\/wp.kristdemokraterna.se\/uppsala\/","name":"Kristdemokraterna Uppsala","description":"Tryggare Uppsala","publisher":{"@id":"https:\/\/wp.kristdemokraterna.se\/uppsala\/#organization"},"inLanguage":"sv-SE"},{"@type":"Organization","@id":"https:\/\/wp.kristdemokraterna.se\/uppsala\/#organization","name":"Kristdemokraterna Uppsala","url":"https:\/\/wp.kristdemokraterna.se\/uppsala\/","logo":{"@type":"ImageObject","inLanguage":"sv-SE","@id":"https:\/\/wp.kristdemokraterna.se\/uppsala\/#\/schema\/logo\/image\/","url":"https:\/\/wp.kristdemokraterna.se\/uppsala\/files\/2019\/10\/kd-uppsala.png","contentUrl":"https:\/\/wp.kristdemokraterna.se\/uppsala\/files\/2019\/10\/kd-uppsala.png","width":804,"height":421,"caption":"Kristdemokraterna Uppsala"},"image":{"@id":"https:\/\/wp.kristdemokraterna.se\/uppsala\/#\/schema\/logo\/image\/"},"sameAs":["https:\/\/www.facebook.com\/UppsalaKD\/","https:\/\/www.instagram.com\/uppsalakd\/"]},{"@type":"Person","@id":"https:\/\/wp.kristdemokraterna.se\/uppsala\/#\/schema\/person\/038d805d685fb0ce5ad14ab8711d8e84","name":"Mimmi Westerlund","image":{"@type":"ImageObject","inLanguage":"sv-SE","@id":"https:\/\/secure.gravatar.com\/avatar\/a5697359f709b6b10d9c7e6a7c89f3e054554dedb4657d5ffe9e5bc5b1445841?s=96&r=g","url":"https:\/\/secure.gravatar.com\/avatar\/a5697359f709b6b10d9c7e6a7c89f3e054554dedb4657d5ffe9e5bc5b1445841?s=96&r=g","contentUrl":"https:\/\/secure.gravatar.com\/avatar\/a5697359f709b6b10d9c7e6a7c89f3e054554dedb4657d5ffe9e5bc5b1445841?s=96&r=g","caption":"Mimmi Westerlund"},"url":"https:\/\/wp.kristdemokraterna.se\/uppsala\/author\/mimmi\/"}]}},"_links":{"self":[{"href":"https:\/\/wp.kristdemokraterna.se\/uppsala\/wp-json\/wp\/v2\/posts\/3370","targetHints":{"allow":["GET"]}}],"collection":[{"href":"https:\/\/wp.kristdemokraterna.se\/uppsala\/wp-json\/wp\/v2\/posts"}],"about":[{"href":"https:\/\/wp.kristdemokraterna.se\/uppsala\/wp-json\/wp\/v2\/types\/post"}],"author":[{"embeddable":true,"href":"https:\/\/wp.kristdemokraterna.se\/uppsala\/wp-json\/wp\/v2\/users\/702"}],"replies":[{"embeddable":true,"href":"https:\/\/wp.kristdemokraterna.se\/uppsala\/wp-json\/wp\/v2\/comments?post=3370"}],"version-history":[{"count":21,"href":"https:\/\/wp.kristdemokraterna.se\/uppsala\/wp-json\/wp\/v2\/posts\/3370\/revisions"}],"predecessor-version":[{"id":3393,"href":"https:\/\/wp.kristdemokraterna.se\/uppsala\/wp-json\/wp\/v2\/posts\/3370\/revisions\/3393"}],"wp:attachment":[{"href":"https:\/\/wp.kristdemokraterna.se\/uppsala\/wp-json\/wp\/v2\/media?parent=3370"}],"wp:term":[{"taxonomy":"category","embeddable":true,"href":"https:\/\/wp.kristdemokraterna.se\/uppsala\/wp-json\/wp\/v2\/categories?post=3370"},{"taxonomy":"post_tag","embeddable":true,"href":"https:\/\/wp.kristdemokraterna.se\/uppsala\/wp-json\/wp\/v2\/tags?post=3370"}],"curies":[{"name":"wp","href":"https:\/\/api.w.org\/{rel}","templated":true}]}}