{"id":3395,"date":"2019-10-02T15:56:01","date_gmt":"2019-10-02T13:56:01","guid":{"rendered":"http:\/\/wp.kristdemokraterna.se\/uppsala\/?p=3395"},"modified":"2024-04-04T00:57:51","modified_gmt":"2024-04-03T22:57:51","slug":"brett-utbud-viktigt-for-frida","status":"publish","type":"post","link":"https:\/\/wp.kristdemokraterna.se\/uppsala\/brett-utbud-viktigt-for-frida\/","title":{"rendered":"Brett utbud viktigt f\u00f6r Frida"},"content":{"rendered":"<p><strong>Olika konstarter och traditioner, men \u00e4ven nya kulturella uttryck fascinerar Frida Bj\u00f6rk. Hon gled in snabbt i politiken och kommer in med erfarenheter direkt fr\u00e5n golvet, anv\u00e4ndbara i n\u00e4mnden.<br \/>\n<\/strong><!--more--><\/p>\n<p>Frida Bj\u00f6rk \u00e4r k\u00e4nd f\u00f6r m\u00e5nga i Uppsala genom sin kammark\u00f6r som firade tio \u00e5r i fjol. Den omn\u00e4mns av recensenter som en av stans fr\u00e4msta. I k\u00f6rstaden Uppsala \u00e4r detta ett mycket gott betyg. Hon har handplockat s\u00e5ngarna, en ensemble best\u00e5ende av tolv personer, f\u00f6r att de ska skapa en perfekt harmoni tillsammans. Oftast upptr\u00e4der de a capella.<\/p>\n<p>\u2013 Jag utbildade mig till s\u00e5ngpedagog med afroinriktning men blev parallellt v\u00e4ldigt sugen p\u00e5 att jobba med repertoar i klassisk k\u00f6rtradition, som dirigent. Jag startade k\u00f6ren direkt efter examen och har njutit av resan sedan f\u00f6rsta dagen.&#8221;<\/p>\n<p>Hon sk\u00f6ter hela arbetet kring k\u00f6ren sj\u00e4lv och h\u00e5ller dessutom i hela marknadsf\u00f6ringspaketet. Till vardags arbetar hon som gymnasiel\u00e4rare i musik.<\/p>\n<h2>Snabb politisk karri\u00e4r<\/h2>\n<p>Efter en blixtsnabb politisk karri\u00e4r s\u00e5 valdes Frida Bj\u00f6rk in som vice ordf\u00f6rande i kulturn\u00e4mnden i Region Uppsala i september.<\/p>\n<p>Men allt b\u00f6rjade v\u00e5ren 2018. Frida som l\u00e4nge varit politiskt intresserad \u00f6verraskades av att n\u00e5gon nominerade henne till regionlistan.<\/p>\n<p>\u2013 Och sen gick det v\u00e4ldigt bra i provvalet. \u00c4ven p\u00e5 den slutliga listan i valet hade jag en relativt h\u00f6g placering.<\/p>\n<p>Sedan h\u00f6sten 2018 har hon varit invald i regionfullm\u00e4ktige och suttit som ers\u00e4ttare i kulturn\u00e4mnden.<\/p>\n<h2>Inget sv\u00e5rt beslut<\/h2>\n<p>Inf\u00f6r att Simon Westberg, Ebba Busch Thors talskrivare flyttade mot Stockholm denna h\u00f6st, fick hon fr\u00e5gan om att kliva in som vice ordf\u00f6rande i kulturn\u00e4mnden efter honom. Det var inte ett sv\u00e5rt val att tacka ja:<\/p>\n<p>\u2013 Det k\u00e4nns som ett j\u00e4ttemeningsfullt uppdrag. Kultur \u00e4r ju en hj\u00e4rtefr\u00e5ga f\u00f6r mig och ett omr\u00e5de d\u00e4r jag kan bidra med kunskap.<\/p>\n<p>Ett brett utbud \u00e4r viktigt, anser hon. B\u00e5de klassisk kultur, olika konstarter, en blandning av traditioner liksom ultramoderna kulturyttringar ska f\u00e5 leva sida vid sida i samh\u00e4llet.<\/p>\n<p>\u2013 Det kommer ocks\u00e5 in nya m\u00e4nniskor hela tiden med nya erfarenheter samtidigt som nya tekniker kommer till, det ger ju i sin tur upphov till nya uttryck. Kultur utvecklas st\u00e4ndigt.<\/p>\n<h2>Strategi f\u00f6r Vallonbruken<\/h2>\n<p>Under de kommande \u00e5ren s\u00e5 kommer kulturn\u00e4mnden forts\u00e4tta arbeta med att arbeta med att st\u00f6dja kultur f\u00f6r barn och unga, l\u00e4nets konst- och kulturliv och forts\u00e4tta titta p\u00e5 hur Wiks slott och konferens liksom l\u00e4nets folkh\u00f6gskolor kan utvecklas p\u00e5 b\u00e4sta s\u00e4tt. En ny strategi f\u00f6r Vallonbruken ska ocks\u00e5 tas fram och presenteras f\u00f6r n\u00e4mnden i februari.<\/p>\n<p>\u2013 Det h\u00e4r \u00e4r viktiga fr\u00e5gor allihopa. En fr\u00e5ga som \u00e4r i centrum just nu \u00e4r ocks\u00e5 hur digitaliseringen kan ge upphov till nya kulturella och konstn\u00e4rliga processer eller skapa nya chanser att uppleva kultur. F\u00f6r Domkyrkan har det till exempel utvecklats en app f\u00f6r att p\u00e5 plats kunna ta del av hur det s\u00e5g ut p\u00e5 platsen i historisk tid via den egna mobilen.<\/p>\n<p>\u2013 Vi beh\u00f6ver ocks\u00e5 bli b\u00e4ttre p\u00e5 att lyfta fram v\u00e5ra olika bes\u00f6ksm\u00e5l. F\u00f6rutom Vallonbruken s\u00e5 \u00e4r ocks\u00e5 Gamla Uppsala intressant. Till exempel s\u00e5 har det gjorts nya arkeologiska fynd som gett ny viktig kunskap om omr\u00e5det, s\u00e4ger Frida Bj\u00f6rk.<\/p>\n","protected":false},"excerpt":{"rendered":"<p>Olika konstarter och traditioner, men \u00e4ven nya kulturella uttryck fascinerar Frida Bj\u00f6rk. Hon gled in snabbt i politiken och kommer in med erfarenheter direkt fr\u00e5n golvet, anv\u00e4ndbara i n\u00e4mnden.<\/p>\n","protected":false},"author":702,"featured_media":0,"comment_status":"closed","ping_status":"closed","sticky":false,"template":"","format":"standard","meta":{"_acf_changed":false,"footnotes":""},"categories":[251],"tags":[229,198,230,231],"class_list":["post-3395","post","type-post","status-publish","format-standard","hentry","category-kultur-o-fritid","tag-frida-bjork","tag-kd","tag-kd-region-uppsala","tag-kulturnamnden"],"acf":[],"yoast_head":"<!-- This site is optimized with the Yoast SEO plugin v27.4 - https:\/\/yoast.com\/product\/yoast-seo-wordpress\/ -->\n<title>Brett utbud viktigt f\u00f6r Frida | Kristdemokraterna | Uppsala<\/title>\n<meta name=\"description\" content=\"Olika konstarter och traditioner, men \u00e4ven nya kulturella uttryck fascinerar Frida Bj\u00f6rk. I september blev hon ny vice ordf\u00f6rande i kulturn\u00e4mnden i Region Uppsala.\" \/>\n<meta name=\"robots\" content=\"index, follow, max-snippet:-1, max-image-preview:large, max-video-preview:-1\" \/>\n<link rel=\"canonical\" href=\"https:\/\/wp.kristdemokraterna.se\/uppsala\/brett-utbud-viktigt-for-frida\/\" \/>\n<meta property=\"og:locale\" content=\"sv_SE\" \/>\n<meta property=\"og:type\" content=\"article\" \/>\n<meta property=\"og:title\" content=\"Brett utbud viktigt f\u00f6r Frida | Kristdemokraterna | Uppsala\" \/>\n<meta property=\"og:description\" content=\"Olika konstarter och traditioner, men \u00e4ven nya kulturella uttryck fascinerar Frida Bj\u00f6rk. I september s\u00e5 valdes hon in som vice ordf\u00f6rande i kulturn\u00e4mnden i Region Uppsala.\" \/>\n<meta property=\"og:url\" content=\"https:\/\/wp.kristdemokraterna.se\/uppsala\/brett-utbud-viktigt-for-frida\/\" \/>\n<meta property=\"og:site_name\" content=\"Kristdemokraterna | Uppsala\" \/>\n<meta property=\"article:publisher\" content=\"https:\/\/www.facebook.com\/UppsalaKD\/\" \/>\n<meta property=\"article:published_time\" content=\"2019-10-02T13:56:01+00:00\" \/>\n<meta property=\"article:modified_time\" content=\"2024-04-03T22:57:51+00:00\" \/>\n<meta property=\"og:image\" content=\"http:\/\/wp.kristdemokraterna.se\/uppsala\/files\/2019\/10\/frida-bjork-fb-540x283.png\" \/>\n\t<meta property=\"og:image:width\" content=\"540\" \/>\n\t<meta property=\"og:image:height\" content=\"283\" \/>\n\t<meta property=\"og:image:type\" content=\"image\/png\" \/>\n<meta name=\"author\" content=\"Mimmi Westerlund\" \/>\n<meta name=\"twitter:card\" content=\"summary_large_image\" \/>\n<meta name=\"twitter:label1\" content=\"Skriven av\" \/>\n\t<meta name=\"twitter:data1\" content=\"Mimmi Westerlund\" \/>\n\t<meta name=\"twitter:label2\" content=\"Ber\u00e4knad l\u00e4stid\" \/>\n\t<meta name=\"twitter:data2\" content=\"3 minuter\" \/>\n<script type=\"application\/ld+json\" class=\"yoast-schema-graph\">{\"@context\":\"https:\\\/\\\/schema.org\",\"@graph\":[{\"@type\":\"Article\",\"@id\":\"https:\\\/\\\/wp.kristdemokraterna.se\\\/uppsala\\\/brett-utbud-viktigt-for-frida\\\/#article\",\"isPartOf\":{\"@id\":\"https:\\\/\\\/wp.kristdemokraterna.se\\\/uppsala\\\/brett-utbud-viktigt-for-frida\\\/\"},\"author\":{\"name\":\"Mimmi Westerlund\",\"@id\":\"https:\\\/\\\/wp.kristdemokraterna.se\\\/uppsala\\\/#\\\/schema\\\/person\\\/038d805d685fb0ce5ad14ab8711d8e84\"},\"headline\":\"Brett utbud viktigt f\u00f6r Frida\",\"datePublished\":\"2019-10-02T13:56:01+00:00\",\"dateModified\":\"2024-04-03T22:57:51+00:00\",\"mainEntityOfPage\":{\"@id\":\"https:\\\/\\\/wp.kristdemokraterna.se\\\/uppsala\\\/brett-utbud-viktigt-for-frida\\\/\"},\"wordCount\":597,\"publisher\":{\"@id\":\"https:\\\/\\\/wp.kristdemokraterna.se\\\/uppsala\\\/#organization\"},\"keywords\":[\"Frida Bj\u00f6rk\",\"KD\",\"KD Region Uppsala\",\"Kulturn\u00e4mnden\"],\"articleSection\":[\"Kultur &amp; Fritid\"],\"inLanguage\":\"sv-SE\"},{\"@type\":\"WebPage\",\"@id\":\"https:\\\/\\\/wp.kristdemokraterna.se\\\/uppsala\\\/brett-utbud-viktigt-for-frida\\\/\",\"url\":\"https:\\\/\\\/wp.kristdemokraterna.se\\\/uppsala\\\/brett-utbud-viktigt-for-frida\\\/\",\"name\":\"Brett utbud viktigt f\u00f6r Frida | Kristdemokraterna | Uppsala\",\"isPartOf\":{\"@id\":\"https:\\\/\\\/wp.kristdemokraterna.se\\\/uppsala\\\/#website\"},\"datePublished\":\"2019-10-02T13:56:01+00:00\",\"dateModified\":\"2024-04-03T22:57:51+00:00\",\"description\":\"Olika konstarter och traditioner, men \u00e4ven nya kulturella uttryck fascinerar Frida Bj\u00f6rk. I september blev hon ny vice ordf\u00f6rande i kulturn\u00e4mnden i Region Uppsala.\",\"breadcrumb\":{\"@id\":\"https:\\\/\\\/wp.kristdemokraterna.se\\\/uppsala\\\/brett-utbud-viktigt-for-frida\\\/#breadcrumb\"},\"inLanguage\":\"sv-SE\",\"potentialAction\":[{\"@type\":\"ReadAction\",\"target\":[\"https:\\\/\\\/wp.kristdemokraterna.se\\\/uppsala\\\/brett-utbud-viktigt-for-frida\\\/\"]}]},{\"@type\":\"BreadcrumbList\",\"@id\":\"https:\\\/\\\/wp.kristdemokraterna.se\\\/uppsala\\\/brett-utbud-viktigt-for-frida\\\/#breadcrumb\",\"itemListElement\":[{\"@type\":\"ListItem\",\"position\":1,\"name\":\"Hem\",\"item\":\"https:\\\/\\\/wp.kristdemokraterna.se\\\/uppsala\\\/\"},{\"@type\":\"ListItem\",\"position\":2,\"name\":\"Brett utbud viktigt f\u00f6r Frida\"}]},{\"@type\":\"WebSite\",\"@id\":\"https:\\\/\\\/wp.kristdemokraterna.se\\\/uppsala\\\/#website\",\"url\":\"https:\\\/\\\/wp.kristdemokraterna.se\\\/uppsala\\\/\",\"name\":\"Kristdemokraterna Uppsala\",\"description\":\"Tryggare Uppsala\",\"publisher\":{\"@id\":\"https:\\\/\\\/wp.kristdemokraterna.se\\\/uppsala\\\/#organization\"},\"inLanguage\":\"sv-SE\"},{\"@type\":\"Organization\",\"@id\":\"https:\\\/\\\/wp.kristdemokraterna.se\\\/uppsala\\\/#organization\",\"name\":\"Kristdemokraterna Uppsala\",\"url\":\"https:\\\/\\\/wp.kristdemokraterna.se\\\/uppsala\\\/\",\"logo\":{\"@type\":\"ImageObject\",\"inLanguage\":\"sv-SE\",\"@id\":\"https:\\\/\\\/wp.kristdemokraterna.se\\\/uppsala\\\/#\\\/schema\\\/logo\\\/image\\\/\",\"url\":\"https:\\\/\\\/wp.kristdemokraterna.se\\\/uppsala\\\/files\\\/2019\\\/10\\\/kd-uppsala.png\",\"contentUrl\":\"https:\\\/\\\/wp.kristdemokraterna.se\\\/uppsala\\\/files\\\/2019\\\/10\\\/kd-uppsala.png\",\"width\":804,\"height\":421,\"caption\":\"Kristdemokraterna Uppsala\"},\"image\":{\"@id\":\"https:\\\/\\\/wp.kristdemokraterna.se\\\/uppsala\\\/#\\\/schema\\\/logo\\\/image\\\/\"},\"sameAs\":[\"https:\\\/\\\/www.facebook.com\\\/UppsalaKD\\\/\",\"https:\\\/\\\/www.instagram.com\\\/uppsalakd\\\/\"]},{\"@type\":\"Person\",\"@id\":\"https:\\\/\\\/wp.kristdemokraterna.se\\\/uppsala\\\/#\\\/schema\\\/person\\\/038d805d685fb0ce5ad14ab8711d8e84\",\"name\":\"Mimmi Westerlund\",\"image\":{\"@type\":\"ImageObject\",\"inLanguage\":\"sv-SE\",\"@id\":\"https:\\\/\\\/secure.gravatar.com\\\/avatar\\\/a5697359f709b6b10d9c7e6a7c89f3e054554dedb4657d5ffe9e5bc5b1445841?s=96&r=g\",\"url\":\"https:\\\/\\\/secure.gravatar.com\\\/avatar\\\/a5697359f709b6b10d9c7e6a7c89f3e054554dedb4657d5ffe9e5bc5b1445841?s=96&r=g\",\"contentUrl\":\"https:\\\/\\\/secure.gravatar.com\\\/avatar\\\/a5697359f709b6b10d9c7e6a7c89f3e054554dedb4657d5ffe9e5bc5b1445841?s=96&r=g\",\"caption\":\"Mimmi Westerlund\"},\"url\":\"https:\\\/\\\/wp.kristdemokraterna.se\\\/uppsala\\\/author\\\/mimmi\\\/\"}]}<\/script>\n<!-- \/ Yoast SEO plugin. -->","yoast_head_json":{"title":"Brett utbud viktigt f\u00f6r Frida | Kristdemokraterna | Uppsala","description":"Olika konstarter och traditioner, men \u00e4ven nya kulturella uttryck fascinerar Frida Bj\u00f6rk. I september blev hon ny vice ordf\u00f6rande i kulturn\u00e4mnden i Region Uppsala.","robots":{"index":"index","follow":"follow","max-snippet":"max-snippet:-1","max-image-preview":"max-image-preview:large","max-video-preview":"max-video-preview:-1"},"canonical":"https:\/\/wp.kristdemokraterna.se\/uppsala\/brett-utbud-viktigt-for-frida\/","og_locale":"sv_SE","og_type":"article","og_title":"Brett utbud viktigt f\u00f6r Frida | Kristdemokraterna | Uppsala","og_description":"Olika konstarter och traditioner, men \u00e4ven nya kulturella uttryck fascinerar Frida Bj\u00f6rk. I september s\u00e5 valdes hon in som vice ordf\u00f6rande i kulturn\u00e4mnden i Region Uppsala.","og_url":"https:\/\/wp.kristdemokraterna.se\/uppsala\/brett-utbud-viktigt-for-frida\/","og_site_name":"Kristdemokraterna | Uppsala","article_publisher":"https:\/\/www.facebook.com\/UppsalaKD\/","article_published_time":"2019-10-02T13:56:01+00:00","article_modified_time":"2024-04-03T22:57:51+00:00","og_image":[{"width":540,"height":283,"url":"http:\/\/wp.kristdemokraterna.se\/uppsala\/files\/2019\/10\/frida-bjork-fb-540x283.png","type":"image\/png"}],"author":"Mimmi Westerlund","twitter_card":"summary_large_image","twitter_misc":{"Skriven av":"Mimmi Westerlund","Ber\u00e4knad l\u00e4stid":"3 minuter"},"schema":{"@context":"https:\/\/schema.org","@graph":[{"@type":"Article","@id":"https:\/\/wp.kristdemokraterna.se\/uppsala\/brett-utbud-viktigt-for-frida\/#article","isPartOf":{"@id":"https:\/\/wp.kristdemokraterna.se\/uppsala\/brett-utbud-viktigt-for-frida\/"},"author":{"name":"Mimmi Westerlund","@id":"https:\/\/wp.kristdemokraterna.se\/uppsala\/#\/schema\/person\/038d805d685fb0ce5ad14ab8711d8e84"},"headline":"Brett utbud viktigt f\u00f6r Frida","datePublished":"2019-10-02T13:56:01+00:00","dateModified":"2024-04-03T22:57:51+00:00","mainEntityOfPage":{"@id":"https:\/\/wp.kristdemokraterna.se\/uppsala\/brett-utbud-viktigt-for-frida\/"},"wordCount":597,"publisher":{"@id":"https:\/\/wp.kristdemokraterna.se\/uppsala\/#organization"},"keywords":["Frida Bj\u00f6rk","KD","KD Region Uppsala","Kulturn\u00e4mnden"],"articleSection":["Kultur &amp; Fritid"],"inLanguage":"sv-SE"},{"@type":"WebPage","@id":"https:\/\/wp.kristdemokraterna.se\/uppsala\/brett-utbud-viktigt-for-frida\/","url":"https:\/\/wp.kristdemokraterna.se\/uppsala\/brett-utbud-viktigt-for-frida\/","name":"Brett utbud viktigt f\u00f6r Frida | Kristdemokraterna | Uppsala","isPartOf":{"@id":"https:\/\/wp.kristdemokraterna.se\/uppsala\/#website"},"datePublished":"2019-10-02T13:56:01+00:00","dateModified":"2024-04-03T22:57:51+00:00","description":"Olika konstarter och traditioner, men \u00e4ven nya kulturella uttryck fascinerar Frida Bj\u00f6rk. I september blev hon ny vice ordf\u00f6rande i kulturn\u00e4mnden i Region Uppsala.","breadcrumb":{"@id":"https:\/\/wp.kristdemokraterna.se\/uppsala\/brett-utbud-viktigt-for-frida\/#breadcrumb"},"inLanguage":"sv-SE","potentialAction":[{"@type":"ReadAction","target":["https:\/\/wp.kristdemokraterna.se\/uppsala\/brett-utbud-viktigt-for-frida\/"]}]},{"@type":"BreadcrumbList","@id":"https:\/\/wp.kristdemokraterna.se\/uppsala\/brett-utbud-viktigt-for-frida\/#breadcrumb","itemListElement":[{"@type":"ListItem","position":1,"name":"Hem","item":"https:\/\/wp.kristdemokraterna.se\/uppsala\/"},{"@type":"ListItem","position":2,"name":"Brett utbud viktigt f\u00f6r Frida"}]},{"@type":"WebSite","@id":"https:\/\/wp.kristdemokraterna.se\/uppsala\/#website","url":"https:\/\/wp.kristdemokraterna.se\/uppsala\/","name":"Kristdemokraterna Uppsala","description":"Tryggare Uppsala","publisher":{"@id":"https:\/\/wp.kristdemokraterna.se\/uppsala\/#organization"},"inLanguage":"sv-SE"},{"@type":"Organization","@id":"https:\/\/wp.kristdemokraterna.se\/uppsala\/#organization","name":"Kristdemokraterna Uppsala","url":"https:\/\/wp.kristdemokraterna.se\/uppsala\/","logo":{"@type":"ImageObject","inLanguage":"sv-SE","@id":"https:\/\/wp.kristdemokraterna.se\/uppsala\/#\/schema\/logo\/image\/","url":"https:\/\/wp.kristdemokraterna.se\/uppsala\/files\/2019\/10\/kd-uppsala.png","contentUrl":"https:\/\/wp.kristdemokraterna.se\/uppsala\/files\/2019\/10\/kd-uppsala.png","width":804,"height":421,"caption":"Kristdemokraterna Uppsala"},"image":{"@id":"https:\/\/wp.kristdemokraterna.se\/uppsala\/#\/schema\/logo\/image\/"},"sameAs":["https:\/\/www.facebook.com\/UppsalaKD\/","https:\/\/www.instagram.com\/uppsalakd\/"]},{"@type":"Person","@id":"https:\/\/wp.kristdemokraterna.se\/uppsala\/#\/schema\/person\/038d805d685fb0ce5ad14ab8711d8e84","name":"Mimmi Westerlund","image":{"@type":"ImageObject","inLanguage":"sv-SE","@id":"https:\/\/secure.gravatar.com\/avatar\/a5697359f709b6b10d9c7e6a7c89f3e054554dedb4657d5ffe9e5bc5b1445841?s=96&r=g","url":"https:\/\/secure.gravatar.com\/avatar\/a5697359f709b6b10d9c7e6a7c89f3e054554dedb4657d5ffe9e5bc5b1445841?s=96&r=g","contentUrl":"https:\/\/secure.gravatar.com\/avatar\/a5697359f709b6b10d9c7e6a7c89f3e054554dedb4657d5ffe9e5bc5b1445841?s=96&r=g","caption":"Mimmi Westerlund"},"url":"https:\/\/wp.kristdemokraterna.se\/uppsala\/author\/mimmi\/"}]}},"_links":{"self":[{"href":"https:\/\/wp.kristdemokraterna.se\/uppsala\/wp-json\/wp\/v2\/posts\/3395","targetHints":{"allow":["GET"]}}],"collection":[{"href":"https:\/\/wp.kristdemokraterna.se\/uppsala\/wp-json\/wp\/v2\/posts"}],"about":[{"href":"https:\/\/wp.kristdemokraterna.se\/uppsala\/wp-json\/wp\/v2\/types\/post"}],"author":[{"embeddable":true,"href":"https:\/\/wp.kristdemokraterna.se\/uppsala\/wp-json\/wp\/v2\/users\/702"}],"replies":[{"embeddable":true,"href":"https:\/\/wp.kristdemokraterna.se\/uppsala\/wp-json\/wp\/v2\/comments?post=3395"}],"version-history":[{"count":11,"href":"https:\/\/wp.kristdemokraterna.se\/uppsala\/wp-json\/wp\/v2\/posts\/3395\/revisions"}],"predecessor-version":[{"id":3416,"href":"https:\/\/wp.kristdemokraterna.se\/uppsala\/wp-json\/wp\/v2\/posts\/3395\/revisions\/3416"}],"wp:attachment":[{"href":"https:\/\/wp.kristdemokraterna.se\/uppsala\/wp-json\/wp\/v2\/media?parent=3395"}],"wp:term":[{"taxonomy":"category","embeddable":true,"href":"https:\/\/wp.kristdemokraterna.se\/uppsala\/wp-json\/wp\/v2\/categories?post=3395"},{"taxonomy":"post_tag","embeddable":true,"href":"https:\/\/wp.kristdemokraterna.se\/uppsala\/wp-json\/wp\/v2\/tags?post=3395"}],"curies":[{"name":"wp","href":"https:\/\/api.w.org\/{rel}","templated":true}]}}