{"id":341,"date":"2012-02-02T16:08:34","date_gmt":"2012-02-02T15:08:34","guid":{"rendered":"http:\/\/www.uppsala.kristdemokraterna.se\/?p=341"},"modified":"2024-04-03T20:52:47","modified_gmt":"2024-04-03T18:52:47","slug":"miriam-eriksson-och-monica-landen-kd-om-vikten-att-skydda-utsatta-barn","status":"publish","type":"post","link":"https:\/\/wp.kristdemokraterna.se\/uppsala\/miriam-eriksson-och-monica-landen-kd-om-vikten-att-skydda-utsatta-barn\/","title":{"rendered":"Miriam Eriksson och Monica Land\u00e9n (KD) om vikten att skydda utsatta barn"},"content":{"rendered":"<p>&nbsp;<\/p>\n<h1 id=\"m101xwhzv8814WH_h1header\">Stoppa barnmisshandeln<\/h1>\n<p>&nbsp;<\/p>\n<div>\n<div>\n<p>Allt fler fall av barnmisshandel och v\u00e5ldt\u00e4kt mot barn mellan 15 och 17 \u00e5r anm\u00e4ls i Uppsala l\u00e4n. En ny avdelning p\u00e5 Akademiska ska motverka detta, skriver Miriam Eriksson och Monica Land\u00e9n.<\/p>\n<\/div>\n<\/div>\n<p>&nbsp;<\/p>\n<div><strong>I dag invigs barnskyddsteamet<\/strong> p\u00e5 Akademiska barnsjukhuset. Sjukhuset har den unika kompetens som kr\u00e4vs f\u00f6r att bli Sveriges f\u00f6rsta fullskaliga barnskyddsteam. Avdelningen ska underl\u00e4tta utredningar av barnmisshandel och sexuella \u00f6vergrepp i hela regionen. I ljuset av att antalet anm\u00e4lningar av barnmisshandel \u00f6kat dramatiskt de senaste \u00e5ren, \u00e4r detta en mycket viktig insats.<\/div>\n<div>\n<p>Statistiken f\u00f6r 2010 visar att det i Uppsala l\u00e4n gjordes 713 polisanm\u00e4lningar av barnmisshandel, 194 fall av olaga hot och 77 fall av v\u00e5ldt\u00e4kt mot barn. I j\u00e4mf\u00f6relse med \u00e5ret innan \u00f6kade antalet anm\u00e4lningar av misshandel med en femtedel. Anm\u00e4lan om v\u00e5ldt\u00e4kt av barn i \u00e5ldern 15-17 \u00e5r \u00f6kade med hela 83 procent. D\u00e4remot minskade antalet anm\u00e4lda v\u00e5ldt\u00e4kter mot barn under 15 \u00e5r och olaga hot mot barn under 18 \u00e5r.<\/p>\n<p><strong>De flesta brott barn uts\u00e4tts f\u00f6r sker inom familjen. Barnet st\u00e5r d\u00e5 ofta i en beroendest\u00e4llning till sin f\u00f6r\u00f6vare och hemmet som borde vara en trygg milj\u00f6 omvandlas i st\u00e4llet till en otrygg plats. D\u00e4rf\u00f6r blir det extra viktigt att vi runtomkring blir b\u00e4ttre p\u00e5 att tyda varningssignalerna och se n\u00e4r ett barn far illa.<\/strong><\/p>\n<p>Och visst har barnperspektivet st\u00e4rkts p\u00e5 m\u00e5nga s\u00e4tt de senaste \u00e5ren. F\u00f6r fyra \u00e5r sedan tr\u00e4dde den nya patientdatalagen i kraft. Lagen g\u00f6r det sv\u00e5rare f\u00f6r f\u00f6r\u00e4ldrar att d\u00f6lja eventuella tecken p\u00e5 misshandel, eftersom v\u00e5rdnadshavare inte l\u00e4ngre kan sp\u00e4rra journaluppgifter om sina barn.<\/p>\n<p>Samtidigt har nya samverkansformer mellan kommun och landsting utvecklats. Dit h\u00f6r exempelvis familjecentraler, ungdomsh\u00e4lsa och barnahus. Barn som utsatts f\u00f6r v\u00e5ld eller \u00f6vergrepp har genom barnahusen f\u00e5tt ett b\u00e4ttre st\u00f6d i r\u00e4ttsprocessen och b\u00e4ttre hj\u00e4lp \u00f6verlag. Barnahusutredningen (2010) visar att samverkan mellan myndigheterna blivit mer effektiv, d\u00e5 socialtj\u00e4nst och polis i dag samordnar insatserna b\u00e4ttre.<\/p>\n<p>Men det finns fortfarande utvecklingsm\u00f6jligheter. Av brottsf\u00f6rebyggande r\u00e5dets rapport (2011) framg\u00e5r att de flesta polisanm\u00e4lningar g\u00f6rs av socialtj\u00e4nst, skola eller f\u00f6r\u00e4lder. Betydligt f\u00e4rre anm\u00e4lningar kommer fr\u00e5n sjukv\u00e5rden, vilket \u00e4ven representanter fr\u00e5n v\u00e5rt l\u00e4n vittnar om. Samtidigt visar statistiken att de fall som sjukv\u00e5rden uppm\u00e4rksammat oftare leder till \u00e5tal.<\/p>\n<p>En medicinsk utredning kan vara livsavg\u00f6rande f\u00f6r ett misshandlat barn. D\u00e4rf\u00f6r blir det multidisciplin\u00e4ra barnskyddsteamet i Uppsala en mycket viktig l\u00e4nk i att hj\u00e4lpa utsatta barn. Vi kopplar samman landstingets resurser p\u00e5 ett helt nytt s\u00e4tt med kommunala och statliga instanser, genom att komplettera socialtj\u00e4nstens och polisen insatser med medicinsk kompetens.<\/p>\n<p>Barnskyddsteamet kan \u00e4ven bidra till att h\u00f6ja kunskapsniv\u00e5n bland v\u00e5rdpersonal. Vi tror att det beh\u00f6vs om vi ska bli b\u00e4ttre p\u00e5 f\u00f6rebyggande arbete. Det kan handla om en vuxen som bes\u00f6ker sjukv\u00e5rden p\u00e5 grund av en alkoholrelaterad skada. Samtidigt som den vuxne \u00e4r patient kan denne vara f\u00f6r\u00e4lder med barn i bakgrunden, som i v\u00e4rsta fall far illa av den vuxnes missbruk. Vi vet ocks\u00e5 att till exempel barnav\u00e5rdscentralerna endast g\u00f6r ett f\u00e5tal orosanm\u00e4lningar till socialtj\u00e4nsten. Vi \u00f6nskar att det berodde p\u00e5 att sm\u00e5 barn inte misshandlades, men sannolikt finns en annan f\u00f6rklaring. Kanske beror det p\u00e5 bristande kunskap.<\/p>\n<p><strong>Vi vill se en utveckling av ett nationellt centrum f\u00f6r barnfrid utifr\u00e5n barnskyddsteamet. I dag finns motsvarande kunskaps- och resurscentrum f\u00f6r kvinnofrid vid Uppsala universitet. Nationellt centrum f\u00f6r kvinnofrid (NCK) arbetar p\u00e5 rege\u00adringens uppdrag med att h\u00f6ja kunskapen p\u00e5 nationell niv\u00e5 om m\u00e4ns v\u00e5ld mot kvinnor och utveckla metoder f\u00f6r omh\u00e4ndertagande av v\u00e5ldsutsatta kvinnor. Centret har \u00e4ven en klinisk enhet p\u00e5 Akademiska sjukhuset, kvinnofridsenheten.<\/strong><\/p>\n<p>Vi menar att utvecklingen av ett centrum f\u00f6r barn b\u00f6r ske i likhet med NCK, utifr\u00e5n ett universitetssjukhus med en klinisk verksamhet i grunden. Den utvecklingen b\u00f6r naturligtvis ske i samverkan med barnahus och andra myndigheter.<\/p>\n<p>Med tanke p\u00e5 den kliniska bas som beh\u00f6vs och den vetenskapliga kompetens som redan finns i l\u00e4net, inte minst i och med barnskyddsteamet, \u00e4r Uppsala den naturliga platsen f\u00f6r ett nationellt centrum f\u00f6r barnfrid.<\/p>\n<p><strong>Miriam Eriksson <\/strong>ordf\u00f6rande (KD) h\u00e4lso- och sjukv\u00e5rdsstyrelsen<\/p>\n<p><strong>Monica Land\u00e9n <\/strong>ordf\u00f6rande (KD) socialn\u00e4mnden i Enk\u00f6ping<\/p>\n<\/div>\n<p>I UNT: <a href=\"http:\/\/www.unt.se\/debatt\/stoppa-barnmisshandeln-1633373.aspx\">Uppsala f\u00e5r barnskyddsteam<\/a><\/p>\n","protected":false},"excerpt":{"rendered":"<p>&nbsp; Stoppa barnmisshandeln &nbsp; Allt fler fall av barnmisshandel och v\u00e5ldt\u00e4kt mot barn mellan 15 och 17 \u00e5r anm\u00e4ls i Uppsala l\u00e4n. En ny avdelning p\u00e5 Akademiska ska motverka detta, skriver Miriam Eriksson och Monica Land\u00e9n. &nbsp; I dag invigs barnskyddsteamet p\u00e5 Akademiska barnsjukhuset. Sjukhuset har den unika kompetens som kr\u00e4vs f\u00f6r att bli Sveriges <a class=\"read-more-link\" href=\"https:\/\/wp.kristdemokraterna.se\/uppsala\/miriam-eriksson-och-monica-landen-kd-om-vikten-att-skydda-utsatta-barn\/\">Read More<\/a><\/p>\n","protected":false},"author":570,"featured_media":0,"comment_status":"closed","ping_status":"closed","sticky":false,"template":"","format":"standard","meta":{"_acf_changed":false,"footnotes":""},"categories":[241],"tags":[],"class_list":["post-341","post","type-post","status-publish","format-standard","hentry","category-familj-och-skola"],"acf":[],"yoast_head":"<!-- This site is optimized with the Yoast SEO plugin v27.4 - https:\/\/yoast.com\/product\/yoast-seo-wordpress\/ -->\n<title>Miriam Eriksson och Monica Land\u00e9n (KD) om vikten att skydda utsatta barn | Kristdemokraterna | Uppsala<\/title>\n<meta name=\"robots\" content=\"index, follow, max-snippet:-1, max-image-preview:large, max-video-preview:-1\" \/>\n<link rel=\"canonical\" href=\"https:\/\/wp.kristdemokraterna.se\/uppsala\/miriam-eriksson-och-monica-landen-kd-om-vikten-att-skydda-utsatta-barn\/\" \/>\n<meta property=\"og:locale\" content=\"sv_SE\" \/>\n<meta property=\"og:type\" content=\"article\" \/>\n<meta property=\"og:title\" content=\"Miriam Eriksson och Monica Land\u00e9n (KD) om vikten att skydda utsatta barn | Kristdemokraterna | Uppsala\" \/>\n<meta property=\"og:description\" content=\"&nbsp; Stoppa barnmisshandeln &nbsp; Allt fler fall av barnmisshandel och v\u00e5ldt\u00e4kt mot barn mellan 15 och 17 \u00e5r anm\u00e4ls i Uppsala l\u00e4n. En ny avdelning p\u00e5 Akademiska ska motverka detta, skriver Miriam Eriksson och Monica Land\u00e9n. &nbsp; I dag invigs barnskyddsteamet p\u00e5 Akademiska barnsjukhuset. Sjukhuset har den unika kompetens som kr\u00e4vs f\u00f6r att bli Sveriges Read More\" \/>\n<meta property=\"og:url\" content=\"https:\/\/wp.kristdemokraterna.se\/uppsala\/miriam-eriksson-och-monica-landen-kd-om-vikten-att-skydda-utsatta-barn\/\" \/>\n<meta property=\"og:site_name\" content=\"Kristdemokraterna | Uppsala\" \/>\n<meta property=\"article:publisher\" content=\"https:\/\/www.facebook.com\/UppsalaKD\/\" \/>\n<meta property=\"article:published_time\" content=\"2012-02-02T15:08:34+00:00\" \/>\n<meta property=\"article:modified_time\" content=\"2024-04-03T18:52:47+00:00\" \/>\n<meta property=\"og:image\" content=\"https:\/\/wp.kristdemokraterna.se\/uppsala\/files\/2021\/12\/kom1.png\" \/>\n\t<meta property=\"og:image:width\" content=\"770\" \/>\n\t<meta property=\"og:image:height\" content=\"404\" \/>\n\t<meta property=\"og:image:type\" content=\"image\/png\" \/>\n<meta name=\"author\" content=\"Petra Karl\u00e5\" \/>\n<meta name=\"twitter:card\" content=\"summary_large_image\" \/>\n<meta name=\"twitter:label1\" content=\"Skriven av\" \/>\n\t<meta name=\"twitter:data1\" content=\"Petra Karl\u00e5\" \/>\n\t<meta name=\"twitter:label2\" content=\"Ber\u00e4knad l\u00e4stid\" \/>\n\t<meta name=\"twitter:data2\" content=\"4 minuter\" \/>\n<script type=\"application\/ld+json\" class=\"yoast-schema-graph\">{\"@context\":\"https:\\\/\\\/schema.org\",\"@graph\":[{\"@type\":\"Article\",\"@id\":\"https:\\\/\\\/wp.kristdemokraterna.se\\\/uppsala\\\/miriam-eriksson-och-monica-landen-kd-om-vikten-att-skydda-utsatta-barn\\\/#article\",\"isPartOf\":{\"@id\":\"https:\\\/\\\/wp.kristdemokraterna.se\\\/uppsala\\\/miriam-eriksson-och-monica-landen-kd-om-vikten-att-skydda-utsatta-barn\\\/\"},\"author\":{\"name\":\"Petra Karl\u00e5\",\"@id\":\"https:\\\/\\\/wp.kristdemokraterna.se\\\/uppsala\\\/#\\\/schema\\\/person\\\/9c9d6764688a85f6a5a9bc0aeab97665\"},\"headline\":\"Miriam Eriksson och Monica Land\u00e9n (KD) om vikten att skydda utsatta barn\",\"datePublished\":\"2012-02-02T15:08:34+00:00\",\"dateModified\":\"2024-04-03T18:52:47+00:00\",\"mainEntityOfPage\":{\"@id\":\"https:\\\/\\\/wp.kristdemokraterna.se\\\/uppsala\\\/miriam-eriksson-och-monica-landen-kd-om-vikten-att-skydda-utsatta-barn\\\/\"},\"wordCount\":799,\"publisher\":{\"@id\":\"https:\\\/\\\/wp.kristdemokraterna.se\\\/uppsala\\\/#organization\"},\"articleSection\":[\"Familj &amp; skola\"],\"inLanguage\":\"sv-SE\"},{\"@type\":\"WebPage\",\"@id\":\"https:\\\/\\\/wp.kristdemokraterna.se\\\/uppsala\\\/miriam-eriksson-och-monica-landen-kd-om-vikten-att-skydda-utsatta-barn\\\/\",\"url\":\"https:\\\/\\\/wp.kristdemokraterna.se\\\/uppsala\\\/miriam-eriksson-och-monica-landen-kd-om-vikten-att-skydda-utsatta-barn\\\/\",\"name\":\"Miriam Eriksson och Monica Land\u00e9n (KD) om vikten att skydda utsatta barn | Kristdemokraterna | Uppsala\",\"isPartOf\":{\"@id\":\"https:\\\/\\\/wp.kristdemokraterna.se\\\/uppsala\\\/#website\"},\"datePublished\":\"2012-02-02T15:08:34+00:00\",\"dateModified\":\"2024-04-03T18:52:47+00:00\",\"breadcrumb\":{\"@id\":\"https:\\\/\\\/wp.kristdemokraterna.se\\\/uppsala\\\/miriam-eriksson-och-monica-landen-kd-om-vikten-att-skydda-utsatta-barn\\\/#breadcrumb\"},\"inLanguage\":\"sv-SE\",\"potentialAction\":[{\"@type\":\"ReadAction\",\"target\":[\"https:\\\/\\\/wp.kristdemokraterna.se\\\/uppsala\\\/miriam-eriksson-och-monica-landen-kd-om-vikten-att-skydda-utsatta-barn\\\/\"]}]},{\"@type\":\"BreadcrumbList\",\"@id\":\"https:\\\/\\\/wp.kristdemokraterna.se\\\/uppsala\\\/miriam-eriksson-och-monica-landen-kd-om-vikten-att-skydda-utsatta-barn\\\/#breadcrumb\",\"itemListElement\":[{\"@type\":\"ListItem\",\"position\":1,\"name\":\"Hem\",\"item\":\"https:\\\/\\\/wp.kristdemokraterna.se\\\/uppsala\\\/\"},{\"@type\":\"ListItem\",\"position\":2,\"name\":\"Miriam Eriksson och Monica Land\u00e9n (KD) om vikten att skydda utsatta barn\"}]},{\"@type\":\"WebSite\",\"@id\":\"https:\\\/\\\/wp.kristdemokraterna.se\\\/uppsala\\\/#website\",\"url\":\"https:\\\/\\\/wp.kristdemokraterna.se\\\/uppsala\\\/\",\"name\":\"Kristdemokraterna Uppsala\",\"description\":\"Tryggare Uppsala\",\"publisher\":{\"@id\":\"https:\\\/\\\/wp.kristdemokraterna.se\\\/uppsala\\\/#organization\"},\"inLanguage\":\"sv-SE\"},{\"@type\":\"Organization\",\"@id\":\"https:\\\/\\\/wp.kristdemokraterna.se\\\/uppsala\\\/#organization\",\"name\":\"Kristdemokraterna Uppsala\",\"url\":\"https:\\\/\\\/wp.kristdemokraterna.se\\\/uppsala\\\/\",\"logo\":{\"@type\":\"ImageObject\",\"inLanguage\":\"sv-SE\",\"@id\":\"https:\\\/\\\/wp.kristdemokraterna.se\\\/uppsala\\\/#\\\/schema\\\/logo\\\/image\\\/\",\"url\":\"https:\\\/\\\/wp.kristdemokraterna.se\\\/uppsala\\\/files\\\/2019\\\/10\\\/kd-uppsala.png\",\"contentUrl\":\"https:\\\/\\\/wp.kristdemokraterna.se\\\/uppsala\\\/files\\\/2019\\\/10\\\/kd-uppsala.png\",\"width\":804,\"height\":421,\"caption\":\"Kristdemokraterna Uppsala\"},\"image\":{\"@id\":\"https:\\\/\\\/wp.kristdemokraterna.se\\\/uppsala\\\/#\\\/schema\\\/logo\\\/image\\\/\"},\"sameAs\":[\"https:\\\/\\\/www.facebook.com\\\/UppsalaKD\\\/\",\"https:\\\/\\\/www.instagram.com\\\/uppsalakd\\\/\"]},{\"@type\":\"Person\",\"@id\":\"https:\\\/\\\/wp.kristdemokraterna.se\\\/uppsala\\\/#\\\/schema\\\/person\\\/9c9d6764688a85f6a5a9bc0aeab97665\",\"name\":\"Petra Karl\u00e5\",\"image\":{\"@type\":\"ImageObject\",\"inLanguage\":\"sv-SE\",\"@id\":\"https:\\\/\\\/secure.gravatar.com\\\/avatar\\\/4a0351df3ec5e473a63caa9ade3c07a69c688dacf0d1055a81464c4244cd8431?s=96&r=g\",\"url\":\"https:\\\/\\\/secure.gravatar.com\\\/avatar\\\/4a0351df3ec5e473a63caa9ade3c07a69c688dacf0d1055a81464c4244cd8431?s=96&r=g\",\"contentUrl\":\"https:\\\/\\\/secure.gravatar.com\\\/avatar\\\/4a0351df3ec5e473a63caa9ade3c07a69c688dacf0d1055a81464c4244cd8431?s=96&r=g\",\"caption\":\"Petra Karl\u00e5\"},\"url\":\"https:\\\/\\\/wp.kristdemokraterna.se\\\/uppsala\\\/author\\\/petrakarla\\\/\"}]}<\/script>\n<!-- \/ Yoast SEO plugin. -->","yoast_head_json":{"title":"Miriam Eriksson och Monica Land\u00e9n (KD) om vikten att skydda utsatta barn | Kristdemokraterna | Uppsala","robots":{"index":"index","follow":"follow","max-snippet":"max-snippet:-1","max-image-preview":"max-image-preview:large","max-video-preview":"max-video-preview:-1"},"canonical":"https:\/\/wp.kristdemokraterna.se\/uppsala\/miriam-eriksson-och-monica-landen-kd-om-vikten-att-skydda-utsatta-barn\/","og_locale":"sv_SE","og_type":"article","og_title":"Miriam Eriksson och Monica Land\u00e9n (KD) om vikten att skydda utsatta barn | Kristdemokraterna | Uppsala","og_description":"&nbsp; Stoppa barnmisshandeln &nbsp; Allt fler fall av barnmisshandel och v\u00e5ldt\u00e4kt mot barn mellan 15 och 17 \u00e5r anm\u00e4ls i Uppsala l\u00e4n. En ny avdelning p\u00e5 Akademiska ska motverka detta, skriver Miriam Eriksson och Monica Land\u00e9n. &nbsp; I dag invigs barnskyddsteamet p\u00e5 Akademiska barnsjukhuset. Sjukhuset har den unika kompetens som kr\u00e4vs f\u00f6r att bli Sveriges Read More","og_url":"https:\/\/wp.kristdemokraterna.se\/uppsala\/miriam-eriksson-och-monica-landen-kd-om-vikten-att-skydda-utsatta-barn\/","og_site_name":"Kristdemokraterna | Uppsala","article_publisher":"https:\/\/www.facebook.com\/UppsalaKD\/","article_published_time":"2012-02-02T15:08:34+00:00","article_modified_time":"2024-04-03T18:52:47+00:00","og_image":[{"width":770,"height":404,"url":"https:\/\/wp.kristdemokraterna.se\/uppsala\/files\/2021\/12\/kom1.png","type":"image\/png"}],"author":"Petra Karl\u00e5","twitter_card":"summary_large_image","twitter_misc":{"Skriven av":"Petra Karl\u00e5","Ber\u00e4knad l\u00e4stid":"4 minuter"},"schema":{"@context":"https:\/\/schema.org","@graph":[{"@type":"Article","@id":"https:\/\/wp.kristdemokraterna.se\/uppsala\/miriam-eriksson-och-monica-landen-kd-om-vikten-att-skydda-utsatta-barn\/#article","isPartOf":{"@id":"https:\/\/wp.kristdemokraterna.se\/uppsala\/miriam-eriksson-och-monica-landen-kd-om-vikten-att-skydda-utsatta-barn\/"},"author":{"name":"Petra Karl\u00e5","@id":"https:\/\/wp.kristdemokraterna.se\/uppsala\/#\/schema\/person\/9c9d6764688a85f6a5a9bc0aeab97665"},"headline":"Miriam Eriksson och Monica Land\u00e9n (KD) om vikten att skydda utsatta barn","datePublished":"2012-02-02T15:08:34+00:00","dateModified":"2024-04-03T18:52:47+00:00","mainEntityOfPage":{"@id":"https:\/\/wp.kristdemokraterna.se\/uppsala\/miriam-eriksson-och-monica-landen-kd-om-vikten-att-skydda-utsatta-barn\/"},"wordCount":799,"publisher":{"@id":"https:\/\/wp.kristdemokraterna.se\/uppsala\/#organization"},"articleSection":["Familj &amp; skola"],"inLanguage":"sv-SE"},{"@type":"WebPage","@id":"https:\/\/wp.kristdemokraterna.se\/uppsala\/miriam-eriksson-och-monica-landen-kd-om-vikten-att-skydda-utsatta-barn\/","url":"https:\/\/wp.kristdemokraterna.se\/uppsala\/miriam-eriksson-och-monica-landen-kd-om-vikten-att-skydda-utsatta-barn\/","name":"Miriam Eriksson och Monica Land\u00e9n (KD) om vikten att skydda utsatta barn | Kristdemokraterna | Uppsala","isPartOf":{"@id":"https:\/\/wp.kristdemokraterna.se\/uppsala\/#website"},"datePublished":"2012-02-02T15:08:34+00:00","dateModified":"2024-04-03T18:52:47+00:00","breadcrumb":{"@id":"https:\/\/wp.kristdemokraterna.se\/uppsala\/miriam-eriksson-och-monica-landen-kd-om-vikten-att-skydda-utsatta-barn\/#breadcrumb"},"inLanguage":"sv-SE","potentialAction":[{"@type":"ReadAction","target":["https:\/\/wp.kristdemokraterna.se\/uppsala\/miriam-eriksson-och-monica-landen-kd-om-vikten-att-skydda-utsatta-barn\/"]}]},{"@type":"BreadcrumbList","@id":"https:\/\/wp.kristdemokraterna.se\/uppsala\/miriam-eriksson-och-monica-landen-kd-om-vikten-att-skydda-utsatta-barn\/#breadcrumb","itemListElement":[{"@type":"ListItem","position":1,"name":"Hem","item":"https:\/\/wp.kristdemokraterna.se\/uppsala\/"},{"@type":"ListItem","position":2,"name":"Miriam Eriksson och Monica Land\u00e9n (KD) om vikten att skydda utsatta barn"}]},{"@type":"WebSite","@id":"https:\/\/wp.kristdemokraterna.se\/uppsala\/#website","url":"https:\/\/wp.kristdemokraterna.se\/uppsala\/","name":"Kristdemokraterna Uppsala","description":"Tryggare Uppsala","publisher":{"@id":"https:\/\/wp.kristdemokraterna.se\/uppsala\/#organization"},"inLanguage":"sv-SE"},{"@type":"Organization","@id":"https:\/\/wp.kristdemokraterna.se\/uppsala\/#organization","name":"Kristdemokraterna Uppsala","url":"https:\/\/wp.kristdemokraterna.se\/uppsala\/","logo":{"@type":"ImageObject","inLanguage":"sv-SE","@id":"https:\/\/wp.kristdemokraterna.se\/uppsala\/#\/schema\/logo\/image\/","url":"https:\/\/wp.kristdemokraterna.se\/uppsala\/files\/2019\/10\/kd-uppsala.png","contentUrl":"https:\/\/wp.kristdemokraterna.se\/uppsala\/files\/2019\/10\/kd-uppsala.png","width":804,"height":421,"caption":"Kristdemokraterna Uppsala"},"image":{"@id":"https:\/\/wp.kristdemokraterna.se\/uppsala\/#\/schema\/logo\/image\/"},"sameAs":["https:\/\/www.facebook.com\/UppsalaKD\/","https:\/\/www.instagram.com\/uppsalakd\/"]},{"@type":"Person","@id":"https:\/\/wp.kristdemokraterna.se\/uppsala\/#\/schema\/person\/9c9d6764688a85f6a5a9bc0aeab97665","name":"Petra Karl\u00e5","image":{"@type":"ImageObject","inLanguage":"sv-SE","@id":"https:\/\/secure.gravatar.com\/avatar\/4a0351df3ec5e473a63caa9ade3c07a69c688dacf0d1055a81464c4244cd8431?s=96&r=g","url":"https:\/\/secure.gravatar.com\/avatar\/4a0351df3ec5e473a63caa9ade3c07a69c688dacf0d1055a81464c4244cd8431?s=96&r=g","contentUrl":"https:\/\/secure.gravatar.com\/avatar\/4a0351df3ec5e473a63caa9ade3c07a69c688dacf0d1055a81464c4244cd8431?s=96&r=g","caption":"Petra Karl\u00e5"},"url":"https:\/\/wp.kristdemokraterna.se\/uppsala\/author\/petrakarla\/"}]}},"_links":{"self":[{"href":"https:\/\/wp.kristdemokraterna.se\/uppsala\/wp-json\/wp\/v2\/posts\/341","targetHints":{"allow":["GET"]}}],"collection":[{"href":"https:\/\/wp.kristdemokraterna.se\/uppsala\/wp-json\/wp\/v2\/posts"}],"about":[{"href":"https:\/\/wp.kristdemokraterna.se\/uppsala\/wp-json\/wp\/v2\/types\/post"}],"author":[{"embeddable":true,"href":"https:\/\/wp.kristdemokraterna.se\/uppsala\/wp-json\/wp\/v2\/users\/570"}],"replies":[{"embeddable":true,"href":"https:\/\/wp.kristdemokraterna.se\/uppsala\/wp-json\/wp\/v2\/comments?post=341"}],"version-history":[{"count":1,"href":"https:\/\/wp.kristdemokraterna.se\/uppsala\/wp-json\/wp\/v2\/posts\/341\/revisions"}],"predecessor-version":[{"id":4670,"href":"https:\/\/wp.kristdemokraterna.se\/uppsala\/wp-json\/wp\/v2\/posts\/341\/revisions\/4670"}],"wp:attachment":[{"href":"https:\/\/wp.kristdemokraterna.se\/uppsala\/wp-json\/wp\/v2\/media?parent=341"}],"wp:term":[{"taxonomy":"category","embeddable":true,"href":"https:\/\/wp.kristdemokraterna.se\/uppsala\/wp-json\/wp\/v2\/categories?post=341"},{"taxonomy":"post_tag","embeddable":true,"href":"https:\/\/wp.kristdemokraterna.se\/uppsala\/wp-json\/wp\/v2\/tags?post=341"}],"curies":[{"name":"wp","href":"https:\/\/api.w.org\/{rel}","templated":true}]}}