{"id":3491,"date":"2019-10-13T14:21:19","date_gmt":"2019-10-13T12:21:19","guid":{"rendered":"http:\/\/wp.kristdemokraterna.se\/uppsala\/?p=3491"},"modified":"2024-04-04T00:57:30","modified_gmt":"2024-04-03T22:57:30","slug":"replik-om-islamiskt-center-unt-borde-ocksa-varna","status":"publish","type":"post","link":"https:\/\/wp.kristdemokraterna.se\/uppsala\/replik-om-islamiskt-center-unt-borde-ocksa-varna\/","title":{"rendered":"Replik om islamiskt center: UNT borde ocks\u00e5 varna"},"content":{"rendered":"<p>N\u00e4r vi s\u00e4ger nej till mosk\u00e9n i Stenhagen s\u00e5 \u00e4r det inte f\u00f6r att vi vill strunta i plan- och bygglagen. Vi f\u00f6reslog en detaljplane\u00e4ndring f\u00f6r tomten eftersom vi inte vill s\u00e4ga ja till Dawastiftelsens bygge s\u00e5 l\u00e4nge vi inte har f\u00e5tt betryggande bevis ang\u00e5ende eventuell utl\u00e4ndsk finansiering och risken att det blir en ing\u00e5ngsport f\u00f6r v\u00e5ldsbejakande extremism.<\/p>\n<p>Sakine Madon anklagar p\u00e5 ledarsidan f\u00f6r\u00a0<a class=\"profileLink\" href=\"https:\/\/www.facebook.com\/untnyheter\/?__tn__=K-R&amp;eid=ARBAmK0oNOcuyjrjFEF04qy2kX_FS8aE239o3evPU7seGVTcN6uaS2_-630ysyudsaeuAU1Kx4VGnGPI&amp;fref=mentions&amp;__xts__%5B0%5D=68.ARBGrUPhVMvIU73VnNSa3fsyOBQr8qCJLM5j4Yy9ePqIwMAE2AyrTlHDVfjbrb7OFg7RhlzKNUFBjP2pCRjhCQb-XBcCnSvMAWis_CQlcJQewNV1RM3VU3SBaQPf2rwkeJ4K7RGPfTZ_yn2S_Dgq_5iZ7uzfr7tYt95lBZRuh26RioM5zuTbm6YyibK--0n_EVHYjaa00ZSYA9clKN2Wgtu8pGhWJ9I9iqMeyQewfCpqUDGR7yM9xJc0s_yN2armgupyLp239qioXN1O1ZEN6kxhAAQYQmS25llqpB2MgqVhqBsDvpd5WjzwDlvjoU9uo12W1s2gLnfXDIZ2r4uteZ7ZmA\" data-hovercard=\"\/ajax\/hovercard\/page.php?id=197969573853&amp;extragetparams=%7B%22__tn__%22%3A%22%2CdK-R-R%22%2C%22eid%22%3A%22ARBAmK0oNOcuyjrjFEF04qy2kX_FS8aE239o3evPU7seGVTcN6uaS2_-630ysyudsaeuAU1Kx4VGnGPI%22%2C%22fref%22%3A%22mentions%22%7D\" data-hovercard-prefer-more-content-show=\"1\">Unt.se<\/a> KD f\u00f6r \u201dprincipl\u00f6s populism\u201d och att \u201dstrunta i regler och principer\u201d (27\/9). Men v\u00e5rt st\u00e4llningstagande \u00e4r tydligt: vi ska st\u00e5 f\u00f6r yttrandefrihet och religionsfrihet, men h\u00e4r finns flera intressekonflikter. Vi f\u00e5r aldrig anv\u00e4nda dessa friheter som urs\u00e4kt f\u00f6r kvinnof\u00f6rtryck, hedersv\u00e5ld, islamism och \u00f6ppet trots mot v\u00e5rt \u00f6ppna och demokratiska samh\u00e4lle.<\/p>\n<div class=\"text_exposed_show\">\n<p>N\u00e4r v\u00e5ldsbejakande extremism och f\u00f6rakt f\u00f6r v\u00e5ra grundl\u00e4ggande v\u00e4sterl\u00e4ndska v\u00e4rderingar breder ut sig b\u00f6r \u00e4ven en liberal tidning varna f\u00f6r utvecklingen, \u00e4ven om kritiken kommer ocks\u00e5 fr\u00e5n h\u00f6ger.<\/p>\n<\/div>\n","protected":false},"excerpt":{"rendered":"<p>N\u00e4r vi s\u00e4ger nej till mosk\u00e9n i Stenhagen s\u00e5 \u00e4r det inte f\u00f6r att vi vill strunta i plan- och bygglagen. Vi f\u00f6reslog en detaljplane\u00e4ndring f\u00f6r tomten eftersom vi inte vill s\u00e4ga ja till Dawastiftelsens bygge s\u00e5 l\u00e4nge vi inte har f\u00e5tt betryggande bevis ang\u00e5ende eventuell utl\u00e4ndsk finansiering och risken att det blir en ing\u00e5ngsport <a class=\"read-more-link\" href=\"https:\/\/wp.kristdemokraterna.se\/uppsala\/replik-om-islamiskt-center-unt-borde-ocksa-varna\/\">Read More<\/a><\/p>\n","protected":false},"author":702,"featured_media":0,"comment_status":"closed","ping_status":"closed","sticky":false,"template":"","format":"standard","meta":{"_acf_changed":false,"footnotes":""},"categories":[252],"tags":[],"class_list":["post-3491","post","type-post","status-publish","format-standard","hentry","category-migration-o-integration"],"acf":[],"yoast_head":"<!-- This site is optimized with the Yoast SEO plugin v27.4 - https:\/\/yoast.com\/product\/yoast-seo-wordpress\/ -->\n<title>Replik om islamiskt center: UNT borde ocks\u00e5 varna | Kristdemokraterna | Uppsala<\/title>\n<meta name=\"robots\" content=\"index, follow, max-snippet:-1, max-image-preview:large, max-video-preview:-1\" \/>\n<link rel=\"canonical\" href=\"https:\/\/wp.kristdemokraterna.se\/uppsala\/replik-om-islamiskt-center-unt-borde-ocksa-varna\/\" \/>\n<meta property=\"og:locale\" content=\"sv_SE\" \/>\n<meta property=\"og:type\" content=\"article\" \/>\n<meta property=\"og:title\" content=\"Replik om islamiskt center: UNT borde ocks\u00e5 varna | Kristdemokraterna | Uppsala\" \/>\n<meta property=\"og:description\" content=\"N\u00e4r vi s\u00e4ger nej till mosk\u00e9n i Stenhagen s\u00e5 \u00e4r det inte f\u00f6r att vi vill strunta i plan- och bygglagen. Vi f\u00f6reslog en detaljplane\u00e4ndring f\u00f6r tomten eftersom vi inte vill s\u00e4ga ja till Dawastiftelsens bygge s\u00e5 l\u00e4nge vi inte har f\u00e5tt betryggande bevis ang\u00e5ende eventuell utl\u00e4ndsk finansiering och risken att det blir en ing\u00e5ngsport Read More\" \/>\n<meta property=\"og:url\" content=\"https:\/\/wp.kristdemokraterna.se\/uppsala\/replik-om-islamiskt-center-unt-borde-ocksa-varna\/\" \/>\n<meta property=\"og:site_name\" content=\"Kristdemokraterna | Uppsala\" \/>\n<meta property=\"article:publisher\" content=\"https:\/\/www.facebook.com\/UppsalaKD\/\" \/>\n<meta property=\"article:published_time\" content=\"2019-10-13T12:21:19+00:00\" \/>\n<meta property=\"article:modified_time\" content=\"2024-04-03T22:57:30+00:00\" \/>\n<meta property=\"og:image\" content=\"https:\/\/wp.kristdemokraterna.se\/uppsala\/files\/2021\/12\/kom1.png\" \/>\n\t<meta property=\"og:image:width\" content=\"770\" \/>\n\t<meta property=\"og:image:height\" content=\"404\" \/>\n\t<meta property=\"og:image:type\" content=\"image\/png\" \/>\n<meta name=\"author\" content=\"Mimmi Westerlund\" \/>\n<meta name=\"twitter:card\" content=\"summary_large_image\" \/>\n<meta name=\"twitter:label1\" content=\"Skriven av\" \/>\n\t<meta name=\"twitter:data1\" content=\"Mimmi Westerlund\" \/>\n\t<meta name=\"twitter:label2\" content=\"Ber\u00e4knad l\u00e4stid\" \/>\n\t<meta name=\"twitter:data2\" content=\"1 minut\" \/>\n<script type=\"application\/ld+json\" class=\"yoast-schema-graph\">{\"@context\":\"https:\\\/\\\/schema.org\",\"@graph\":[{\"@type\":\"Article\",\"@id\":\"https:\\\/\\\/wp.kristdemokraterna.se\\\/uppsala\\\/replik-om-islamiskt-center-unt-borde-ocksa-varna\\\/#article\",\"isPartOf\":{\"@id\":\"https:\\\/\\\/wp.kristdemokraterna.se\\\/uppsala\\\/replik-om-islamiskt-center-unt-borde-ocksa-varna\\\/\"},\"author\":{\"name\":\"Mimmi Westerlund\",\"@id\":\"https:\\\/\\\/wp.kristdemokraterna.se\\\/uppsala\\\/#\\\/schema\\\/person\\\/038d805d685fb0ce5ad14ab8711d8e84\"},\"headline\":\"Replik om islamiskt center: UNT borde ocks\u00e5 varna\",\"datePublished\":\"2019-10-13T12:21:19+00:00\",\"dateModified\":\"2024-04-03T22:57:30+00:00\",\"mainEntityOfPage\":{\"@id\":\"https:\\\/\\\/wp.kristdemokraterna.se\\\/uppsala\\\/replik-om-islamiskt-center-unt-borde-ocksa-varna\\\/\"},\"wordCount\":194,\"publisher\":{\"@id\":\"https:\\\/\\\/wp.kristdemokraterna.se\\\/uppsala\\\/#organization\"},\"articleSection\":[\"Migration &amp; Integration\"],\"inLanguage\":\"sv-SE\"},{\"@type\":\"WebPage\",\"@id\":\"https:\\\/\\\/wp.kristdemokraterna.se\\\/uppsala\\\/replik-om-islamiskt-center-unt-borde-ocksa-varna\\\/\",\"url\":\"https:\\\/\\\/wp.kristdemokraterna.se\\\/uppsala\\\/replik-om-islamiskt-center-unt-borde-ocksa-varna\\\/\",\"name\":\"Replik om islamiskt center: UNT borde ocks\u00e5 varna | Kristdemokraterna | Uppsala\",\"isPartOf\":{\"@id\":\"https:\\\/\\\/wp.kristdemokraterna.se\\\/uppsala\\\/#website\"},\"datePublished\":\"2019-10-13T12:21:19+00:00\",\"dateModified\":\"2024-04-03T22:57:30+00:00\",\"breadcrumb\":{\"@id\":\"https:\\\/\\\/wp.kristdemokraterna.se\\\/uppsala\\\/replik-om-islamiskt-center-unt-borde-ocksa-varna\\\/#breadcrumb\"},\"inLanguage\":\"sv-SE\",\"potentialAction\":[{\"@type\":\"ReadAction\",\"target\":[\"https:\\\/\\\/wp.kristdemokraterna.se\\\/uppsala\\\/replik-om-islamiskt-center-unt-borde-ocksa-varna\\\/\"]}]},{\"@type\":\"BreadcrumbList\",\"@id\":\"https:\\\/\\\/wp.kristdemokraterna.se\\\/uppsala\\\/replik-om-islamiskt-center-unt-borde-ocksa-varna\\\/#breadcrumb\",\"itemListElement\":[{\"@type\":\"ListItem\",\"position\":1,\"name\":\"Hem\",\"item\":\"https:\\\/\\\/wp.kristdemokraterna.se\\\/uppsala\\\/\"},{\"@type\":\"ListItem\",\"position\":2,\"name\":\"Replik om islamiskt center: UNT borde ocks\u00e5 varna\"}]},{\"@type\":\"WebSite\",\"@id\":\"https:\\\/\\\/wp.kristdemokraterna.se\\\/uppsala\\\/#website\",\"url\":\"https:\\\/\\\/wp.kristdemokraterna.se\\\/uppsala\\\/\",\"name\":\"Kristdemokraterna Uppsala\",\"description\":\"Tryggare Uppsala\",\"publisher\":{\"@id\":\"https:\\\/\\\/wp.kristdemokraterna.se\\\/uppsala\\\/#organization\"},\"inLanguage\":\"sv-SE\"},{\"@type\":\"Organization\",\"@id\":\"https:\\\/\\\/wp.kristdemokraterna.se\\\/uppsala\\\/#organization\",\"name\":\"Kristdemokraterna Uppsala\",\"url\":\"https:\\\/\\\/wp.kristdemokraterna.se\\\/uppsala\\\/\",\"logo\":{\"@type\":\"ImageObject\",\"inLanguage\":\"sv-SE\",\"@id\":\"https:\\\/\\\/wp.kristdemokraterna.se\\\/uppsala\\\/#\\\/schema\\\/logo\\\/image\\\/\",\"url\":\"https:\\\/\\\/wp.kristdemokraterna.se\\\/uppsala\\\/files\\\/2019\\\/10\\\/kd-uppsala.png\",\"contentUrl\":\"https:\\\/\\\/wp.kristdemokraterna.se\\\/uppsala\\\/files\\\/2019\\\/10\\\/kd-uppsala.png\",\"width\":804,\"height\":421,\"caption\":\"Kristdemokraterna Uppsala\"},\"image\":{\"@id\":\"https:\\\/\\\/wp.kristdemokraterna.se\\\/uppsala\\\/#\\\/schema\\\/logo\\\/image\\\/\"},\"sameAs\":[\"https:\\\/\\\/www.facebook.com\\\/UppsalaKD\\\/\",\"https:\\\/\\\/www.instagram.com\\\/uppsalakd\\\/\"]},{\"@type\":\"Person\",\"@id\":\"https:\\\/\\\/wp.kristdemokraterna.se\\\/uppsala\\\/#\\\/schema\\\/person\\\/038d805d685fb0ce5ad14ab8711d8e84\",\"name\":\"Mimmi Westerlund\",\"image\":{\"@type\":\"ImageObject\",\"inLanguage\":\"sv-SE\",\"@id\":\"https:\\\/\\\/secure.gravatar.com\\\/avatar\\\/a5697359f709b6b10d9c7e6a7c89f3e054554dedb4657d5ffe9e5bc5b1445841?s=96&r=g\",\"url\":\"https:\\\/\\\/secure.gravatar.com\\\/avatar\\\/a5697359f709b6b10d9c7e6a7c89f3e054554dedb4657d5ffe9e5bc5b1445841?s=96&r=g\",\"contentUrl\":\"https:\\\/\\\/secure.gravatar.com\\\/avatar\\\/a5697359f709b6b10d9c7e6a7c89f3e054554dedb4657d5ffe9e5bc5b1445841?s=96&r=g\",\"caption\":\"Mimmi Westerlund\"},\"url\":\"https:\\\/\\\/wp.kristdemokraterna.se\\\/uppsala\\\/author\\\/mimmi\\\/\"}]}<\/script>\n<!-- \/ Yoast SEO plugin. -->","yoast_head_json":{"title":"Replik om islamiskt center: UNT borde ocks\u00e5 varna | Kristdemokraterna | Uppsala","robots":{"index":"index","follow":"follow","max-snippet":"max-snippet:-1","max-image-preview":"max-image-preview:large","max-video-preview":"max-video-preview:-1"},"canonical":"https:\/\/wp.kristdemokraterna.se\/uppsala\/replik-om-islamiskt-center-unt-borde-ocksa-varna\/","og_locale":"sv_SE","og_type":"article","og_title":"Replik om islamiskt center: UNT borde ocks\u00e5 varna | Kristdemokraterna | Uppsala","og_description":"N\u00e4r vi s\u00e4ger nej till mosk\u00e9n i Stenhagen s\u00e5 \u00e4r det inte f\u00f6r att vi vill strunta i plan- och bygglagen. Vi f\u00f6reslog en detaljplane\u00e4ndring f\u00f6r tomten eftersom vi inte vill s\u00e4ga ja till Dawastiftelsens bygge s\u00e5 l\u00e4nge vi inte har f\u00e5tt betryggande bevis ang\u00e5ende eventuell utl\u00e4ndsk finansiering och risken att det blir en ing\u00e5ngsport Read More","og_url":"https:\/\/wp.kristdemokraterna.se\/uppsala\/replik-om-islamiskt-center-unt-borde-ocksa-varna\/","og_site_name":"Kristdemokraterna | Uppsala","article_publisher":"https:\/\/www.facebook.com\/UppsalaKD\/","article_published_time":"2019-10-13T12:21:19+00:00","article_modified_time":"2024-04-03T22:57:30+00:00","og_image":[{"width":770,"height":404,"url":"https:\/\/wp.kristdemokraterna.se\/uppsala\/files\/2021\/12\/kom1.png","type":"image\/png"}],"author":"Mimmi Westerlund","twitter_card":"summary_large_image","twitter_misc":{"Skriven av":"Mimmi Westerlund","Ber\u00e4knad l\u00e4stid":"1 minut"},"schema":{"@context":"https:\/\/schema.org","@graph":[{"@type":"Article","@id":"https:\/\/wp.kristdemokraterna.se\/uppsala\/replik-om-islamiskt-center-unt-borde-ocksa-varna\/#article","isPartOf":{"@id":"https:\/\/wp.kristdemokraterna.se\/uppsala\/replik-om-islamiskt-center-unt-borde-ocksa-varna\/"},"author":{"name":"Mimmi Westerlund","@id":"https:\/\/wp.kristdemokraterna.se\/uppsala\/#\/schema\/person\/038d805d685fb0ce5ad14ab8711d8e84"},"headline":"Replik om islamiskt center: UNT borde ocks\u00e5 varna","datePublished":"2019-10-13T12:21:19+00:00","dateModified":"2024-04-03T22:57:30+00:00","mainEntityOfPage":{"@id":"https:\/\/wp.kristdemokraterna.se\/uppsala\/replik-om-islamiskt-center-unt-borde-ocksa-varna\/"},"wordCount":194,"publisher":{"@id":"https:\/\/wp.kristdemokraterna.se\/uppsala\/#organization"},"articleSection":["Migration &amp; Integration"],"inLanguage":"sv-SE"},{"@type":"WebPage","@id":"https:\/\/wp.kristdemokraterna.se\/uppsala\/replik-om-islamiskt-center-unt-borde-ocksa-varna\/","url":"https:\/\/wp.kristdemokraterna.se\/uppsala\/replik-om-islamiskt-center-unt-borde-ocksa-varna\/","name":"Replik om islamiskt center: UNT borde ocks\u00e5 varna | Kristdemokraterna | Uppsala","isPartOf":{"@id":"https:\/\/wp.kristdemokraterna.se\/uppsala\/#website"},"datePublished":"2019-10-13T12:21:19+00:00","dateModified":"2024-04-03T22:57:30+00:00","breadcrumb":{"@id":"https:\/\/wp.kristdemokraterna.se\/uppsala\/replik-om-islamiskt-center-unt-borde-ocksa-varna\/#breadcrumb"},"inLanguage":"sv-SE","potentialAction":[{"@type":"ReadAction","target":["https:\/\/wp.kristdemokraterna.se\/uppsala\/replik-om-islamiskt-center-unt-borde-ocksa-varna\/"]}]},{"@type":"BreadcrumbList","@id":"https:\/\/wp.kristdemokraterna.se\/uppsala\/replik-om-islamiskt-center-unt-borde-ocksa-varna\/#breadcrumb","itemListElement":[{"@type":"ListItem","position":1,"name":"Hem","item":"https:\/\/wp.kristdemokraterna.se\/uppsala\/"},{"@type":"ListItem","position":2,"name":"Replik om islamiskt center: UNT borde ocks\u00e5 varna"}]},{"@type":"WebSite","@id":"https:\/\/wp.kristdemokraterna.se\/uppsala\/#website","url":"https:\/\/wp.kristdemokraterna.se\/uppsala\/","name":"Kristdemokraterna Uppsala","description":"Tryggare Uppsala","publisher":{"@id":"https:\/\/wp.kristdemokraterna.se\/uppsala\/#organization"},"inLanguage":"sv-SE"},{"@type":"Organization","@id":"https:\/\/wp.kristdemokraterna.se\/uppsala\/#organization","name":"Kristdemokraterna Uppsala","url":"https:\/\/wp.kristdemokraterna.se\/uppsala\/","logo":{"@type":"ImageObject","inLanguage":"sv-SE","@id":"https:\/\/wp.kristdemokraterna.se\/uppsala\/#\/schema\/logo\/image\/","url":"https:\/\/wp.kristdemokraterna.se\/uppsala\/files\/2019\/10\/kd-uppsala.png","contentUrl":"https:\/\/wp.kristdemokraterna.se\/uppsala\/files\/2019\/10\/kd-uppsala.png","width":804,"height":421,"caption":"Kristdemokraterna Uppsala"},"image":{"@id":"https:\/\/wp.kristdemokraterna.se\/uppsala\/#\/schema\/logo\/image\/"},"sameAs":["https:\/\/www.facebook.com\/UppsalaKD\/","https:\/\/www.instagram.com\/uppsalakd\/"]},{"@type":"Person","@id":"https:\/\/wp.kristdemokraterna.se\/uppsala\/#\/schema\/person\/038d805d685fb0ce5ad14ab8711d8e84","name":"Mimmi Westerlund","image":{"@type":"ImageObject","inLanguage":"sv-SE","@id":"https:\/\/secure.gravatar.com\/avatar\/a5697359f709b6b10d9c7e6a7c89f3e054554dedb4657d5ffe9e5bc5b1445841?s=96&r=g","url":"https:\/\/secure.gravatar.com\/avatar\/a5697359f709b6b10d9c7e6a7c89f3e054554dedb4657d5ffe9e5bc5b1445841?s=96&r=g","contentUrl":"https:\/\/secure.gravatar.com\/avatar\/a5697359f709b6b10d9c7e6a7c89f3e054554dedb4657d5ffe9e5bc5b1445841?s=96&r=g","caption":"Mimmi Westerlund"},"url":"https:\/\/wp.kristdemokraterna.se\/uppsala\/author\/mimmi\/"}]}},"_links":{"self":[{"href":"https:\/\/wp.kristdemokraterna.se\/uppsala\/wp-json\/wp\/v2\/posts\/3491","targetHints":{"allow":["GET"]}}],"collection":[{"href":"https:\/\/wp.kristdemokraterna.se\/uppsala\/wp-json\/wp\/v2\/posts"}],"about":[{"href":"https:\/\/wp.kristdemokraterna.se\/uppsala\/wp-json\/wp\/v2\/types\/post"}],"author":[{"embeddable":true,"href":"https:\/\/wp.kristdemokraterna.se\/uppsala\/wp-json\/wp\/v2\/users\/702"}],"replies":[{"embeddable":true,"href":"https:\/\/wp.kristdemokraterna.se\/uppsala\/wp-json\/wp\/v2\/comments?post=3491"}],"version-history":[{"count":1,"href":"https:\/\/wp.kristdemokraterna.se\/uppsala\/wp-json\/wp\/v2\/posts\/3491\/revisions"}],"predecessor-version":[{"id":3492,"href":"https:\/\/wp.kristdemokraterna.se\/uppsala\/wp-json\/wp\/v2\/posts\/3491\/revisions\/3492"}],"wp:attachment":[{"href":"https:\/\/wp.kristdemokraterna.se\/uppsala\/wp-json\/wp\/v2\/media?parent=3491"}],"wp:term":[{"taxonomy":"category","embeddable":true,"href":"https:\/\/wp.kristdemokraterna.se\/uppsala\/wp-json\/wp\/v2\/categories?post=3491"},{"taxonomy":"post_tag","embeddable":true,"href":"https:\/\/wp.kristdemokraterna.se\/uppsala\/wp-json\/wp\/v2\/tags?post=3491"}],"curies":[{"name":"wp","href":"https:\/\/api.w.org\/{rel}","templated":true}]}}