{"id":3493,"date":"2019-09-13T14:22:37","date_gmt":"2019-09-13T12:22:37","guid":{"rendered":"http:\/\/wp.kristdemokraterna.se\/uppsala\/?p=3493"},"modified":"2024-04-04T00:57:59","modified_gmt":"2024-04-03T22:57:59","slug":"varfor-riskera-grogrund-for-sharialagar-i-uppsala","status":"publish","type":"post","link":"https:\/\/wp.kristdemokraterna.se\/uppsala\/varfor-riskera-grogrund-for-sharialagar-i-uppsala\/","title":{"rendered":"Varf\u00f6r riskera grogrund f\u00f6r sharialagar i Uppsala?"},"content":{"rendered":"<p>Dawastiftelsen vill bygga islamiskt centrum i Stenhagen, med separata ing\u00e5ngar f\u00f6r kvinnor och m\u00e4n. Men Mohammad Fazlhashemi, professor i islamisk teologi, beskriver dawa som en konservativ inriktning av islam som i delar av v\u00e4rlden har en bokstavstrogen fundamentalistisk samh\u00e4llsordning med sharialagstiftning som m\u00e5l.<\/p>\n<p>Vi \u00e4r mycket oroliga att centret blir en grogrund f\u00f6r islamistisk radikalisering och kommer att<span class=\"text_exposed_show\">\u00a0r\u00f6sta emot bygglovet i Plan- och byggnadsn\u00e4mnden.<\/span><\/p>\n<div class=\"text_exposed_show\">\n<p>\u2013 I bygglovsans\u00f6kan st\u00e5r att centret ska vara ett komplement till Uppsalamosk\u00e9n, men mosk\u00e9ns ledning har i UNT inte ens kunnat ta avst\u00e5nd fr\u00e5n G\u00e4vleimamen som varit d\u00e4r och predikat och som utvisats av S\u00e4po eftersom han \u00e4r ett hot mot rikets s\u00e4kerhet, s\u00e4ger v\u00e5r n\u00e4mndledamot Mattias Holmstr\u00f6m.<\/p>\n<p>&#8211; Det vore direkt ansvarsl\u00f6st att acceptera ett islamiskt centrum n\u00e4r Dawastiftelsens samarbetspartner inte ens kan ta avst\u00e5nd fr\u00e5n en s\u00e5dan person. Varningssignalerna kan inte bli tydligare \u00e4n s\u00e5h\u00e4r.<\/p>\n<p>(S), (L) och (V) kommer att s\u00e4ga ja till bygglovet. Endast (KD), (M) och (SD) kommer att r\u00f6sta emot.<\/p>\n<p>L\u00e4s mer i UNT: <a href=\"https:\/\/www.unt.se\/nyheter\/uppsala\/beslut-nara-om-islamiskt-center-i-stenhagen-5404884.aspx?fbclid=IwAR3wDvgkcZxGEl2ehOLjKiz6dLfsMyPy9SiiwFC9wzz_frS_fgjkGKcdKfY\" target=\"_blank\" rel=\"noopener nofollow noreferrer\" data-ft=\"{&quot;tn&quot;:&quot;-U&quot;}\" data-lynx-mode=\"async\" data-lynx-uri=\"https:\/\/l.facebook.com\/l.php?u=https%3A%2F%2Fwww.unt.se%2Fnyheter%2Fuppsala%2Fbeslut-nara-om-islamiskt-center-i-stenhagen-5404884.aspx%3Ffbclid%3DIwAR3wDvgkcZxGEl2ehOLjKiz6dLfsMyPy9SiiwFC9wzz_frS_fgjkGKcdKfY&amp;h=AT2a3vqDOBgtDN-wrclPQOuJ0hxjSqycQ5Xgi1KJOCaVb_vXAx1K52Iu61kU4VNaSR6M7znE0hlPdlhn-QR6YY4NW3kGC7PXVbssSIQSKWhGOkWtcYaMw7GaFfQ4Ux0f4ITWg8wm42aTgu3Zp5KLi9zVfG59roXnWXiFIOApSs_YegaZXMx4G9nUazNneMGA1nBtBKPv0z3CDChfYvXyNxYoQiooXaYrFfx4cRy_4NWFP2ZmRMZhgZ3ILb02HCjhP2udlaEpcunHw1sC7Pah9E-i_AJaMFLF7seqpRiXt9ezYMasEniCeoQ-lcJeH52GKJw_mATfpepmdD1rgY1tfzY_kJrJyhl4UEkm2G_pOPby19dTMlMmUPQUjmWMfBlTUHkH9sQ8wMjIkwRBIej6tBSAmTCyFhFrJ3SGyhkCD-UtzzZ5kVaWhUx32XRkL01h_MyjDjE4PAMoQ2ecpggPDDBAQ9B4TWlOMd11AxvERxgCNyWbwxdxXQgw3ZQiDdHLcvsD6gtjJo8sCWunZN0d_0SwRusnbGgtRs0NeJnabmmuoZdgqvnZtneumfTewjlYTAyFoxk_OYJCXbqhdFA4y_9GkgOjvigANjRPS4ECfNgCeug6DpBZHY8fWQWBP44TDITlzaoP\">l\u00e4nk till UNT-artikeln.<\/a><\/p>\n<\/div>\n","protected":false},"excerpt":{"rendered":"<p>Dawastiftelsen vill bygga islamiskt centrum i Stenhagen, med separata ing\u00e5ngar f\u00f6r kvinnor och m\u00e4n. Men Mohammad Fazlhashemi, professor i islamisk teologi, beskriver dawa som en konservativ inriktning av islam som i delar av v\u00e4rlden har en bokstavstrogen fundamentalistisk samh\u00e4llsordning med sharialagstiftning som m\u00e5l. Vi \u00e4r mycket oroliga att centret blir en grogrund f\u00f6r islamistisk radikalisering <a class=\"read-more-link\" href=\"https:\/\/wp.kristdemokraterna.se\/uppsala\/varfor-riskera-grogrund-for-sharialagar-i-uppsala\/\">Read More<\/a><\/p>\n","protected":false},"author":702,"featured_media":0,"comment_status":"closed","ping_status":"closed","sticky":false,"template":"","format":"standard","meta":{"_acf_changed":false,"footnotes":""},"categories":[252],"tags":[],"class_list":["post-3493","post","type-post","status-publish","format-standard","hentry","category-migration-o-integration"],"acf":[],"yoast_head":"<!-- This site is optimized with the Yoast SEO plugin v27.4 - https:\/\/yoast.com\/product\/yoast-seo-wordpress\/ -->\n<title>Varf\u00f6r riskera grogrund f\u00f6r sharialagar i Uppsala? | Kristdemokraterna | Uppsala<\/title>\n<meta name=\"robots\" content=\"index, follow, max-snippet:-1, max-image-preview:large, max-video-preview:-1\" \/>\n<link rel=\"canonical\" href=\"https:\/\/wp.kristdemokraterna.se\/uppsala\/varfor-riskera-grogrund-for-sharialagar-i-uppsala\/\" \/>\n<meta property=\"og:locale\" content=\"sv_SE\" \/>\n<meta property=\"og:type\" content=\"article\" \/>\n<meta property=\"og:title\" content=\"Varf\u00f6r riskera grogrund f\u00f6r sharialagar i Uppsala? | Kristdemokraterna | Uppsala\" \/>\n<meta property=\"og:description\" content=\"Dawastiftelsen vill bygga islamiskt centrum i Stenhagen, med separata ing\u00e5ngar f\u00f6r kvinnor och m\u00e4n. Men Mohammad Fazlhashemi, professor i islamisk teologi, beskriver dawa som en konservativ inriktning av islam som i delar av v\u00e4rlden har en bokstavstrogen fundamentalistisk samh\u00e4llsordning med sharialagstiftning som m\u00e5l. Vi \u00e4r mycket oroliga att centret blir en grogrund f\u00f6r islamistisk radikalisering Read More\" \/>\n<meta property=\"og:url\" content=\"https:\/\/wp.kristdemokraterna.se\/uppsala\/varfor-riskera-grogrund-for-sharialagar-i-uppsala\/\" \/>\n<meta property=\"og:site_name\" content=\"Kristdemokraterna | Uppsala\" \/>\n<meta property=\"article:publisher\" content=\"https:\/\/www.facebook.com\/UppsalaKD\/\" \/>\n<meta property=\"article:published_time\" content=\"2019-09-13T12:22:37+00:00\" \/>\n<meta property=\"article:modified_time\" content=\"2024-04-03T22:57:59+00:00\" \/>\n<meta property=\"og:image\" content=\"https:\/\/wp.kristdemokraterna.se\/uppsala\/files\/2021\/12\/kom1.png\" \/>\n\t<meta property=\"og:image:width\" content=\"770\" \/>\n\t<meta property=\"og:image:height\" content=\"404\" \/>\n\t<meta property=\"og:image:type\" content=\"image\/png\" \/>\n<meta name=\"author\" content=\"Mimmi Westerlund\" \/>\n<meta name=\"twitter:card\" content=\"summary_large_image\" \/>\n<meta name=\"twitter:label1\" content=\"Skriven av\" \/>\n\t<meta name=\"twitter:data1\" content=\"Mimmi Westerlund\" \/>\n\t<meta name=\"twitter:label2\" content=\"Ber\u00e4knad l\u00e4stid\" \/>\n\t<meta name=\"twitter:data2\" content=\"1 minut\" \/>\n<script type=\"application\/ld+json\" class=\"yoast-schema-graph\">{\"@context\":\"https:\\\/\\\/schema.org\",\"@graph\":[{\"@type\":\"Article\",\"@id\":\"https:\\\/\\\/wp.kristdemokraterna.se\\\/uppsala\\\/varfor-riskera-grogrund-for-sharialagar-i-uppsala\\\/#article\",\"isPartOf\":{\"@id\":\"https:\\\/\\\/wp.kristdemokraterna.se\\\/uppsala\\\/varfor-riskera-grogrund-for-sharialagar-i-uppsala\\\/\"},\"author\":{\"name\":\"Mimmi Westerlund\",\"@id\":\"https:\\\/\\\/wp.kristdemokraterna.se\\\/uppsala\\\/#\\\/schema\\\/person\\\/038d805d685fb0ce5ad14ab8711d8e84\"},\"headline\":\"Varf\u00f6r riskera grogrund f\u00f6r sharialagar i Uppsala?\",\"datePublished\":\"2019-09-13T12:22:37+00:00\",\"dateModified\":\"2024-04-03T22:57:59+00:00\",\"mainEntityOfPage\":{\"@id\":\"https:\\\/\\\/wp.kristdemokraterna.se\\\/uppsala\\\/varfor-riskera-grogrund-for-sharialagar-i-uppsala\\\/\"},\"wordCount\":210,\"publisher\":{\"@id\":\"https:\\\/\\\/wp.kristdemokraterna.se\\\/uppsala\\\/#organization\"},\"articleSection\":[\"Migration &amp; Integration\"],\"inLanguage\":\"sv-SE\"},{\"@type\":\"WebPage\",\"@id\":\"https:\\\/\\\/wp.kristdemokraterna.se\\\/uppsala\\\/varfor-riskera-grogrund-for-sharialagar-i-uppsala\\\/\",\"url\":\"https:\\\/\\\/wp.kristdemokraterna.se\\\/uppsala\\\/varfor-riskera-grogrund-for-sharialagar-i-uppsala\\\/\",\"name\":\"Varf\u00f6r riskera grogrund f\u00f6r sharialagar i Uppsala? | Kristdemokraterna | Uppsala\",\"isPartOf\":{\"@id\":\"https:\\\/\\\/wp.kristdemokraterna.se\\\/uppsala\\\/#website\"},\"datePublished\":\"2019-09-13T12:22:37+00:00\",\"dateModified\":\"2024-04-03T22:57:59+00:00\",\"breadcrumb\":{\"@id\":\"https:\\\/\\\/wp.kristdemokraterna.se\\\/uppsala\\\/varfor-riskera-grogrund-for-sharialagar-i-uppsala\\\/#breadcrumb\"},\"inLanguage\":\"sv-SE\",\"potentialAction\":[{\"@type\":\"ReadAction\",\"target\":[\"https:\\\/\\\/wp.kristdemokraterna.se\\\/uppsala\\\/varfor-riskera-grogrund-for-sharialagar-i-uppsala\\\/\"]}]},{\"@type\":\"BreadcrumbList\",\"@id\":\"https:\\\/\\\/wp.kristdemokraterna.se\\\/uppsala\\\/varfor-riskera-grogrund-for-sharialagar-i-uppsala\\\/#breadcrumb\",\"itemListElement\":[{\"@type\":\"ListItem\",\"position\":1,\"name\":\"Hem\",\"item\":\"https:\\\/\\\/wp.kristdemokraterna.se\\\/uppsala\\\/\"},{\"@type\":\"ListItem\",\"position\":2,\"name\":\"Varf\u00f6r riskera grogrund f\u00f6r sharialagar i Uppsala?\"}]},{\"@type\":\"WebSite\",\"@id\":\"https:\\\/\\\/wp.kristdemokraterna.se\\\/uppsala\\\/#website\",\"url\":\"https:\\\/\\\/wp.kristdemokraterna.se\\\/uppsala\\\/\",\"name\":\"Kristdemokraterna Uppsala\",\"description\":\"Tryggare Uppsala\",\"publisher\":{\"@id\":\"https:\\\/\\\/wp.kristdemokraterna.se\\\/uppsala\\\/#organization\"},\"inLanguage\":\"sv-SE\"},{\"@type\":\"Organization\",\"@id\":\"https:\\\/\\\/wp.kristdemokraterna.se\\\/uppsala\\\/#organization\",\"name\":\"Kristdemokraterna Uppsala\",\"url\":\"https:\\\/\\\/wp.kristdemokraterna.se\\\/uppsala\\\/\",\"logo\":{\"@type\":\"ImageObject\",\"inLanguage\":\"sv-SE\",\"@id\":\"https:\\\/\\\/wp.kristdemokraterna.se\\\/uppsala\\\/#\\\/schema\\\/logo\\\/image\\\/\",\"url\":\"https:\\\/\\\/wp.kristdemokraterna.se\\\/uppsala\\\/files\\\/2019\\\/10\\\/kd-uppsala.png\",\"contentUrl\":\"https:\\\/\\\/wp.kristdemokraterna.se\\\/uppsala\\\/files\\\/2019\\\/10\\\/kd-uppsala.png\",\"width\":804,\"height\":421,\"caption\":\"Kristdemokraterna Uppsala\"},\"image\":{\"@id\":\"https:\\\/\\\/wp.kristdemokraterna.se\\\/uppsala\\\/#\\\/schema\\\/logo\\\/image\\\/\"},\"sameAs\":[\"https:\\\/\\\/www.facebook.com\\\/UppsalaKD\\\/\",\"https:\\\/\\\/www.instagram.com\\\/uppsalakd\\\/\"]},{\"@type\":\"Person\",\"@id\":\"https:\\\/\\\/wp.kristdemokraterna.se\\\/uppsala\\\/#\\\/schema\\\/person\\\/038d805d685fb0ce5ad14ab8711d8e84\",\"name\":\"Mimmi Westerlund\",\"image\":{\"@type\":\"ImageObject\",\"inLanguage\":\"sv-SE\",\"@id\":\"https:\\\/\\\/secure.gravatar.com\\\/avatar\\\/a5697359f709b6b10d9c7e6a7c89f3e054554dedb4657d5ffe9e5bc5b1445841?s=96&r=g\",\"url\":\"https:\\\/\\\/secure.gravatar.com\\\/avatar\\\/a5697359f709b6b10d9c7e6a7c89f3e054554dedb4657d5ffe9e5bc5b1445841?s=96&r=g\",\"contentUrl\":\"https:\\\/\\\/secure.gravatar.com\\\/avatar\\\/a5697359f709b6b10d9c7e6a7c89f3e054554dedb4657d5ffe9e5bc5b1445841?s=96&r=g\",\"caption\":\"Mimmi Westerlund\"},\"url\":\"https:\\\/\\\/wp.kristdemokraterna.se\\\/uppsala\\\/author\\\/mimmi\\\/\"}]}<\/script>\n<!-- \/ Yoast SEO plugin. -->","yoast_head_json":{"title":"Varf\u00f6r riskera grogrund f\u00f6r sharialagar i Uppsala? | Kristdemokraterna | Uppsala","robots":{"index":"index","follow":"follow","max-snippet":"max-snippet:-1","max-image-preview":"max-image-preview:large","max-video-preview":"max-video-preview:-1"},"canonical":"https:\/\/wp.kristdemokraterna.se\/uppsala\/varfor-riskera-grogrund-for-sharialagar-i-uppsala\/","og_locale":"sv_SE","og_type":"article","og_title":"Varf\u00f6r riskera grogrund f\u00f6r sharialagar i Uppsala? | Kristdemokraterna | Uppsala","og_description":"Dawastiftelsen vill bygga islamiskt centrum i Stenhagen, med separata ing\u00e5ngar f\u00f6r kvinnor och m\u00e4n. Men Mohammad Fazlhashemi, professor i islamisk teologi, beskriver dawa som en konservativ inriktning av islam som i delar av v\u00e4rlden har en bokstavstrogen fundamentalistisk samh\u00e4llsordning med sharialagstiftning som m\u00e5l. Vi \u00e4r mycket oroliga att centret blir en grogrund f\u00f6r islamistisk radikalisering Read More","og_url":"https:\/\/wp.kristdemokraterna.se\/uppsala\/varfor-riskera-grogrund-for-sharialagar-i-uppsala\/","og_site_name":"Kristdemokraterna | Uppsala","article_publisher":"https:\/\/www.facebook.com\/UppsalaKD\/","article_published_time":"2019-09-13T12:22:37+00:00","article_modified_time":"2024-04-03T22:57:59+00:00","og_image":[{"width":770,"height":404,"url":"https:\/\/wp.kristdemokraterna.se\/uppsala\/files\/2021\/12\/kom1.png","type":"image\/png"}],"author":"Mimmi Westerlund","twitter_card":"summary_large_image","twitter_misc":{"Skriven av":"Mimmi Westerlund","Ber\u00e4knad l\u00e4stid":"1 minut"},"schema":{"@context":"https:\/\/schema.org","@graph":[{"@type":"Article","@id":"https:\/\/wp.kristdemokraterna.se\/uppsala\/varfor-riskera-grogrund-for-sharialagar-i-uppsala\/#article","isPartOf":{"@id":"https:\/\/wp.kristdemokraterna.se\/uppsala\/varfor-riskera-grogrund-for-sharialagar-i-uppsala\/"},"author":{"name":"Mimmi Westerlund","@id":"https:\/\/wp.kristdemokraterna.se\/uppsala\/#\/schema\/person\/038d805d685fb0ce5ad14ab8711d8e84"},"headline":"Varf\u00f6r riskera grogrund f\u00f6r sharialagar i Uppsala?","datePublished":"2019-09-13T12:22:37+00:00","dateModified":"2024-04-03T22:57:59+00:00","mainEntityOfPage":{"@id":"https:\/\/wp.kristdemokraterna.se\/uppsala\/varfor-riskera-grogrund-for-sharialagar-i-uppsala\/"},"wordCount":210,"publisher":{"@id":"https:\/\/wp.kristdemokraterna.se\/uppsala\/#organization"},"articleSection":["Migration &amp; Integration"],"inLanguage":"sv-SE"},{"@type":"WebPage","@id":"https:\/\/wp.kristdemokraterna.se\/uppsala\/varfor-riskera-grogrund-for-sharialagar-i-uppsala\/","url":"https:\/\/wp.kristdemokraterna.se\/uppsala\/varfor-riskera-grogrund-for-sharialagar-i-uppsala\/","name":"Varf\u00f6r riskera grogrund f\u00f6r sharialagar i Uppsala? | Kristdemokraterna | Uppsala","isPartOf":{"@id":"https:\/\/wp.kristdemokraterna.se\/uppsala\/#website"},"datePublished":"2019-09-13T12:22:37+00:00","dateModified":"2024-04-03T22:57:59+00:00","breadcrumb":{"@id":"https:\/\/wp.kristdemokraterna.se\/uppsala\/varfor-riskera-grogrund-for-sharialagar-i-uppsala\/#breadcrumb"},"inLanguage":"sv-SE","potentialAction":[{"@type":"ReadAction","target":["https:\/\/wp.kristdemokraterna.se\/uppsala\/varfor-riskera-grogrund-for-sharialagar-i-uppsala\/"]}]},{"@type":"BreadcrumbList","@id":"https:\/\/wp.kristdemokraterna.se\/uppsala\/varfor-riskera-grogrund-for-sharialagar-i-uppsala\/#breadcrumb","itemListElement":[{"@type":"ListItem","position":1,"name":"Hem","item":"https:\/\/wp.kristdemokraterna.se\/uppsala\/"},{"@type":"ListItem","position":2,"name":"Varf\u00f6r riskera grogrund f\u00f6r sharialagar i Uppsala?"}]},{"@type":"WebSite","@id":"https:\/\/wp.kristdemokraterna.se\/uppsala\/#website","url":"https:\/\/wp.kristdemokraterna.se\/uppsala\/","name":"Kristdemokraterna Uppsala","description":"Tryggare Uppsala","publisher":{"@id":"https:\/\/wp.kristdemokraterna.se\/uppsala\/#organization"},"inLanguage":"sv-SE"},{"@type":"Organization","@id":"https:\/\/wp.kristdemokraterna.se\/uppsala\/#organization","name":"Kristdemokraterna Uppsala","url":"https:\/\/wp.kristdemokraterna.se\/uppsala\/","logo":{"@type":"ImageObject","inLanguage":"sv-SE","@id":"https:\/\/wp.kristdemokraterna.se\/uppsala\/#\/schema\/logo\/image\/","url":"https:\/\/wp.kristdemokraterna.se\/uppsala\/files\/2019\/10\/kd-uppsala.png","contentUrl":"https:\/\/wp.kristdemokraterna.se\/uppsala\/files\/2019\/10\/kd-uppsala.png","width":804,"height":421,"caption":"Kristdemokraterna Uppsala"},"image":{"@id":"https:\/\/wp.kristdemokraterna.se\/uppsala\/#\/schema\/logo\/image\/"},"sameAs":["https:\/\/www.facebook.com\/UppsalaKD\/","https:\/\/www.instagram.com\/uppsalakd\/"]},{"@type":"Person","@id":"https:\/\/wp.kristdemokraterna.se\/uppsala\/#\/schema\/person\/038d805d685fb0ce5ad14ab8711d8e84","name":"Mimmi Westerlund","image":{"@type":"ImageObject","inLanguage":"sv-SE","@id":"https:\/\/secure.gravatar.com\/avatar\/a5697359f709b6b10d9c7e6a7c89f3e054554dedb4657d5ffe9e5bc5b1445841?s=96&r=g","url":"https:\/\/secure.gravatar.com\/avatar\/a5697359f709b6b10d9c7e6a7c89f3e054554dedb4657d5ffe9e5bc5b1445841?s=96&r=g","contentUrl":"https:\/\/secure.gravatar.com\/avatar\/a5697359f709b6b10d9c7e6a7c89f3e054554dedb4657d5ffe9e5bc5b1445841?s=96&r=g","caption":"Mimmi Westerlund"},"url":"https:\/\/wp.kristdemokraterna.se\/uppsala\/author\/mimmi\/"}]}},"_links":{"self":[{"href":"https:\/\/wp.kristdemokraterna.se\/uppsala\/wp-json\/wp\/v2\/posts\/3493","targetHints":{"allow":["GET"]}}],"collection":[{"href":"https:\/\/wp.kristdemokraterna.se\/uppsala\/wp-json\/wp\/v2\/posts"}],"about":[{"href":"https:\/\/wp.kristdemokraterna.se\/uppsala\/wp-json\/wp\/v2\/types\/post"}],"author":[{"embeddable":true,"href":"https:\/\/wp.kristdemokraterna.se\/uppsala\/wp-json\/wp\/v2\/users\/702"}],"replies":[{"embeddable":true,"href":"https:\/\/wp.kristdemokraterna.se\/uppsala\/wp-json\/wp\/v2\/comments?post=3493"}],"version-history":[{"count":1,"href":"https:\/\/wp.kristdemokraterna.se\/uppsala\/wp-json\/wp\/v2\/posts\/3493\/revisions"}],"predecessor-version":[{"id":3494,"href":"https:\/\/wp.kristdemokraterna.se\/uppsala\/wp-json\/wp\/v2\/posts\/3493\/revisions\/3494"}],"wp:attachment":[{"href":"https:\/\/wp.kristdemokraterna.se\/uppsala\/wp-json\/wp\/v2\/media?parent=3493"}],"wp:term":[{"taxonomy":"category","embeddable":true,"href":"https:\/\/wp.kristdemokraterna.se\/uppsala\/wp-json\/wp\/v2\/categories?post=3493"},{"taxonomy":"post_tag","embeddable":true,"href":"https:\/\/wp.kristdemokraterna.se\/uppsala\/wp-json\/wp\/v2\/tags?post=3493"}],"curies":[{"name":"wp","href":"https:\/\/api.w.org\/{rel}","templated":true}]}}