{"id":355,"date":"2012-03-16T17:21:51","date_gmt":"2012-03-16T16:21:51","guid":{"rendered":"http:\/\/www.uppsala.kristdemokraterna.se\/?p=355"},"modified":"2024-04-07T18:27:14","modified_gmt":"2024-04-07T16:27:14","slug":"vi-infor-aldrepeng","status":"publish","type":"post","link":"https:\/\/wp.kristdemokraterna.se\/uppsala\/vi-infor-aldrepeng\/","title":{"rendered":"Vi inf\u00f6r \u00e4ldrepeng"},"content":{"rendered":"<p><strong>Uppsala har med sina drygt 200 000 inv\u00e5nare<\/strong> fler \u00e4n 30 000 inv\u00e5nare som \u00e4r \u00f6ver 65 \u00e5r. Tiden d\u00e5 varje m\u00e4nniska som passerat det magiska \u00e5lderstrecket 65 klassades som \u201d\u00e4ldre\u201d och d\u00e4rmed endast s\u00e5gs som en del av en grupp med samma behov och \u00f6nskem\u00e5l \u00e4r f\u00f6rbi.<\/p>\n<p>\u00c4ldreomsorgen har under alliansens ledning tagit viktiga steg i att m\u00f6ta detta f\u00f6r\u00e4ndrade syns\u00e4tt. F\u00f6renklad bist\u00e5ndshandl\u00e4ggning och eget val inom hemtj\u00e4nsten \u00e4r tv\u00e5 exempel p\u00e5 reformer som vi \u00e4r stolta \u00f6ver. Det finns dock mycket mer att g\u00f6ra f\u00f6r att \u00f6ka den enskildes makt \u00f6ver vardagen. Vi i alliansen menar p\u00e5 att det \u00e4r dags att ta n\u00e4sta steg och inf\u00f6ra eget val och lagen om valfrihetssystem f\u00f6r v\u00e5ra v\u00e5rdboenden.<\/p>\n<p>Fr\u00e5n det att Alliansen tog \u00f6ver makten i Uppsala 2006 och fram till i dag har vi byggt 669 nya v\u00e5rdboendeplatser. Cirka 290 platser p\u00e5 v\u00e5rdboenden som f\u00f6r l\u00e4nge sedan passerat b\u00e4st f\u00f6re-datum har vi lagt ned och ersatt med dessa nya v\u00e5rdboenden anpassade efter b\u00e5de de boende och personalen som ska arbeta d\u00e4r. I dag beh\u00f6ver ingen v\u00e4nta l\u00e4ngre \u00e4n tre m\u00e5nader p\u00e5 en v\u00e5rdboendeplats. S\u00e5 s\u00e5g det inte ut f\u00f6r sju \u00e5r sedan. Sedan augusti 2011 har vi genom ett offensivt och entr\u00e4get arbete med tydligt ledarskap byggt ikapp den of\u00f6rsvarbara v\u00e5rdboendek\u00f6n vi \u00e4rvde 2006. Denna balans i antalet v\u00e5rdboenden \u00e4r en f\u00f6ruts\u00e4ttning f\u00f6r vi nu ska kunna ta n\u00e4sta steg mot \u00f6kad valfrihet.<\/p>\n<p><strong>Alliansen vill som ett f\u00f6rsta steg inf\u00f6ra eget val inom v\u00e5rdboenden. Det inneb\u00e4r att det blir m\u00f6jligt att v\u00e4lja v\u00e5rdboende sj\u00e4lv och \u00e4ven l\u00e4ttare att byta v\u00e5rdboende. F\u00f6r att detta ska vara m\u00f6jligt beh\u00f6vs ett system f\u00f6r f\u00f6rdelning av platserna och god information till den \u00e4ldre och anh\u00f6riga om de olika v\u00e5rdboenden som finns.<\/strong><\/p>\n<p>Som ett andra steg vill vi l\u00e5ta lagen om valfrihetssystem (LOV) \u00e4ven omfatta \u00e4ldreboenden. Det \u00e4r denna lag vi anv\u00e4nder inom hemtj\u00e4nsten och hemsjukv\u00e5rden i dag. LOV skulle inneb\u00e4ra att \u00e4ldre inte bara skulle kunna v\u00e4lja mellan de v\u00e5rdboenden som redan finns i Uppsala utan att det skulle bli m\u00f6jligt f\u00f6r olika akt\u00f6rer att n\u00e4r de sj\u00e4lva \u00f6nskar skapa fler \u00e4ldreboenden och vara med i systemet.<\/p>\n<p>I praktiken kommer LOV inneb\u00e4ra att \u00e4ldren\u00e4mnden fastst\u00e4ller ett antal h\u00f6gt st\u00e4llda krav och kvalitetsm\u00e5l samt en ers\u00e4ttningssumma.<\/p>\n<p><strong>Den utf\u00f6rare \u2013 vare sig den \u00e4r kommunal, privat, ideell eller stiftelse\u00e4gd \u2013 som uppfyller dessa krav och m\u00e5l auktoriseras efter en granskningsprocess och f\u00e5r d\u00e4refter erbjuda sina tj\u00e4nster till Uppsalas \u00e4ldre.<\/strong><\/p>\n<p>En f\u00f6rdel med detta system \u00e4r att det \u00f6kar kontinuiteten och flyttar makten till de \u00e4ldre. F\u00f6rra \u00e5ret l\u00f6pte till exempel avtalet f\u00f6r utf\u00f6raren p\u00e5 Bj\u00f6rklingeg\u00e5rden ut. En annan ny utf\u00f6rare vann upphandlingen och \u00f6vertog \u00e4ldreboendet. De boende och personalen p\u00e5 Bj\u00f6rklingeg\u00e5rden som varit n\u00f6jda med boendet och hade arbetat h\u00e5rt f\u00f6r att g\u00f6ra det s\u00e5 trivsamt som m\u00f6jligt saknade makt att best\u00e4mma \u00f6ver situationen. En m\u00e5nad efter beskedet kom att de f\u00f6rlorat upphandlingen s\u00e5 rankades det som Sveriges b\u00e4sta v\u00e5rdboende.<\/p>\n<p>Med LOV kommer i framtiden Bj\u00f6rklingeg\u00e5rden att kunna forts\u00e4tta drivas av samma utf\u00f6rare utan avbrott s\u00e5 l\u00e4nge de \u00e4ldre trivs och \u00e4r n\u00f6jda. Det ger r\u00e4tt incitament f\u00f6r utf\u00f6rarna och duktig driven personal att utveckla v\u00e5rdboendet p\u00e5 b\u00e4sta m\u00f6jliga s\u00e4tt. Den som sk\u00f6ter sin verksamhet bra kommer att v\u00e4ljas av m\u00e5nga \u00e4ldre. Den som inte kan h\u00e5lla uppe kvaliteten kommer v\u00e4ljas bort av de \u00e4ldre och d\u00e5 antingen tvingas vidta n\u00f6dv\u00e4ndiga \u00e5tg\u00e4rder f\u00f6r att f\u00f6rb\u00e4ttra sig.<\/p>\n<p><strong>Efter LOV-reformen kommer \u00e4ldreomsorgen mer likna dagens skolsystem med en peng knuten till varje elev \u00e4n g\u00e5rdagens planekonomiska kalkylerande.<\/strong><\/p>\n<p>P\u00e5 detta vis kan vi h\u00e5lla koll p\u00e5 ekonomin och samtidigt premiera god och h\u00f6g kvalitet. Detta \u00e4r ett viktigt steg f\u00f6r att s\u00e4tta ytterligare fokus p\u00e5 kvaliteten f\u00f6r de \u00e4ldre. Men inte minst \u00e4r det viktigt f\u00f6r att vi p\u00e5 allvar ska s\u00e4ga att i Uppsala ser vi p\u00e5 \u00e4ldre som individer. Och f\u00f6r oss \u00e4r ett v\u00e5rdboenden inte institutioner i samh\u00e4llsmaskineriet, utan m\u00e4nniskors hem.<\/p>\n<p><strong>Ebba Busch<\/strong><\/p>\n<p>kommunalr\u00e5d (KD), ordf\u00f6rande \u00e4ldren\u00e4mnden<\/p>\n<p><strong>Mats Hansen<\/strong><\/p>\n<p>1:e v ordf (M) \u00e4ldren\u00e4mnden<\/p>\n<p><strong>Erica N\u00e4rlinge<\/strong><\/p>\n<p>ledamot (FP) \u00e4ldren\u00e4mnden<\/p>\n<p><strong>Cecilia Bernsten<\/strong><\/p>\n<p>ledamot (C) \u00e4ldren\u00e4mnden<\/p>\n<p>UNT 16\/3 2012<\/p>\n","protected":false},"excerpt":{"rendered":"<p>Uppsala har med sina drygt 200 000 inv\u00e5nare fler \u00e4n 30 000 inv\u00e5nare som \u00e4r \u00f6ver 65 \u00e5r. Tiden d\u00e5 varje m\u00e4nniska som passerat det magiska \u00e5lderstrecket 65 klassades som \u201d\u00e4ldre\u201d och d\u00e4rmed endast s\u00e5gs som en del av en grupp med samma behov och \u00f6nskem\u00e5l \u00e4r f\u00f6rbi. \u00c4ldreomsorgen har under alliansens ledning tagit viktiga <a class=\"read-more-link\" href=\"https:\/\/wp.kristdemokraterna.se\/uppsala\/vi-infor-aldrepeng\/\">Read More<\/a><\/p>\n","protected":false},"author":573,"featured_media":0,"comment_status":"closed","ping_status":"closed","sticky":false,"template":"","format":"standard","meta":{"_acf_changed":false,"footnotes":""},"categories":[236],"tags":[],"class_list":["post-355","post","type-post","status-publish","format-standard","hentry","category-vard-o-omsorg"],"acf":[],"yoast_head":"<!-- This site is optimized with the Yoast SEO plugin v27.4 - https:\/\/yoast.com\/product\/yoast-seo-wordpress\/ -->\n<title>Vi inf\u00f6r \u00e4ldrepeng | Kristdemokraterna | Uppsala<\/title>\n<meta name=\"robots\" content=\"index, follow, max-snippet:-1, max-image-preview:large, max-video-preview:-1\" \/>\n<link rel=\"canonical\" href=\"https:\/\/wp.kristdemokraterna.se\/uppsala\/vi-infor-aldrepeng\/\" \/>\n<meta property=\"og:locale\" content=\"sv_SE\" \/>\n<meta property=\"og:type\" content=\"article\" \/>\n<meta property=\"og:title\" content=\"Vi inf\u00f6r \u00e4ldrepeng | Kristdemokraterna | Uppsala\" \/>\n<meta property=\"og:description\" content=\"Uppsala har med sina drygt 200 000 inv\u00e5nare fler \u00e4n 30 000 inv\u00e5nare som \u00e4r \u00f6ver 65 \u00e5r. Tiden d\u00e5 varje m\u00e4nniska som passerat det magiska \u00e5lderstrecket 65 klassades som \u201d\u00e4ldre\u201d och d\u00e4rmed endast s\u00e5gs som en del av en grupp med samma behov och \u00f6nskem\u00e5l \u00e4r f\u00f6rbi. \u00c4ldreomsorgen har under alliansens ledning tagit viktiga Read More\" \/>\n<meta property=\"og:url\" content=\"https:\/\/wp.kristdemokraterna.se\/uppsala\/vi-infor-aldrepeng\/\" \/>\n<meta property=\"og:site_name\" content=\"Kristdemokraterna | Uppsala\" \/>\n<meta property=\"article:publisher\" content=\"https:\/\/www.facebook.com\/UppsalaKD\/\" \/>\n<meta property=\"article:published_time\" content=\"2012-03-16T16:21:51+00:00\" \/>\n<meta property=\"article:modified_time\" content=\"2024-04-07T16:27:14+00:00\" \/>\n<meta property=\"og:image\" content=\"https:\/\/wp.kristdemokraterna.se\/uppsala\/files\/2021\/12\/kom1.png\" \/>\n\t<meta property=\"og:image:width\" content=\"770\" \/>\n\t<meta property=\"og:image:height\" content=\"404\" \/>\n\t<meta property=\"og:image:type\" content=\"image\/png\" \/>\n<meta name=\"author\" content=\"SW\" \/>\n<meta name=\"twitter:card\" content=\"summary_large_image\" \/>\n<meta name=\"twitter:label1\" content=\"Skriven av\" \/>\n\t<meta name=\"twitter:data1\" content=\"SW\" \/>\n\t<meta name=\"twitter:label2\" content=\"Ber\u00e4knad l\u00e4stid\" \/>\n\t<meta name=\"twitter:data2\" content=\"4 minuter\" \/>\n<script type=\"application\/ld+json\" class=\"yoast-schema-graph\">{\"@context\":\"https:\\\/\\\/schema.org\",\"@graph\":[{\"@type\":\"Article\",\"@id\":\"https:\\\/\\\/wp.kristdemokraterna.se\\\/uppsala\\\/vi-infor-aldrepeng\\\/#article\",\"isPartOf\":{\"@id\":\"https:\\\/\\\/wp.kristdemokraterna.se\\\/uppsala\\\/vi-infor-aldrepeng\\\/\"},\"author\":{\"name\":\"SW\",\"@id\":\"https:\\\/\\\/wp.kristdemokraterna.se\\\/uppsala\\\/#\\\/schema\\\/person\\\/f9cb6b74e31f645af15b3e679e859ee6\"},\"headline\":\"Vi inf\u00f6r \u00e4ldrepeng\",\"datePublished\":\"2012-03-16T16:21:51+00:00\",\"dateModified\":\"2024-04-07T16:27:14+00:00\",\"mainEntityOfPage\":{\"@id\":\"https:\\\/\\\/wp.kristdemokraterna.se\\\/uppsala\\\/vi-infor-aldrepeng\\\/\"},\"wordCount\":814,\"publisher\":{\"@id\":\"https:\\\/\\\/wp.kristdemokraterna.se\\\/uppsala\\\/#organization\"},\"articleSection\":[\"V\u00e5rd &amp; omsorg\"],\"inLanguage\":\"sv-SE\"},{\"@type\":\"WebPage\",\"@id\":\"https:\\\/\\\/wp.kristdemokraterna.se\\\/uppsala\\\/vi-infor-aldrepeng\\\/\",\"url\":\"https:\\\/\\\/wp.kristdemokraterna.se\\\/uppsala\\\/vi-infor-aldrepeng\\\/\",\"name\":\"Vi inf\u00f6r \u00e4ldrepeng | Kristdemokraterna | Uppsala\",\"isPartOf\":{\"@id\":\"https:\\\/\\\/wp.kristdemokraterna.se\\\/uppsala\\\/#website\"},\"datePublished\":\"2012-03-16T16:21:51+00:00\",\"dateModified\":\"2024-04-07T16:27:14+00:00\",\"breadcrumb\":{\"@id\":\"https:\\\/\\\/wp.kristdemokraterna.se\\\/uppsala\\\/vi-infor-aldrepeng\\\/#breadcrumb\"},\"inLanguage\":\"sv-SE\",\"potentialAction\":[{\"@type\":\"ReadAction\",\"target\":[\"https:\\\/\\\/wp.kristdemokraterna.se\\\/uppsala\\\/vi-infor-aldrepeng\\\/\"]}]},{\"@type\":\"BreadcrumbList\",\"@id\":\"https:\\\/\\\/wp.kristdemokraterna.se\\\/uppsala\\\/vi-infor-aldrepeng\\\/#breadcrumb\",\"itemListElement\":[{\"@type\":\"ListItem\",\"position\":1,\"name\":\"Hem\",\"item\":\"https:\\\/\\\/wp.kristdemokraterna.se\\\/uppsala\\\/\"},{\"@type\":\"ListItem\",\"position\":2,\"name\":\"Vi inf\u00f6r \u00e4ldrepeng\"}]},{\"@type\":\"WebSite\",\"@id\":\"https:\\\/\\\/wp.kristdemokraterna.se\\\/uppsala\\\/#website\",\"url\":\"https:\\\/\\\/wp.kristdemokraterna.se\\\/uppsala\\\/\",\"name\":\"Kristdemokraterna Uppsala\",\"description\":\"Tryggare Uppsala\",\"publisher\":{\"@id\":\"https:\\\/\\\/wp.kristdemokraterna.se\\\/uppsala\\\/#organization\"},\"inLanguage\":\"sv-SE\"},{\"@type\":\"Organization\",\"@id\":\"https:\\\/\\\/wp.kristdemokraterna.se\\\/uppsala\\\/#organization\",\"name\":\"Kristdemokraterna Uppsala\",\"url\":\"https:\\\/\\\/wp.kristdemokraterna.se\\\/uppsala\\\/\",\"logo\":{\"@type\":\"ImageObject\",\"inLanguage\":\"sv-SE\",\"@id\":\"https:\\\/\\\/wp.kristdemokraterna.se\\\/uppsala\\\/#\\\/schema\\\/logo\\\/image\\\/\",\"url\":\"https:\\\/\\\/wp.kristdemokraterna.se\\\/uppsala\\\/files\\\/2019\\\/10\\\/kd-uppsala.png\",\"contentUrl\":\"https:\\\/\\\/wp.kristdemokraterna.se\\\/uppsala\\\/files\\\/2019\\\/10\\\/kd-uppsala.png\",\"width\":804,\"height\":421,\"caption\":\"Kristdemokraterna Uppsala\"},\"image\":{\"@id\":\"https:\\\/\\\/wp.kristdemokraterna.se\\\/uppsala\\\/#\\\/schema\\\/logo\\\/image\\\/\"},\"sameAs\":[\"https:\\\/\\\/www.facebook.com\\\/UppsalaKD\\\/\",\"https:\\\/\\\/www.instagram.com\\\/uppsalakd\\\/\"]},{\"@type\":\"Person\",\"@id\":\"https:\\\/\\\/wp.kristdemokraterna.se\\\/uppsala\\\/#\\\/schema\\\/person\\\/f9cb6b74e31f645af15b3e679e859ee6\",\"name\":\"SW\",\"image\":{\"@type\":\"ImageObject\",\"inLanguage\":\"sv-SE\",\"@id\":\"https:\\\/\\\/secure.gravatar.com\\\/avatar\\\/6a30cdb6f4af08e4cc02fa0d7c4c00e605a7f82aa6bc503cd1248164dcb7cd38?s=96&r=g\",\"url\":\"https:\\\/\\\/secure.gravatar.com\\\/avatar\\\/6a30cdb6f4af08e4cc02fa0d7c4c00e605a7f82aa6bc503cd1248164dcb7cd38?s=96&r=g\",\"contentUrl\":\"https:\\\/\\\/secure.gravatar.com\\\/avatar\\\/6a30cdb6f4af08e4cc02fa0d7c4c00e605a7f82aa6bc503cd1248164dcb7cd38?s=96&r=g\",\"caption\":\"SW\"},\"url\":\"https:\\\/\\\/wp.kristdemokraterna.se\\\/uppsala\\\/author\\\/westberg\\\/\"}]}<\/script>\n<!-- \/ Yoast SEO plugin. -->","yoast_head_json":{"title":"Vi inf\u00f6r \u00e4ldrepeng | Kristdemokraterna | Uppsala","robots":{"index":"index","follow":"follow","max-snippet":"max-snippet:-1","max-image-preview":"max-image-preview:large","max-video-preview":"max-video-preview:-1"},"canonical":"https:\/\/wp.kristdemokraterna.se\/uppsala\/vi-infor-aldrepeng\/","og_locale":"sv_SE","og_type":"article","og_title":"Vi inf\u00f6r \u00e4ldrepeng | Kristdemokraterna | Uppsala","og_description":"Uppsala har med sina drygt 200 000 inv\u00e5nare fler \u00e4n 30 000 inv\u00e5nare som \u00e4r \u00f6ver 65 \u00e5r. Tiden d\u00e5 varje m\u00e4nniska som passerat det magiska \u00e5lderstrecket 65 klassades som \u201d\u00e4ldre\u201d och d\u00e4rmed endast s\u00e5gs som en del av en grupp med samma behov och \u00f6nskem\u00e5l \u00e4r f\u00f6rbi. \u00c4ldreomsorgen har under alliansens ledning tagit viktiga Read More","og_url":"https:\/\/wp.kristdemokraterna.se\/uppsala\/vi-infor-aldrepeng\/","og_site_name":"Kristdemokraterna | Uppsala","article_publisher":"https:\/\/www.facebook.com\/UppsalaKD\/","article_published_time":"2012-03-16T16:21:51+00:00","article_modified_time":"2024-04-07T16:27:14+00:00","og_image":[{"width":770,"height":404,"url":"https:\/\/wp.kristdemokraterna.se\/uppsala\/files\/2021\/12\/kom1.png","type":"image\/png"}],"author":"SW","twitter_card":"summary_large_image","twitter_misc":{"Skriven av":"SW","Ber\u00e4knad l\u00e4stid":"4 minuter"},"schema":{"@context":"https:\/\/schema.org","@graph":[{"@type":"Article","@id":"https:\/\/wp.kristdemokraterna.se\/uppsala\/vi-infor-aldrepeng\/#article","isPartOf":{"@id":"https:\/\/wp.kristdemokraterna.se\/uppsala\/vi-infor-aldrepeng\/"},"author":{"name":"SW","@id":"https:\/\/wp.kristdemokraterna.se\/uppsala\/#\/schema\/person\/f9cb6b74e31f645af15b3e679e859ee6"},"headline":"Vi inf\u00f6r \u00e4ldrepeng","datePublished":"2012-03-16T16:21:51+00:00","dateModified":"2024-04-07T16:27:14+00:00","mainEntityOfPage":{"@id":"https:\/\/wp.kristdemokraterna.se\/uppsala\/vi-infor-aldrepeng\/"},"wordCount":814,"publisher":{"@id":"https:\/\/wp.kristdemokraterna.se\/uppsala\/#organization"},"articleSection":["V\u00e5rd &amp; omsorg"],"inLanguage":"sv-SE"},{"@type":"WebPage","@id":"https:\/\/wp.kristdemokraterna.se\/uppsala\/vi-infor-aldrepeng\/","url":"https:\/\/wp.kristdemokraterna.se\/uppsala\/vi-infor-aldrepeng\/","name":"Vi inf\u00f6r \u00e4ldrepeng | Kristdemokraterna | Uppsala","isPartOf":{"@id":"https:\/\/wp.kristdemokraterna.se\/uppsala\/#website"},"datePublished":"2012-03-16T16:21:51+00:00","dateModified":"2024-04-07T16:27:14+00:00","breadcrumb":{"@id":"https:\/\/wp.kristdemokraterna.se\/uppsala\/vi-infor-aldrepeng\/#breadcrumb"},"inLanguage":"sv-SE","potentialAction":[{"@type":"ReadAction","target":["https:\/\/wp.kristdemokraterna.se\/uppsala\/vi-infor-aldrepeng\/"]}]},{"@type":"BreadcrumbList","@id":"https:\/\/wp.kristdemokraterna.se\/uppsala\/vi-infor-aldrepeng\/#breadcrumb","itemListElement":[{"@type":"ListItem","position":1,"name":"Hem","item":"https:\/\/wp.kristdemokraterna.se\/uppsala\/"},{"@type":"ListItem","position":2,"name":"Vi inf\u00f6r \u00e4ldrepeng"}]},{"@type":"WebSite","@id":"https:\/\/wp.kristdemokraterna.se\/uppsala\/#website","url":"https:\/\/wp.kristdemokraterna.se\/uppsala\/","name":"Kristdemokraterna Uppsala","description":"Tryggare Uppsala","publisher":{"@id":"https:\/\/wp.kristdemokraterna.se\/uppsala\/#organization"},"inLanguage":"sv-SE"},{"@type":"Organization","@id":"https:\/\/wp.kristdemokraterna.se\/uppsala\/#organization","name":"Kristdemokraterna Uppsala","url":"https:\/\/wp.kristdemokraterna.se\/uppsala\/","logo":{"@type":"ImageObject","inLanguage":"sv-SE","@id":"https:\/\/wp.kristdemokraterna.se\/uppsala\/#\/schema\/logo\/image\/","url":"https:\/\/wp.kristdemokraterna.se\/uppsala\/files\/2019\/10\/kd-uppsala.png","contentUrl":"https:\/\/wp.kristdemokraterna.se\/uppsala\/files\/2019\/10\/kd-uppsala.png","width":804,"height":421,"caption":"Kristdemokraterna Uppsala"},"image":{"@id":"https:\/\/wp.kristdemokraterna.se\/uppsala\/#\/schema\/logo\/image\/"},"sameAs":["https:\/\/www.facebook.com\/UppsalaKD\/","https:\/\/www.instagram.com\/uppsalakd\/"]},{"@type":"Person","@id":"https:\/\/wp.kristdemokraterna.se\/uppsala\/#\/schema\/person\/f9cb6b74e31f645af15b3e679e859ee6","name":"SW","image":{"@type":"ImageObject","inLanguage":"sv-SE","@id":"https:\/\/secure.gravatar.com\/avatar\/6a30cdb6f4af08e4cc02fa0d7c4c00e605a7f82aa6bc503cd1248164dcb7cd38?s=96&r=g","url":"https:\/\/secure.gravatar.com\/avatar\/6a30cdb6f4af08e4cc02fa0d7c4c00e605a7f82aa6bc503cd1248164dcb7cd38?s=96&r=g","contentUrl":"https:\/\/secure.gravatar.com\/avatar\/6a30cdb6f4af08e4cc02fa0d7c4c00e605a7f82aa6bc503cd1248164dcb7cd38?s=96&r=g","caption":"SW"},"url":"https:\/\/wp.kristdemokraterna.se\/uppsala\/author\/westberg\/"}]}},"_links":{"self":[{"href":"https:\/\/wp.kristdemokraterna.se\/uppsala\/wp-json\/wp\/v2\/posts\/355","targetHints":{"allow":["GET"]}}],"collection":[{"href":"https:\/\/wp.kristdemokraterna.se\/uppsala\/wp-json\/wp\/v2\/posts"}],"about":[{"href":"https:\/\/wp.kristdemokraterna.se\/uppsala\/wp-json\/wp\/v2\/types\/post"}],"author":[{"embeddable":true,"href":"https:\/\/wp.kristdemokraterna.se\/uppsala\/wp-json\/wp\/v2\/users\/573"}],"replies":[{"embeddable":true,"href":"https:\/\/wp.kristdemokraterna.se\/uppsala\/wp-json\/wp\/v2\/comments?post=355"}],"version-history":[{"count":1,"href":"https:\/\/wp.kristdemokraterna.se\/uppsala\/wp-json\/wp\/v2\/posts\/355\/revisions"}],"predecessor-version":[{"id":1832,"href":"https:\/\/wp.kristdemokraterna.se\/uppsala\/wp-json\/wp\/v2\/posts\/355\/revisions\/1832"}],"wp:attachment":[{"href":"https:\/\/wp.kristdemokraterna.se\/uppsala\/wp-json\/wp\/v2\/media?parent=355"}],"wp:term":[{"taxonomy":"category","embeddable":true,"href":"https:\/\/wp.kristdemokraterna.se\/uppsala\/wp-json\/wp\/v2\/categories?post=355"},{"taxonomy":"post_tag","embeddable":true,"href":"https:\/\/wp.kristdemokraterna.se\/uppsala\/wp-json\/wp\/v2\/tags?post=355"}],"curies":[{"name":"wp","href":"https:\/\/api.w.org\/{rel}","templated":true}]}}