{"id":3554,"date":"2020-02-12T13:11:24","date_gmt":"2020-02-12T12:11:24","guid":{"rendered":"http:\/\/wp.kristdemokraterna.se\/uppsala\/?p=3554"},"modified":"2024-04-07T18:02:35","modified_gmt":"2024-04-07T16:02:35","slug":"vi-backar-upp-knivstas-fraga-om-nysala","status":"publish","type":"post","link":"https:\/\/wp.kristdemokraterna.se\/uppsala\/vi-backar-upp-knivstas-fraga-om-nysala\/","title":{"rendered":"Vi backar upp Knivstas fr\u00e5ga om Nysala"},"content":{"rendered":"<p><strong>Idag sammantr\u00e4der b\u00e5de kommunstyrelsen i Uppsala och kommunstyrelsens arbetsutskott i Knivsta. Den gemensamma n\u00e4mnaren \u00e4r att Kristdemokraterna i b\u00e5da f\u00f6rsamlingarna samtidigt l\u00e4gger initiativ om en tidigarel\u00e4ggning av planeringen i \u201dNysala\u201d, och att man ska se \u00f6ver en gemensam omf\u00f6rhandling av fyrsp\u00e5rsavtalet.<\/strong><\/p>\n<p>Bakgrunden \u00e4r att det politiska styret i Knivsta i fredags sv\u00e4ngde i fr\u00e5gan om att omf\u00f6rhandla fyrsp\u00e5rsavtalet och nu f\u00f6resl\u00e5r att det ska g\u00f6ras, detta efter p\u00e5tryckningar fr\u00e5n oppositionen och folkomr\u00f6stningsinitiativet. KD i Knivsta har under flera \u00e5r varit mycket tydliga med att vi vill se en omf\u00f6rhandling i syfte att minska antalet bost\u00e4der.<\/p>\n<p><strong>En l\u00f6sning f\u00f6r Knivsta vore att Uppsala kommun bygger en del av de utlovade bost\u00e4derna, eftersom det skulle inneb\u00e4ra en mer spridd exploatering samtidigt som staten inte beh\u00f6ver s\u00e4nka ambitionsniv\u00e5n. 5000-7000 bost\u00e4der skulle l\u00e4tt kunna rymmas inom omr\u00e5det kallat \u201dNysala\u201d som utpekas i nytt f\u00f6rslag f\u00f6r den f\u00f6rdjupade \u00f6versiktsplanen f\u00f6r Syd\u00f6stra stadsdelarna i Uppsala.<\/strong><\/p>\n<p>&nbsp;<\/p>\n<blockquote><p><em>&#8211; Om Uppsala och Knivsta kan dela p\u00e5 statens krav p\u00e5 nya bost\u00e4der s\u00e5 \u00e4r det en vinst f\u00f6r b\u00e5da kommunerna, som b\u00e5da st\u00e5r inf\u00f6r olika utmaningar kring detta. Det \u00e4r orealistiskt av staten att tro att Knivsta med 18.000 inv\u00e5nare ska klara en utbyggnad f\u00f6r ytterligare 35.000 inv\u00e5nare fram till 2050, s\u00e4ger Jonas Segersam (KD) kommunalr\u00e5d i Uppsala.<\/em><\/p><\/blockquote>\n<p>Omr\u00e5det mellan j\u00e4rnv\u00e4gen och E4, det som kallas Nysala, l\u00e4mpar sig utm\u00e4rkt f\u00f6r att bygga stad. Det \u00e4r ett skogsomr\u00e5de som varken st\u00f6r befintlig bebyggelse med goda kommunikationsm\u00f6jligheter, och som hindrar o\u00f6nskad utbyggnad p\u00e5 Danmarkssl\u00e4tten och \u00e4ven i Knivsta och Alsike.<\/p>\n<p>&nbsp;<\/p>\n<blockquote><p><em>&#8211; N\u00e4r det g\u00e4ller viktiga infrastruktur- och stadsbyggnadsprojekt som fyrsp\u00e5rsavtalet s\u00e5 \u00e4r det helt avg\u00f6rande med en bred folklig f\u00f6rankring. B\u00e5de inv\u00e5nare i Uppsala och i Knivsta har markerat kraftigt mot att statens planer \u00e4r f\u00f6r omfattande, och d\u00e5 vill vi kristdemokrater konstruktivt arbeta tillsammans f\u00f6r ett f\u00f6rslag som kan gillas av b\u00e5de staten, kommunen och regionen, f\u00f6r fyra sp\u00e5r vill ju, avslutar Segersam<\/em><\/p><\/blockquote>\n<p>&nbsp;<\/p>\n<p>V\u00e5rt f\u00f6rslag \u00f6ppnar ocks\u00e5 upp f\u00f6r fler m\u00f6jligheter. Exempelvis kan man utreda om det g\u00e5r att koppla ihop kommunernas VA-n\u00e4t, som skulle inneb\u00e4ra att vi b\u00e5de f\u00e5r en b\u00e4ttre redundans n\u00e4r det g\u00e4ller vattenf\u00f6rs\u00f6rjningen och s\u00e4kerst\u00e4ller kapacitet f\u00f6r avlopp. Man skulle ocks\u00e5 kunna titta p\u00e5 att f\u00f6rl\u00e4nga Uppsala Sp\u00e5rv\u00e4g\/en ny stadsbana s\u00f6derut mot Alsike och Knivsta och p\u00e5 s\u00e5 s\u00e4tt koppla ihop infrastrukturen. Om fr\u00e5gan g\u00e5r fram\u00e5t s\u00e5 kan \u00e4ven en justering av kommungr\u00e4nsen bli aktuell eftersom det har visat sig v\u00e4ldigt sv\u00e5rt att genomf\u00f6ra investeringar och utveckling precis p\u00e5 kommungr\u00e4nsen.<strong><br \/>\n<\/strong><\/p>\n","protected":false},"excerpt":{"rendered":"<p>Idag sammantr\u00e4der b\u00e5de kommunstyrelsen i Uppsala och kommunstyrelsens arbetsutskott i Knivsta. Den gemensamma n\u00e4mnaren \u00e4r att Kristdemokraterna i b\u00e5da f\u00f6rsamlingarna samtidigt l\u00e4gger initiativ om en tidigarel\u00e4ggning av planeringen i \u201dNysala\u201d, och att man ska se \u00f6ver en gemensam omf\u00f6rhandling av fyrsp\u00e5rsavtalet. Bakgrunden \u00e4r att det politiska styret i Knivsta i fredags sv\u00e4ngde i fr\u00e5gan om <a class=\"read-more-link\" href=\"https:\/\/wp.kristdemokraterna.se\/uppsala\/vi-backar-upp-knivstas-fraga-om-nysala\/\">Read More<\/a><\/p>\n","protected":false},"author":702,"featured_media":0,"comment_status":"closed","ping_status":"closed","sticky":false,"template":"","format":"standard","meta":{"_acf_changed":false,"footnotes":""},"categories":[232],"tags":[],"class_list":["post-3554","post","type-post","status-publish","format-standard","hentry","category-kollektivtrafik-o-stadsplanering"],"acf":[],"yoast_head":"<!-- This site is optimized with the Yoast SEO plugin v27.4 - https:\/\/yoast.com\/product\/yoast-seo-wordpress\/ -->\n<title>Vi backar upp Knivstas fr\u00e5ga om Nysala | Kristdemokraterna | Uppsala<\/title>\n<meta name=\"robots\" content=\"index, follow, max-snippet:-1, max-image-preview:large, max-video-preview:-1\" \/>\n<link rel=\"canonical\" href=\"https:\/\/wp.kristdemokraterna.se\/uppsala\/vi-backar-upp-knivstas-fraga-om-nysala\/\" \/>\n<meta property=\"og:locale\" content=\"sv_SE\" \/>\n<meta property=\"og:type\" content=\"article\" \/>\n<meta property=\"og:title\" content=\"Vi backar upp Knivstas fr\u00e5ga om Nysala | Kristdemokraterna | Uppsala\" \/>\n<meta property=\"og:description\" content=\"Idag sammantr\u00e4der b\u00e5de kommunstyrelsen i Uppsala och kommunstyrelsens arbetsutskott i Knivsta. Den gemensamma n\u00e4mnaren \u00e4r att Kristdemokraterna i b\u00e5da f\u00f6rsamlingarna samtidigt l\u00e4gger initiativ om en tidigarel\u00e4ggning av planeringen i \u201dNysala\u201d, och att man ska se \u00f6ver en gemensam omf\u00f6rhandling av fyrsp\u00e5rsavtalet. Bakgrunden \u00e4r att det politiska styret i Knivsta i fredags sv\u00e4ngde i fr\u00e5gan om Read More\" \/>\n<meta property=\"og:url\" content=\"https:\/\/wp.kristdemokraterna.se\/uppsala\/vi-backar-upp-knivstas-fraga-om-nysala\/\" \/>\n<meta property=\"og:site_name\" content=\"Kristdemokraterna | Uppsala\" \/>\n<meta property=\"article:publisher\" content=\"https:\/\/www.facebook.com\/UppsalaKD\/\" \/>\n<meta property=\"article:published_time\" content=\"2020-02-12T12:11:24+00:00\" \/>\n<meta property=\"article:modified_time\" content=\"2024-04-07T16:02:35+00:00\" \/>\n<meta property=\"og:image\" content=\"https:\/\/wp.kristdemokraterna.se\/uppsala\/files\/2021\/12\/kom1.png\" \/>\n\t<meta property=\"og:image:width\" content=\"770\" \/>\n\t<meta property=\"og:image:height\" content=\"404\" \/>\n\t<meta property=\"og:image:type\" content=\"image\/png\" \/>\n<meta name=\"author\" content=\"Mimmi Westerlund\" \/>\n<meta name=\"twitter:card\" content=\"summary_large_image\" \/>\n<meta name=\"twitter:label1\" content=\"Skriven av\" \/>\n\t<meta name=\"twitter:data1\" content=\"Mimmi Westerlund\" \/>\n\t<meta name=\"twitter:label2\" content=\"Ber\u00e4knad l\u00e4stid\" \/>\n\t<meta name=\"twitter:data2\" content=\"2 minuter\" \/>\n<script type=\"application\/ld+json\" class=\"yoast-schema-graph\">{\"@context\":\"https:\\\/\\\/schema.org\",\"@graph\":[{\"@type\":\"Article\",\"@id\":\"https:\\\/\\\/wp.kristdemokraterna.se\\\/uppsala\\\/vi-backar-upp-knivstas-fraga-om-nysala\\\/#article\",\"isPartOf\":{\"@id\":\"https:\\\/\\\/wp.kristdemokraterna.se\\\/uppsala\\\/vi-backar-upp-knivstas-fraga-om-nysala\\\/\"},\"author\":{\"name\":\"Mimmi Westerlund\",\"@id\":\"https:\\\/\\\/wp.kristdemokraterna.se\\\/uppsala\\\/#\\\/schema\\\/person\\\/038d805d685fb0ce5ad14ab8711d8e84\"},\"headline\":\"Vi backar upp Knivstas fr\u00e5ga om Nysala\",\"datePublished\":\"2020-02-12T12:11:24+00:00\",\"dateModified\":\"2024-04-07T16:02:35+00:00\",\"mainEntityOfPage\":{\"@id\":\"https:\\\/\\\/wp.kristdemokraterna.se\\\/uppsala\\\/vi-backar-upp-knivstas-fraga-om-nysala\\\/\"},\"wordCount\":515,\"publisher\":{\"@id\":\"https:\\\/\\\/wp.kristdemokraterna.se\\\/uppsala\\\/#organization\"},\"articleSection\":[\"Kollektivtrafik &amp; Stadsplanering\"],\"inLanguage\":\"sv-SE\"},{\"@type\":\"WebPage\",\"@id\":\"https:\\\/\\\/wp.kristdemokraterna.se\\\/uppsala\\\/vi-backar-upp-knivstas-fraga-om-nysala\\\/\",\"url\":\"https:\\\/\\\/wp.kristdemokraterna.se\\\/uppsala\\\/vi-backar-upp-knivstas-fraga-om-nysala\\\/\",\"name\":\"Vi backar upp Knivstas fr\u00e5ga om Nysala | Kristdemokraterna | Uppsala\",\"isPartOf\":{\"@id\":\"https:\\\/\\\/wp.kristdemokraterna.se\\\/uppsala\\\/#website\"},\"datePublished\":\"2020-02-12T12:11:24+00:00\",\"dateModified\":\"2024-04-07T16:02:35+00:00\",\"breadcrumb\":{\"@id\":\"https:\\\/\\\/wp.kristdemokraterna.se\\\/uppsala\\\/vi-backar-upp-knivstas-fraga-om-nysala\\\/#breadcrumb\"},\"inLanguage\":\"sv-SE\",\"potentialAction\":[{\"@type\":\"ReadAction\",\"target\":[\"https:\\\/\\\/wp.kristdemokraterna.se\\\/uppsala\\\/vi-backar-upp-knivstas-fraga-om-nysala\\\/\"]}]},{\"@type\":\"BreadcrumbList\",\"@id\":\"https:\\\/\\\/wp.kristdemokraterna.se\\\/uppsala\\\/vi-backar-upp-knivstas-fraga-om-nysala\\\/#breadcrumb\",\"itemListElement\":[{\"@type\":\"ListItem\",\"position\":1,\"name\":\"Hem\",\"item\":\"https:\\\/\\\/wp.kristdemokraterna.se\\\/uppsala\\\/\"},{\"@type\":\"ListItem\",\"position\":2,\"name\":\"Vi backar upp Knivstas fr\u00e5ga om Nysala\"}]},{\"@type\":\"WebSite\",\"@id\":\"https:\\\/\\\/wp.kristdemokraterna.se\\\/uppsala\\\/#website\",\"url\":\"https:\\\/\\\/wp.kristdemokraterna.se\\\/uppsala\\\/\",\"name\":\"Kristdemokraterna Uppsala\",\"description\":\"Tryggare Uppsala\",\"publisher\":{\"@id\":\"https:\\\/\\\/wp.kristdemokraterna.se\\\/uppsala\\\/#organization\"},\"inLanguage\":\"sv-SE\"},{\"@type\":\"Organization\",\"@id\":\"https:\\\/\\\/wp.kristdemokraterna.se\\\/uppsala\\\/#organization\",\"name\":\"Kristdemokraterna Uppsala\",\"url\":\"https:\\\/\\\/wp.kristdemokraterna.se\\\/uppsala\\\/\",\"logo\":{\"@type\":\"ImageObject\",\"inLanguage\":\"sv-SE\",\"@id\":\"https:\\\/\\\/wp.kristdemokraterna.se\\\/uppsala\\\/#\\\/schema\\\/logo\\\/image\\\/\",\"url\":\"https:\\\/\\\/wp.kristdemokraterna.se\\\/uppsala\\\/files\\\/2019\\\/10\\\/kd-uppsala.png\",\"contentUrl\":\"https:\\\/\\\/wp.kristdemokraterna.se\\\/uppsala\\\/files\\\/2019\\\/10\\\/kd-uppsala.png\",\"width\":804,\"height\":421,\"caption\":\"Kristdemokraterna Uppsala\"},\"image\":{\"@id\":\"https:\\\/\\\/wp.kristdemokraterna.se\\\/uppsala\\\/#\\\/schema\\\/logo\\\/image\\\/\"},\"sameAs\":[\"https:\\\/\\\/www.facebook.com\\\/UppsalaKD\\\/\",\"https:\\\/\\\/www.instagram.com\\\/uppsalakd\\\/\"]},{\"@type\":\"Person\",\"@id\":\"https:\\\/\\\/wp.kristdemokraterna.se\\\/uppsala\\\/#\\\/schema\\\/person\\\/038d805d685fb0ce5ad14ab8711d8e84\",\"name\":\"Mimmi Westerlund\",\"image\":{\"@type\":\"ImageObject\",\"inLanguage\":\"sv-SE\",\"@id\":\"https:\\\/\\\/secure.gravatar.com\\\/avatar\\\/a5697359f709b6b10d9c7e6a7c89f3e054554dedb4657d5ffe9e5bc5b1445841?s=96&r=g\",\"url\":\"https:\\\/\\\/secure.gravatar.com\\\/avatar\\\/a5697359f709b6b10d9c7e6a7c89f3e054554dedb4657d5ffe9e5bc5b1445841?s=96&r=g\",\"contentUrl\":\"https:\\\/\\\/secure.gravatar.com\\\/avatar\\\/a5697359f709b6b10d9c7e6a7c89f3e054554dedb4657d5ffe9e5bc5b1445841?s=96&r=g\",\"caption\":\"Mimmi Westerlund\"},\"url\":\"https:\\\/\\\/wp.kristdemokraterna.se\\\/uppsala\\\/author\\\/mimmi\\\/\"}]}<\/script>\n<!-- \/ Yoast SEO plugin. -->","yoast_head_json":{"title":"Vi backar upp Knivstas fr\u00e5ga om Nysala | Kristdemokraterna | Uppsala","robots":{"index":"index","follow":"follow","max-snippet":"max-snippet:-1","max-image-preview":"max-image-preview:large","max-video-preview":"max-video-preview:-1"},"canonical":"https:\/\/wp.kristdemokraterna.se\/uppsala\/vi-backar-upp-knivstas-fraga-om-nysala\/","og_locale":"sv_SE","og_type":"article","og_title":"Vi backar upp Knivstas fr\u00e5ga om Nysala | Kristdemokraterna | Uppsala","og_description":"Idag sammantr\u00e4der b\u00e5de kommunstyrelsen i Uppsala och kommunstyrelsens arbetsutskott i Knivsta. Den gemensamma n\u00e4mnaren \u00e4r att Kristdemokraterna i b\u00e5da f\u00f6rsamlingarna samtidigt l\u00e4gger initiativ om en tidigarel\u00e4ggning av planeringen i \u201dNysala\u201d, och att man ska se \u00f6ver en gemensam omf\u00f6rhandling av fyrsp\u00e5rsavtalet. Bakgrunden \u00e4r att det politiska styret i Knivsta i fredags sv\u00e4ngde i fr\u00e5gan om Read More","og_url":"https:\/\/wp.kristdemokraterna.se\/uppsala\/vi-backar-upp-knivstas-fraga-om-nysala\/","og_site_name":"Kristdemokraterna | Uppsala","article_publisher":"https:\/\/www.facebook.com\/UppsalaKD\/","article_published_time":"2020-02-12T12:11:24+00:00","article_modified_time":"2024-04-07T16:02:35+00:00","og_image":[{"width":770,"height":404,"url":"https:\/\/wp.kristdemokraterna.se\/uppsala\/files\/2021\/12\/kom1.png","type":"image\/png"}],"author":"Mimmi Westerlund","twitter_card":"summary_large_image","twitter_misc":{"Skriven av":"Mimmi Westerlund","Ber\u00e4knad l\u00e4stid":"2 minuter"},"schema":{"@context":"https:\/\/schema.org","@graph":[{"@type":"Article","@id":"https:\/\/wp.kristdemokraterna.se\/uppsala\/vi-backar-upp-knivstas-fraga-om-nysala\/#article","isPartOf":{"@id":"https:\/\/wp.kristdemokraterna.se\/uppsala\/vi-backar-upp-knivstas-fraga-om-nysala\/"},"author":{"name":"Mimmi Westerlund","@id":"https:\/\/wp.kristdemokraterna.se\/uppsala\/#\/schema\/person\/038d805d685fb0ce5ad14ab8711d8e84"},"headline":"Vi backar upp Knivstas fr\u00e5ga om Nysala","datePublished":"2020-02-12T12:11:24+00:00","dateModified":"2024-04-07T16:02:35+00:00","mainEntityOfPage":{"@id":"https:\/\/wp.kristdemokraterna.se\/uppsala\/vi-backar-upp-knivstas-fraga-om-nysala\/"},"wordCount":515,"publisher":{"@id":"https:\/\/wp.kristdemokraterna.se\/uppsala\/#organization"},"articleSection":["Kollektivtrafik &amp; Stadsplanering"],"inLanguage":"sv-SE"},{"@type":"WebPage","@id":"https:\/\/wp.kristdemokraterna.se\/uppsala\/vi-backar-upp-knivstas-fraga-om-nysala\/","url":"https:\/\/wp.kristdemokraterna.se\/uppsala\/vi-backar-upp-knivstas-fraga-om-nysala\/","name":"Vi backar upp Knivstas fr\u00e5ga om Nysala | Kristdemokraterna | Uppsala","isPartOf":{"@id":"https:\/\/wp.kristdemokraterna.se\/uppsala\/#website"},"datePublished":"2020-02-12T12:11:24+00:00","dateModified":"2024-04-07T16:02:35+00:00","breadcrumb":{"@id":"https:\/\/wp.kristdemokraterna.se\/uppsala\/vi-backar-upp-knivstas-fraga-om-nysala\/#breadcrumb"},"inLanguage":"sv-SE","potentialAction":[{"@type":"ReadAction","target":["https:\/\/wp.kristdemokraterna.se\/uppsala\/vi-backar-upp-knivstas-fraga-om-nysala\/"]}]},{"@type":"BreadcrumbList","@id":"https:\/\/wp.kristdemokraterna.se\/uppsala\/vi-backar-upp-knivstas-fraga-om-nysala\/#breadcrumb","itemListElement":[{"@type":"ListItem","position":1,"name":"Hem","item":"https:\/\/wp.kristdemokraterna.se\/uppsala\/"},{"@type":"ListItem","position":2,"name":"Vi backar upp Knivstas fr\u00e5ga om Nysala"}]},{"@type":"WebSite","@id":"https:\/\/wp.kristdemokraterna.se\/uppsala\/#website","url":"https:\/\/wp.kristdemokraterna.se\/uppsala\/","name":"Kristdemokraterna Uppsala","description":"Tryggare Uppsala","publisher":{"@id":"https:\/\/wp.kristdemokraterna.se\/uppsala\/#organization"},"inLanguage":"sv-SE"},{"@type":"Organization","@id":"https:\/\/wp.kristdemokraterna.se\/uppsala\/#organization","name":"Kristdemokraterna Uppsala","url":"https:\/\/wp.kristdemokraterna.se\/uppsala\/","logo":{"@type":"ImageObject","inLanguage":"sv-SE","@id":"https:\/\/wp.kristdemokraterna.se\/uppsala\/#\/schema\/logo\/image\/","url":"https:\/\/wp.kristdemokraterna.se\/uppsala\/files\/2019\/10\/kd-uppsala.png","contentUrl":"https:\/\/wp.kristdemokraterna.se\/uppsala\/files\/2019\/10\/kd-uppsala.png","width":804,"height":421,"caption":"Kristdemokraterna Uppsala"},"image":{"@id":"https:\/\/wp.kristdemokraterna.se\/uppsala\/#\/schema\/logo\/image\/"},"sameAs":["https:\/\/www.facebook.com\/UppsalaKD\/","https:\/\/www.instagram.com\/uppsalakd\/"]},{"@type":"Person","@id":"https:\/\/wp.kristdemokraterna.se\/uppsala\/#\/schema\/person\/038d805d685fb0ce5ad14ab8711d8e84","name":"Mimmi Westerlund","image":{"@type":"ImageObject","inLanguage":"sv-SE","@id":"https:\/\/secure.gravatar.com\/avatar\/a5697359f709b6b10d9c7e6a7c89f3e054554dedb4657d5ffe9e5bc5b1445841?s=96&r=g","url":"https:\/\/secure.gravatar.com\/avatar\/a5697359f709b6b10d9c7e6a7c89f3e054554dedb4657d5ffe9e5bc5b1445841?s=96&r=g","contentUrl":"https:\/\/secure.gravatar.com\/avatar\/a5697359f709b6b10d9c7e6a7c89f3e054554dedb4657d5ffe9e5bc5b1445841?s=96&r=g","caption":"Mimmi Westerlund"},"url":"https:\/\/wp.kristdemokraterna.se\/uppsala\/author\/mimmi\/"}]}},"_links":{"self":[{"href":"https:\/\/wp.kristdemokraterna.se\/uppsala\/wp-json\/wp\/v2\/posts\/3554","targetHints":{"allow":["GET"]}}],"collection":[{"href":"https:\/\/wp.kristdemokraterna.se\/uppsala\/wp-json\/wp\/v2\/posts"}],"about":[{"href":"https:\/\/wp.kristdemokraterna.se\/uppsala\/wp-json\/wp\/v2\/types\/post"}],"author":[{"embeddable":true,"href":"https:\/\/wp.kristdemokraterna.se\/uppsala\/wp-json\/wp\/v2\/users\/702"}],"replies":[{"embeddable":true,"href":"https:\/\/wp.kristdemokraterna.se\/uppsala\/wp-json\/wp\/v2\/comments?post=3554"}],"version-history":[{"count":3,"href":"https:\/\/wp.kristdemokraterna.se\/uppsala\/wp-json\/wp\/v2\/posts\/3554\/revisions"}],"predecessor-version":[{"id":3557,"href":"https:\/\/wp.kristdemokraterna.se\/uppsala\/wp-json\/wp\/v2\/posts\/3554\/revisions\/3557"}],"wp:attachment":[{"href":"https:\/\/wp.kristdemokraterna.se\/uppsala\/wp-json\/wp\/v2\/media?parent=3554"}],"wp:term":[{"taxonomy":"category","embeddable":true,"href":"https:\/\/wp.kristdemokraterna.se\/uppsala\/wp-json\/wp\/v2\/categories?post=3554"},{"taxonomy":"post_tag","embeddable":true,"href":"https:\/\/wp.kristdemokraterna.se\/uppsala\/wp-json\/wp\/v2\/tags?post=3554"}],"curies":[{"name":"wp","href":"https:\/\/api.w.org\/{rel}","templated":true}]}}