{"id":3588,"date":"2020-03-08T19:26:04","date_gmt":"2020-03-08T18:26:04","guid":{"rendered":"http:\/\/wp.kristdemokraterna.se\/uppsala\/?p=3588"},"modified":"2024-04-04T00:56:05","modified_gmt":"2024-04-03T22:56:05","slug":"kd-sager-nej-till-bade-sparvag-och-brt-i-centrum","status":"publish","type":"post","link":"https:\/\/wp.kristdemokraterna.se\/uppsala\/kd-sager-nej-till-bade-sparvag-och-brt-i-centrum\/","title":{"rendered":"KD s\u00e4ger nej till b\u00e5de sp\u00e5rv\u00e4g och BRT i centrum"},"content":{"rendered":"<p><b>Kristdemokraterna i Uppsala har efter en intern demokratisk process beslutat att r\u00f6sta emot b\u00e5de sp\u00e5rv\u00e4g och BRT fr\u00e5n Resecentrum till Gottsunda och Ultuna. Den huvudsakliga anledningen \u00e4r att vi v\u00e4nder oss emot en kollektivtrafikutbyggnad i centrum innan \u00f6vrig planering \u00e4r mogen f\u00f6r det, och framf\u00f6r allt innan man har tittat p\u00e5 m\u00f6jligheten f\u00f6r en ny bro s\u00e5 att inte all trafik ska beh\u00f6va g\u00e5 via Islandsbron och B\u00e4verns gr\u00e4nd.<\/b><\/p>\n<blockquote><p>&#8211; Att fatta beslut om ett nytt kollektivtrafiksystem med nya linjer innan det \u00e4r best\u00e4mt hur det blir med ombyggnationen av Uppsalas resecentrum, och nya broar \u00f6ver Fyris\u00e5n, vore ett stort och n\u00e4stan o\u00e5terkalleligt misstag. F\u00f6rslaget skulle inneb\u00e4ra att Kungsgatan st\u00e4ngs helt f\u00f6r biltrafik, samt att tv\u00e5 sp\u00e5rv\u00e4gslinjer m\u00e5ste samsas om str\u00e4ckan \u00f6ver B\u00e4verns gr\u00e4nd och Islandsbron, kommenterar Jonas Segersam och forts\u00e4tter:<span class=\"Apple-converted-space\">\u00a0<\/span><\/p>\n<p>&#8211; Som det \u00e4r nu s\u00e5 har styret bara hastat fram detta f\u00f6rslag som till\u00e4gg till det ursprungliga f\u00f6rslaget om kapacitetsstark kollektivtrafik i Ultunal\u00e4nken. N\u00e4r det g\u00e4ller ett s\u00e5 stort beslut som nytt kollektivtrafiksystem i centrum s\u00e5 kan man inte hasta fram det. Av samma anledning s\u00e4ger vi ocks\u00e5 i nul\u00e4get nej att utreda BRT till Gr\u00e4nby, som styret bara den senaste veckan lagt in som ett nytt f\u00f6rslag till beslut.<span class=\"Apple-converted-space\">\u00a0<\/span><\/p><\/blockquote>\n<p><b>Detta besked inneb\u00e4r till viss del att Kristdemokraterna byter linje. Inf\u00f6r valet 2010 var KD i Uppsala aktiva f\u00f6r att f\u00e5 till en sp\u00e5rv\u00e4gsutredning och s\u00f6ka medlemskap i f\u00f6reningen sp\u00e5rv\u00e4gsst\u00e4der. Fr\u00e5gan diskuterades p\u00e5 ett medlemsm\u00f6te och sedan dess har detta varit partiets politik i Uppsala. Men n\u00e4r utredningen nu har kommit 10 \u00e5r senare s\u00e5 st\u00e5r det klart att m\u00e5nga b\u00e5de nya och gamla medlemmar \u00e4r mer skeptiska. N\u00e4r det g\u00e4ller str\u00e4ckan mellan Bergsbrunna och Gottsunda st\u00e5r dock Kristdemokraterna fast \u2013 en fortsatt utredning kan fortg\u00e5 innan slutligt beslut 2021. Anledningen \u00e4r att den str\u00e4ckan \u00e4r betydligt mer utredd och att nyttan av sp\u00e5rv\u00e4g \u00e4r mindre kontroversiell.<\/b><\/p>\n<blockquote><p>&#8211; \u00c4ven om vi \u00e4r f\u00f6r fyrsp\u00e5r och en ny j\u00e4rnv\u00e4gsstation s\u00f6der om Bergsbrunna s\u00e5 har vi som parti hela tiden drivit att man ska stadsplanera p\u00e5 ett helt annat s\u00e4tt \u00e4n v\u00e4nsterstyret g\u00f6r. Vi vill \u00f6ka andelen egnahem och s\u00e4kerst\u00e4lla rimliga boendef\u00f6rh\u00e5llanden f\u00f6r barnfamiljer, s\u00e4ger Elias Moberg som \u00e4r ordf\u00f6rande f\u00f6r Kristdemokraterna i Uppsala.<\/p>\n<p>&#8211; Vi vill inte se ett nytt miljonprogramsomr\u00e5de utan \u00e4r m\u00e5na om att Uppsala f\u00e5r en f\u00f6rnuftig och genomt\u00e4nkt stadsutveckling framf\u00f6r att genomf\u00f6ra v\u00e4nsterexperiment.<\/p><\/blockquote>\n<p><b>P\u00e5 kommunstyrelsen den 11 mars kommer Kristdemokraterna d\u00e4rf\u00f6r att r\u00f6sta nej till minoritetsstyrets f\u00f6rslag, och l\u00e4gger ist\u00e4llet fram egna alternativa yrkanden som inneb\u00e4r att planeringen f\u00f6r kapacitetsstark kollektivtrafik mellan city och Gottsunda\/Ultuna avbryts.<\/b><\/p>\n","protected":false},"excerpt":{"rendered":"<p>Kristdemokraterna i Uppsala har efter en intern demokratisk process beslutat att r\u00f6sta emot b\u00e5de sp\u00e5rv\u00e4g och BRT fr\u00e5n Resecentrum till Gottsunda och Ultuna. Den huvudsakliga anledningen \u00e4r att vi v\u00e4nder oss emot en kollektivtrafikutbyggnad i centrum innan \u00f6vrig planering \u00e4r mogen f\u00f6r det, och framf\u00f6r allt innan man har tittat p\u00e5 m\u00f6jligheten f\u00f6r en ny <a class=\"read-more-link\" href=\"https:\/\/wp.kristdemokraterna.se\/uppsala\/kd-sager-nej-till-bade-sparvag-och-brt-i-centrum\/\">Read More<\/a><\/p>\n","protected":false},"author":702,"featured_media":0,"comment_status":"closed","ping_status":"closed","sticky":false,"template":"","format":"standard","meta":{"_acf_changed":false,"footnotes":""},"categories":[232],"tags":[],"class_list":["post-3588","post","type-post","status-publish","format-standard","hentry","category-kollektivtrafik-o-stadsplanering"],"acf":[],"yoast_head":"<!-- This site is optimized with the Yoast SEO plugin v27.4 - https:\/\/yoast.com\/product\/yoast-seo-wordpress\/ -->\n<title>KD s\u00e4ger nej till b\u00e5de sp\u00e5rv\u00e4g och BRT i centrum | Kristdemokraterna | Uppsala<\/title>\n<meta name=\"robots\" content=\"index, follow, max-snippet:-1, max-image-preview:large, max-video-preview:-1\" \/>\n<link rel=\"canonical\" href=\"https:\/\/wp.kristdemokraterna.se\/uppsala\/kd-sager-nej-till-bade-sparvag-och-brt-i-centrum\/\" \/>\n<meta property=\"og:locale\" content=\"sv_SE\" \/>\n<meta property=\"og:type\" content=\"article\" \/>\n<meta property=\"og:title\" content=\"KD s\u00e4ger nej till b\u00e5de sp\u00e5rv\u00e4g och BRT i centrum | Kristdemokraterna | Uppsala\" \/>\n<meta property=\"og:description\" content=\"Kristdemokraterna i Uppsala har efter en intern demokratisk process beslutat att r\u00f6sta emot b\u00e5de sp\u00e5rv\u00e4g och BRT fr\u00e5n Resecentrum till Gottsunda och Ultuna. Den huvudsakliga anledningen \u00e4r att vi v\u00e4nder oss emot en kollektivtrafikutbyggnad i centrum innan \u00f6vrig planering \u00e4r mogen f\u00f6r det, och framf\u00f6r allt innan man har tittat p\u00e5 m\u00f6jligheten f\u00f6r en ny Read More\" \/>\n<meta property=\"og:url\" content=\"https:\/\/wp.kristdemokraterna.se\/uppsala\/kd-sager-nej-till-bade-sparvag-och-brt-i-centrum\/\" \/>\n<meta property=\"og:site_name\" content=\"Kristdemokraterna | Uppsala\" \/>\n<meta property=\"article:publisher\" content=\"https:\/\/www.facebook.com\/UppsalaKD\/\" \/>\n<meta property=\"article:published_time\" content=\"2020-03-08T18:26:04+00:00\" \/>\n<meta property=\"article:modified_time\" content=\"2024-04-03T22:56:05+00:00\" \/>\n<meta property=\"og:image\" content=\"https:\/\/wp.kristdemokraterna.se\/uppsala\/files\/2021\/12\/kom1.png\" \/>\n\t<meta property=\"og:image:width\" content=\"770\" \/>\n\t<meta property=\"og:image:height\" content=\"404\" \/>\n\t<meta property=\"og:image:type\" content=\"image\/png\" \/>\n<meta name=\"author\" content=\"Mimmi Westerlund\" \/>\n<meta name=\"twitter:card\" content=\"summary_large_image\" \/>\n<meta name=\"twitter:label1\" content=\"Skriven av\" \/>\n\t<meta name=\"twitter:data1\" content=\"Mimmi Westerlund\" \/>\n\t<meta name=\"twitter:label2\" content=\"Ber\u00e4knad l\u00e4stid\" \/>\n\t<meta name=\"twitter:data2\" content=\"3 minuter\" \/>\n<script type=\"application\/ld+json\" class=\"yoast-schema-graph\">{\"@context\":\"https:\\\/\\\/schema.org\",\"@graph\":[{\"@type\":\"Article\",\"@id\":\"https:\\\/\\\/wp.kristdemokraterna.se\\\/uppsala\\\/kd-sager-nej-till-bade-sparvag-och-brt-i-centrum\\\/#article\",\"isPartOf\":{\"@id\":\"https:\\\/\\\/wp.kristdemokraterna.se\\\/uppsala\\\/kd-sager-nej-till-bade-sparvag-och-brt-i-centrum\\\/\"},\"author\":{\"name\":\"Mimmi Westerlund\",\"@id\":\"https:\\\/\\\/wp.kristdemokraterna.se\\\/uppsala\\\/#\\\/schema\\\/person\\\/038d805d685fb0ce5ad14ab8711d8e84\"},\"headline\":\"KD s\u00e4ger nej till b\u00e5de sp\u00e5rv\u00e4g och BRT i centrum\",\"datePublished\":\"2020-03-08T18:26:04+00:00\",\"dateModified\":\"2024-04-03T22:56:05+00:00\",\"mainEntityOfPage\":{\"@id\":\"https:\\\/\\\/wp.kristdemokraterna.se\\\/uppsala\\\/kd-sager-nej-till-bade-sparvag-och-brt-i-centrum\\\/\"},\"wordCount\":524,\"publisher\":{\"@id\":\"https:\\\/\\\/wp.kristdemokraterna.se\\\/uppsala\\\/#organization\"},\"articleSection\":[\"Kollektivtrafik &amp; Stadsplanering\"],\"inLanguage\":\"sv-SE\"},{\"@type\":\"WebPage\",\"@id\":\"https:\\\/\\\/wp.kristdemokraterna.se\\\/uppsala\\\/kd-sager-nej-till-bade-sparvag-och-brt-i-centrum\\\/\",\"url\":\"https:\\\/\\\/wp.kristdemokraterna.se\\\/uppsala\\\/kd-sager-nej-till-bade-sparvag-och-brt-i-centrum\\\/\",\"name\":\"KD s\u00e4ger nej till b\u00e5de sp\u00e5rv\u00e4g och BRT i centrum | Kristdemokraterna | Uppsala\",\"isPartOf\":{\"@id\":\"https:\\\/\\\/wp.kristdemokraterna.se\\\/uppsala\\\/#website\"},\"datePublished\":\"2020-03-08T18:26:04+00:00\",\"dateModified\":\"2024-04-03T22:56:05+00:00\",\"breadcrumb\":{\"@id\":\"https:\\\/\\\/wp.kristdemokraterna.se\\\/uppsala\\\/kd-sager-nej-till-bade-sparvag-och-brt-i-centrum\\\/#breadcrumb\"},\"inLanguage\":\"sv-SE\",\"potentialAction\":[{\"@type\":\"ReadAction\",\"target\":[\"https:\\\/\\\/wp.kristdemokraterna.se\\\/uppsala\\\/kd-sager-nej-till-bade-sparvag-och-brt-i-centrum\\\/\"]}]},{\"@type\":\"BreadcrumbList\",\"@id\":\"https:\\\/\\\/wp.kristdemokraterna.se\\\/uppsala\\\/kd-sager-nej-till-bade-sparvag-och-brt-i-centrum\\\/#breadcrumb\",\"itemListElement\":[{\"@type\":\"ListItem\",\"position\":1,\"name\":\"Hem\",\"item\":\"https:\\\/\\\/wp.kristdemokraterna.se\\\/uppsala\\\/\"},{\"@type\":\"ListItem\",\"position\":2,\"name\":\"KD s\u00e4ger nej till b\u00e5de sp\u00e5rv\u00e4g och BRT i centrum\"}]},{\"@type\":\"WebSite\",\"@id\":\"https:\\\/\\\/wp.kristdemokraterna.se\\\/uppsala\\\/#website\",\"url\":\"https:\\\/\\\/wp.kristdemokraterna.se\\\/uppsala\\\/\",\"name\":\"Kristdemokraterna Uppsala\",\"description\":\"Tryggare Uppsala\",\"publisher\":{\"@id\":\"https:\\\/\\\/wp.kristdemokraterna.se\\\/uppsala\\\/#organization\"},\"inLanguage\":\"sv-SE\"},{\"@type\":\"Organization\",\"@id\":\"https:\\\/\\\/wp.kristdemokraterna.se\\\/uppsala\\\/#organization\",\"name\":\"Kristdemokraterna Uppsala\",\"url\":\"https:\\\/\\\/wp.kristdemokraterna.se\\\/uppsala\\\/\",\"logo\":{\"@type\":\"ImageObject\",\"inLanguage\":\"sv-SE\",\"@id\":\"https:\\\/\\\/wp.kristdemokraterna.se\\\/uppsala\\\/#\\\/schema\\\/logo\\\/image\\\/\",\"url\":\"https:\\\/\\\/wp.kristdemokraterna.se\\\/uppsala\\\/files\\\/2019\\\/10\\\/kd-uppsala.png\",\"contentUrl\":\"https:\\\/\\\/wp.kristdemokraterna.se\\\/uppsala\\\/files\\\/2019\\\/10\\\/kd-uppsala.png\",\"width\":804,\"height\":421,\"caption\":\"Kristdemokraterna Uppsala\"},\"image\":{\"@id\":\"https:\\\/\\\/wp.kristdemokraterna.se\\\/uppsala\\\/#\\\/schema\\\/logo\\\/image\\\/\"},\"sameAs\":[\"https:\\\/\\\/www.facebook.com\\\/UppsalaKD\\\/\",\"https:\\\/\\\/www.instagram.com\\\/uppsalakd\\\/\"]},{\"@type\":\"Person\",\"@id\":\"https:\\\/\\\/wp.kristdemokraterna.se\\\/uppsala\\\/#\\\/schema\\\/person\\\/038d805d685fb0ce5ad14ab8711d8e84\",\"name\":\"Mimmi Westerlund\",\"image\":{\"@type\":\"ImageObject\",\"inLanguage\":\"sv-SE\",\"@id\":\"https:\\\/\\\/secure.gravatar.com\\\/avatar\\\/a5697359f709b6b10d9c7e6a7c89f3e054554dedb4657d5ffe9e5bc5b1445841?s=96&r=g\",\"url\":\"https:\\\/\\\/secure.gravatar.com\\\/avatar\\\/a5697359f709b6b10d9c7e6a7c89f3e054554dedb4657d5ffe9e5bc5b1445841?s=96&r=g\",\"contentUrl\":\"https:\\\/\\\/secure.gravatar.com\\\/avatar\\\/a5697359f709b6b10d9c7e6a7c89f3e054554dedb4657d5ffe9e5bc5b1445841?s=96&r=g\",\"caption\":\"Mimmi Westerlund\"},\"url\":\"https:\\\/\\\/wp.kristdemokraterna.se\\\/uppsala\\\/author\\\/mimmi\\\/\"}]}<\/script>\n<!-- \/ Yoast SEO plugin. -->","yoast_head_json":{"title":"KD s\u00e4ger nej till b\u00e5de sp\u00e5rv\u00e4g och BRT i centrum | Kristdemokraterna | Uppsala","robots":{"index":"index","follow":"follow","max-snippet":"max-snippet:-1","max-image-preview":"max-image-preview:large","max-video-preview":"max-video-preview:-1"},"canonical":"https:\/\/wp.kristdemokraterna.se\/uppsala\/kd-sager-nej-till-bade-sparvag-och-brt-i-centrum\/","og_locale":"sv_SE","og_type":"article","og_title":"KD s\u00e4ger nej till b\u00e5de sp\u00e5rv\u00e4g och BRT i centrum | Kristdemokraterna | Uppsala","og_description":"Kristdemokraterna i Uppsala har efter en intern demokratisk process beslutat att r\u00f6sta emot b\u00e5de sp\u00e5rv\u00e4g och BRT fr\u00e5n Resecentrum till Gottsunda och Ultuna. Den huvudsakliga anledningen \u00e4r att vi v\u00e4nder oss emot en kollektivtrafikutbyggnad i centrum innan \u00f6vrig planering \u00e4r mogen f\u00f6r det, och framf\u00f6r allt innan man har tittat p\u00e5 m\u00f6jligheten f\u00f6r en ny Read More","og_url":"https:\/\/wp.kristdemokraterna.se\/uppsala\/kd-sager-nej-till-bade-sparvag-och-brt-i-centrum\/","og_site_name":"Kristdemokraterna | Uppsala","article_publisher":"https:\/\/www.facebook.com\/UppsalaKD\/","article_published_time":"2020-03-08T18:26:04+00:00","article_modified_time":"2024-04-03T22:56:05+00:00","og_image":[{"width":770,"height":404,"url":"https:\/\/wp.kristdemokraterna.se\/uppsala\/files\/2021\/12\/kom1.png","type":"image\/png"}],"author":"Mimmi Westerlund","twitter_card":"summary_large_image","twitter_misc":{"Skriven av":"Mimmi Westerlund","Ber\u00e4knad l\u00e4stid":"3 minuter"},"schema":{"@context":"https:\/\/schema.org","@graph":[{"@type":"Article","@id":"https:\/\/wp.kristdemokraterna.se\/uppsala\/kd-sager-nej-till-bade-sparvag-och-brt-i-centrum\/#article","isPartOf":{"@id":"https:\/\/wp.kristdemokraterna.se\/uppsala\/kd-sager-nej-till-bade-sparvag-och-brt-i-centrum\/"},"author":{"name":"Mimmi Westerlund","@id":"https:\/\/wp.kristdemokraterna.se\/uppsala\/#\/schema\/person\/038d805d685fb0ce5ad14ab8711d8e84"},"headline":"KD s\u00e4ger nej till b\u00e5de sp\u00e5rv\u00e4g och BRT i centrum","datePublished":"2020-03-08T18:26:04+00:00","dateModified":"2024-04-03T22:56:05+00:00","mainEntityOfPage":{"@id":"https:\/\/wp.kristdemokraterna.se\/uppsala\/kd-sager-nej-till-bade-sparvag-och-brt-i-centrum\/"},"wordCount":524,"publisher":{"@id":"https:\/\/wp.kristdemokraterna.se\/uppsala\/#organization"},"articleSection":["Kollektivtrafik &amp; Stadsplanering"],"inLanguage":"sv-SE"},{"@type":"WebPage","@id":"https:\/\/wp.kristdemokraterna.se\/uppsala\/kd-sager-nej-till-bade-sparvag-och-brt-i-centrum\/","url":"https:\/\/wp.kristdemokraterna.se\/uppsala\/kd-sager-nej-till-bade-sparvag-och-brt-i-centrum\/","name":"KD s\u00e4ger nej till b\u00e5de sp\u00e5rv\u00e4g och BRT i centrum | Kristdemokraterna | Uppsala","isPartOf":{"@id":"https:\/\/wp.kristdemokraterna.se\/uppsala\/#website"},"datePublished":"2020-03-08T18:26:04+00:00","dateModified":"2024-04-03T22:56:05+00:00","breadcrumb":{"@id":"https:\/\/wp.kristdemokraterna.se\/uppsala\/kd-sager-nej-till-bade-sparvag-och-brt-i-centrum\/#breadcrumb"},"inLanguage":"sv-SE","potentialAction":[{"@type":"ReadAction","target":["https:\/\/wp.kristdemokraterna.se\/uppsala\/kd-sager-nej-till-bade-sparvag-och-brt-i-centrum\/"]}]},{"@type":"BreadcrumbList","@id":"https:\/\/wp.kristdemokraterna.se\/uppsala\/kd-sager-nej-till-bade-sparvag-och-brt-i-centrum\/#breadcrumb","itemListElement":[{"@type":"ListItem","position":1,"name":"Hem","item":"https:\/\/wp.kristdemokraterna.se\/uppsala\/"},{"@type":"ListItem","position":2,"name":"KD s\u00e4ger nej till b\u00e5de sp\u00e5rv\u00e4g och BRT i centrum"}]},{"@type":"WebSite","@id":"https:\/\/wp.kristdemokraterna.se\/uppsala\/#website","url":"https:\/\/wp.kristdemokraterna.se\/uppsala\/","name":"Kristdemokraterna Uppsala","description":"Tryggare Uppsala","publisher":{"@id":"https:\/\/wp.kristdemokraterna.se\/uppsala\/#organization"},"inLanguage":"sv-SE"},{"@type":"Organization","@id":"https:\/\/wp.kristdemokraterna.se\/uppsala\/#organization","name":"Kristdemokraterna Uppsala","url":"https:\/\/wp.kristdemokraterna.se\/uppsala\/","logo":{"@type":"ImageObject","inLanguage":"sv-SE","@id":"https:\/\/wp.kristdemokraterna.se\/uppsala\/#\/schema\/logo\/image\/","url":"https:\/\/wp.kristdemokraterna.se\/uppsala\/files\/2019\/10\/kd-uppsala.png","contentUrl":"https:\/\/wp.kristdemokraterna.se\/uppsala\/files\/2019\/10\/kd-uppsala.png","width":804,"height":421,"caption":"Kristdemokraterna Uppsala"},"image":{"@id":"https:\/\/wp.kristdemokraterna.se\/uppsala\/#\/schema\/logo\/image\/"},"sameAs":["https:\/\/www.facebook.com\/UppsalaKD\/","https:\/\/www.instagram.com\/uppsalakd\/"]},{"@type":"Person","@id":"https:\/\/wp.kristdemokraterna.se\/uppsala\/#\/schema\/person\/038d805d685fb0ce5ad14ab8711d8e84","name":"Mimmi Westerlund","image":{"@type":"ImageObject","inLanguage":"sv-SE","@id":"https:\/\/secure.gravatar.com\/avatar\/a5697359f709b6b10d9c7e6a7c89f3e054554dedb4657d5ffe9e5bc5b1445841?s=96&r=g","url":"https:\/\/secure.gravatar.com\/avatar\/a5697359f709b6b10d9c7e6a7c89f3e054554dedb4657d5ffe9e5bc5b1445841?s=96&r=g","contentUrl":"https:\/\/secure.gravatar.com\/avatar\/a5697359f709b6b10d9c7e6a7c89f3e054554dedb4657d5ffe9e5bc5b1445841?s=96&r=g","caption":"Mimmi Westerlund"},"url":"https:\/\/wp.kristdemokraterna.se\/uppsala\/author\/mimmi\/"}]}},"_links":{"self":[{"href":"https:\/\/wp.kristdemokraterna.se\/uppsala\/wp-json\/wp\/v2\/posts\/3588","targetHints":{"allow":["GET"]}}],"collection":[{"href":"https:\/\/wp.kristdemokraterna.se\/uppsala\/wp-json\/wp\/v2\/posts"}],"about":[{"href":"https:\/\/wp.kristdemokraterna.se\/uppsala\/wp-json\/wp\/v2\/types\/post"}],"author":[{"embeddable":true,"href":"https:\/\/wp.kristdemokraterna.se\/uppsala\/wp-json\/wp\/v2\/users\/702"}],"replies":[{"embeddable":true,"href":"https:\/\/wp.kristdemokraterna.se\/uppsala\/wp-json\/wp\/v2\/comments?post=3588"}],"version-history":[{"count":3,"href":"https:\/\/wp.kristdemokraterna.se\/uppsala\/wp-json\/wp\/v2\/posts\/3588\/revisions"}],"predecessor-version":[{"id":3592,"href":"https:\/\/wp.kristdemokraterna.se\/uppsala\/wp-json\/wp\/v2\/posts\/3588\/revisions\/3592"}],"wp:attachment":[{"href":"https:\/\/wp.kristdemokraterna.se\/uppsala\/wp-json\/wp\/v2\/media?parent=3588"}],"wp:term":[{"taxonomy":"category","embeddable":true,"href":"https:\/\/wp.kristdemokraterna.se\/uppsala\/wp-json\/wp\/v2\/categories?post=3588"},{"taxonomy":"post_tag","embeddable":true,"href":"https:\/\/wp.kristdemokraterna.se\/uppsala\/wp-json\/wp\/v2\/tags?post=3588"}],"curies":[{"name":"wp","href":"https:\/\/api.w.org\/{rel}","templated":true}]}}