{"id":3615,"date":"2020-04-16T18:28:41","date_gmt":"2020-04-16T16:28:41","guid":{"rendered":"http:\/\/wp.kristdemokraterna.se\/uppsala\/?p=3615"},"modified":"2024-04-03T18:30:23","modified_gmt":"2024-04-03T16:30:23","slug":"samradstiden-for-sydostra-stadsdelarna-forlangs","status":"publish","type":"post","link":"https:\/\/wp.kristdemokraterna.se\/uppsala\/samradstiden-for-sydostra-stadsdelarna-forlangs\/","title":{"rendered":"Samr\u00e5dstiden f\u00f6r Syd\u00f6stra stadsdelarna f\u00f6rl\u00e4ngs"},"content":{"rendered":"<p><b>Kristdemokraterna i Uppsala har drivit igenom att samr\u00e5dstiden f\u00f6r den f\u00f6rdjupade \u00f6versiktsplanen f\u00f6r Syd\u00f6stra stadsdelarna f\u00f6rl\u00e4ngs med tv\u00e5 veckor. Detta f\u00f6r\u00a0att s\u00e4kra den demokratiska processen har nu i en tid n\u00e4r den r\u00e5dande Coronakrisen tvingat m\u00f6ten och konferenser att st\u00e4llas in, senarel\u00e4ggas eller genomf\u00f6ras digitalt.\u00a0<\/b><\/p>\n<blockquote><p>&#8211; Det \u00e4r tydligt att det finns ett oerh\u00f6rt stort behov av dialog i den h\u00e4r fr\u00e5gan, men m\u00e5nga Uppsalabor har f\u00f6rhindrats delta givet Coronakrisen. Vi f\u00f6reslog d\u00e4rf\u00f6r p\u00e5 kommunstyrelsen att samr\u00e5dstiden skulle f\u00f6rl\u00e4ngas, inledningsvis ville vi se en f\u00f6rl\u00e4ngning med tv\u00e5 m\u00e5nader men \u00e4r glada att styret gick med p\u00e5 \u00e5tminstone tv\u00e5 veckor, kommenterar Jonas Segersam (KD).<\/p><\/blockquote>\n<p><b>Det har redan genomf\u00f6rts ett digitalt samr\u00e5d under mars m\u00e5nad, och ett ytterligare webbinarium genomf\u00f6rs p\u00e5 onsdag kv\u00e4ll denna vecka. Det enda planerade samr\u00e5det p\u00e5 plats i syd\u00f6stra stadsdelarna den 7 mars visade ett v\u00e4ldigt stort intresse, och det var redan d\u00e5 begr\u00e4nsad plats f\u00f6r n\u00e4rvaro och fr\u00e5gor.<\/b><\/p>\n<blockquote><p>&#8211; N\u00e4r det g\u00e4ller en s\u00e5 h\u00e4r stor och viktig plan, som har samma dignitet som flera svenska kommuners \u00f6versiktsplaner, s\u00e5 \u00e4r det v\u00e4ldigt viktigt med f\u00f6rankring och dialog. Det \u00e4r d\u00e4rf\u00f6r rimligt att f\u00f6rl\u00e4nga samr\u00e5dstiden givande r\u00e5dande omst\u00e4ndigheter. F\u00f6r betydligt mindre projekt, s\u00e5som Gottsunda Centrum och Fyrishov, planeras liknande f\u00f6rskjutningar, avslutar han.<\/p><\/blockquote>\n<p><b>Kristdemokraterna har ocks\u00e5 tidigare l\u00e4mnat in initiativ i fr\u00e5gan om de syd\u00f6stra stadsdelarna, bland annat om att samplanera omr\u00e5det Nysala tillsammans med Knivsta kommun f\u00f6r att s\u00e4nka exploateringstakten i redan t\u00e4tbebyggda omr\u00e5den. Vi har ocks\u00e5 varit p\u00e5drivande att det ska planeras f\u00f6r egnahemsomr\u00e5den samt att de l\u00e4genheter som byggs ska vara max 4-5 v\u00e5ningar.<\/b><\/p>\n","protected":false},"excerpt":{"rendered":"<p>Kristdemokraterna i Uppsala har drivit igenom att samr\u00e5dstiden f\u00f6r den f\u00f6rdjupade \u00f6versiktsplanen f\u00f6r Syd\u00f6stra stadsdelarna f\u00f6rl\u00e4ngs med tv\u00e5 veckor. Detta f\u00f6r\u00a0att s\u00e4kra den demokratiska processen har nu i en tid n\u00e4r den r\u00e5dande Coronakrisen tvingat m\u00f6ten och konferenser att st\u00e4llas in, senarel\u00e4ggas eller genomf\u00f6ras digitalt.\u00a0 &#8211; Det \u00e4r tydligt att det finns ett oerh\u00f6rt stort <a class=\"read-more-link\" href=\"https:\/\/wp.kristdemokraterna.se\/uppsala\/samradstiden-for-sydostra-stadsdelarna-forlangs\/\">Read More<\/a><\/p>\n","protected":false},"author":702,"featured_media":0,"comment_status":"closed","ping_status":"closed","sticky":false,"template":"","format":"standard","meta":{"_acf_changed":false,"footnotes":""},"categories":[232],"tags":[],"class_list":["post-3615","post","type-post","status-publish","format-standard","hentry","category-kollektivtrafik-o-stadsplanering"],"acf":[],"yoast_head":"<!-- This site is optimized with the Yoast SEO plugin v27.4 - https:\/\/yoast.com\/product\/yoast-seo-wordpress\/ -->\n<title>Samr\u00e5dstiden f\u00f6r Syd\u00f6stra stadsdelarna f\u00f6rl\u00e4ngs | Kristdemokraterna | Uppsala<\/title>\n<meta name=\"robots\" content=\"index, follow, max-snippet:-1, max-image-preview:large, max-video-preview:-1\" \/>\n<link rel=\"canonical\" href=\"https:\/\/wp.kristdemokraterna.se\/uppsala\/samradstiden-for-sydostra-stadsdelarna-forlangs\/\" \/>\n<meta property=\"og:locale\" content=\"sv_SE\" \/>\n<meta property=\"og:type\" content=\"article\" \/>\n<meta property=\"og:title\" content=\"Samr\u00e5dstiden f\u00f6r Syd\u00f6stra stadsdelarna f\u00f6rl\u00e4ngs | Kristdemokraterna | Uppsala\" \/>\n<meta property=\"og:description\" content=\"Kristdemokraterna i Uppsala har drivit igenom att samr\u00e5dstiden f\u00f6r den f\u00f6rdjupade \u00f6versiktsplanen f\u00f6r Syd\u00f6stra stadsdelarna f\u00f6rl\u00e4ngs med tv\u00e5 veckor. Detta f\u00f6r\u00a0att s\u00e4kra den demokratiska processen har nu i en tid n\u00e4r den r\u00e5dande Coronakrisen tvingat m\u00f6ten och konferenser att st\u00e4llas in, senarel\u00e4ggas eller genomf\u00f6ras digitalt.\u00a0 &#8211; Det \u00e4r tydligt att det finns ett oerh\u00f6rt stort Read More\" \/>\n<meta property=\"og:url\" content=\"https:\/\/wp.kristdemokraterna.se\/uppsala\/samradstiden-for-sydostra-stadsdelarna-forlangs\/\" \/>\n<meta property=\"og:site_name\" content=\"Kristdemokraterna | Uppsala\" \/>\n<meta property=\"article:publisher\" content=\"https:\/\/www.facebook.com\/UppsalaKD\/\" \/>\n<meta property=\"article:published_time\" content=\"2020-04-16T16:28:41+00:00\" \/>\n<meta property=\"article:modified_time\" content=\"2024-04-03T16:30:23+00:00\" \/>\n<meta property=\"og:image\" content=\"http:\/\/wp.kristdemokraterna.se\/uppsala\/files\/2018\/10\/baukran-3703469_1920-e1587054782739.jpg\" \/>\n\t<meta property=\"og:image:width\" content=\"1200\" \/>\n\t<meta property=\"og:image:height\" content=\"681\" \/>\n\t<meta property=\"og:image:type\" content=\"image\/jpeg\" \/>\n<meta name=\"author\" content=\"Mimmi Westerlund\" \/>\n<meta name=\"twitter:card\" content=\"summary_large_image\" \/>\n<meta name=\"twitter:label1\" content=\"Skriven av\" \/>\n\t<meta name=\"twitter:data1\" content=\"Mimmi Westerlund\" \/>\n\t<meta name=\"twitter:label2\" content=\"Ber\u00e4knad l\u00e4stid\" \/>\n\t<meta name=\"twitter:data2\" content=\"2 minuter\" \/>\n<script type=\"application\/ld+json\" class=\"yoast-schema-graph\">{\"@context\":\"https:\\\/\\\/schema.org\",\"@graph\":[{\"@type\":\"Article\",\"@id\":\"https:\\\/\\\/wp.kristdemokraterna.se\\\/uppsala\\\/samradstiden-for-sydostra-stadsdelarna-forlangs\\\/#article\",\"isPartOf\":{\"@id\":\"https:\\\/\\\/wp.kristdemokraterna.se\\\/uppsala\\\/samradstiden-for-sydostra-stadsdelarna-forlangs\\\/\"},\"author\":{\"name\":\"Mimmi Westerlund\",\"@id\":\"https:\\\/\\\/wp.kristdemokraterna.se\\\/uppsala\\\/#\\\/schema\\\/person\\\/038d805d685fb0ce5ad14ab8711d8e84\"},\"headline\":\"Samr\u00e5dstiden f\u00f6r Syd\u00f6stra stadsdelarna f\u00f6rl\u00e4ngs\",\"datePublished\":\"2020-04-16T16:28:41+00:00\",\"dateModified\":\"2024-04-03T16:30:23+00:00\",\"mainEntityOfPage\":{\"@id\":\"https:\\\/\\\/wp.kristdemokraterna.se\\\/uppsala\\\/samradstiden-for-sydostra-stadsdelarna-forlangs\\\/\"},\"wordCount\":337,\"publisher\":{\"@id\":\"https:\\\/\\\/wp.kristdemokraterna.se\\\/uppsala\\\/#organization\"},\"articleSection\":[\"Kollektivtrafik &amp; Stadsplanering\"],\"inLanguage\":\"sv-SE\"},{\"@type\":\"WebPage\",\"@id\":\"https:\\\/\\\/wp.kristdemokraterna.se\\\/uppsala\\\/samradstiden-for-sydostra-stadsdelarna-forlangs\\\/\",\"url\":\"https:\\\/\\\/wp.kristdemokraterna.se\\\/uppsala\\\/samradstiden-for-sydostra-stadsdelarna-forlangs\\\/\",\"name\":\"Samr\u00e5dstiden f\u00f6r Syd\u00f6stra stadsdelarna f\u00f6rl\u00e4ngs | Kristdemokraterna | Uppsala\",\"isPartOf\":{\"@id\":\"https:\\\/\\\/wp.kristdemokraterna.se\\\/uppsala\\\/#website\"},\"datePublished\":\"2020-04-16T16:28:41+00:00\",\"dateModified\":\"2024-04-03T16:30:23+00:00\",\"breadcrumb\":{\"@id\":\"https:\\\/\\\/wp.kristdemokraterna.se\\\/uppsala\\\/samradstiden-for-sydostra-stadsdelarna-forlangs\\\/#breadcrumb\"},\"inLanguage\":\"sv-SE\",\"potentialAction\":[{\"@type\":\"ReadAction\",\"target\":[\"https:\\\/\\\/wp.kristdemokraterna.se\\\/uppsala\\\/samradstiden-for-sydostra-stadsdelarna-forlangs\\\/\"]}]},{\"@type\":\"BreadcrumbList\",\"@id\":\"https:\\\/\\\/wp.kristdemokraterna.se\\\/uppsala\\\/samradstiden-for-sydostra-stadsdelarna-forlangs\\\/#breadcrumb\",\"itemListElement\":[{\"@type\":\"ListItem\",\"position\":1,\"name\":\"Hem\",\"item\":\"https:\\\/\\\/wp.kristdemokraterna.se\\\/uppsala\\\/\"},{\"@type\":\"ListItem\",\"position\":2,\"name\":\"Samr\u00e5dstiden f\u00f6r Syd\u00f6stra stadsdelarna f\u00f6rl\u00e4ngs\"}]},{\"@type\":\"WebSite\",\"@id\":\"https:\\\/\\\/wp.kristdemokraterna.se\\\/uppsala\\\/#website\",\"url\":\"https:\\\/\\\/wp.kristdemokraterna.se\\\/uppsala\\\/\",\"name\":\"Kristdemokraterna Uppsala\",\"description\":\"Tryggare Uppsala\",\"publisher\":{\"@id\":\"https:\\\/\\\/wp.kristdemokraterna.se\\\/uppsala\\\/#organization\"},\"inLanguage\":\"sv-SE\"},{\"@type\":\"Organization\",\"@id\":\"https:\\\/\\\/wp.kristdemokraterna.se\\\/uppsala\\\/#organization\",\"name\":\"Kristdemokraterna Uppsala\",\"url\":\"https:\\\/\\\/wp.kristdemokraterna.se\\\/uppsala\\\/\",\"logo\":{\"@type\":\"ImageObject\",\"inLanguage\":\"sv-SE\",\"@id\":\"https:\\\/\\\/wp.kristdemokraterna.se\\\/uppsala\\\/#\\\/schema\\\/logo\\\/image\\\/\",\"url\":\"https:\\\/\\\/wp.kristdemokraterna.se\\\/uppsala\\\/files\\\/2019\\\/10\\\/kd-uppsala.png\",\"contentUrl\":\"https:\\\/\\\/wp.kristdemokraterna.se\\\/uppsala\\\/files\\\/2019\\\/10\\\/kd-uppsala.png\",\"width\":804,\"height\":421,\"caption\":\"Kristdemokraterna Uppsala\"},\"image\":{\"@id\":\"https:\\\/\\\/wp.kristdemokraterna.se\\\/uppsala\\\/#\\\/schema\\\/logo\\\/image\\\/\"},\"sameAs\":[\"https:\\\/\\\/www.facebook.com\\\/UppsalaKD\\\/\",\"https:\\\/\\\/www.instagram.com\\\/uppsalakd\\\/\"]},{\"@type\":\"Person\",\"@id\":\"https:\\\/\\\/wp.kristdemokraterna.se\\\/uppsala\\\/#\\\/schema\\\/person\\\/038d805d685fb0ce5ad14ab8711d8e84\",\"name\":\"Mimmi Westerlund\",\"image\":{\"@type\":\"ImageObject\",\"inLanguage\":\"sv-SE\",\"@id\":\"https:\\\/\\\/secure.gravatar.com\\\/avatar\\\/a5697359f709b6b10d9c7e6a7c89f3e054554dedb4657d5ffe9e5bc5b1445841?s=96&r=g\",\"url\":\"https:\\\/\\\/secure.gravatar.com\\\/avatar\\\/a5697359f709b6b10d9c7e6a7c89f3e054554dedb4657d5ffe9e5bc5b1445841?s=96&r=g\",\"contentUrl\":\"https:\\\/\\\/secure.gravatar.com\\\/avatar\\\/a5697359f709b6b10d9c7e6a7c89f3e054554dedb4657d5ffe9e5bc5b1445841?s=96&r=g\",\"caption\":\"Mimmi Westerlund\"},\"url\":\"https:\\\/\\\/wp.kristdemokraterna.se\\\/uppsala\\\/author\\\/mimmi\\\/\"}]}<\/script>\n<!-- \/ Yoast SEO plugin. -->","yoast_head_json":{"title":"Samr\u00e5dstiden f\u00f6r Syd\u00f6stra stadsdelarna f\u00f6rl\u00e4ngs | Kristdemokraterna | Uppsala","robots":{"index":"index","follow":"follow","max-snippet":"max-snippet:-1","max-image-preview":"max-image-preview:large","max-video-preview":"max-video-preview:-1"},"canonical":"https:\/\/wp.kristdemokraterna.se\/uppsala\/samradstiden-for-sydostra-stadsdelarna-forlangs\/","og_locale":"sv_SE","og_type":"article","og_title":"Samr\u00e5dstiden f\u00f6r Syd\u00f6stra stadsdelarna f\u00f6rl\u00e4ngs | Kristdemokraterna | Uppsala","og_description":"Kristdemokraterna i Uppsala har drivit igenom att samr\u00e5dstiden f\u00f6r den f\u00f6rdjupade \u00f6versiktsplanen f\u00f6r Syd\u00f6stra stadsdelarna f\u00f6rl\u00e4ngs med tv\u00e5 veckor. Detta f\u00f6r\u00a0att s\u00e4kra den demokratiska processen har nu i en tid n\u00e4r den r\u00e5dande Coronakrisen tvingat m\u00f6ten och konferenser att st\u00e4llas in, senarel\u00e4ggas eller genomf\u00f6ras digitalt.\u00a0 &#8211; Det \u00e4r tydligt att det finns ett oerh\u00f6rt stort Read More","og_url":"https:\/\/wp.kristdemokraterna.se\/uppsala\/samradstiden-for-sydostra-stadsdelarna-forlangs\/","og_site_name":"Kristdemokraterna | Uppsala","article_publisher":"https:\/\/www.facebook.com\/UppsalaKD\/","article_published_time":"2020-04-16T16:28:41+00:00","article_modified_time":"2024-04-03T16:30:23+00:00","og_image":[{"width":1200,"height":681,"url":"http:\/\/wp.kristdemokraterna.se\/uppsala\/files\/2018\/10\/baukran-3703469_1920-e1587054782739.jpg","type":"image\/jpeg"}],"author":"Mimmi Westerlund","twitter_card":"summary_large_image","twitter_misc":{"Skriven av":"Mimmi Westerlund","Ber\u00e4knad l\u00e4stid":"2 minuter"},"schema":{"@context":"https:\/\/schema.org","@graph":[{"@type":"Article","@id":"https:\/\/wp.kristdemokraterna.se\/uppsala\/samradstiden-for-sydostra-stadsdelarna-forlangs\/#article","isPartOf":{"@id":"https:\/\/wp.kristdemokraterna.se\/uppsala\/samradstiden-for-sydostra-stadsdelarna-forlangs\/"},"author":{"name":"Mimmi Westerlund","@id":"https:\/\/wp.kristdemokraterna.se\/uppsala\/#\/schema\/person\/038d805d685fb0ce5ad14ab8711d8e84"},"headline":"Samr\u00e5dstiden f\u00f6r Syd\u00f6stra stadsdelarna f\u00f6rl\u00e4ngs","datePublished":"2020-04-16T16:28:41+00:00","dateModified":"2024-04-03T16:30:23+00:00","mainEntityOfPage":{"@id":"https:\/\/wp.kristdemokraterna.se\/uppsala\/samradstiden-for-sydostra-stadsdelarna-forlangs\/"},"wordCount":337,"publisher":{"@id":"https:\/\/wp.kristdemokraterna.se\/uppsala\/#organization"},"articleSection":["Kollektivtrafik &amp; Stadsplanering"],"inLanguage":"sv-SE"},{"@type":"WebPage","@id":"https:\/\/wp.kristdemokraterna.se\/uppsala\/samradstiden-for-sydostra-stadsdelarna-forlangs\/","url":"https:\/\/wp.kristdemokraterna.se\/uppsala\/samradstiden-for-sydostra-stadsdelarna-forlangs\/","name":"Samr\u00e5dstiden f\u00f6r Syd\u00f6stra stadsdelarna f\u00f6rl\u00e4ngs | Kristdemokraterna | Uppsala","isPartOf":{"@id":"https:\/\/wp.kristdemokraterna.se\/uppsala\/#website"},"datePublished":"2020-04-16T16:28:41+00:00","dateModified":"2024-04-03T16:30:23+00:00","breadcrumb":{"@id":"https:\/\/wp.kristdemokraterna.se\/uppsala\/samradstiden-for-sydostra-stadsdelarna-forlangs\/#breadcrumb"},"inLanguage":"sv-SE","potentialAction":[{"@type":"ReadAction","target":["https:\/\/wp.kristdemokraterna.se\/uppsala\/samradstiden-for-sydostra-stadsdelarna-forlangs\/"]}]},{"@type":"BreadcrumbList","@id":"https:\/\/wp.kristdemokraterna.se\/uppsala\/samradstiden-for-sydostra-stadsdelarna-forlangs\/#breadcrumb","itemListElement":[{"@type":"ListItem","position":1,"name":"Hem","item":"https:\/\/wp.kristdemokraterna.se\/uppsala\/"},{"@type":"ListItem","position":2,"name":"Samr\u00e5dstiden f\u00f6r Syd\u00f6stra stadsdelarna f\u00f6rl\u00e4ngs"}]},{"@type":"WebSite","@id":"https:\/\/wp.kristdemokraterna.se\/uppsala\/#website","url":"https:\/\/wp.kristdemokraterna.se\/uppsala\/","name":"Kristdemokraterna Uppsala","description":"Tryggare Uppsala","publisher":{"@id":"https:\/\/wp.kristdemokraterna.se\/uppsala\/#organization"},"inLanguage":"sv-SE"},{"@type":"Organization","@id":"https:\/\/wp.kristdemokraterna.se\/uppsala\/#organization","name":"Kristdemokraterna Uppsala","url":"https:\/\/wp.kristdemokraterna.se\/uppsala\/","logo":{"@type":"ImageObject","inLanguage":"sv-SE","@id":"https:\/\/wp.kristdemokraterna.se\/uppsala\/#\/schema\/logo\/image\/","url":"https:\/\/wp.kristdemokraterna.se\/uppsala\/files\/2019\/10\/kd-uppsala.png","contentUrl":"https:\/\/wp.kristdemokraterna.se\/uppsala\/files\/2019\/10\/kd-uppsala.png","width":804,"height":421,"caption":"Kristdemokraterna Uppsala"},"image":{"@id":"https:\/\/wp.kristdemokraterna.se\/uppsala\/#\/schema\/logo\/image\/"},"sameAs":["https:\/\/www.facebook.com\/UppsalaKD\/","https:\/\/www.instagram.com\/uppsalakd\/"]},{"@type":"Person","@id":"https:\/\/wp.kristdemokraterna.se\/uppsala\/#\/schema\/person\/038d805d685fb0ce5ad14ab8711d8e84","name":"Mimmi Westerlund","image":{"@type":"ImageObject","inLanguage":"sv-SE","@id":"https:\/\/secure.gravatar.com\/avatar\/a5697359f709b6b10d9c7e6a7c89f3e054554dedb4657d5ffe9e5bc5b1445841?s=96&r=g","url":"https:\/\/secure.gravatar.com\/avatar\/a5697359f709b6b10d9c7e6a7c89f3e054554dedb4657d5ffe9e5bc5b1445841?s=96&r=g","contentUrl":"https:\/\/secure.gravatar.com\/avatar\/a5697359f709b6b10d9c7e6a7c89f3e054554dedb4657d5ffe9e5bc5b1445841?s=96&r=g","caption":"Mimmi Westerlund"},"url":"https:\/\/wp.kristdemokraterna.se\/uppsala\/author\/mimmi\/"}]}},"_links":{"self":[{"href":"https:\/\/wp.kristdemokraterna.se\/uppsala\/wp-json\/wp\/v2\/posts\/3615","targetHints":{"allow":["GET"]}}],"collection":[{"href":"https:\/\/wp.kristdemokraterna.se\/uppsala\/wp-json\/wp\/v2\/posts"}],"about":[{"href":"https:\/\/wp.kristdemokraterna.se\/uppsala\/wp-json\/wp\/v2\/types\/post"}],"author":[{"embeddable":true,"href":"https:\/\/wp.kristdemokraterna.se\/uppsala\/wp-json\/wp\/v2\/users\/702"}],"replies":[{"embeddable":true,"href":"https:\/\/wp.kristdemokraterna.se\/uppsala\/wp-json\/wp\/v2\/comments?post=3615"}],"version-history":[{"count":4,"href":"https:\/\/wp.kristdemokraterna.se\/uppsala\/wp-json\/wp\/v2\/posts\/3615\/revisions"}],"predecessor-version":[{"id":3619,"href":"https:\/\/wp.kristdemokraterna.se\/uppsala\/wp-json\/wp\/v2\/posts\/3615\/revisions\/3619"}],"wp:attachment":[{"href":"https:\/\/wp.kristdemokraterna.se\/uppsala\/wp-json\/wp\/v2\/media?parent=3615"}],"wp:term":[{"taxonomy":"category","embeddable":true,"href":"https:\/\/wp.kristdemokraterna.se\/uppsala\/wp-json\/wp\/v2\/categories?post=3615"},{"taxonomy":"post_tag","embeddable":true,"href":"https:\/\/wp.kristdemokraterna.se\/uppsala\/wp-json\/wp\/v2\/tags?post=3615"}],"curies":[{"name":"wp","href":"https:\/\/api.w.org\/{rel}","templated":true}]}}