{"id":3621,"date":"2020-04-27T09:23:09","date_gmt":"2020-04-27T07:23:09","guid":{"rendered":"http:\/\/wp.kristdemokraterna.se\/uppsala\/?p=3621"},"modified":"2024-04-04T00:55:50","modified_gmt":"2024-04-03T22:55:50","slug":"dalig-anpassning-till-uppsalas-kultur-och-historia","status":"publish","type":"post","link":"https:\/\/wp.kristdemokraterna.se\/uppsala\/dalig-anpassning-till-uppsalas-kultur-och-historia\/","title":{"rendered":"D\u00e5lig anpassning till Uppsalas kultur och historia"},"content":{"rendered":"<p>Sedan 2016 arbetar Uppsala kommun med att ta fram en ny stadsdelsindelning. Ytterst anser vi att det \u00e4r en demokratifr\u00e5ga som m\u00e5ste s\u00f6ka sin legitimitet hos och vara utformad f\u00f6r stadens medborgare.<\/p>\n<p>Nu vill v\u00e4nsterstyret fatta beslut utan denna demokratiska f\u00f6rankring, d\u00e4r kommuninv\u00e5narna vanligtvis f\u00e5r inkomma med synpunkter p\u00e5 f\u00f6rslaget, innan deras f\u00f6rl\u00e4ngda vardagsrum m\u00f6bleras om.<\/p>\n<div class=\"text_exposed_show\">\n<p>F\u00f6rslaget inneh\u00e5ller dessutom brister gentemot Uppsalas historia, exempelvis f\u00f6rslaget att g\u00f6ra Akademiska sjukhuset till en egen stadsdel trots att det historiskt tillh\u00f6rt stadsdelen Fj\u00e4rdingen. Vi v\u00e4nder oss ocks\u00e5 emot att sl\u00e5 ihop olika stadsdelar, s\u00e5som N\u00e5ntuna och Vilan som f\u00f6resl\u00e5s bli N\u00e5ntuna Vilan.<\/p>\n<p>L\u00e4s g\u00e4rna debattartikeln fr\u00e5n <a class=\"profileLink\" title=\"Oscar Svensson\" href=\"https:\/\/www.facebook.com\/gransmala?__tn__=K-R&amp;eid=ARAVyYuO-UydJl37Vsk237bVL-vCLT2bGe_y7u8NNlhCkiF7jw3ItU0f7ry0CHnVcS5ucl7ouuiN56OA&amp;fref=mentions&amp;__xts__%5B0%5D=68.ARA0AelGC98iYwZYukQWNCTViUK21qRpvrSXvsO_hXOqDSWWsEenveLqGa71-RgE3RzyT6y-35Ral8AaiiH4dsRHn_jgKXAY54GP2pPnsEMl327XILl8JLgRF8Z-6dbrF0JaMNtt1STcVZhA2vtBaH6WXuc8W-U8PYdeCMmbMb-7jhe5_ccFXTUs_R0ukzrCa9MX4i6AV_3eZA6NTAmIILppZ5TQJLkYRKmE2BwfqSv9keSFfX7QUKFfUBCui-b9ujMKxH82JsDjD6wJLgvyEtUItw5tqVnaY2Klu2KWsA9d9OPRJIEagkj5KAoW-yDiks9i3VizTPbeeEzA70LOzn0MZw\" data-hovercard=\"\/ajax\/hovercard\/user.php?id=598421188&amp;extragetparams=%7B%22__tn__%22%3A%22%2CdK-R-R%22%2C%22eid%22%3A%22ARAVyYuO-UydJl37Vsk237bVL-vCLT2bGe_y7u8NNlhCkiF7jw3ItU0f7ry0CHnVcS5ucl7ouuiN56OA%22%2C%22fref%22%3A%22mentions%22%7D\" data-hovercard-prefer-more-content-show=\"1\">Oscar Svensson<\/a> (KD) mfl i Namngivningsn\u00e4mnden i UNT.<\/p>\n<\/div>\n","protected":false},"excerpt":{"rendered":"<p>Sedan 2016 arbetar Uppsala kommun med att ta fram en ny stadsdelsindelning. Ytterst anser vi att det \u00e4r en demokratifr\u00e5ga som m\u00e5ste s\u00f6ka sin legitimitet hos och vara utformad f\u00f6r stadens medborgare. Nu vill v\u00e4nsterstyret fatta beslut utan denna demokratiska f\u00f6rankring, d\u00e4r kommuninv\u00e5narna vanligtvis f\u00e5r inkomma med synpunkter p\u00e5 f\u00f6rslaget, innan deras f\u00f6rl\u00e4ngda vardagsrum m\u00f6bleras <a class=\"read-more-link\" href=\"https:\/\/wp.kristdemokraterna.se\/uppsala\/dalig-anpassning-till-uppsalas-kultur-och-historia\/\">Read More<\/a><\/p>\n","protected":false},"author":702,"featured_media":0,"comment_status":"closed","ping_status":"closed","sticky":false,"template":"","format":"standard","meta":{"_acf_changed":false,"footnotes":""},"categories":[251],"tags":[],"class_list":["post-3621","post","type-post","status-publish","format-standard","hentry","category-kultur-o-fritid"],"acf":[],"yoast_head":"<!-- This site is optimized with the Yoast SEO plugin v27.4 - https:\/\/yoast.com\/product\/yoast-seo-wordpress\/ -->\n<title>D\u00e5lig anpassning till Uppsalas kultur och historia | Kristdemokraterna | Uppsala<\/title>\n<meta name=\"robots\" content=\"index, follow, max-snippet:-1, max-image-preview:large, max-video-preview:-1\" \/>\n<link rel=\"canonical\" href=\"https:\/\/wp.kristdemokraterna.se\/uppsala\/dalig-anpassning-till-uppsalas-kultur-och-historia\/\" \/>\n<meta property=\"og:locale\" content=\"sv_SE\" \/>\n<meta property=\"og:type\" content=\"article\" \/>\n<meta property=\"og:title\" content=\"D\u00e5lig anpassning till Uppsalas kultur och historia | Kristdemokraterna | Uppsala\" \/>\n<meta property=\"og:description\" content=\"Sedan 2016 arbetar Uppsala kommun med att ta fram en ny stadsdelsindelning. Ytterst anser vi att det \u00e4r en demokratifr\u00e5ga som m\u00e5ste s\u00f6ka sin legitimitet hos och vara utformad f\u00f6r stadens medborgare. Nu vill v\u00e4nsterstyret fatta beslut utan denna demokratiska f\u00f6rankring, d\u00e4r kommuninv\u00e5narna vanligtvis f\u00e5r inkomma med synpunkter p\u00e5 f\u00f6rslaget, innan deras f\u00f6rl\u00e4ngda vardagsrum m\u00f6bleras Read More\" \/>\n<meta property=\"og:url\" content=\"https:\/\/wp.kristdemokraterna.se\/uppsala\/dalig-anpassning-till-uppsalas-kultur-och-historia\/\" \/>\n<meta property=\"og:site_name\" content=\"Kristdemokraterna | Uppsala\" \/>\n<meta property=\"article:publisher\" content=\"https:\/\/www.facebook.com\/UppsalaKD\/\" \/>\n<meta property=\"article:published_time\" content=\"2020-04-27T07:23:09+00:00\" \/>\n<meta property=\"article:modified_time\" content=\"2024-04-03T22:55:50+00:00\" \/>\n<meta property=\"og:image\" content=\"https:\/\/wp.kristdemokraterna.se\/uppsala\/files\/2021\/12\/kom1.png\" \/>\n\t<meta property=\"og:image:width\" content=\"770\" \/>\n\t<meta property=\"og:image:height\" content=\"404\" \/>\n\t<meta property=\"og:image:type\" content=\"image\/png\" \/>\n<meta name=\"author\" content=\"Mimmi Westerlund\" \/>\n<meta name=\"twitter:card\" content=\"summary_large_image\" \/>\n<meta name=\"twitter:label1\" content=\"Skriven av\" \/>\n\t<meta name=\"twitter:data1\" content=\"Mimmi Westerlund\" \/>\n\t<meta name=\"twitter:label2\" content=\"Ber\u00e4knad l\u00e4stid\" \/>\n\t<meta name=\"twitter:data2\" content=\"1 minut\" \/>\n<script type=\"application\/ld+json\" class=\"yoast-schema-graph\">{\"@context\":\"https:\\\/\\\/schema.org\",\"@graph\":[{\"@type\":\"Article\",\"@id\":\"https:\\\/\\\/wp.kristdemokraterna.se\\\/uppsala\\\/dalig-anpassning-till-uppsalas-kultur-och-historia\\\/#article\",\"isPartOf\":{\"@id\":\"https:\\\/\\\/wp.kristdemokraterna.se\\\/uppsala\\\/dalig-anpassning-till-uppsalas-kultur-och-historia\\\/\"},\"author\":{\"name\":\"Mimmi Westerlund\",\"@id\":\"https:\\\/\\\/wp.kristdemokraterna.se\\\/uppsala\\\/#\\\/schema\\\/person\\\/038d805d685fb0ce5ad14ab8711d8e84\"},\"headline\":\"D\u00e5lig anpassning till Uppsalas kultur och historia\",\"datePublished\":\"2020-04-27T07:23:09+00:00\",\"dateModified\":\"2024-04-03T22:55:50+00:00\",\"mainEntityOfPage\":{\"@id\":\"https:\\\/\\\/wp.kristdemokraterna.se\\\/uppsala\\\/dalig-anpassning-till-uppsalas-kultur-och-historia\\\/\"},\"wordCount\":147,\"publisher\":{\"@id\":\"https:\\\/\\\/wp.kristdemokraterna.se\\\/uppsala\\\/#organization\"},\"articleSection\":[\"Kultur &amp; Fritid\"],\"inLanguage\":\"sv-SE\"},{\"@type\":\"WebPage\",\"@id\":\"https:\\\/\\\/wp.kristdemokraterna.se\\\/uppsala\\\/dalig-anpassning-till-uppsalas-kultur-och-historia\\\/\",\"url\":\"https:\\\/\\\/wp.kristdemokraterna.se\\\/uppsala\\\/dalig-anpassning-till-uppsalas-kultur-och-historia\\\/\",\"name\":\"D\u00e5lig anpassning till Uppsalas kultur och historia | Kristdemokraterna | Uppsala\",\"isPartOf\":{\"@id\":\"https:\\\/\\\/wp.kristdemokraterna.se\\\/uppsala\\\/#website\"},\"datePublished\":\"2020-04-27T07:23:09+00:00\",\"dateModified\":\"2024-04-03T22:55:50+00:00\",\"breadcrumb\":{\"@id\":\"https:\\\/\\\/wp.kristdemokraterna.se\\\/uppsala\\\/dalig-anpassning-till-uppsalas-kultur-och-historia\\\/#breadcrumb\"},\"inLanguage\":\"sv-SE\",\"potentialAction\":[{\"@type\":\"ReadAction\",\"target\":[\"https:\\\/\\\/wp.kristdemokraterna.se\\\/uppsala\\\/dalig-anpassning-till-uppsalas-kultur-och-historia\\\/\"]}]},{\"@type\":\"BreadcrumbList\",\"@id\":\"https:\\\/\\\/wp.kristdemokraterna.se\\\/uppsala\\\/dalig-anpassning-till-uppsalas-kultur-och-historia\\\/#breadcrumb\",\"itemListElement\":[{\"@type\":\"ListItem\",\"position\":1,\"name\":\"Hem\",\"item\":\"https:\\\/\\\/wp.kristdemokraterna.se\\\/uppsala\\\/\"},{\"@type\":\"ListItem\",\"position\":2,\"name\":\"D\u00e5lig anpassning till Uppsalas kultur och historia\"}]},{\"@type\":\"WebSite\",\"@id\":\"https:\\\/\\\/wp.kristdemokraterna.se\\\/uppsala\\\/#website\",\"url\":\"https:\\\/\\\/wp.kristdemokraterna.se\\\/uppsala\\\/\",\"name\":\"Kristdemokraterna Uppsala\",\"description\":\"Tryggare Uppsala\",\"publisher\":{\"@id\":\"https:\\\/\\\/wp.kristdemokraterna.se\\\/uppsala\\\/#organization\"},\"inLanguage\":\"sv-SE\"},{\"@type\":\"Organization\",\"@id\":\"https:\\\/\\\/wp.kristdemokraterna.se\\\/uppsala\\\/#organization\",\"name\":\"Kristdemokraterna Uppsala\",\"url\":\"https:\\\/\\\/wp.kristdemokraterna.se\\\/uppsala\\\/\",\"logo\":{\"@type\":\"ImageObject\",\"inLanguage\":\"sv-SE\",\"@id\":\"https:\\\/\\\/wp.kristdemokraterna.se\\\/uppsala\\\/#\\\/schema\\\/logo\\\/image\\\/\",\"url\":\"https:\\\/\\\/wp.kristdemokraterna.se\\\/uppsala\\\/files\\\/2019\\\/10\\\/kd-uppsala.png\",\"contentUrl\":\"https:\\\/\\\/wp.kristdemokraterna.se\\\/uppsala\\\/files\\\/2019\\\/10\\\/kd-uppsala.png\",\"width\":804,\"height\":421,\"caption\":\"Kristdemokraterna Uppsala\"},\"image\":{\"@id\":\"https:\\\/\\\/wp.kristdemokraterna.se\\\/uppsala\\\/#\\\/schema\\\/logo\\\/image\\\/\"},\"sameAs\":[\"https:\\\/\\\/www.facebook.com\\\/UppsalaKD\\\/\",\"https:\\\/\\\/www.instagram.com\\\/uppsalakd\\\/\"]},{\"@type\":\"Person\",\"@id\":\"https:\\\/\\\/wp.kristdemokraterna.se\\\/uppsala\\\/#\\\/schema\\\/person\\\/038d805d685fb0ce5ad14ab8711d8e84\",\"name\":\"Mimmi Westerlund\",\"image\":{\"@type\":\"ImageObject\",\"inLanguage\":\"sv-SE\",\"@id\":\"https:\\\/\\\/secure.gravatar.com\\\/avatar\\\/a5697359f709b6b10d9c7e6a7c89f3e054554dedb4657d5ffe9e5bc5b1445841?s=96&r=g\",\"url\":\"https:\\\/\\\/secure.gravatar.com\\\/avatar\\\/a5697359f709b6b10d9c7e6a7c89f3e054554dedb4657d5ffe9e5bc5b1445841?s=96&r=g\",\"contentUrl\":\"https:\\\/\\\/secure.gravatar.com\\\/avatar\\\/a5697359f709b6b10d9c7e6a7c89f3e054554dedb4657d5ffe9e5bc5b1445841?s=96&r=g\",\"caption\":\"Mimmi Westerlund\"},\"url\":\"https:\\\/\\\/wp.kristdemokraterna.se\\\/uppsala\\\/author\\\/mimmi\\\/\"}]}<\/script>\n<!-- \/ Yoast SEO plugin. -->","yoast_head_json":{"title":"D\u00e5lig anpassning till Uppsalas kultur och historia | Kristdemokraterna | Uppsala","robots":{"index":"index","follow":"follow","max-snippet":"max-snippet:-1","max-image-preview":"max-image-preview:large","max-video-preview":"max-video-preview:-1"},"canonical":"https:\/\/wp.kristdemokraterna.se\/uppsala\/dalig-anpassning-till-uppsalas-kultur-och-historia\/","og_locale":"sv_SE","og_type":"article","og_title":"D\u00e5lig anpassning till Uppsalas kultur och historia | Kristdemokraterna | Uppsala","og_description":"Sedan 2016 arbetar Uppsala kommun med att ta fram en ny stadsdelsindelning. Ytterst anser vi att det \u00e4r en demokratifr\u00e5ga som m\u00e5ste s\u00f6ka sin legitimitet hos och vara utformad f\u00f6r stadens medborgare. Nu vill v\u00e4nsterstyret fatta beslut utan denna demokratiska f\u00f6rankring, d\u00e4r kommuninv\u00e5narna vanligtvis f\u00e5r inkomma med synpunkter p\u00e5 f\u00f6rslaget, innan deras f\u00f6rl\u00e4ngda vardagsrum m\u00f6bleras Read More","og_url":"https:\/\/wp.kristdemokraterna.se\/uppsala\/dalig-anpassning-till-uppsalas-kultur-och-historia\/","og_site_name":"Kristdemokraterna | Uppsala","article_publisher":"https:\/\/www.facebook.com\/UppsalaKD\/","article_published_time":"2020-04-27T07:23:09+00:00","article_modified_time":"2024-04-03T22:55:50+00:00","og_image":[{"width":770,"height":404,"url":"https:\/\/wp.kristdemokraterna.se\/uppsala\/files\/2021\/12\/kom1.png","type":"image\/png"}],"author":"Mimmi Westerlund","twitter_card":"summary_large_image","twitter_misc":{"Skriven av":"Mimmi Westerlund","Ber\u00e4knad l\u00e4stid":"1 minut"},"schema":{"@context":"https:\/\/schema.org","@graph":[{"@type":"Article","@id":"https:\/\/wp.kristdemokraterna.se\/uppsala\/dalig-anpassning-till-uppsalas-kultur-och-historia\/#article","isPartOf":{"@id":"https:\/\/wp.kristdemokraterna.se\/uppsala\/dalig-anpassning-till-uppsalas-kultur-och-historia\/"},"author":{"name":"Mimmi Westerlund","@id":"https:\/\/wp.kristdemokraterna.se\/uppsala\/#\/schema\/person\/038d805d685fb0ce5ad14ab8711d8e84"},"headline":"D\u00e5lig anpassning till Uppsalas kultur och historia","datePublished":"2020-04-27T07:23:09+00:00","dateModified":"2024-04-03T22:55:50+00:00","mainEntityOfPage":{"@id":"https:\/\/wp.kristdemokraterna.se\/uppsala\/dalig-anpassning-till-uppsalas-kultur-och-historia\/"},"wordCount":147,"publisher":{"@id":"https:\/\/wp.kristdemokraterna.se\/uppsala\/#organization"},"articleSection":["Kultur &amp; Fritid"],"inLanguage":"sv-SE"},{"@type":"WebPage","@id":"https:\/\/wp.kristdemokraterna.se\/uppsala\/dalig-anpassning-till-uppsalas-kultur-och-historia\/","url":"https:\/\/wp.kristdemokraterna.se\/uppsala\/dalig-anpassning-till-uppsalas-kultur-och-historia\/","name":"D\u00e5lig anpassning till Uppsalas kultur och historia | Kristdemokraterna | Uppsala","isPartOf":{"@id":"https:\/\/wp.kristdemokraterna.se\/uppsala\/#website"},"datePublished":"2020-04-27T07:23:09+00:00","dateModified":"2024-04-03T22:55:50+00:00","breadcrumb":{"@id":"https:\/\/wp.kristdemokraterna.se\/uppsala\/dalig-anpassning-till-uppsalas-kultur-och-historia\/#breadcrumb"},"inLanguage":"sv-SE","potentialAction":[{"@type":"ReadAction","target":["https:\/\/wp.kristdemokraterna.se\/uppsala\/dalig-anpassning-till-uppsalas-kultur-och-historia\/"]}]},{"@type":"BreadcrumbList","@id":"https:\/\/wp.kristdemokraterna.se\/uppsala\/dalig-anpassning-till-uppsalas-kultur-och-historia\/#breadcrumb","itemListElement":[{"@type":"ListItem","position":1,"name":"Hem","item":"https:\/\/wp.kristdemokraterna.se\/uppsala\/"},{"@type":"ListItem","position":2,"name":"D\u00e5lig anpassning till Uppsalas kultur och historia"}]},{"@type":"WebSite","@id":"https:\/\/wp.kristdemokraterna.se\/uppsala\/#website","url":"https:\/\/wp.kristdemokraterna.se\/uppsala\/","name":"Kristdemokraterna Uppsala","description":"Tryggare Uppsala","publisher":{"@id":"https:\/\/wp.kristdemokraterna.se\/uppsala\/#organization"},"inLanguage":"sv-SE"},{"@type":"Organization","@id":"https:\/\/wp.kristdemokraterna.se\/uppsala\/#organization","name":"Kristdemokraterna Uppsala","url":"https:\/\/wp.kristdemokraterna.se\/uppsala\/","logo":{"@type":"ImageObject","inLanguage":"sv-SE","@id":"https:\/\/wp.kristdemokraterna.se\/uppsala\/#\/schema\/logo\/image\/","url":"https:\/\/wp.kristdemokraterna.se\/uppsala\/files\/2019\/10\/kd-uppsala.png","contentUrl":"https:\/\/wp.kristdemokraterna.se\/uppsala\/files\/2019\/10\/kd-uppsala.png","width":804,"height":421,"caption":"Kristdemokraterna Uppsala"},"image":{"@id":"https:\/\/wp.kristdemokraterna.se\/uppsala\/#\/schema\/logo\/image\/"},"sameAs":["https:\/\/www.facebook.com\/UppsalaKD\/","https:\/\/www.instagram.com\/uppsalakd\/"]},{"@type":"Person","@id":"https:\/\/wp.kristdemokraterna.se\/uppsala\/#\/schema\/person\/038d805d685fb0ce5ad14ab8711d8e84","name":"Mimmi Westerlund","image":{"@type":"ImageObject","inLanguage":"sv-SE","@id":"https:\/\/secure.gravatar.com\/avatar\/a5697359f709b6b10d9c7e6a7c89f3e054554dedb4657d5ffe9e5bc5b1445841?s=96&r=g","url":"https:\/\/secure.gravatar.com\/avatar\/a5697359f709b6b10d9c7e6a7c89f3e054554dedb4657d5ffe9e5bc5b1445841?s=96&r=g","contentUrl":"https:\/\/secure.gravatar.com\/avatar\/a5697359f709b6b10d9c7e6a7c89f3e054554dedb4657d5ffe9e5bc5b1445841?s=96&r=g","caption":"Mimmi Westerlund"},"url":"https:\/\/wp.kristdemokraterna.se\/uppsala\/author\/mimmi\/"}]}},"_links":{"self":[{"href":"https:\/\/wp.kristdemokraterna.se\/uppsala\/wp-json\/wp\/v2\/posts\/3621","targetHints":{"allow":["GET"]}}],"collection":[{"href":"https:\/\/wp.kristdemokraterna.se\/uppsala\/wp-json\/wp\/v2\/posts"}],"about":[{"href":"https:\/\/wp.kristdemokraterna.se\/uppsala\/wp-json\/wp\/v2\/types\/post"}],"author":[{"embeddable":true,"href":"https:\/\/wp.kristdemokraterna.se\/uppsala\/wp-json\/wp\/v2\/users\/702"}],"replies":[{"embeddable":true,"href":"https:\/\/wp.kristdemokraterna.se\/uppsala\/wp-json\/wp\/v2\/comments?post=3621"}],"version-history":[{"count":2,"href":"https:\/\/wp.kristdemokraterna.se\/uppsala\/wp-json\/wp\/v2\/posts\/3621\/revisions"}],"predecessor-version":[{"id":3623,"href":"https:\/\/wp.kristdemokraterna.se\/uppsala\/wp-json\/wp\/v2\/posts\/3621\/revisions\/3623"}],"wp:attachment":[{"href":"https:\/\/wp.kristdemokraterna.se\/uppsala\/wp-json\/wp\/v2\/media?parent=3621"}],"wp:term":[{"taxonomy":"category","embeddable":true,"href":"https:\/\/wp.kristdemokraterna.se\/uppsala\/wp-json\/wp\/v2\/categories?post=3621"},{"taxonomy":"post_tag","embeddable":true,"href":"https:\/\/wp.kristdemokraterna.se\/uppsala\/wp-json\/wp\/v2\/tags?post=3621"}],"curies":[{"name":"wp","href":"https:\/\/api.w.org\/{rel}","templated":true}]}}