{"id":3642,"date":"2020-05-25T18:22:28","date_gmt":"2020-05-25T16:22:28","guid":{"rendered":"http:\/\/wp.kristdemokraterna.se\/uppsala\/?p=3642"},"modified":"2024-04-03T18:30:02","modified_gmt":"2024-04-03T16:30:02","slug":"langsiktig-plan-for-vardskulden-behovs","status":"publish","type":"post","link":"https:\/\/wp.kristdemokraterna.se\/uppsala\/langsiktig-plan-for-vardskulden-behovs\/","title":{"rendered":"L\u00e5ngsiktig plan f\u00f6r v\u00e5rdskulden beh\u00f6vs"},"content":{"rendered":"<p><strong>Sedan i mars s\u00e5 har 1400 f\u00e4rre operationer genomf\u00f6rts p\u00e5 Akademiska p\u00e5 grund av Covid-19. <\/strong><strong>Endast akuta och tidskritiska patienter har tagits emot.<br \/>\n\u2013\u00a0Det \u00e4r viktigt att vi har en l\u00e5ngsiktig plan f\u00f6r hur vi ska hantera situationen med v\u00e5rdskulden, s\u00e4ger Mimmi Westerlund, KD.<\/strong><br \/>\n<!--more--><br \/>\nIdag presenterades en rapport som visar nul\u00e4get n\u00e4r det g\u00e4ller v\u00e5rd och behandling av patienter i sjukhusv\u00e5rden.<\/p>\n<p>F\u00f6r att kunna st\u00e4lla om mot v\u00e5rd av covidpatienter s\u00e5 har Akademiska sjukhuset minskat sin tillg\u00e4nglighet f\u00f6r operation och nybes\u00f6k och k\u00f6erna har d\u00e4rmed \u00f6kat kraftigt. Detta d\u00e5 v\u00e5rden av dessa \u00e4r mer resurskr\u00e4vande \u00e4n annan sjukhusv\u00e5rd och personal har f\u00e5tt flytta fr\u00e5n andra avdelningar f\u00f6r att bist\u00e5.<\/p>\n<h2>Minskat remissfl\u00f6de<\/h2>\n<p>Dessutom har remissfl\u00f6det minskat eftersom bland annat v\u00e5rdcentraler som skriver remisser har dragit ned p\u00e5 verksamheten. Ocks\u00e5 \u00f6ppenv\u00e5rden har sjunkit i produktion och har tagit emot \u00e5tta procent f\u00e4rre patienter \u00e4n vanligt.<\/p>\n<p>\u2013\u00a0Just nu planeras \u00e5terg\u00e5ngen av verksamheten efter att covid-19 ebbar ut. \u00c4nnu tuffare prioriteringar kommer nu kr\u00e4vas f\u00f6r att beta av k\u00f6erna och d\u00e5 handlar det inte om att tills\u00e4tta mer pengar utan att klara detta inom befintlig ram, s\u00e4ger Mimmi Westerlund, vice ordf\u00f6rande i sjukhusstyrelsen.<\/p>\n<p>En v\u00e4g som presenterades i en rapport p\u00e5 sjukhusstyrelsen idag \u00e4r att pr\u00f6va upphandling inom omr\u00e5den med st\u00f6rre effekt p\u00e5 produktionen. S\u00e5 fort som m\u00f6jligt ska man ocks\u00e5 \u00e5terg\u00e5 till den v\u00e5rdplanering som g\u00e4llde f\u00f6re pandemin.<\/p>\n<p>\u2013 Vi m\u00e5ste dock ha en plan f\u00f6r hur vi ska hantera v\u00e5rdskulden \u00e4ven p\u00e5 l\u00e4ngre sikt. Inget tyder just nu p\u00e5 att det finns en m\u00f6jlighet att beta av alla k\u00f6ande ens efter sommaren. H\u00e4r hoppas jag personligen att regeringen kan g\u00e5 in tydligt och erbjuder ett nationellt st\u00f6d till de regioner som nu f\u00e5tt l\u00e5nga k\u00f6er, s\u00e4ger Mimmi Westerlund.<\/p>\n","protected":false},"excerpt":{"rendered":"<p>Sedan i mars s\u00e5 har 1400 f\u00e4rre operationer genomf\u00f6rts p\u00e5 Akademiska p\u00e5 grund av Covid-19. Endast akuta och tidskritiska patienter har tagits emot. \u2013\u00a0Det \u00e4r viktigt att vi har en l\u00e5ngsiktig plan f\u00f6r hur vi ska hantera situationen med v\u00e5rdskulden, s\u00e4ger Mimmi Westerlund, KD.<\/p>\n","protected":false},"author":702,"featured_media":0,"comment_status":"closed","ping_status":"closed","sticky":false,"template":"","format":"standard","meta":{"_acf_changed":false,"footnotes":""},"categories":[236],"tags":[198,230,221,223],"class_list":["post-3642","post","type-post","status-publish","format-standard","hentry","category-vard-o-omsorg","tag-kd","tag-kd-region-uppsala","tag-mimmi-westerlund","tag-sjukhusstyrelsen"],"acf":[],"yoast_head":"<!-- This site is optimized with the Yoast SEO plugin v27.4 - https:\/\/yoast.com\/product\/yoast-seo-wordpress\/ -->\n<title>L\u00e5ngsiktig plan f\u00f6r v\u00e5rdskulden beh\u00f6vs | Kristdemokraterna | Uppsala<\/title>\n<meta name=\"robots\" content=\"index, follow, max-snippet:-1, max-image-preview:large, max-video-preview:-1\" \/>\n<link rel=\"canonical\" href=\"https:\/\/wp.kristdemokraterna.se\/uppsala\/langsiktig-plan-for-vardskulden-behovs\/\" \/>\n<meta property=\"og:locale\" content=\"sv_SE\" \/>\n<meta property=\"og:type\" content=\"article\" \/>\n<meta property=\"og:title\" content=\"L\u00e5ngsiktig plan f\u00f6r v\u00e5rdskulden beh\u00f6vs | Kristdemokraterna | Uppsala\" \/>\n<meta property=\"og:description\" content=\"Sedan i mars s\u00e5 har 1400 f\u00e4rre operationer genomf\u00f6rts p\u00e5 Akademiska p\u00e5 grund av Covid-19. Endast akuta och tidskritiska patienter har tagits emot. \u2013\u00a0Det \u00e4r viktigt att vi har en l\u00e5ngsiktig plan f\u00f6r hur vi ska hantera situationen med v\u00e5rdskulden, s\u00e4ger Mimmi Westerlund, KD.\" \/>\n<meta property=\"og:url\" content=\"https:\/\/wp.kristdemokraterna.se\/uppsala\/langsiktig-plan-for-vardskulden-behovs\/\" \/>\n<meta property=\"og:site_name\" content=\"Kristdemokraterna | Uppsala\" \/>\n<meta property=\"article:publisher\" content=\"https:\/\/www.facebook.com\/UppsalaKD\/\" \/>\n<meta property=\"article:published_time\" content=\"2020-05-25T16:22:28+00:00\" \/>\n<meta property=\"article:modified_time\" content=\"2024-04-03T16:30:02+00:00\" \/>\n<meta property=\"og:image\" content=\"https:\/\/wp.kristdemokraterna.se\/uppsala\/files\/2021\/12\/kom1.png\" \/>\n\t<meta property=\"og:image:width\" content=\"770\" \/>\n\t<meta property=\"og:image:height\" content=\"404\" \/>\n\t<meta property=\"og:image:type\" content=\"image\/png\" \/>\n<meta name=\"author\" content=\"Mimmi Westerlund\" \/>\n<meta name=\"twitter:card\" content=\"summary_large_image\" \/>\n<meta name=\"twitter:label1\" content=\"Skriven av\" \/>\n\t<meta name=\"twitter:data1\" content=\"Mimmi Westerlund\" \/>\n\t<meta name=\"twitter:label2\" content=\"Ber\u00e4knad l\u00e4stid\" \/>\n\t<meta name=\"twitter:data2\" content=\"2 minuter\" \/>\n<script type=\"application\/ld+json\" class=\"yoast-schema-graph\">{\"@context\":\"https:\\\/\\\/schema.org\",\"@graph\":[{\"@type\":\"Article\",\"@id\":\"https:\\\/\\\/wp.kristdemokraterna.se\\\/uppsala\\\/langsiktig-plan-for-vardskulden-behovs\\\/#article\",\"isPartOf\":{\"@id\":\"https:\\\/\\\/wp.kristdemokraterna.se\\\/uppsala\\\/langsiktig-plan-for-vardskulden-behovs\\\/\"},\"author\":{\"name\":\"Mimmi Westerlund\",\"@id\":\"https:\\\/\\\/wp.kristdemokraterna.se\\\/uppsala\\\/#\\\/schema\\\/person\\\/038d805d685fb0ce5ad14ab8711d8e84\"},\"headline\":\"L\u00e5ngsiktig plan f\u00f6r v\u00e5rdskulden beh\u00f6vs\",\"datePublished\":\"2020-05-25T16:22:28+00:00\",\"dateModified\":\"2024-04-03T16:30:02+00:00\",\"mainEntityOfPage\":{\"@id\":\"https:\\\/\\\/wp.kristdemokraterna.se\\\/uppsala\\\/langsiktig-plan-for-vardskulden-behovs\\\/\"},\"wordCount\":350,\"publisher\":{\"@id\":\"https:\\\/\\\/wp.kristdemokraterna.se\\\/uppsala\\\/#organization\"},\"keywords\":[\"KD\",\"KD Region Uppsala\",\"Mimmi Westerlund\",\"sjukhusstyrelsen\"],\"articleSection\":[\"V\u00e5rd &amp; omsorg\"],\"inLanguage\":\"sv-SE\"},{\"@type\":\"WebPage\",\"@id\":\"https:\\\/\\\/wp.kristdemokraterna.se\\\/uppsala\\\/langsiktig-plan-for-vardskulden-behovs\\\/\",\"url\":\"https:\\\/\\\/wp.kristdemokraterna.se\\\/uppsala\\\/langsiktig-plan-for-vardskulden-behovs\\\/\",\"name\":\"L\u00e5ngsiktig plan f\u00f6r v\u00e5rdskulden beh\u00f6vs | Kristdemokraterna | Uppsala\",\"isPartOf\":{\"@id\":\"https:\\\/\\\/wp.kristdemokraterna.se\\\/uppsala\\\/#website\"},\"datePublished\":\"2020-05-25T16:22:28+00:00\",\"dateModified\":\"2024-04-03T16:30:02+00:00\",\"breadcrumb\":{\"@id\":\"https:\\\/\\\/wp.kristdemokraterna.se\\\/uppsala\\\/langsiktig-plan-for-vardskulden-behovs\\\/#breadcrumb\"},\"inLanguage\":\"sv-SE\",\"potentialAction\":[{\"@type\":\"ReadAction\",\"target\":[\"https:\\\/\\\/wp.kristdemokraterna.se\\\/uppsala\\\/langsiktig-plan-for-vardskulden-behovs\\\/\"]}]},{\"@type\":\"BreadcrumbList\",\"@id\":\"https:\\\/\\\/wp.kristdemokraterna.se\\\/uppsala\\\/langsiktig-plan-for-vardskulden-behovs\\\/#breadcrumb\",\"itemListElement\":[{\"@type\":\"ListItem\",\"position\":1,\"name\":\"Hem\",\"item\":\"https:\\\/\\\/wp.kristdemokraterna.se\\\/uppsala\\\/\"},{\"@type\":\"ListItem\",\"position\":2,\"name\":\"L\u00e5ngsiktig plan f\u00f6r v\u00e5rdskulden beh\u00f6vs\"}]},{\"@type\":\"WebSite\",\"@id\":\"https:\\\/\\\/wp.kristdemokraterna.se\\\/uppsala\\\/#website\",\"url\":\"https:\\\/\\\/wp.kristdemokraterna.se\\\/uppsala\\\/\",\"name\":\"Kristdemokraterna Uppsala\",\"description\":\"Tryggare Uppsala\",\"publisher\":{\"@id\":\"https:\\\/\\\/wp.kristdemokraterna.se\\\/uppsala\\\/#organization\"},\"inLanguage\":\"sv-SE\"},{\"@type\":\"Organization\",\"@id\":\"https:\\\/\\\/wp.kristdemokraterna.se\\\/uppsala\\\/#organization\",\"name\":\"Kristdemokraterna Uppsala\",\"url\":\"https:\\\/\\\/wp.kristdemokraterna.se\\\/uppsala\\\/\",\"logo\":{\"@type\":\"ImageObject\",\"inLanguage\":\"sv-SE\",\"@id\":\"https:\\\/\\\/wp.kristdemokraterna.se\\\/uppsala\\\/#\\\/schema\\\/logo\\\/image\\\/\",\"url\":\"https:\\\/\\\/wp.kristdemokraterna.se\\\/uppsala\\\/files\\\/2019\\\/10\\\/kd-uppsala.png\",\"contentUrl\":\"https:\\\/\\\/wp.kristdemokraterna.se\\\/uppsala\\\/files\\\/2019\\\/10\\\/kd-uppsala.png\",\"width\":804,\"height\":421,\"caption\":\"Kristdemokraterna Uppsala\"},\"image\":{\"@id\":\"https:\\\/\\\/wp.kristdemokraterna.se\\\/uppsala\\\/#\\\/schema\\\/logo\\\/image\\\/\"},\"sameAs\":[\"https:\\\/\\\/www.facebook.com\\\/UppsalaKD\\\/\",\"https:\\\/\\\/www.instagram.com\\\/uppsalakd\\\/\"]},{\"@type\":\"Person\",\"@id\":\"https:\\\/\\\/wp.kristdemokraterna.se\\\/uppsala\\\/#\\\/schema\\\/person\\\/038d805d685fb0ce5ad14ab8711d8e84\",\"name\":\"Mimmi Westerlund\",\"image\":{\"@type\":\"ImageObject\",\"inLanguage\":\"sv-SE\",\"@id\":\"https:\\\/\\\/secure.gravatar.com\\\/avatar\\\/a5697359f709b6b10d9c7e6a7c89f3e054554dedb4657d5ffe9e5bc5b1445841?s=96&r=g\",\"url\":\"https:\\\/\\\/secure.gravatar.com\\\/avatar\\\/a5697359f709b6b10d9c7e6a7c89f3e054554dedb4657d5ffe9e5bc5b1445841?s=96&r=g\",\"contentUrl\":\"https:\\\/\\\/secure.gravatar.com\\\/avatar\\\/a5697359f709b6b10d9c7e6a7c89f3e054554dedb4657d5ffe9e5bc5b1445841?s=96&r=g\",\"caption\":\"Mimmi Westerlund\"},\"url\":\"https:\\\/\\\/wp.kristdemokraterna.se\\\/uppsala\\\/author\\\/mimmi\\\/\"}]}<\/script>\n<!-- \/ Yoast SEO plugin. -->","yoast_head_json":{"title":"L\u00e5ngsiktig plan f\u00f6r v\u00e5rdskulden beh\u00f6vs | Kristdemokraterna | Uppsala","robots":{"index":"index","follow":"follow","max-snippet":"max-snippet:-1","max-image-preview":"max-image-preview:large","max-video-preview":"max-video-preview:-1"},"canonical":"https:\/\/wp.kristdemokraterna.se\/uppsala\/langsiktig-plan-for-vardskulden-behovs\/","og_locale":"sv_SE","og_type":"article","og_title":"L\u00e5ngsiktig plan f\u00f6r v\u00e5rdskulden beh\u00f6vs | Kristdemokraterna | Uppsala","og_description":"Sedan i mars s\u00e5 har 1400 f\u00e4rre operationer genomf\u00f6rts p\u00e5 Akademiska p\u00e5 grund av Covid-19. Endast akuta och tidskritiska patienter har tagits emot. \u2013\u00a0Det \u00e4r viktigt att vi har en l\u00e5ngsiktig plan f\u00f6r hur vi ska hantera situationen med v\u00e5rdskulden, s\u00e4ger Mimmi Westerlund, KD.","og_url":"https:\/\/wp.kristdemokraterna.se\/uppsala\/langsiktig-plan-for-vardskulden-behovs\/","og_site_name":"Kristdemokraterna | Uppsala","article_publisher":"https:\/\/www.facebook.com\/UppsalaKD\/","article_published_time":"2020-05-25T16:22:28+00:00","article_modified_time":"2024-04-03T16:30:02+00:00","og_image":[{"width":770,"height":404,"url":"https:\/\/wp.kristdemokraterna.se\/uppsala\/files\/2021\/12\/kom1.png","type":"image\/png"}],"author":"Mimmi Westerlund","twitter_card":"summary_large_image","twitter_misc":{"Skriven av":"Mimmi Westerlund","Ber\u00e4knad l\u00e4stid":"2 minuter"},"schema":{"@context":"https:\/\/schema.org","@graph":[{"@type":"Article","@id":"https:\/\/wp.kristdemokraterna.se\/uppsala\/langsiktig-plan-for-vardskulden-behovs\/#article","isPartOf":{"@id":"https:\/\/wp.kristdemokraterna.se\/uppsala\/langsiktig-plan-for-vardskulden-behovs\/"},"author":{"name":"Mimmi Westerlund","@id":"https:\/\/wp.kristdemokraterna.se\/uppsala\/#\/schema\/person\/038d805d685fb0ce5ad14ab8711d8e84"},"headline":"L\u00e5ngsiktig plan f\u00f6r v\u00e5rdskulden beh\u00f6vs","datePublished":"2020-05-25T16:22:28+00:00","dateModified":"2024-04-03T16:30:02+00:00","mainEntityOfPage":{"@id":"https:\/\/wp.kristdemokraterna.se\/uppsala\/langsiktig-plan-for-vardskulden-behovs\/"},"wordCount":350,"publisher":{"@id":"https:\/\/wp.kristdemokraterna.se\/uppsala\/#organization"},"keywords":["KD","KD Region Uppsala","Mimmi Westerlund","sjukhusstyrelsen"],"articleSection":["V\u00e5rd &amp; omsorg"],"inLanguage":"sv-SE"},{"@type":"WebPage","@id":"https:\/\/wp.kristdemokraterna.se\/uppsala\/langsiktig-plan-for-vardskulden-behovs\/","url":"https:\/\/wp.kristdemokraterna.se\/uppsala\/langsiktig-plan-for-vardskulden-behovs\/","name":"L\u00e5ngsiktig plan f\u00f6r v\u00e5rdskulden beh\u00f6vs | Kristdemokraterna | Uppsala","isPartOf":{"@id":"https:\/\/wp.kristdemokraterna.se\/uppsala\/#website"},"datePublished":"2020-05-25T16:22:28+00:00","dateModified":"2024-04-03T16:30:02+00:00","breadcrumb":{"@id":"https:\/\/wp.kristdemokraterna.se\/uppsala\/langsiktig-plan-for-vardskulden-behovs\/#breadcrumb"},"inLanguage":"sv-SE","potentialAction":[{"@type":"ReadAction","target":["https:\/\/wp.kristdemokraterna.se\/uppsala\/langsiktig-plan-for-vardskulden-behovs\/"]}]},{"@type":"BreadcrumbList","@id":"https:\/\/wp.kristdemokraterna.se\/uppsala\/langsiktig-plan-for-vardskulden-behovs\/#breadcrumb","itemListElement":[{"@type":"ListItem","position":1,"name":"Hem","item":"https:\/\/wp.kristdemokraterna.se\/uppsala\/"},{"@type":"ListItem","position":2,"name":"L\u00e5ngsiktig plan f\u00f6r v\u00e5rdskulden beh\u00f6vs"}]},{"@type":"WebSite","@id":"https:\/\/wp.kristdemokraterna.se\/uppsala\/#website","url":"https:\/\/wp.kristdemokraterna.se\/uppsala\/","name":"Kristdemokraterna Uppsala","description":"Tryggare Uppsala","publisher":{"@id":"https:\/\/wp.kristdemokraterna.se\/uppsala\/#organization"},"inLanguage":"sv-SE"},{"@type":"Organization","@id":"https:\/\/wp.kristdemokraterna.se\/uppsala\/#organization","name":"Kristdemokraterna Uppsala","url":"https:\/\/wp.kristdemokraterna.se\/uppsala\/","logo":{"@type":"ImageObject","inLanguage":"sv-SE","@id":"https:\/\/wp.kristdemokraterna.se\/uppsala\/#\/schema\/logo\/image\/","url":"https:\/\/wp.kristdemokraterna.se\/uppsala\/files\/2019\/10\/kd-uppsala.png","contentUrl":"https:\/\/wp.kristdemokraterna.se\/uppsala\/files\/2019\/10\/kd-uppsala.png","width":804,"height":421,"caption":"Kristdemokraterna Uppsala"},"image":{"@id":"https:\/\/wp.kristdemokraterna.se\/uppsala\/#\/schema\/logo\/image\/"},"sameAs":["https:\/\/www.facebook.com\/UppsalaKD\/","https:\/\/www.instagram.com\/uppsalakd\/"]},{"@type":"Person","@id":"https:\/\/wp.kristdemokraterna.se\/uppsala\/#\/schema\/person\/038d805d685fb0ce5ad14ab8711d8e84","name":"Mimmi Westerlund","image":{"@type":"ImageObject","inLanguage":"sv-SE","@id":"https:\/\/secure.gravatar.com\/avatar\/a5697359f709b6b10d9c7e6a7c89f3e054554dedb4657d5ffe9e5bc5b1445841?s=96&r=g","url":"https:\/\/secure.gravatar.com\/avatar\/a5697359f709b6b10d9c7e6a7c89f3e054554dedb4657d5ffe9e5bc5b1445841?s=96&r=g","contentUrl":"https:\/\/secure.gravatar.com\/avatar\/a5697359f709b6b10d9c7e6a7c89f3e054554dedb4657d5ffe9e5bc5b1445841?s=96&r=g","caption":"Mimmi Westerlund"},"url":"https:\/\/wp.kristdemokraterna.se\/uppsala\/author\/mimmi\/"}]}},"_links":{"self":[{"href":"https:\/\/wp.kristdemokraterna.se\/uppsala\/wp-json\/wp\/v2\/posts\/3642","targetHints":{"allow":["GET"]}}],"collection":[{"href":"https:\/\/wp.kristdemokraterna.se\/uppsala\/wp-json\/wp\/v2\/posts"}],"about":[{"href":"https:\/\/wp.kristdemokraterna.se\/uppsala\/wp-json\/wp\/v2\/types\/post"}],"author":[{"embeddable":true,"href":"https:\/\/wp.kristdemokraterna.se\/uppsala\/wp-json\/wp\/v2\/users\/702"}],"replies":[{"embeddable":true,"href":"https:\/\/wp.kristdemokraterna.se\/uppsala\/wp-json\/wp\/v2\/comments?post=3642"}],"version-history":[{"count":5,"href":"https:\/\/wp.kristdemokraterna.se\/uppsala\/wp-json\/wp\/v2\/posts\/3642\/revisions"}],"predecessor-version":[{"id":3644,"href":"https:\/\/wp.kristdemokraterna.se\/uppsala\/wp-json\/wp\/v2\/posts\/3642\/revisions\/3644"}],"wp:attachment":[{"href":"https:\/\/wp.kristdemokraterna.se\/uppsala\/wp-json\/wp\/v2\/media?parent=3642"}],"wp:term":[{"taxonomy":"category","embeddable":true,"href":"https:\/\/wp.kristdemokraterna.se\/uppsala\/wp-json\/wp\/v2\/categories?post=3642"},{"taxonomy":"post_tag","embeddable":true,"href":"https:\/\/wp.kristdemokraterna.se\/uppsala\/wp-json\/wp\/v2\/tags?post=3642"}],"curies":[{"name":"wp","href":"https:\/\/api.w.org\/{rel}","templated":true}]}}