{"id":3654,"date":"2020-05-26T10:10:11","date_gmt":"2020-05-26T08:10:11","guid":{"rendered":"http:\/\/wp.kristdemokraterna.se\/uppsala\/?p=3654"},"modified":"2024-04-07T17:32:13","modified_gmt":"2024-04-07T15:32:13","slug":"nu-tillganglighetsanpassas-kommunens-badplatser-trots-motstand-fran-s-l-och-mp","status":"publish","type":"post","link":"https:\/\/wp.kristdemokraterna.se\/uppsala\/nu-tillganglighetsanpassas-kommunens-badplatser-trots-motstand-fran-s-l-och-mp\/","title":{"rendered":"Nu ska kommunens badplatser tillg\u00e4nglighetsanpassas"},"content":{"rendered":"<div title=\"Page 47\">\n<div class=\"page\" title=\"Page 41\">\n<div class=\"layoutArea\">\n<div class=\"column\">\n<h4>Idag \u00e4r endast \u00e4r tre av 21 kommunala badplatser tillg\u00e4nglighetsanpassade\u00a0trots att en bred majoritet i riksdagen beslutade att alla enkelt avhj\u00e4lpta hinder skulle vara undanr\u00f6jda senast 2010. Efter kommunfullm\u00e4ktige i maj 2020 st\u00e5r det dock klart att oppositionen lyckades driva igenom ett f\u00f6rslag om fler tillg\u00e4ngliga badplatser fr\u00e5n KD och V &#8211; trots att minoritetsstyret (S, L och MP) r\u00f6stade emot.<\/h4>\n<blockquote><p>&#8211; Det \u00e4r en oerh\u00f6rt stor vinst f\u00f6r alla som hittills inte haft m\u00f6jlighet att uppleva v\u00e5ra badplatser. Brister p\u00e5 hj\u00e4lpmedel och anpassningar inneb\u00e4r ofta att de friheter som f\u00f6r m\u00e5nga \u00e4r sj\u00e4lvklara blir om\u00f6jliga att ta del av f\u00f6r vissa kommunmedborgare. Jag \u00e4r j\u00e4tteglad \u00f6ver det h\u00e4r beslutet och att vi fick igenom det trots motst\u00e5ndet fr\u00e5n S, L och MP, kommenterar Jonas Segersam (KD).<\/p><\/blockquote>\n<p>I motionen beskrivs att tillg\u00e4nglighetsanpassning av bad ofta \u00e4r en liten investeringskostnad. Det kan handla om att bygga en rullstolsramp eller montera en ledst\u00e5ng vid vattenbrynet. V och KD vill att alla badplatser p\u00e5 sikt b\u00f6r g\u00f6ras tillg\u00e4ngliga men vill att kommunen omg\u00e5ende agerar f\u00f6r att tillg\u00e4nglighetsanpassa minst h\u00e4lften av badplatserna kommunen ansvarar f\u00f6r.<\/p>\n<blockquote><p>&#8211; \u00a0N\u00e4r vi fr\u00e5n tv\u00e5 s\u00e5 olika partier kan finna ett samarbete kring att detta \u00e4r jag glad att \u00e4ven andra partier st\u00f6djer v\u00e5rt f\u00f6rslag. Det h\u00e4r \u00e4r ett litet steg p\u00e5 v\u00e4gen mot en v\u00e4rdigare tillvaro f\u00f6r personer med funktionsvariatoner, s\u00e4ger Jonas Segersam.<\/p><\/blockquote>\n<p>Socialdemokraterna, Liberalerna och Milj\u00f6partiet r\u00f6stade nej.\u00a0Kristdemokraterna, V\u00e4nsterpartiet, Moderaterna, Centerpartiet och Sverigedemokraterna r\u00f6stade f\u00f6r.<\/p>\n<h6><em>P\u00e5 bilden: En exempelbild p\u00e5 en rullstol som \u00e4r anpassad f\u00f6r sandstrand med metallhjul.<\/em><\/h6>\n<\/div>\n<\/div>\n<\/div>\n<\/div>\n","protected":false},"excerpt":{"rendered":"<p>Idag \u00e4r endast \u00e4r tre av 21 kommunala badplatser tillg\u00e4nglighetsanpassade\u00a0trots att en bred majoritet i riksdagen beslutade att alla enkelt avhj\u00e4lpta hinder skulle vara undanr\u00f6jda senast 2010. Efter kommunfullm\u00e4ktige i maj 2020 st\u00e5r det dock klart att oppositionen lyckades driva igenom ett f\u00f6rslag om fler tillg\u00e4ngliga badplatser fr\u00e5n KD och V &#8211; trots att minoritetsstyret <a class=\"read-more-link\" href=\"https:\/\/wp.kristdemokraterna.se\/uppsala\/nu-tillganglighetsanpassas-kommunens-badplatser-trots-motstand-fran-s-l-och-mp\/\">Read More<\/a><\/p>\n","protected":false},"author":702,"featured_media":0,"comment_status":"closed","ping_status":"closed","sticky":false,"template":"","format":"standard","meta":{"_acf_changed":false,"footnotes":""},"categories":[232],"tags":[],"class_list":["post-3654","post","type-post","status-publish","format-standard","hentry","category-kollektivtrafik-o-stadsplanering"],"acf":[],"yoast_head":"<!-- This site is optimized with the Yoast SEO plugin v27.4 - https:\/\/yoast.com\/product\/yoast-seo-wordpress\/ -->\n<title>Nu ska kommunens badplatser tillg\u00e4nglighetsanpassas | Kristdemokraterna | Uppsala<\/title>\n<meta name=\"robots\" content=\"index, follow, max-snippet:-1, max-image-preview:large, max-video-preview:-1\" \/>\n<link rel=\"canonical\" href=\"https:\/\/wp.kristdemokraterna.se\/uppsala\/nu-tillganglighetsanpassas-kommunens-badplatser-trots-motstand-fran-s-l-och-mp\/\" \/>\n<meta property=\"og:locale\" content=\"sv_SE\" \/>\n<meta property=\"og:type\" content=\"article\" \/>\n<meta property=\"og:title\" content=\"Nu ska kommunens badplatser tillg\u00e4nglighetsanpassas | Kristdemokraterna | Uppsala\" \/>\n<meta property=\"og:description\" content=\"Idag \u00e4r endast \u00e4r tre av 21 kommunala badplatser tillg\u00e4nglighetsanpassade\u00a0trots att en bred majoritet i riksdagen beslutade att alla enkelt avhj\u00e4lpta hinder skulle vara undanr\u00f6jda senast 2010. Efter kommunfullm\u00e4ktige i maj 2020 st\u00e5r det dock klart att oppositionen lyckades driva igenom ett f\u00f6rslag om fler tillg\u00e4ngliga badplatser fr\u00e5n KD och V &#8211; trots att minoritetsstyret Read More\" \/>\n<meta property=\"og:url\" content=\"https:\/\/wp.kristdemokraterna.se\/uppsala\/nu-tillganglighetsanpassas-kommunens-badplatser-trots-motstand-fran-s-l-och-mp\/\" \/>\n<meta property=\"og:site_name\" content=\"Kristdemokraterna | Uppsala\" \/>\n<meta property=\"article:publisher\" content=\"https:\/\/www.facebook.com\/UppsalaKD\/\" \/>\n<meta property=\"article:published_time\" content=\"2020-05-26T08:10:11+00:00\" \/>\n<meta property=\"article:modified_time\" content=\"2024-04-07T15:32:13+00:00\" \/>\n<meta property=\"og:image\" content=\"http:\/\/wp.kristdemokraterna.se\/uppsala\/files\/2020\/05\/shutterstock_1123715420-scaled-e1590480709146-540x306.jpg\" \/>\n\t<meta property=\"og:image:width\" content=\"540\" \/>\n\t<meta property=\"og:image:height\" content=\"306\" \/>\n\t<meta property=\"og:image:type\" content=\"image\/jpeg\" \/>\n<meta name=\"author\" content=\"Mimmi Westerlund\" \/>\n<meta name=\"twitter:card\" content=\"summary_large_image\" \/>\n<meta name=\"twitter:label1\" content=\"Skriven av\" \/>\n\t<meta name=\"twitter:data1\" content=\"Mimmi Westerlund\" \/>\n\t<meta name=\"twitter:label2\" content=\"Ber\u00e4knad l\u00e4stid\" \/>\n\t<meta name=\"twitter:data2\" content=\"2 minuter\" \/>\n<script type=\"application\/ld+json\" class=\"yoast-schema-graph\">{\"@context\":\"https:\\\/\\\/schema.org\",\"@graph\":[{\"@type\":\"Article\",\"@id\":\"https:\\\/\\\/wp.kristdemokraterna.se\\\/uppsala\\\/nu-tillganglighetsanpassas-kommunens-badplatser-trots-motstand-fran-s-l-och-mp\\\/#article\",\"isPartOf\":{\"@id\":\"https:\\\/\\\/wp.kristdemokraterna.se\\\/uppsala\\\/nu-tillganglighetsanpassas-kommunens-badplatser-trots-motstand-fran-s-l-och-mp\\\/\"},\"author\":{\"name\":\"Mimmi Westerlund\",\"@id\":\"https:\\\/\\\/wp.kristdemokraterna.se\\\/uppsala\\\/#\\\/schema\\\/person\\\/038d805d685fb0ce5ad14ab8711d8e84\"},\"headline\":\"Nu ska kommunens badplatser tillg\u00e4nglighetsanpassas\",\"datePublished\":\"2020-05-26T08:10:11+00:00\",\"dateModified\":\"2024-04-07T15:32:13+00:00\",\"mainEntityOfPage\":{\"@id\":\"https:\\\/\\\/wp.kristdemokraterna.se\\\/uppsala\\\/nu-tillganglighetsanpassas-kommunens-badplatser-trots-motstand-fran-s-l-och-mp\\\/\"},\"wordCount\":307,\"publisher\":{\"@id\":\"https:\\\/\\\/wp.kristdemokraterna.se\\\/uppsala\\\/#organization\"},\"articleSection\":[\"Kollektivtrafik &amp; Stadsplanering\"],\"inLanguage\":\"sv-SE\"},{\"@type\":\"WebPage\",\"@id\":\"https:\\\/\\\/wp.kristdemokraterna.se\\\/uppsala\\\/nu-tillganglighetsanpassas-kommunens-badplatser-trots-motstand-fran-s-l-och-mp\\\/\",\"url\":\"https:\\\/\\\/wp.kristdemokraterna.se\\\/uppsala\\\/nu-tillganglighetsanpassas-kommunens-badplatser-trots-motstand-fran-s-l-och-mp\\\/\",\"name\":\"Nu ska kommunens badplatser tillg\u00e4nglighetsanpassas | Kristdemokraterna | Uppsala\",\"isPartOf\":{\"@id\":\"https:\\\/\\\/wp.kristdemokraterna.se\\\/uppsala\\\/#website\"},\"datePublished\":\"2020-05-26T08:10:11+00:00\",\"dateModified\":\"2024-04-07T15:32:13+00:00\",\"breadcrumb\":{\"@id\":\"https:\\\/\\\/wp.kristdemokraterna.se\\\/uppsala\\\/nu-tillganglighetsanpassas-kommunens-badplatser-trots-motstand-fran-s-l-och-mp\\\/#breadcrumb\"},\"inLanguage\":\"sv-SE\",\"potentialAction\":[{\"@type\":\"ReadAction\",\"target\":[\"https:\\\/\\\/wp.kristdemokraterna.se\\\/uppsala\\\/nu-tillganglighetsanpassas-kommunens-badplatser-trots-motstand-fran-s-l-och-mp\\\/\"]}]},{\"@type\":\"BreadcrumbList\",\"@id\":\"https:\\\/\\\/wp.kristdemokraterna.se\\\/uppsala\\\/nu-tillganglighetsanpassas-kommunens-badplatser-trots-motstand-fran-s-l-och-mp\\\/#breadcrumb\",\"itemListElement\":[{\"@type\":\"ListItem\",\"position\":1,\"name\":\"Hem\",\"item\":\"https:\\\/\\\/wp.kristdemokraterna.se\\\/uppsala\\\/\"},{\"@type\":\"ListItem\",\"position\":2,\"name\":\"Nu ska kommunens badplatser tillg\u00e4nglighetsanpassas\"}]},{\"@type\":\"WebSite\",\"@id\":\"https:\\\/\\\/wp.kristdemokraterna.se\\\/uppsala\\\/#website\",\"url\":\"https:\\\/\\\/wp.kristdemokraterna.se\\\/uppsala\\\/\",\"name\":\"Kristdemokraterna Uppsala\",\"description\":\"Tryggare Uppsala\",\"publisher\":{\"@id\":\"https:\\\/\\\/wp.kristdemokraterna.se\\\/uppsala\\\/#organization\"},\"inLanguage\":\"sv-SE\"},{\"@type\":\"Organization\",\"@id\":\"https:\\\/\\\/wp.kristdemokraterna.se\\\/uppsala\\\/#organization\",\"name\":\"Kristdemokraterna Uppsala\",\"url\":\"https:\\\/\\\/wp.kristdemokraterna.se\\\/uppsala\\\/\",\"logo\":{\"@type\":\"ImageObject\",\"inLanguage\":\"sv-SE\",\"@id\":\"https:\\\/\\\/wp.kristdemokraterna.se\\\/uppsala\\\/#\\\/schema\\\/logo\\\/image\\\/\",\"url\":\"https:\\\/\\\/wp.kristdemokraterna.se\\\/uppsala\\\/files\\\/2019\\\/10\\\/kd-uppsala.png\",\"contentUrl\":\"https:\\\/\\\/wp.kristdemokraterna.se\\\/uppsala\\\/files\\\/2019\\\/10\\\/kd-uppsala.png\",\"width\":804,\"height\":421,\"caption\":\"Kristdemokraterna Uppsala\"},\"image\":{\"@id\":\"https:\\\/\\\/wp.kristdemokraterna.se\\\/uppsala\\\/#\\\/schema\\\/logo\\\/image\\\/\"},\"sameAs\":[\"https:\\\/\\\/www.facebook.com\\\/UppsalaKD\\\/\",\"https:\\\/\\\/www.instagram.com\\\/uppsalakd\\\/\"]},{\"@type\":\"Person\",\"@id\":\"https:\\\/\\\/wp.kristdemokraterna.se\\\/uppsala\\\/#\\\/schema\\\/person\\\/038d805d685fb0ce5ad14ab8711d8e84\",\"name\":\"Mimmi Westerlund\",\"image\":{\"@type\":\"ImageObject\",\"inLanguage\":\"sv-SE\",\"@id\":\"https:\\\/\\\/secure.gravatar.com\\\/avatar\\\/a5697359f709b6b10d9c7e6a7c89f3e054554dedb4657d5ffe9e5bc5b1445841?s=96&r=g\",\"url\":\"https:\\\/\\\/secure.gravatar.com\\\/avatar\\\/a5697359f709b6b10d9c7e6a7c89f3e054554dedb4657d5ffe9e5bc5b1445841?s=96&r=g\",\"contentUrl\":\"https:\\\/\\\/secure.gravatar.com\\\/avatar\\\/a5697359f709b6b10d9c7e6a7c89f3e054554dedb4657d5ffe9e5bc5b1445841?s=96&r=g\",\"caption\":\"Mimmi Westerlund\"},\"url\":\"https:\\\/\\\/wp.kristdemokraterna.se\\\/uppsala\\\/author\\\/mimmi\\\/\"}]}<\/script>\n<!-- \/ Yoast SEO plugin. -->","yoast_head_json":{"title":"Nu ska kommunens badplatser tillg\u00e4nglighetsanpassas | Kristdemokraterna | Uppsala","robots":{"index":"index","follow":"follow","max-snippet":"max-snippet:-1","max-image-preview":"max-image-preview:large","max-video-preview":"max-video-preview:-1"},"canonical":"https:\/\/wp.kristdemokraterna.se\/uppsala\/nu-tillganglighetsanpassas-kommunens-badplatser-trots-motstand-fran-s-l-och-mp\/","og_locale":"sv_SE","og_type":"article","og_title":"Nu ska kommunens badplatser tillg\u00e4nglighetsanpassas | Kristdemokraterna | Uppsala","og_description":"Idag \u00e4r endast \u00e4r tre av 21 kommunala badplatser tillg\u00e4nglighetsanpassade\u00a0trots att en bred majoritet i riksdagen beslutade att alla enkelt avhj\u00e4lpta hinder skulle vara undanr\u00f6jda senast 2010. Efter kommunfullm\u00e4ktige i maj 2020 st\u00e5r det dock klart att oppositionen lyckades driva igenom ett f\u00f6rslag om fler tillg\u00e4ngliga badplatser fr\u00e5n KD och V &#8211; trots att minoritetsstyret Read More","og_url":"https:\/\/wp.kristdemokraterna.se\/uppsala\/nu-tillganglighetsanpassas-kommunens-badplatser-trots-motstand-fran-s-l-och-mp\/","og_site_name":"Kristdemokraterna | Uppsala","article_publisher":"https:\/\/www.facebook.com\/UppsalaKD\/","article_published_time":"2020-05-26T08:10:11+00:00","article_modified_time":"2024-04-07T15:32:13+00:00","og_image":[{"width":540,"height":306,"url":"http:\/\/wp.kristdemokraterna.se\/uppsala\/files\/2020\/05\/shutterstock_1123715420-scaled-e1590480709146-540x306.jpg","type":"image\/jpeg"}],"author":"Mimmi Westerlund","twitter_card":"summary_large_image","twitter_misc":{"Skriven av":"Mimmi Westerlund","Ber\u00e4knad l\u00e4stid":"2 minuter"},"schema":{"@context":"https:\/\/schema.org","@graph":[{"@type":"Article","@id":"https:\/\/wp.kristdemokraterna.se\/uppsala\/nu-tillganglighetsanpassas-kommunens-badplatser-trots-motstand-fran-s-l-och-mp\/#article","isPartOf":{"@id":"https:\/\/wp.kristdemokraterna.se\/uppsala\/nu-tillganglighetsanpassas-kommunens-badplatser-trots-motstand-fran-s-l-och-mp\/"},"author":{"name":"Mimmi Westerlund","@id":"https:\/\/wp.kristdemokraterna.se\/uppsala\/#\/schema\/person\/038d805d685fb0ce5ad14ab8711d8e84"},"headline":"Nu ska kommunens badplatser tillg\u00e4nglighetsanpassas","datePublished":"2020-05-26T08:10:11+00:00","dateModified":"2024-04-07T15:32:13+00:00","mainEntityOfPage":{"@id":"https:\/\/wp.kristdemokraterna.se\/uppsala\/nu-tillganglighetsanpassas-kommunens-badplatser-trots-motstand-fran-s-l-och-mp\/"},"wordCount":307,"publisher":{"@id":"https:\/\/wp.kristdemokraterna.se\/uppsala\/#organization"},"articleSection":["Kollektivtrafik &amp; Stadsplanering"],"inLanguage":"sv-SE"},{"@type":"WebPage","@id":"https:\/\/wp.kristdemokraterna.se\/uppsala\/nu-tillganglighetsanpassas-kommunens-badplatser-trots-motstand-fran-s-l-och-mp\/","url":"https:\/\/wp.kristdemokraterna.se\/uppsala\/nu-tillganglighetsanpassas-kommunens-badplatser-trots-motstand-fran-s-l-och-mp\/","name":"Nu ska kommunens badplatser tillg\u00e4nglighetsanpassas | Kristdemokraterna | Uppsala","isPartOf":{"@id":"https:\/\/wp.kristdemokraterna.se\/uppsala\/#website"},"datePublished":"2020-05-26T08:10:11+00:00","dateModified":"2024-04-07T15:32:13+00:00","breadcrumb":{"@id":"https:\/\/wp.kristdemokraterna.se\/uppsala\/nu-tillganglighetsanpassas-kommunens-badplatser-trots-motstand-fran-s-l-och-mp\/#breadcrumb"},"inLanguage":"sv-SE","potentialAction":[{"@type":"ReadAction","target":["https:\/\/wp.kristdemokraterna.se\/uppsala\/nu-tillganglighetsanpassas-kommunens-badplatser-trots-motstand-fran-s-l-och-mp\/"]}]},{"@type":"BreadcrumbList","@id":"https:\/\/wp.kristdemokraterna.se\/uppsala\/nu-tillganglighetsanpassas-kommunens-badplatser-trots-motstand-fran-s-l-och-mp\/#breadcrumb","itemListElement":[{"@type":"ListItem","position":1,"name":"Hem","item":"https:\/\/wp.kristdemokraterna.se\/uppsala\/"},{"@type":"ListItem","position":2,"name":"Nu ska kommunens badplatser tillg\u00e4nglighetsanpassas"}]},{"@type":"WebSite","@id":"https:\/\/wp.kristdemokraterna.se\/uppsala\/#website","url":"https:\/\/wp.kristdemokraterna.se\/uppsala\/","name":"Kristdemokraterna Uppsala","description":"Tryggare Uppsala","publisher":{"@id":"https:\/\/wp.kristdemokraterna.se\/uppsala\/#organization"},"inLanguage":"sv-SE"},{"@type":"Organization","@id":"https:\/\/wp.kristdemokraterna.se\/uppsala\/#organization","name":"Kristdemokraterna Uppsala","url":"https:\/\/wp.kristdemokraterna.se\/uppsala\/","logo":{"@type":"ImageObject","inLanguage":"sv-SE","@id":"https:\/\/wp.kristdemokraterna.se\/uppsala\/#\/schema\/logo\/image\/","url":"https:\/\/wp.kristdemokraterna.se\/uppsala\/files\/2019\/10\/kd-uppsala.png","contentUrl":"https:\/\/wp.kristdemokraterna.se\/uppsala\/files\/2019\/10\/kd-uppsala.png","width":804,"height":421,"caption":"Kristdemokraterna Uppsala"},"image":{"@id":"https:\/\/wp.kristdemokraterna.se\/uppsala\/#\/schema\/logo\/image\/"},"sameAs":["https:\/\/www.facebook.com\/UppsalaKD\/","https:\/\/www.instagram.com\/uppsalakd\/"]},{"@type":"Person","@id":"https:\/\/wp.kristdemokraterna.se\/uppsala\/#\/schema\/person\/038d805d685fb0ce5ad14ab8711d8e84","name":"Mimmi Westerlund","image":{"@type":"ImageObject","inLanguage":"sv-SE","@id":"https:\/\/secure.gravatar.com\/avatar\/a5697359f709b6b10d9c7e6a7c89f3e054554dedb4657d5ffe9e5bc5b1445841?s=96&r=g","url":"https:\/\/secure.gravatar.com\/avatar\/a5697359f709b6b10d9c7e6a7c89f3e054554dedb4657d5ffe9e5bc5b1445841?s=96&r=g","contentUrl":"https:\/\/secure.gravatar.com\/avatar\/a5697359f709b6b10d9c7e6a7c89f3e054554dedb4657d5ffe9e5bc5b1445841?s=96&r=g","caption":"Mimmi Westerlund"},"url":"https:\/\/wp.kristdemokraterna.se\/uppsala\/author\/mimmi\/"}]}},"_links":{"self":[{"href":"https:\/\/wp.kristdemokraterna.se\/uppsala\/wp-json\/wp\/v2\/posts\/3654","targetHints":{"allow":["GET"]}}],"collection":[{"href":"https:\/\/wp.kristdemokraterna.se\/uppsala\/wp-json\/wp\/v2\/posts"}],"about":[{"href":"https:\/\/wp.kristdemokraterna.se\/uppsala\/wp-json\/wp\/v2\/types\/post"}],"author":[{"embeddable":true,"href":"https:\/\/wp.kristdemokraterna.se\/uppsala\/wp-json\/wp\/v2\/users\/702"}],"replies":[{"embeddable":true,"href":"https:\/\/wp.kristdemokraterna.se\/uppsala\/wp-json\/wp\/v2\/comments?post=3654"}],"version-history":[{"count":14,"href":"https:\/\/wp.kristdemokraterna.se\/uppsala\/wp-json\/wp\/v2\/posts\/3654\/revisions"}],"predecessor-version":[{"id":3696,"href":"https:\/\/wp.kristdemokraterna.se\/uppsala\/wp-json\/wp\/v2\/posts\/3654\/revisions\/3696"}],"wp:attachment":[{"href":"https:\/\/wp.kristdemokraterna.se\/uppsala\/wp-json\/wp\/v2\/media?parent=3654"}],"wp:term":[{"taxonomy":"category","embeddable":true,"href":"https:\/\/wp.kristdemokraterna.se\/uppsala\/wp-json\/wp\/v2\/categories?post=3654"},{"taxonomy":"post_tag","embeddable":true,"href":"https:\/\/wp.kristdemokraterna.se\/uppsala\/wp-json\/wp\/v2\/tags?post=3654"}],"curies":[{"name":"wp","href":"https:\/\/api.w.org\/{rel}","templated":true}]}}