{"id":3675,"date":"2020-06-11T10:55:12","date_gmt":"2020-06-11T08:55:12","guid":{"rendered":"http:\/\/wp.kristdemokraterna.se\/uppsala\/?p=3675"},"modified":"2024-04-04T00:20:26","modified_gmt":"2024-04-03T22:20:26","slug":"nej-till-skola-pa-busstomten","status":"publish","type":"post","link":"https:\/\/wp.kristdemokraterna.se\/uppsala\/nej-till-skola-pa-busstomten\/","title":{"rendered":"Nej till skola p\u00e5 &#8221;busstomten&#8221;"},"content":{"rendered":"<h3>Kommunstyrelsen har mot KD:s vilja sagt ja till att marken i kvarteret &#8217;Norra hovstall\u00e4ngen&#8217; s\u00e4ljs f\u00f6r bygget av en ny skola och f\u00f6rskola f\u00f6r n\u00e4rmare 1 000 barn. Kvarteret ligger i h\u00f6rnet Kungsgatan\/Strandbogatan.<\/h3>\n<p>Den nya skolan ska ha plats f\u00f6r 780 elever och f\u00f6rskolan f\u00f6r 144 barn, dessutom ska en fullstor idrottshall\u00a0kl\u00e4mmas in, uppger UNT. Kristdemokraterna yrkade tillsammans med Moderaterna och Centerpartiet emot bygget.<\/p>\n<blockquote><p>&#8211; En av kommunens st\u00f6rsta utmaningar \u00e4r att f\u00e5 fram fler skolor och f\u00f6rskolor f\u00f6r en v\u00e4xande befolkning. Turerna runt busstomten \u00e4r k\u00e4nnetecknande f\u00f6r styrets of\u00f6rm\u00e5ga att komma tillr\u00e4tta med detta. Redan idag finns plats f\u00f6r skola uppe vid Polacksbacken, p\u00e5 det viset slipper man bygga nytt, s\u00e4ger Jonas Segersam (KD).<\/p><\/blockquote>\n<p>L\u00e4s <a href=\"https:\/\/unt.se\/lokalt\/uppsala\/artikel\/beslut-idag-busstomten-saljs--ska-bli-skola-for-1000-barn\/4lqxevej\">hela artikeln h\u00e4r<\/a><\/p>\n","protected":false},"excerpt":{"rendered":"<p>Kommunstyrelsen har mot KD:s vilja sagt ja till att marken i kvarteret &#8217;Norra hovstall\u00e4ngen&#8217; s\u00e4ljs f\u00f6r bygget av en ny skola och f\u00f6rskola f\u00f6r n\u00e4rmare 1 000 barn. Kvarteret ligger i h\u00f6rnet Kungsgatan\/Strandbogatan. Den nya skolan ska ha plats f\u00f6r 780 elever och f\u00f6rskolan f\u00f6r 144 barn, dessutom ska en fullstor idrottshall\u00a0kl\u00e4mmas in, uppger UNT. <a class=\"read-more-link\" href=\"https:\/\/wp.kristdemokraterna.se\/uppsala\/nej-till-skola-pa-busstomten\/\">Read More<\/a><\/p>\n","protected":false},"author":702,"featured_media":0,"comment_status":"closed","ping_status":"closed","sticky":false,"template":"","format":"standard","meta":{"_acf_changed":false,"footnotes":""},"categories":[232],"tags":[],"class_list":["post-3675","post","type-post","status-publish","format-standard","hentry","category-kollektivtrafik-o-stadsplanering"],"acf":[],"yoast_head":"<!-- This site is optimized with the Yoast SEO plugin v27.4 - https:\/\/yoast.com\/product\/yoast-seo-wordpress\/ -->\n<title>Nej till skola p\u00e5 &quot;busstomten&quot; | Kristdemokraterna | Uppsala<\/title>\n<meta name=\"robots\" content=\"index, follow, max-snippet:-1, max-image-preview:large, max-video-preview:-1\" \/>\n<link rel=\"canonical\" href=\"https:\/\/wp.kristdemokraterna.se\/uppsala\/nej-till-skola-pa-busstomten\/\" \/>\n<meta property=\"og:locale\" content=\"sv_SE\" \/>\n<meta property=\"og:type\" content=\"article\" \/>\n<meta property=\"og:title\" content=\"Nej till skola p\u00e5 &quot;busstomten&quot; | Kristdemokraterna | Uppsala\" \/>\n<meta property=\"og:description\" content=\"Kommunstyrelsen har mot KD:s vilja sagt ja till att marken i kvarteret &#8217;Norra hovstall\u00e4ngen&#8217; s\u00e4ljs f\u00f6r bygget av en ny skola och f\u00f6rskola f\u00f6r n\u00e4rmare 1 000 barn. Kvarteret ligger i h\u00f6rnet Kungsgatan\/Strandbogatan. Den nya skolan ska ha plats f\u00f6r 780 elever och f\u00f6rskolan f\u00f6r 144 barn, dessutom ska en fullstor idrottshall\u00a0kl\u00e4mmas in, uppger UNT. Read More\" \/>\n<meta property=\"og:url\" content=\"https:\/\/wp.kristdemokraterna.se\/uppsala\/nej-till-skola-pa-busstomten\/\" \/>\n<meta property=\"og:site_name\" content=\"Kristdemokraterna | Uppsala\" \/>\n<meta property=\"article:publisher\" content=\"https:\/\/www.facebook.com\/UppsalaKD\/\" \/>\n<meta property=\"article:published_time\" content=\"2020-06-11T08:55:12+00:00\" \/>\n<meta property=\"article:modified_time\" content=\"2024-04-03T22:20:26+00:00\" \/>\n<meta property=\"og:image\" content=\"http:\/\/wp.kristdemokraterna.se\/uppsala\/files\/2019\/10\/jonass-e1610016382428.png\" \/>\n\t<meta property=\"og:image:width\" content=\"789\" \/>\n\t<meta property=\"og:image:height\" content=\"398\" \/>\n\t<meta property=\"og:image:type\" content=\"image\/png\" \/>\n<meta name=\"author\" content=\"Mimmi Westerlund\" \/>\n<meta name=\"twitter:card\" content=\"summary_large_image\" \/>\n<meta name=\"twitter:label1\" content=\"Skriven av\" \/>\n\t<meta name=\"twitter:data1\" content=\"Mimmi Westerlund\" \/>\n\t<meta name=\"twitter:label2\" content=\"Ber\u00e4knad l\u00e4stid\" \/>\n\t<meta name=\"twitter:data2\" content=\"1 minut\" \/>\n<script type=\"application\/ld+json\" class=\"yoast-schema-graph\">{\"@context\":\"https:\\\/\\\/schema.org\",\"@graph\":[{\"@type\":\"Article\",\"@id\":\"https:\\\/\\\/wp.kristdemokraterna.se\\\/uppsala\\\/nej-till-skola-pa-busstomten\\\/#article\",\"isPartOf\":{\"@id\":\"https:\\\/\\\/wp.kristdemokraterna.se\\\/uppsala\\\/nej-till-skola-pa-busstomten\\\/\"},\"author\":{\"name\":\"Mimmi Westerlund\",\"@id\":\"https:\\\/\\\/wp.kristdemokraterna.se\\\/uppsala\\\/#\\\/schema\\\/person\\\/038d805d685fb0ce5ad14ab8711d8e84\"},\"headline\":\"Nej till skola p\u00e5 &#8221;busstomten&#8221;\",\"datePublished\":\"2020-06-11T08:55:12+00:00\",\"dateModified\":\"2024-04-03T22:20:26+00:00\",\"mainEntityOfPage\":{\"@id\":\"https:\\\/\\\/wp.kristdemokraterna.se\\\/uppsala\\\/nej-till-skola-pa-busstomten\\\/\"},\"wordCount\":147,\"publisher\":{\"@id\":\"https:\\\/\\\/wp.kristdemokraterna.se\\\/uppsala\\\/#organization\"},\"articleSection\":[\"Kollektivtrafik &amp; Stadsplanering\"],\"inLanguage\":\"sv-SE\"},{\"@type\":\"WebPage\",\"@id\":\"https:\\\/\\\/wp.kristdemokraterna.se\\\/uppsala\\\/nej-till-skola-pa-busstomten\\\/\",\"url\":\"https:\\\/\\\/wp.kristdemokraterna.se\\\/uppsala\\\/nej-till-skola-pa-busstomten\\\/\",\"name\":\"Nej till skola p\u00e5 \\\"busstomten\\\" | Kristdemokraterna | Uppsala\",\"isPartOf\":{\"@id\":\"https:\\\/\\\/wp.kristdemokraterna.se\\\/uppsala\\\/#website\"},\"datePublished\":\"2020-06-11T08:55:12+00:00\",\"dateModified\":\"2024-04-03T22:20:26+00:00\",\"breadcrumb\":{\"@id\":\"https:\\\/\\\/wp.kristdemokraterna.se\\\/uppsala\\\/nej-till-skola-pa-busstomten\\\/#breadcrumb\"},\"inLanguage\":\"sv-SE\",\"potentialAction\":[{\"@type\":\"ReadAction\",\"target\":[\"https:\\\/\\\/wp.kristdemokraterna.se\\\/uppsala\\\/nej-till-skola-pa-busstomten\\\/\"]}]},{\"@type\":\"BreadcrumbList\",\"@id\":\"https:\\\/\\\/wp.kristdemokraterna.se\\\/uppsala\\\/nej-till-skola-pa-busstomten\\\/#breadcrumb\",\"itemListElement\":[{\"@type\":\"ListItem\",\"position\":1,\"name\":\"Hem\",\"item\":\"https:\\\/\\\/wp.kristdemokraterna.se\\\/uppsala\\\/\"},{\"@type\":\"ListItem\",\"position\":2,\"name\":\"Nej till skola p\u00e5 &#8221;busstomten&#8221;\"}]},{\"@type\":\"WebSite\",\"@id\":\"https:\\\/\\\/wp.kristdemokraterna.se\\\/uppsala\\\/#website\",\"url\":\"https:\\\/\\\/wp.kristdemokraterna.se\\\/uppsala\\\/\",\"name\":\"Kristdemokraterna Uppsala\",\"description\":\"Tryggare Uppsala\",\"publisher\":{\"@id\":\"https:\\\/\\\/wp.kristdemokraterna.se\\\/uppsala\\\/#organization\"},\"inLanguage\":\"sv-SE\"},{\"@type\":\"Organization\",\"@id\":\"https:\\\/\\\/wp.kristdemokraterna.se\\\/uppsala\\\/#organization\",\"name\":\"Kristdemokraterna Uppsala\",\"url\":\"https:\\\/\\\/wp.kristdemokraterna.se\\\/uppsala\\\/\",\"logo\":{\"@type\":\"ImageObject\",\"inLanguage\":\"sv-SE\",\"@id\":\"https:\\\/\\\/wp.kristdemokraterna.se\\\/uppsala\\\/#\\\/schema\\\/logo\\\/image\\\/\",\"url\":\"https:\\\/\\\/wp.kristdemokraterna.se\\\/uppsala\\\/files\\\/2019\\\/10\\\/kd-uppsala.png\",\"contentUrl\":\"https:\\\/\\\/wp.kristdemokraterna.se\\\/uppsala\\\/files\\\/2019\\\/10\\\/kd-uppsala.png\",\"width\":804,\"height\":421,\"caption\":\"Kristdemokraterna Uppsala\"},\"image\":{\"@id\":\"https:\\\/\\\/wp.kristdemokraterna.se\\\/uppsala\\\/#\\\/schema\\\/logo\\\/image\\\/\"},\"sameAs\":[\"https:\\\/\\\/www.facebook.com\\\/UppsalaKD\\\/\",\"https:\\\/\\\/www.instagram.com\\\/uppsalakd\\\/\"]},{\"@type\":\"Person\",\"@id\":\"https:\\\/\\\/wp.kristdemokraterna.se\\\/uppsala\\\/#\\\/schema\\\/person\\\/038d805d685fb0ce5ad14ab8711d8e84\",\"name\":\"Mimmi Westerlund\",\"image\":{\"@type\":\"ImageObject\",\"inLanguage\":\"sv-SE\",\"@id\":\"https:\\\/\\\/secure.gravatar.com\\\/avatar\\\/a5697359f709b6b10d9c7e6a7c89f3e054554dedb4657d5ffe9e5bc5b1445841?s=96&r=g\",\"url\":\"https:\\\/\\\/secure.gravatar.com\\\/avatar\\\/a5697359f709b6b10d9c7e6a7c89f3e054554dedb4657d5ffe9e5bc5b1445841?s=96&r=g\",\"contentUrl\":\"https:\\\/\\\/secure.gravatar.com\\\/avatar\\\/a5697359f709b6b10d9c7e6a7c89f3e054554dedb4657d5ffe9e5bc5b1445841?s=96&r=g\",\"caption\":\"Mimmi Westerlund\"},\"url\":\"https:\\\/\\\/wp.kristdemokraterna.se\\\/uppsala\\\/author\\\/mimmi\\\/\"}]}<\/script>\n<!-- \/ Yoast SEO plugin. -->","yoast_head_json":{"title":"Nej till skola p\u00e5 \"busstomten\" | Kristdemokraterna | Uppsala","robots":{"index":"index","follow":"follow","max-snippet":"max-snippet:-1","max-image-preview":"max-image-preview:large","max-video-preview":"max-video-preview:-1"},"canonical":"https:\/\/wp.kristdemokraterna.se\/uppsala\/nej-till-skola-pa-busstomten\/","og_locale":"sv_SE","og_type":"article","og_title":"Nej till skola p\u00e5 \"busstomten\" | Kristdemokraterna | Uppsala","og_description":"Kommunstyrelsen har mot KD:s vilja sagt ja till att marken i kvarteret &#8217;Norra hovstall\u00e4ngen&#8217; s\u00e4ljs f\u00f6r bygget av en ny skola och f\u00f6rskola f\u00f6r n\u00e4rmare 1 000 barn. Kvarteret ligger i h\u00f6rnet Kungsgatan\/Strandbogatan. Den nya skolan ska ha plats f\u00f6r 780 elever och f\u00f6rskolan f\u00f6r 144 barn, dessutom ska en fullstor idrottshall\u00a0kl\u00e4mmas in, uppger UNT. Read More","og_url":"https:\/\/wp.kristdemokraterna.se\/uppsala\/nej-till-skola-pa-busstomten\/","og_site_name":"Kristdemokraterna | Uppsala","article_publisher":"https:\/\/www.facebook.com\/UppsalaKD\/","article_published_time":"2020-06-11T08:55:12+00:00","article_modified_time":"2024-04-03T22:20:26+00:00","og_image":[{"width":789,"height":398,"url":"http:\/\/wp.kristdemokraterna.se\/uppsala\/files\/2019\/10\/jonass-e1610016382428.png","type":"image\/png"}],"author":"Mimmi Westerlund","twitter_card":"summary_large_image","twitter_misc":{"Skriven av":"Mimmi Westerlund","Ber\u00e4knad l\u00e4stid":"1 minut"},"schema":{"@context":"https:\/\/schema.org","@graph":[{"@type":"Article","@id":"https:\/\/wp.kristdemokraterna.se\/uppsala\/nej-till-skola-pa-busstomten\/#article","isPartOf":{"@id":"https:\/\/wp.kristdemokraterna.se\/uppsala\/nej-till-skola-pa-busstomten\/"},"author":{"name":"Mimmi Westerlund","@id":"https:\/\/wp.kristdemokraterna.se\/uppsala\/#\/schema\/person\/038d805d685fb0ce5ad14ab8711d8e84"},"headline":"Nej till skola p\u00e5 &#8221;busstomten&#8221;","datePublished":"2020-06-11T08:55:12+00:00","dateModified":"2024-04-03T22:20:26+00:00","mainEntityOfPage":{"@id":"https:\/\/wp.kristdemokraterna.se\/uppsala\/nej-till-skola-pa-busstomten\/"},"wordCount":147,"publisher":{"@id":"https:\/\/wp.kristdemokraterna.se\/uppsala\/#organization"},"articleSection":["Kollektivtrafik &amp; Stadsplanering"],"inLanguage":"sv-SE"},{"@type":"WebPage","@id":"https:\/\/wp.kristdemokraterna.se\/uppsala\/nej-till-skola-pa-busstomten\/","url":"https:\/\/wp.kristdemokraterna.se\/uppsala\/nej-till-skola-pa-busstomten\/","name":"Nej till skola p\u00e5 \"busstomten\" | Kristdemokraterna | Uppsala","isPartOf":{"@id":"https:\/\/wp.kristdemokraterna.se\/uppsala\/#website"},"datePublished":"2020-06-11T08:55:12+00:00","dateModified":"2024-04-03T22:20:26+00:00","breadcrumb":{"@id":"https:\/\/wp.kristdemokraterna.se\/uppsala\/nej-till-skola-pa-busstomten\/#breadcrumb"},"inLanguage":"sv-SE","potentialAction":[{"@type":"ReadAction","target":["https:\/\/wp.kristdemokraterna.se\/uppsala\/nej-till-skola-pa-busstomten\/"]}]},{"@type":"BreadcrumbList","@id":"https:\/\/wp.kristdemokraterna.se\/uppsala\/nej-till-skola-pa-busstomten\/#breadcrumb","itemListElement":[{"@type":"ListItem","position":1,"name":"Hem","item":"https:\/\/wp.kristdemokraterna.se\/uppsala\/"},{"@type":"ListItem","position":2,"name":"Nej till skola p\u00e5 &#8221;busstomten&#8221;"}]},{"@type":"WebSite","@id":"https:\/\/wp.kristdemokraterna.se\/uppsala\/#website","url":"https:\/\/wp.kristdemokraterna.se\/uppsala\/","name":"Kristdemokraterna Uppsala","description":"Tryggare Uppsala","publisher":{"@id":"https:\/\/wp.kristdemokraterna.se\/uppsala\/#organization"},"inLanguage":"sv-SE"},{"@type":"Organization","@id":"https:\/\/wp.kristdemokraterna.se\/uppsala\/#organization","name":"Kristdemokraterna Uppsala","url":"https:\/\/wp.kristdemokraterna.se\/uppsala\/","logo":{"@type":"ImageObject","inLanguage":"sv-SE","@id":"https:\/\/wp.kristdemokraterna.se\/uppsala\/#\/schema\/logo\/image\/","url":"https:\/\/wp.kristdemokraterna.se\/uppsala\/files\/2019\/10\/kd-uppsala.png","contentUrl":"https:\/\/wp.kristdemokraterna.se\/uppsala\/files\/2019\/10\/kd-uppsala.png","width":804,"height":421,"caption":"Kristdemokraterna Uppsala"},"image":{"@id":"https:\/\/wp.kristdemokraterna.se\/uppsala\/#\/schema\/logo\/image\/"},"sameAs":["https:\/\/www.facebook.com\/UppsalaKD\/","https:\/\/www.instagram.com\/uppsalakd\/"]},{"@type":"Person","@id":"https:\/\/wp.kristdemokraterna.se\/uppsala\/#\/schema\/person\/038d805d685fb0ce5ad14ab8711d8e84","name":"Mimmi Westerlund","image":{"@type":"ImageObject","inLanguage":"sv-SE","@id":"https:\/\/secure.gravatar.com\/avatar\/a5697359f709b6b10d9c7e6a7c89f3e054554dedb4657d5ffe9e5bc5b1445841?s=96&r=g","url":"https:\/\/secure.gravatar.com\/avatar\/a5697359f709b6b10d9c7e6a7c89f3e054554dedb4657d5ffe9e5bc5b1445841?s=96&r=g","contentUrl":"https:\/\/secure.gravatar.com\/avatar\/a5697359f709b6b10d9c7e6a7c89f3e054554dedb4657d5ffe9e5bc5b1445841?s=96&r=g","caption":"Mimmi Westerlund"},"url":"https:\/\/wp.kristdemokraterna.se\/uppsala\/author\/mimmi\/"}]}},"_links":{"self":[{"href":"https:\/\/wp.kristdemokraterna.se\/uppsala\/wp-json\/wp\/v2\/posts\/3675","targetHints":{"allow":["GET"]}}],"collection":[{"href":"https:\/\/wp.kristdemokraterna.se\/uppsala\/wp-json\/wp\/v2\/posts"}],"about":[{"href":"https:\/\/wp.kristdemokraterna.se\/uppsala\/wp-json\/wp\/v2\/types\/post"}],"author":[{"embeddable":true,"href":"https:\/\/wp.kristdemokraterna.se\/uppsala\/wp-json\/wp\/v2\/users\/702"}],"replies":[{"embeddable":true,"href":"https:\/\/wp.kristdemokraterna.se\/uppsala\/wp-json\/wp\/v2\/comments?post=3675"}],"version-history":[{"count":3,"href":"https:\/\/wp.kristdemokraterna.se\/uppsala\/wp-json\/wp\/v2\/posts\/3675\/revisions"}],"predecessor-version":[{"id":3679,"href":"https:\/\/wp.kristdemokraterna.se\/uppsala\/wp-json\/wp\/v2\/posts\/3675\/revisions\/3679"}],"wp:attachment":[{"href":"https:\/\/wp.kristdemokraterna.se\/uppsala\/wp-json\/wp\/v2\/media?parent=3675"}],"wp:term":[{"taxonomy":"category","embeddable":true,"href":"https:\/\/wp.kristdemokraterna.se\/uppsala\/wp-json\/wp\/v2\/categories?post=3675"},{"taxonomy":"post_tag","embeddable":true,"href":"https:\/\/wp.kristdemokraterna.se\/uppsala\/wp-json\/wp\/v2\/tags?post=3675"}],"curies":[{"name":"wp","href":"https:\/\/api.w.org\/{rel}","templated":true}]}}