{"id":3689,"date":"2020-06-17T10:09:35","date_gmt":"2020-06-17T08:09:35","guid":{"rendered":"http:\/\/wp.kristdemokraterna.se\/uppsala\/?p=3689"},"modified":"2024-04-04T00:55:15","modified_gmt":"2024-04-03T22:55:15","slug":"stang-inte-kungsgatan-och-dragarbrunnsgatan-for-biltrafik","status":"publish","type":"post","link":"https:\/\/wp.kristdemokraterna.se\/uppsala\/stang-inte-kungsgatan-och-dragarbrunnsgatan-for-biltrafik\/","title":{"rendered":"St\u00e4ng inte Kungsgatan och Dragarbrunnsgatan f\u00f6r biltrafik"},"content":{"rendered":"<div class=\"o9v6fnle cxmmr5t8 oygrvhab hcukyx3x c1et5uql\"><\/div>\n<div class=\"o9v6fnle cxmmr5t8 oygrvhab hcukyx3x c1et5uql\">\n<h4>Gatu- och samh\u00e4llsmilj\u00f6n\u00e4mnden har p\u00e5b\u00f6rjat en process att begr\u00e4nsa genomfartstrafik p\u00e5 b\u00e5de Kungsgatan och Dragarbrunnsgatan. Kristdemokraterna r\u00f6stade emot detta. \u00c4rendet aktualiserades n\u00e4r n\u00e4mnden skulle bevilja dispens f\u00f6r UL:s bussar i milj\u00f6klass Euro 5 som upphandlades f\u00f6r endast \u00e5tta m\u00e5nader sedan, d\u00e5\u00a0kravet p\u00e5 bussar i milj\u00f6zon sk\u00e4rps till milj\u00f6klass 6 fr\u00e5n och med 1 januari 2021.<\/h4>\n<div class=\"o9v6fnle cxmmr5t8 oygrvhab hcukyx3x c1et5uql\">\n<blockquote>\n<div dir=\"auto\">&#8211; Luftf\u00f6roreningar i stadsmilj\u00f6n \u00e4r ett allvarligt h\u00e4lsoproblem.\u00a0Det \u00e4r rimligt att \u00e5tg\u00e4rder i f\u00f6rsta hand riktas in mot busstrafiken, som st\u00e5r f\u00f6r 67 procent av utsl\u00e4ppen av kv\u00e4vedioxid. Den utredning som n\u00e4mns i handlingen visar ocks\u00e5 att det finns stor potential att minska utsl\u00e4ppen n\u00e4r bussarna v\u00e4l byts till bussar med milj\u00f6klass Euro 6, s\u00e4ger Martin Wisell (KD), ledamot i Gatu- och samh\u00e4llsmilj\u00f6n\u00e4mnden.<\/div>\n<\/blockquote>\n<\/div>\n<\/div>\n<div dir=\"auto\">\n<div class=\"page\" title=\"Page 1\">\n<div class=\"layoutArea\">\n<div class=\"column\">\n<h4>Det \u00e4r dock inte motiverat att f\u00f6rsv\u00e5ra personbilstrafik p\u00e5 Kungsgatan respektive f\u00f6rbjuda genomfartstrafik p\u00e5 Dragarbrunnsgatan. Enligt handlingen st\u00e5r personbilstrafiken endast f\u00f6r cirka 24 procent av utsl\u00e4ppen, av vilka dieselbilar st\u00e5r f\u00f6r den absoluta merparten.<\/h4>\n<blockquote><p>&#8211; Framkomligheten med bil i Uppsalas stadsk\u00e4rna \u00e4r redan idag nedsatt. Att ytterligare f\u00f6rsv\u00e5ra framkomligheten med bil i nordv\u00e4st-sydostlig riktning riskerar att \u00f6ka biltrafiken p\u00e5 andra gator exempelvis V\u00e4derkvarnsgatan, s\u00e4ger Anna-Karin Vaz Contreiras (KD), ers\u00e4ttare i n\u00e4mnden.<\/p><\/blockquote>\n<\/div>\n<\/div>\n<\/div>\n<\/div>\n<div class=\"o9v6fnle cxmmr5t8 oygrvhab hcukyx3x c1et5uql\">\n<p>Vi \u00e4r ocks\u00e5 kritiska till att dessa olika f\u00f6rslag f\u00f6rs fram i samma \u00e4rende. Det framst\u00e5r som provokativt att privatbilisterna ska straffas f\u00f6r att regionens busstrafik sl\u00e4pper ut f\u00f6r smutsiga avgaser. Det \u00e4r ocks\u00e5 m\u00e4rkligt att texten i \u00e4rendet n\u00e4stan enbart kretsar kring dispensen f\u00f6r busstrafiken, och inte privatbilismen.<\/p>\n<p dir=\"auto\"><a href=\"https:\/\/www.uppsala.se\/contentassets\/93de967cda484b828a2b71a9622ea357\/10.-tidsbegransad-dispens-fran-ltf-om-miljozon-i-innerstaden.pdf\">H\u00e4r kan du l\u00e4sa \u00e4rendets handling i sin helhet<\/a> (l\u00e4nk till Uppsala kommuns hemsida).<\/p>\n<\/div>\n","protected":false},"excerpt":{"rendered":"<p>Gatu- och samh\u00e4llsmilj\u00f6n\u00e4mnden har p\u00e5b\u00f6rjat en process att begr\u00e4nsa genomfartstrafik p\u00e5 b\u00e5de Kungsgatan och Dragarbrunnsgatan. Kristdemokraterna r\u00f6stade emot detta. \u00c4rendet aktualiserades n\u00e4r n\u00e4mnden skulle bevilja dispens f\u00f6r UL:s bussar i milj\u00f6klass Euro 5 som upphandlades f\u00f6r endast \u00e5tta m\u00e5nader sedan, d\u00e5\u00a0kravet p\u00e5 bussar i milj\u00f6zon sk\u00e4rps till milj\u00f6klass 6 fr\u00e5n och med 1 januari 2021. <a class=\"read-more-link\" href=\"https:\/\/wp.kristdemokraterna.se\/uppsala\/stang-inte-kungsgatan-och-dragarbrunnsgatan-for-biltrafik\/\">Read More<\/a><\/p>\n","protected":false},"author":702,"featured_media":0,"comment_status":"closed","ping_status":"closed","sticky":false,"template":"","format":"standard","meta":{"_acf_changed":false,"footnotes":""},"categories":[232],"tags":[],"class_list":["post-3689","post","type-post","status-publish","format-standard","hentry","category-kollektivtrafik-o-stadsplanering"],"acf":[],"yoast_head":"<!-- This site is optimized with the Yoast SEO plugin v27.4 - https:\/\/yoast.com\/product\/yoast-seo-wordpress\/ -->\n<title>St\u00e4ng inte Kungsgatan och Dragarbrunnsgatan f\u00f6r biltrafik | Kristdemokraterna | Uppsala<\/title>\n<meta name=\"robots\" content=\"index, follow, max-snippet:-1, max-image-preview:large, max-video-preview:-1\" \/>\n<link rel=\"canonical\" href=\"https:\/\/wp.kristdemokraterna.se\/uppsala\/stang-inte-kungsgatan-och-dragarbrunnsgatan-for-biltrafik\/\" \/>\n<meta property=\"og:locale\" content=\"sv_SE\" \/>\n<meta property=\"og:type\" content=\"article\" \/>\n<meta property=\"og:title\" content=\"St\u00e4ng inte Kungsgatan och Dragarbrunnsgatan f\u00f6r biltrafik | Kristdemokraterna | Uppsala\" \/>\n<meta property=\"og:description\" content=\"Gatu- och samh\u00e4llsmilj\u00f6n\u00e4mnden har p\u00e5b\u00f6rjat en process att begr\u00e4nsa genomfartstrafik p\u00e5 b\u00e5de Kungsgatan och Dragarbrunnsgatan. Kristdemokraterna r\u00f6stade emot detta. \u00c4rendet aktualiserades n\u00e4r n\u00e4mnden skulle bevilja dispens f\u00f6r UL:s bussar i milj\u00f6klass Euro 5 som upphandlades f\u00f6r endast \u00e5tta m\u00e5nader sedan, d\u00e5\u00a0kravet p\u00e5 bussar i milj\u00f6zon sk\u00e4rps till milj\u00f6klass 6 fr\u00e5n och med 1 januari 2021. Read More\" \/>\n<meta property=\"og:url\" content=\"https:\/\/wp.kristdemokraterna.se\/uppsala\/stang-inte-kungsgatan-och-dragarbrunnsgatan-for-biltrafik\/\" \/>\n<meta property=\"og:site_name\" content=\"Kristdemokraterna | Uppsala\" \/>\n<meta property=\"article:publisher\" content=\"https:\/\/www.facebook.com\/UppsalaKD\/\" \/>\n<meta property=\"article:published_time\" content=\"2020-06-17T08:09:35+00:00\" \/>\n<meta property=\"article:modified_time\" content=\"2024-04-03T22:55:15+00:00\" \/>\n<meta property=\"og:image\" content=\"https:\/\/wp.kristdemokraterna.se\/uppsala\/files\/2021\/12\/kom1.png\" \/>\n\t<meta property=\"og:image:width\" content=\"770\" \/>\n\t<meta property=\"og:image:height\" content=\"404\" \/>\n\t<meta property=\"og:image:type\" content=\"image\/png\" \/>\n<meta name=\"author\" content=\"Mimmi Westerlund\" \/>\n<meta name=\"twitter:card\" content=\"summary_large_image\" \/>\n<meta name=\"twitter:label1\" content=\"Skriven av\" \/>\n\t<meta name=\"twitter:data1\" content=\"Mimmi Westerlund\" \/>\n\t<meta name=\"twitter:label2\" content=\"Ber\u00e4knad l\u00e4stid\" \/>\n\t<meta name=\"twitter:data2\" content=\"2 minuter\" \/>\n<script type=\"application\/ld+json\" class=\"yoast-schema-graph\">{\"@context\":\"https:\\\/\\\/schema.org\",\"@graph\":[{\"@type\":\"Article\",\"@id\":\"https:\\\/\\\/wp.kristdemokraterna.se\\\/uppsala\\\/stang-inte-kungsgatan-och-dragarbrunnsgatan-for-biltrafik\\\/#article\",\"isPartOf\":{\"@id\":\"https:\\\/\\\/wp.kristdemokraterna.se\\\/uppsala\\\/stang-inte-kungsgatan-och-dragarbrunnsgatan-for-biltrafik\\\/\"},\"author\":{\"name\":\"Mimmi Westerlund\",\"@id\":\"https:\\\/\\\/wp.kristdemokraterna.se\\\/uppsala\\\/#\\\/schema\\\/person\\\/038d805d685fb0ce5ad14ab8711d8e84\"},\"headline\":\"St\u00e4ng inte Kungsgatan och Dragarbrunnsgatan f\u00f6r biltrafik\",\"datePublished\":\"2020-06-17T08:09:35+00:00\",\"dateModified\":\"2024-04-03T22:55:15+00:00\",\"mainEntityOfPage\":{\"@id\":\"https:\\\/\\\/wp.kristdemokraterna.se\\\/uppsala\\\/stang-inte-kungsgatan-och-dragarbrunnsgatan-for-biltrafik\\\/\"},\"wordCount\":321,\"publisher\":{\"@id\":\"https:\\\/\\\/wp.kristdemokraterna.se\\\/uppsala\\\/#organization\"},\"articleSection\":[\"Kollektivtrafik &amp; Stadsplanering\"],\"inLanguage\":\"sv-SE\"},{\"@type\":\"WebPage\",\"@id\":\"https:\\\/\\\/wp.kristdemokraterna.se\\\/uppsala\\\/stang-inte-kungsgatan-och-dragarbrunnsgatan-for-biltrafik\\\/\",\"url\":\"https:\\\/\\\/wp.kristdemokraterna.se\\\/uppsala\\\/stang-inte-kungsgatan-och-dragarbrunnsgatan-for-biltrafik\\\/\",\"name\":\"St\u00e4ng inte Kungsgatan och Dragarbrunnsgatan f\u00f6r biltrafik | Kristdemokraterna | Uppsala\",\"isPartOf\":{\"@id\":\"https:\\\/\\\/wp.kristdemokraterna.se\\\/uppsala\\\/#website\"},\"datePublished\":\"2020-06-17T08:09:35+00:00\",\"dateModified\":\"2024-04-03T22:55:15+00:00\",\"breadcrumb\":{\"@id\":\"https:\\\/\\\/wp.kristdemokraterna.se\\\/uppsala\\\/stang-inte-kungsgatan-och-dragarbrunnsgatan-for-biltrafik\\\/#breadcrumb\"},\"inLanguage\":\"sv-SE\",\"potentialAction\":[{\"@type\":\"ReadAction\",\"target\":[\"https:\\\/\\\/wp.kristdemokraterna.se\\\/uppsala\\\/stang-inte-kungsgatan-och-dragarbrunnsgatan-for-biltrafik\\\/\"]}]},{\"@type\":\"BreadcrumbList\",\"@id\":\"https:\\\/\\\/wp.kristdemokraterna.se\\\/uppsala\\\/stang-inte-kungsgatan-och-dragarbrunnsgatan-for-biltrafik\\\/#breadcrumb\",\"itemListElement\":[{\"@type\":\"ListItem\",\"position\":1,\"name\":\"Hem\",\"item\":\"https:\\\/\\\/wp.kristdemokraterna.se\\\/uppsala\\\/\"},{\"@type\":\"ListItem\",\"position\":2,\"name\":\"St\u00e4ng inte Kungsgatan och Dragarbrunnsgatan f\u00f6r biltrafik\"}]},{\"@type\":\"WebSite\",\"@id\":\"https:\\\/\\\/wp.kristdemokraterna.se\\\/uppsala\\\/#website\",\"url\":\"https:\\\/\\\/wp.kristdemokraterna.se\\\/uppsala\\\/\",\"name\":\"Kristdemokraterna Uppsala\",\"description\":\"Tryggare Uppsala\",\"publisher\":{\"@id\":\"https:\\\/\\\/wp.kristdemokraterna.se\\\/uppsala\\\/#organization\"},\"inLanguage\":\"sv-SE\"},{\"@type\":\"Organization\",\"@id\":\"https:\\\/\\\/wp.kristdemokraterna.se\\\/uppsala\\\/#organization\",\"name\":\"Kristdemokraterna Uppsala\",\"url\":\"https:\\\/\\\/wp.kristdemokraterna.se\\\/uppsala\\\/\",\"logo\":{\"@type\":\"ImageObject\",\"inLanguage\":\"sv-SE\",\"@id\":\"https:\\\/\\\/wp.kristdemokraterna.se\\\/uppsala\\\/#\\\/schema\\\/logo\\\/image\\\/\",\"url\":\"https:\\\/\\\/wp.kristdemokraterna.se\\\/uppsala\\\/files\\\/2019\\\/10\\\/kd-uppsala.png\",\"contentUrl\":\"https:\\\/\\\/wp.kristdemokraterna.se\\\/uppsala\\\/files\\\/2019\\\/10\\\/kd-uppsala.png\",\"width\":804,\"height\":421,\"caption\":\"Kristdemokraterna Uppsala\"},\"image\":{\"@id\":\"https:\\\/\\\/wp.kristdemokraterna.se\\\/uppsala\\\/#\\\/schema\\\/logo\\\/image\\\/\"},\"sameAs\":[\"https:\\\/\\\/www.facebook.com\\\/UppsalaKD\\\/\",\"https:\\\/\\\/www.instagram.com\\\/uppsalakd\\\/\"]},{\"@type\":\"Person\",\"@id\":\"https:\\\/\\\/wp.kristdemokraterna.se\\\/uppsala\\\/#\\\/schema\\\/person\\\/038d805d685fb0ce5ad14ab8711d8e84\",\"name\":\"Mimmi Westerlund\",\"image\":{\"@type\":\"ImageObject\",\"inLanguage\":\"sv-SE\",\"@id\":\"https:\\\/\\\/secure.gravatar.com\\\/avatar\\\/a5697359f709b6b10d9c7e6a7c89f3e054554dedb4657d5ffe9e5bc5b1445841?s=96&r=g\",\"url\":\"https:\\\/\\\/secure.gravatar.com\\\/avatar\\\/a5697359f709b6b10d9c7e6a7c89f3e054554dedb4657d5ffe9e5bc5b1445841?s=96&r=g\",\"contentUrl\":\"https:\\\/\\\/secure.gravatar.com\\\/avatar\\\/a5697359f709b6b10d9c7e6a7c89f3e054554dedb4657d5ffe9e5bc5b1445841?s=96&r=g\",\"caption\":\"Mimmi Westerlund\"},\"url\":\"https:\\\/\\\/wp.kristdemokraterna.se\\\/uppsala\\\/author\\\/mimmi\\\/\"}]}<\/script>\n<!-- \/ Yoast SEO plugin. -->","yoast_head_json":{"title":"St\u00e4ng inte Kungsgatan och Dragarbrunnsgatan f\u00f6r biltrafik | Kristdemokraterna | Uppsala","robots":{"index":"index","follow":"follow","max-snippet":"max-snippet:-1","max-image-preview":"max-image-preview:large","max-video-preview":"max-video-preview:-1"},"canonical":"https:\/\/wp.kristdemokraterna.se\/uppsala\/stang-inte-kungsgatan-och-dragarbrunnsgatan-for-biltrafik\/","og_locale":"sv_SE","og_type":"article","og_title":"St\u00e4ng inte Kungsgatan och Dragarbrunnsgatan f\u00f6r biltrafik | Kristdemokraterna | Uppsala","og_description":"Gatu- och samh\u00e4llsmilj\u00f6n\u00e4mnden har p\u00e5b\u00f6rjat en process att begr\u00e4nsa genomfartstrafik p\u00e5 b\u00e5de Kungsgatan och Dragarbrunnsgatan. Kristdemokraterna r\u00f6stade emot detta. \u00c4rendet aktualiserades n\u00e4r n\u00e4mnden skulle bevilja dispens f\u00f6r UL:s bussar i milj\u00f6klass Euro 5 som upphandlades f\u00f6r endast \u00e5tta m\u00e5nader sedan, d\u00e5\u00a0kravet p\u00e5 bussar i milj\u00f6zon sk\u00e4rps till milj\u00f6klass 6 fr\u00e5n och med 1 januari 2021. Read More","og_url":"https:\/\/wp.kristdemokraterna.se\/uppsala\/stang-inte-kungsgatan-och-dragarbrunnsgatan-for-biltrafik\/","og_site_name":"Kristdemokraterna | Uppsala","article_publisher":"https:\/\/www.facebook.com\/UppsalaKD\/","article_published_time":"2020-06-17T08:09:35+00:00","article_modified_time":"2024-04-03T22:55:15+00:00","og_image":[{"width":770,"height":404,"url":"https:\/\/wp.kristdemokraterna.se\/uppsala\/files\/2021\/12\/kom1.png","type":"image\/png"}],"author":"Mimmi Westerlund","twitter_card":"summary_large_image","twitter_misc":{"Skriven av":"Mimmi Westerlund","Ber\u00e4knad l\u00e4stid":"2 minuter"},"schema":{"@context":"https:\/\/schema.org","@graph":[{"@type":"Article","@id":"https:\/\/wp.kristdemokraterna.se\/uppsala\/stang-inte-kungsgatan-och-dragarbrunnsgatan-for-biltrafik\/#article","isPartOf":{"@id":"https:\/\/wp.kristdemokraterna.se\/uppsala\/stang-inte-kungsgatan-och-dragarbrunnsgatan-for-biltrafik\/"},"author":{"name":"Mimmi Westerlund","@id":"https:\/\/wp.kristdemokraterna.se\/uppsala\/#\/schema\/person\/038d805d685fb0ce5ad14ab8711d8e84"},"headline":"St\u00e4ng inte Kungsgatan och Dragarbrunnsgatan f\u00f6r biltrafik","datePublished":"2020-06-17T08:09:35+00:00","dateModified":"2024-04-03T22:55:15+00:00","mainEntityOfPage":{"@id":"https:\/\/wp.kristdemokraterna.se\/uppsala\/stang-inte-kungsgatan-och-dragarbrunnsgatan-for-biltrafik\/"},"wordCount":321,"publisher":{"@id":"https:\/\/wp.kristdemokraterna.se\/uppsala\/#organization"},"articleSection":["Kollektivtrafik &amp; Stadsplanering"],"inLanguage":"sv-SE"},{"@type":"WebPage","@id":"https:\/\/wp.kristdemokraterna.se\/uppsala\/stang-inte-kungsgatan-och-dragarbrunnsgatan-for-biltrafik\/","url":"https:\/\/wp.kristdemokraterna.se\/uppsala\/stang-inte-kungsgatan-och-dragarbrunnsgatan-for-biltrafik\/","name":"St\u00e4ng inte Kungsgatan och Dragarbrunnsgatan f\u00f6r biltrafik | Kristdemokraterna | Uppsala","isPartOf":{"@id":"https:\/\/wp.kristdemokraterna.se\/uppsala\/#website"},"datePublished":"2020-06-17T08:09:35+00:00","dateModified":"2024-04-03T22:55:15+00:00","breadcrumb":{"@id":"https:\/\/wp.kristdemokraterna.se\/uppsala\/stang-inte-kungsgatan-och-dragarbrunnsgatan-for-biltrafik\/#breadcrumb"},"inLanguage":"sv-SE","potentialAction":[{"@type":"ReadAction","target":["https:\/\/wp.kristdemokraterna.se\/uppsala\/stang-inte-kungsgatan-och-dragarbrunnsgatan-for-biltrafik\/"]}]},{"@type":"BreadcrumbList","@id":"https:\/\/wp.kristdemokraterna.se\/uppsala\/stang-inte-kungsgatan-och-dragarbrunnsgatan-for-biltrafik\/#breadcrumb","itemListElement":[{"@type":"ListItem","position":1,"name":"Hem","item":"https:\/\/wp.kristdemokraterna.se\/uppsala\/"},{"@type":"ListItem","position":2,"name":"St\u00e4ng inte Kungsgatan och Dragarbrunnsgatan f\u00f6r biltrafik"}]},{"@type":"WebSite","@id":"https:\/\/wp.kristdemokraterna.se\/uppsala\/#website","url":"https:\/\/wp.kristdemokraterna.se\/uppsala\/","name":"Kristdemokraterna Uppsala","description":"Tryggare Uppsala","publisher":{"@id":"https:\/\/wp.kristdemokraterna.se\/uppsala\/#organization"},"inLanguage":"sv-SE"},{"@type":"Organization","@id":"https:\/\/wp.kristdemokraterna.se\/uppsala\/#organization","name":"Kristdemokraterna Uppsala","url":"https:\/\/wp.kristdemokraterna.se\/uppsala\/","logo":{"@type":"ImageObject","inLanguage":"sv-SE","@id":"https:\/\/wp.kristdemokraterna.se\/uppsala\/#\/schema\/logo\/image\/","url":"https:\/\/wp.kristdemokraterna.se\/uppsala\/files\/2019\/10\/kd-uppsala.png","contentUrl":"https:\/\/wp.kristdemokraterna.se\/uppsala\/files\/2019\/10\/kd-uppsala.png","width":804,"height":421,"caption":"Kristdemokraterna Uppsala"},"image":{"@id":"https:\/\/wp.kristdemokraterna.se\/uppsala\/#\/schema\/logo\/image\/"},"sameAs":["https:\/\/www.facebook.com\/UppsalaKD\/","https:\/\/www.instagram.com\/uppsalakd\/"]},{"@type":"Person","@id":"https:\/\/wp.kristdemokraterna.se\/uppsala\/#\/schema\/person\/038d805d685fb0ce5ad14ab8711d8e84","name":"Mimmi Westerlund","image":{"@type":"ImageObject","inLanguage":"sv-SE","@id":"https:\/\/secure.gravatar.com\/avatar\/a5697359f709b6b10d9c7e6a7c89f3e054554dedb4657d5ffe9e5bc5b1445841?s=96&r=g","url":"https:\/\/secure.gravatar.com\/avatar\/a5697359f709b6b10d9c7e6a7c89f3e054554dedb4657d5ffe9e5bc5b1445841?s=96&r=g","contentUrl":"https:\/\/secure.gravatar.com\/avatar\/a5697359f709b6b10d9c7e6a7c89f3e054554dedb4657d5ffe9e5bc5b1445841?s=96&r=g","caption":"Mimmi Westerlund"},"url":"https:\/\/wp.kristdemokraterna.se\/uppsala\/author\/mimmi\/"}]}},"_links":{"self":[{"href":"https:\/\/wp.kristdemokraterna.se\/uppsala\/wp-json\/wp\/v2\/posts\/3689","targetHints":{"allow":["GET"]}}],"collection":[{"href":"https:\/\/wp.kristdemokraterna.se\/uppsala\/wp-json\/wp\/v2\/posts"}],"about":[{"href":"https:\/\/wp.kristdemokraterna.se\/uppsala\/wp-json\/wp\/v2\/types\/post"}],"author":[{"embeddable":true,"href":"https:\/\/wp.kristdemokraterna.se\/uppsala\/wp-json\/wp\/v2\/users\/702"}],"replies":[{"embeddable":true,"href":"https:\/\/wp.kristdemokraterna.se\/uppsala\/wp-json\/wp\/v2\/comments?post=3689"}],"version-history":[{"count":5,"href":"https:\/\/wp.kristdemokraterna.se\/uppsala\/wp-json\/wp\/v2\/posts\/3689\/revisions"}],"predecessor-version":[{"id":3695,"href":"https:\/\/wp.kristdemokraterna.se\/uppsala\/wp-json\/wp\/v2\/posts\/3689\/revisions\/3695"}],"wp:attachment":[{"href":"https:\/\/wp.kristdemokraterna.se\/uppsala\/wp-json\/wp\/v2\/media?parent=3689"}],"wp:term":[{"taxonomy":"category","embeddable":true,"href":"https:\/\/wp.kristdemokraterna.se\/uppsala\/wp-json\/wp\/v2\/categories?post=3689"},{"taxonomy":"post_tag","embeddable":true,"href":"https:\/\/wp.kristdemokraterna.se\/uppsala\/wp-json\/wp\/v2\/tags?post=3689"}],"curies":[{"name":"wp","href":"https:\/\/api.w.org\/{rel}","templated":true}]}}