{"id":3704,"date":"2020-08-12T10:37:10","date_gmt":"2020-08-12T08:37:10","guid":{"rendered":"http:\/\/wp.kristdemokraterna.se\/uppsala\/?p=3704"},"modified":"2024-04-04T00:20:02","modified_gmt":"2024-04-03T22:20:02","slug":"tamnaren-riskerar-forsvinna-inom-ett-par-sekler","status":"publish","type":"post","link":"https:\/\/wp.kristdemokraterna.se\/uppsala\/tamnaren-riskerar-forsvinna-inom-ett-par-sekler\/","title":{"rendered":"T\u00e4mnaren riskerar f\u00f6rsvinna inom ett par sekler"},"content":{"rendered":"<div class=\"kvgmc6g5 cxmmr5t8 oygrvhab hcukyx3x c1et5uql ii04i59q\">\n<div dir=\"ltr\">\n<h3 class=\"nc684nl6\">Utan \u00e5tg\u00e4rder kan sj\u00f6n T\u00e4mnaren, d\u00e4r Uppsala kommun f\u00e5r en femtedel av sitt dricksvatten, vara borta inom ett par sekler.<\/h3>\n<p class=\"nc684nl6\">&#8211; Uppsala kommun m\u00e5ste ta ledartr\u00f6jan f\u00f6r att f\u00e5 till st\u00e5nd en f\u00f6r\u00e4ndring &#8211; vi tar 20% av v\u00e5rt dricksvatten d\u00e4r, och vi \u00e4r den st\u00f6rsta kommunen som, tillsammans med Heby och Tierp, har muskler nog att \u00e5stadkomma en f\u00f6r\u00e4ndring, s\u00e4ger Jonas Segersam (KD).<\/p>\n<p class=\"nc684nl6\">Sj\u00f6djupet har mer \u00e4n halverats genom flera s\u00e4nkningar de senaste 150 \u00e5ren, och \u00e4r nu nere p\u00e5 i genomsnitt 1,3 m. 1,2 m \u00e4r den kritiska gr\u00e4nsen f\u00f6r n\u00e4r solen n\u00e5r ner till botten och vegetationen g\u00f6r att vattnet v\u00e4xer igen. En h\u00f6jning av vattenytan \u00e4r d\u00e4rf\u00f6r troligen n\u00f6dv\u00e4ndig.<\/p>\n<p class=\"nc684nl6\">&#8211; Sj\u00e4lvklart \u00e4r jag f\u00f6r en utveckling av lantbruket, men l\u00e4get idag, n\u00e4r \u00e5krar granplanteras, och mj\u00f6lkg\u00e5rdar l\u00e4ggs ner runt i Uppland, kan inte j\u00e4mf\u00f6ras med bristen p\u00e5 jordbruksmark p\u00e5 1800-talet. Det \u00e4r d\u00e4rf\u00f6r viktigare att r\u00e4dda en sj\u00f6 \u00e4n att l\u00e5ta enskilda mark\u00e4gares intressen styra, s\u00e4ger Jonas Segersam (KD).<\/p>\n<\/div>\n<\/div>\n","protected":false},"excerpt":{"rendered":"<p>Utan \u00e5tg\u00e4rder kan sj\u00f6n T\u00e4mnaren, d\u00e4r Uppsala kommun f\u00e5r en femtedel av sitt dricksvatten, vara borta inom ett par sekler. &#8211; Uppsala kommun m\u00e5ste ta ledartr\u00f6jan f\u00f6r att f\u00e5 till st\u00e5nd en f\u00f6r\u00e4ndring &#8211; vi tar 20% av v\u00e5rt dricksvatten d\u00e4r, och vi \u00e4r den st\u00f6rsta kommunen som, tillsammans med Heby och Tierp, har muskler <a class=\"read-more-link\" href=\"https:\/\/wp.kristdemokraterna.se\/uppsala\/tamnaren-riskerar-forsvinna-inom-ett-par-sekler\/\">Read More<\/a><\/p>\n","protected":false},"author":702,"featured_media":0,"comment_status":"closed","ping_status":"closed","sticky":false,"template":"","format":"standard","meta":{"_acf_changed":false,"footnotes":""},"categories":[250],"tags":[],"class_list":["post-3704","post","type-post","status-publish","format-standard","hentry","category-energi-klimat-o-miljo"],"acf":[],"yoast_head":"<!-- This site is optimized with the Yoast SEO plugin v27.4 - https:\/\/yoast.com\/product\/yoast-seo-wordpress\/ -->\n<title>T\u00e4mnaren riskerar f\u00f6rsvinna inom ett par sekler | Kristdemokraterna | Uppsala<\/title>\n<meta name=\"robots\" content=\"index, follow, max-snippet:-1, max-image-preview:large, max-video-preview:-1\" \/>\n<link rel=\"canonical\" href=\"https:\/\/wp.kristdemokraterna.se\/uppsala\/tamnaren-riskerar-forsvinna-inom-ett-par-sekler\/\" \/>\n<meta property=\"og:locale\" content=\"sv_SE\" \/>\n<meta property=\"og:type\" content=\"article\" \/>\n<meta property=\"og:title\" content=\"T\u00e4mnaren riskerar f\u00f6rsvinna inom ett par sekler | Kristdemokraterna | Uppsala\" \/>\n<meta property=\"og:description\" content=\"Utan \u00e5tg\u00e4rder kan sj\u00f6n T\u00e4mnaren, d\u00e4r Uppsala kommun f\u00e5r en femtedel av sitt dricksvatten, vara borta inom ett par sekler. &#8211; Uppsala kommun m\u00e5ste ta ledartr\u00f6jan f\u00f6r att f\u00e5 till st\u00e5nd en f\u00f6r\u00e4ndring &#8211; vi tar 20% av v\u00e5rt dricksvatten d\u00e4r, och vi \u00e4r den st\u00f6rsta kommunen som, tillsammans med Heby och Tierp, har muskler Read More\" \/>\n<meta property=\"og:url\" content=\"https:\/\/wp.kristdemokraterna.se\/uppsala\/tamnaren-riskerar-forsvinna-inom-ett-par-sekler\/\" \/>\n<meta property=\"og:site_name\" content=\"Kristdemokraterna | Uppsala\" \/>\n<meta property=\"article:publisher\" content=\"https:\/\/www.facebook.com\/UppsalaKD\/\" \/>\n<meta property=\"article:published_time\" content=\"2020-08-12T08:37:10+00:00\" \/>\n<meta property=\"article:modified_time\" content=\"2024-04-03T22:20:02+00:00\" \/>\n<meta property=\"og:image\" content=\"https:\/\/wp.kristdemokraterna.se\/uppsala\/files\/2021\/12\/kom1.png\" \/>\n\t<meta property=\"og:image:width\" content=\"770\" \/>\n\t<meta property=\"og:image:height\" content=\"404\" \/>\n\t<meta property=\"og:image:type\" content=\"image\/png\" \/>\n<meta name=\"author\" content=\"Mimmi Westerlund\" \/>\n<meta name=\"twitter:card\" content=\"summary_large_image\" \/>\n<meta name=\"twitter:label1\" content=\"Skriven av\" \/>\n\t<meta name=\"twitter:data1\" content=\"Mimmi Westerlund\" \/>\n\t<meta name=\"twitter:label2\" content=\"Ber\u00e4knad l\u00e4stid\" \/>\n\t<meta name=\"twitter:data2\" content=\"1 minut\" \/>\n<script type=\"application\/ld+json\" class=\"yoast-schema-graph\">{\"@context\":\"https:\\\/\\\/schema.org\",\"@graph\":[{\"@type\":\"Article\",\"@id\":\"https:\\\/\\\/wp.kristdemokraterna.se\\\/uppsala\\\/tamnaren-riskerar-forsvinna-inom-ett-par-sekler\\\/#article\",\"isPartOf\":{\"@id\":\"https:\\\/\\\/wp.kristdemokraterna.se\\\/uppsala\\\/tamnaren-riskerar-forsvinna-inom-ett-par-sekler\\\/\"},\"author\":{\"name\":\"Mimmi Westerlund\",\"@id\":\"https:\\\/\\\/wp.kristdemokraterna.se\\\/uppsala\\\/#\\\/schema\\\/person\\\/038d805d685fb0ce5ad14ab8711d8e84\"},\"headline\":\"T\u00e4mnaren riskerar f\u00f6rsvinna inom ett par sekler\",\"datePublished\":\"2020-08-12T08:37:10+00:00\",\"dateModified\":\"2024-04-03T22:20:02+00:00\",\"mainEntityOfPage\":{\"@id\":\"https:\\\/\\\/wp.kristdemokraterna.se\\\/uppsala\\\/tamnaren-riskerar-forsvinna-inom-ett-par-sekler\\\/\"},\"wordCount\":213,\"publisher\":{\"@id\":\"https:\\\/\\\/wp.kristdemokraterna.se\\\/uppsala\\\/#organization\"},\"articleSection\":[\"Energi, klimat &amp; milj\u00f6\"],\"inLanguage\":\"sv-SE\"},{\"@type\":\"WebPage\",\"@id\":\"https:\\\/\\\/wp.kristdemokraterna.se\\\/uppsala\\\/tamnaren-riskerar-forsvinna-inom-ett-par-sekler\\\/\",\"url\":\"https:\\\/\\\/wp.kristdemokraterna.se\\\/uppsala\\\/tamnaren-riskerar-forsvinna-inom-ett-par-sekler\\\/\",\"name\":\"T\u00e4mnaren riskerar f\u00f6rsvinna inom ett par sekler | Kristdemokraterna | Uppsala\",\"isPartOf\":{\"@id\":\"https:\\\/\\\/wp.kristdemokraterna.se\\\/uppsala\\\/#website\"},\"datePublished\":\"2020-08-12T08:37:10+00:00\",\"dateModified\":\"2024-04-03T22:20:02+00:00\",\"breadcrumb\":{\"@id\":\"https:\\\/\\\/wp.kristdemokraterna.se\\\/uppsala\\\/tamnaren-riskerar-forsvinna-inom-ett-par-sekler\\\/#breadcrumb\"},\"inLanguage\":\"sv-SE\",\"potentialAction\":[{\"@type\":\"ReadAction\",\"target\":[\"https:\\\/\\\/wp.kristdemokraterna.se\\\/uppsala\\\/tamnaren-riskerar-forsvinna-inom-ett-par-sekler\\\/\"]}]},{\"@type\":\"BreadcrumbList\",\"@id\":\"https:\\\/\\\/wp.kristdemokraterna.se\\\/uppsala\\\/tamnaren-riskerar-forsvinna-inom-ett-par-sekler\\\/#breadcrumb\",\"itemListElement\":[{\"@type\":\"ListItem\",\"position\":1,\"name\":\"Hem\",\"item\":\"https:\\\/\\\/wp.kristdemokraterna.se\\\/uppsala\\\/\"},{\"@type\":\"ListItem\",\"position\":2,\"name\":\"T\u00e4mnaren riskerar f\u00f6rsvinna inom ett par sekler\"}]},{\"@type\":\"WebSite\",\"@id\":\"https:\\\/\\\/wp.kristdemokraterna.se\\\/uppsala\\\/#website\",\"url\":\"https:\\\/\\\/wp.kristdemokraterna.se\\\/uppsala\\\/\",\"name\":\"Kristdemokraterna Uppsala\",\"description\":\"Tryggare Uppsala\",\"publisher\":{\"@id\":\"https:\\\/\\\/wp.kristdemokraterna.se\\\/uppsala\\\/#organization\"},\"inLanguage\":\"sv-SE\"},{\"@type\":\"Organization\",\"@id\":\"https:\\\/\\\/wp.kristdemokraterna.se\\\/uppsala\\\/#organization\",\"name\":\"Kristdemokraterna Uppsala\",\"url\":\"https:\\\/\\\/wp.kristdemokraterna.se\\\/uppsala\\\/\",\"logo\":{\"@type\":\"ImageObject\",\"inLanguage\":\"sv-SE\",\"@id\":\"https:\\\/\\\/wp.kristdemokraterna.se\\\/uppsala\\\/#\\\/schema\\\/logo\\\/image\\\/\",\"url\":\"https:\\\/\\\/wp.kristdemokraterna.se\\\/uppsala\\\/files\\\/2019\\\/10\\\/kd-uppsala.png\",\"contentUrl\":\"https:\\\/\\\/wp.kristdemokraterna.se\\\/uppsala\\\/files\\\/2019\\\/10\\\/kd-uppsala.png\",\"width\":804,\"height\":421,\"caption\":\"Kristdemokraterna Uppsala\"},\"image\":{\"@id\":\"https:\\\/\\\/wp.kristdemokraterna.se\\\/uppsala\\\/#\\\/schema\\\/logo\\\/image\\\/\"},\"sameAs\":[\"https:\\\/\\\/www.facebook.com\\\/UppsalaKD\\\/\",\"https:\\\/\\\/www.instagram.com\\\/uppsalakd\\\/\"]},{\"@type\":\"Person\",\"@id\":\"https:\\\/\\\/wp.kristdemokraterna.se\\\/uppsala\\\/#\\\/schema\\\/person\\\/038d805d685fb0ce5ad14ab8711d8e84\",\"name\":\"Mimmi Westerlund\",\"image\":{\"@type\":\"ImageObject\",\"inLanguage\":\"sv-SE\",\"@id\":\"https:\\\/\\\/secure.gravatar.com\\\/avatar\\\/a5697359f709b6b10d9c7e6a7c89f3e054554dedb4657d5ffe9e5bc5b1445841?s=96&r=g\",\"url\":\"https:\\\/\\\/secure.gravatar.com\\\/avatar\\\/a5697359f709b6b10d9c7e6a7c89f3e054554dedb4657d5ffe9e5bc5b1445841?s=96&r=g\",\"contentUrl\":\"https:\\\/\\\/secure.gravatar.com\\\/avatar\\\/a5697359f709b6b10d9c7e6a7c89f3e054554dedb4657d5ffe9e5bc5b1445841?s=96&r=g\",\"caption\":\"Mimmi Westerlund\"},\"url\":\"https:\\\/\\\/wp.kristdemokraterna.se\\\/uppsala\\\/author\\\/mimmi\\\/\"}]}<\/script>\n<!-- \/ Yoast SEO plugin. -->","yoast_head_json":{"title":"T\u00e4mnaren riskerar f\u00f6rsvinna inom ett par sekler | Kristdemokraterna | Uppsala","robots":{"index":"index","follow":"follow","max-snippet":"max-snippet:-1","max-image-preview":"max-image-preview:large","max-video-preview":"max-video-preview:-1"},"canonical":"https:\/\/wp.kristdemokraterna.se\/uppsala\/tamnaren-riskerar-forsvinna-inom-ett-par-sekler\/","og_locale":"sv_SE","og_type":"article","og_title":"T\u00e4mnaren riskerar f\u00f6rsvinna inom ett par sekler | Kristdemokraterna | Uppsala","og_description":"Utan \u00e5tg\u00e4rder kan sj\u00f6n T\u00e4mnaren, d\u00e4r Uppsala kommun f\u00e5r en femtedel av sitt dricksvatten, vara borta inom ett par sekler. &#8211; Uppsala kommun m\u00e5ste ta ledartr\u00f6jan f\u00f6r att f\u00e5 till st\u00e5nd en f\u00f6r\u00e4ndring &#8211; vi tar 20% av v\u00e5rt dricksvatten d\u00e4r, och vi \u00e4r den st\u00f6rsta kommunen som, tillsammans med Heby och Tierp, har muskler Read More","og_url":"https:\/\/wp.kristdemokraterna.se\/uppsala\/tamnaren-riskerar-forsvinna-inom-ett-par-sekler\/","og_site_name":"Kristdemokraterna | Uppsala","article_publisher":"https:\/\/www.facebook.com\/UppsalaKD\/","article_published_time":"2020-08-12T08:37:10+00:00","article_modified_time":"2024-04-03T22:20:02+00:00","og_image":[{"width":770,"height":404,"url":"https:\/\/wp.kristdemokraterna.se\/uppsala\/files\/2021\/12\/kom1.png","type":"image\/png"}],"author":"Mimmi Westerlund","twitter_card":"summary_large_image","twitter_misc":{"Skriven av":"Mimmi Westerlund","Ber\u00e4knad l\u00e4stid":"1 minut"},"schema":{"@context":"https:\/\/schema.org","@graph":[{"@type":"Article","@id":"https:\/\/wp.kristdemokraterna.se\/uppsala\/tamnaren-riskerar-forsvinna-inom-ett-par-sekler\/#article","isPartOf":{"@id":"https:\/\/wp.kristdemokraterna.se\/uppsala\/tamnaren-riskerar-forsvinna-inom-ett-par-sekler\/"},"author":{"name":"Mimmi Westerlund","@id":"https:\/\/wp.kristdemokraterna.se\/uppsala\/#\/schema\/person\/038d805d685fb0ce5ad14ab8711d8e84"},"headline":"T\u00e4mnaren riskerar f\u00f6rsvinna inom ett par sekler","datePublished":"2020-08-12T08:37:10+00:00","dateModified":"2024-04-03T22:20:02+00:00","mainEntityOfPage":{"@id":"https:\/\/wp.kristdemokraterna.se\/uppsala\/tamnaren-riskerar-forsvinna-inom-ett-par-sekler\/"},"wordCount":213,"publisher":{"@id":"https:\/\/wp.kristdemokraterna.se\/uppsala\/#organization"},"articleSection":["Energi, klimat &amp; milj\u00f6"],"inLanguage":"sv-SE"},{"@type":"WebPage","@id":"https:\/\/wp.kristdemokraterna.se\/uppsala\/tamnaren-riskerar-forsvinna-inom-ett-par-sekler\/","url":"https:\/\/wp.kristdemokraterna.se\/uppsala\/tamnaren-riskerar-forsvinna-inom-ett-par-sekler\/","name":"T\u00e4mnaren riskerar f\u00f6rsvinna inom ett par sekler | Kristdemokraterna | Uppsala","isPartOf":{"@id":"https:\/\/wp.kristdemokraterna.se\/uppsala\/#website"},"datePublished":"2020-08-12T08:37:10+00:00","dateModified":"2024-04-03T22:20:02+00:00","breadcrumb":{"@id":"https:\/\/wp.kristdemokraterna.se\/uppsala\/tamnaren-riskerar-forsvinna-inom-ett-par-sekler\/#breadcrumb"},"inLanguage":"sv-SE","potentialAction":[{"@type":"ReadAction","target":["https:\/\/wp.kristdemokraterna.se\/uppsala\/tamnaren-riskerar-forsvinna-inom-ett-par-sekler\/"]}]},{"@type":"BreadcrumbList","@id":"https:\/\/wp.kristdemokraterna.se\/uppsala\/tamnaren-riskerar-forsvinna-inom-ett-par-sekler\/#breadcrumb","itemListElement":[{"@type":"ListItem","position":1,"name":"Hem","item":"https:\/\/wp.kristdemokraterna.se\/uppsala\/"},{"@type":"ListItem","position":2,"name":"T\u00e4mnaren riskerar f\u00f6rsvinna inom ett par sekler"}]},{"@type":"WebSite","@id":"https:\/\/wp.kristdemokraterna.se\/uppsala\/#website","url":"https:\/\/wp.kristdemokraterna.se\/uppsala\/","name":"Kristdemokraterna Uppsala","description":"Tryggare Uppsala","publisher":{"@id":"https:\/\/wp.kristdemokraterna.se\/uppsala\/#organization"},"inLanguage":"sv-SE"},{"@type":"Organization","@id":"https:\/\/wp.kristdemokraterna.se\/uppsala\/#organization","name":"Kristdemokraterna Uppsala","url":"https:\/\/wp.kristdemokraterna.se\/uppsala\/","logo":{"@type":"ImageObject","inLanguage":"sv-SE","@id":"https:\/\/wp.kristdemokraterna.se\/uppsala\/#\/schema\/logo\/image\/","url":"https:\/\/wp.kristdemokraterna.se\/uppsala\/files\/2019\/10\/kd-uppsala.png","contentUrl":"https:\/\/wp.kristdemokraterna.se\/uppsala\/files\/2019\/10\/kd-uppsala.png","width":804,"height":421,"caption":"Kristdemokraterna Uppsala"},"image":{"@id":"https:\/\/wp.kristdemokraterna.se\/uppsala\/#\/schema\/logo\/image\/"},"sameAs":["https:\/\/www.facebook.com\/UppsalaKD\/","https:\/\/www.instagram.com\/uppsalakd\/"]},{"@type":"Person","@id":"https:\/\/wp.kristdemokraterna.se\/uppsala\/#\/schema\/person\/038d805d685fb0ce5ad14ab8711d8e84","name":"Mimmi Westerlund","image":{"@type":"ImageObject","inLanguage":"sv-SE","@id":"https:\/\/secure.gravatar.com\/avatar\/a5697359f709b6b10d9c7e6a7c89f3e054554dedb4657d5ffe9e5bc5b1445841?s=96&r=g","url":"https:\/\/secure.gravatar.com\/avatar\/a5697359f709b6b10d9c7e6a7c89f3e054554dedb4657d5ffe9e5bc5b1445841?s=96&r=g","contentUrl":"https:\/\/secure.gravatar.com\/avatar\/a5697359f709b6b10d9c7e6a7c89f3e054554dedb4657d5ffe9e5bc5b1445841?s=96&r=g","caption":"Mimmi Westerlund"},"url":"https:\/\/wp.kristdemokraterna.se\/uppsala\/author\/mimmi\/"}]}},"_links":{"self":[{"href":"https:\/\/wp.kristdemokraterna.se\/uppsala\/wp-json\/wp\/v2\/posts\/3704","targetHints":{"allow":["GET"]}}],"collection":[{"href":"https:\/\/wp.kristdemokraterna.se\/uppsala\/wp-json\/wp\/v2\/posts"}],"about":[{"href":"https:\/\/wp.kristdemokraterna.se\/uppsala\/wp-json\/wp\/v2\/types\/post"}],"author":[{"embeddable":true,"href":"https:\/\/wp.kristdemokraterna.se\/uppsala\/wp-json\/wp\/v2\/users\/702"}],"replies":[{"embeddable":true,"href":"https:\/\/wp.kristdemokraterna.se\/uppsala\/wp-json\/wp\/v2\/comments?post=3704"}],"version-history":[{"count":4,"href":"https:\/\/wp.kristdemokraterna.se\/uppsala\/wp-json\/wp\/v2\/posts\/3704\/revisions"}],"predecessor-version":[{"id":3708,"href":"https:\/\/wp.kristdemokraterna.se\/uppsala\/wp-json\/wp\/v2\/posts\/3704\/revisions\/3708"}],"wp:attachment":[{"href":"https:\/\/wp.kristdemokraterna.se\/uppsala\/wp-json\/wp\/v2\/media?parent=3704"}],"wp:term":[{"taxonomy":"category","embeddable":true,"href":"https:\/\/wp.kristdemokraterna.se\/uppsala\/wp-json\/wp\/v2\/categories?post=3704"},{"taxonomy":"post_tag","embeddable":true,"href":"https:\/\/wp.kristdemokraterna.se\/uppsala\/wp-json\/wp\/v2\/tags?post=3704"}],"curies":[{"name":"wp","href":"https:\/\/api.w.org\/{rel}","templated":true}]}}