{"id":3766,"date":"2021-01-06T10:47:23","date_gmt":"2021-01-06T09:47:23","guid":{"rendered":"http:\/\/wp.kristdemokraterna.se\/uppsala\/?p=3766"},"modified":"2024-04-04T00:12:11","modified_gmt":"2024-04-03T22:12:11","slug":"nu-blir-det-mojligt-att-vaccinera-vardpersonal","status":"publish","type":"post","link":"https:\/\/wp.kristdemokraterna.se\/uppsala\/nu-blir-det-mojligt-att-vaccinera-vardpersonal\/","title":{"rendered":"Nu blir det m\u00f6jligt att vaccinera v\u00e5rdpersonal"},"content":{"rendered":"<div class=\"kvgmc6g5 cxmmr5t8 oygrvhab hcukyx3x c1et5uql ii04i59q\">\n<div dir=\"auto\"><strong>Folkh\u00e4lsomyndigheten har idag \u00f6ppnat upp f\u00f6r att v\u00e5rdpersonal ska kunna vaccineras redan nu p\u00e5 grund av den h\u00f6ga arbetsbelastningen.\u00a0Vaccinationen ska kunna ske parallellt med inv\u00e5nare och personal p\u00e5 kommunens v\u00e5rdinr\u00e4ttningar.<\/strong><\/div>\n<div dir=\"auto\"><\/div>\n<\/div>\n<div class=\"o9v6fnle cxmmr5t8 oygrvhab hcukyx3x c1et5uql ii04i59q\">\n<div dir=\"auto\">\n<p>\u2013 Det \u00e4r v\u00e4ldigt bra att denna m\u00f6jlighet nu ges. Genom att vi kan p\u00e5b\u00f6rja vaccinering av v\u00e5rpersonal som jobbar med IVA, IMA, p\u00e5 akuten eller andra covidavdelningar s\u00e5 har vi en kapacitet att hj\u00e4lpa sv\u00e5rt covidsjuka, s\u00e4ger<\/p>\n<div class=\"nc684nl6\">Mimmi Westerlund KD, vice ordf i sjukhusstyrelsen.<\/div>\n<div><\/div>\n<\/div>\n<\/div>\n<div class=\"o9v6fnle cxmmr5t8 oygrvhab hcukyx3x c1et5uql ii04i59q\">\n<div dir=\"auto\">Region Uppsala har tidigare tagit ett beslut om en vaccinationsplan i \u00f6verensst\u00e4mmelse med FHM:s prioriteringar. Den ligger fast men det finns nu ocks\u00e5 en m\u00f6jliget att plocka in en grupp till i den f\u00f6rsta fasen.<\/div>\n<\/div>\n<div class=\"o9v6fnle cxmmr5t8 oygrvhab hcukyx3x c1et5uql ii04i59q\">\n<div dir=\"auto\">Den 27: e december kom de f\u00f6rsta 200 doserna vaccin till l\u00e4net, i slutet av vecka 53 togs 2950 doser emot och denna vecka kommer ytterligare 2950 doser.<\/div>\n<div dir=\"auto\"><\/div>\n<\/div>\n<div class=\"o9v6fnle cxmmr5t8 oygrvhab hcukyx3x c1et5uql ii04i59q\">\n<div dir=\"auto\">\u2013 Allt ser hittills ut att l\u00f6pa p\u00e5 som planerat. Att EU idag ocks\u00e5 godk\u00e4nde Modernas vaccin var ocks\u00e5 viktigt f\u00f6r att allt ska rulla p\u00e5. Jag \u00e4r otroligt glad f\u00f6r att vi redan nu kan se att m\u00e5nga av v\u00e5ra \u00e4ldre p\u00e5 boenden runt om i l\u00e4net f\u00e5tt en f\u00f6rsta dos vaccin, liksom deras personal.<\/div>\n<div dir=\"auto\"><\/div>\n<\/div>\n<div class=\"o9v6fnle cxmmr5t8 oygrvhab hcukyx3x c1et5uql ii04i59q\">\n<div dir=\"auto\">I fas tv\u00e5 f\u00e5r olika medicinska riskgrupper och personer \u00f6ver 70 \u00e5r vaccinering mot covid-19.<\/div>\n<\/div>\n","protected":false},"excerpt":{"rendered":"<p>Folkh\u00e4lsomyndigheten har idag \u00f6ppnat upp f\u00f6r att v\u00e5rdpersonal ska kunna vaccineras redan nu p\u00e5 grund av den h\u00f6ga arbetsbelastningen.\u00a0Vaccinationen ska kunna ske parallellt med inv\u00e5nare och personal p\u00e5 kommunens v\u00e5rdinr\u00e4ttningar. \u2013 Det \u00e4r v\u00e4ldigt bra att denna m\u00f6jlighet nu ges. Genom att vi kan p\u00e5b\u00f6rja vaccinering av v\u00e5rpersonal som jobbar med IVA, IMA, p\u00e5 akuten <a class=\"read-more-link\" href=\"https:\/\/wp.kristdemokraterna.se\/uppsala\/nu-blir-det-mojligt-att-vaccinera-vardpersonal\/\">Read More<\/a><\/p>\n","protected":false},"author":702,"featured_media":0,"comment_status":"closed","ping_status":"closed","sticky":false,"template":"","format":"standard","meta":{"_acf_changed":false,"footnotes":""},"categories":[236],"tags":[],"class_list":["post-3766","post","type-post","status-publish","format-standard","hentry","category-vard-o-omsorg"],"acf":[],"yoast_head":"<!-- This site is optimized with the Yoast SEO plugin v27.4 - https:\/\/yoast.com\/product\/yoast-seo-wordpress\/ -->\n<title>Nu blir det m\u00f6jligt att vaccinera v\u00e5rdpersonal | Kristdemokraterna | Uppsala<\/title>\n<meta name=\"robots\" content=\"index, follow, max-snippet:-1, max-image-preview:large, max-video-preview:-1\" \/>\n<link rel=\"canonical\" href=\"https:\/\/wp.kristdemokraterna.se\/uppsala\/nu-blir-det-mojligt-att-vaccinera-vardpersonal\/\" \/>\n<meta property=\"og:locale\" content=\"sv_SE\" \/>\n<meta property=\"og:type\" content=\"article\" \/>\n<meta property=\"og:title\" content=\"Nu blir det m\u00f6jligt att vaccinera v\u00e5rdpersonal | Kristdemokraterna | Uppsala\" \/>\n<meta property=\"og:description\" content=\"Folkh\u00e4lsomyndigheten har idag \u00f6ppnat upp f\u00f6r att v\u00e5rdpersonal ska kunna vaccineras redan nu p\u00e5 grund av den h\u00f6ga arbetsbelastningen.\u00a0Vaccinationen ska kunna ske parallellt med inv\u00e5nare och personal p\u00e5 kommunens v\u00e5rdinr\u00e4ttningar. \u2013 Det \u00e4r v\u00e4ldigt bra att denna m\u00f6jlighet nu ges. Genom att vi kan p\u00e5b\u00f6rja vaccinering av v\u00e5rpersonal som jobbar med IVA, IMA, p\u00e5 akuten Read More\" \/>\n<meta property=\"og:url\" content=\"https:\/\/wp.kristdemokraterna.se\/uppsala\/nu-blir-det-mojligt-att-vaccinera-vardpersonal\/\" \/>\n<meta property=\"og:site_name\" content=\"Kristdemokraterna | Uppsala\" \/>\n<meta property=\"article:publisher\" content=\"https:\/\/www.facebook.com\/UppsalaKD\/\" \/>\n<meta property=\"article:published_time\" content=\"2021-01-06T09:47:23+00:00\" \/>\n<meta property=\"article:modified_time\" content=\"2024-04-03T22:12:11+00:00\" \/>\n<meta property=\"og:image\" content=\"https:\/\/wp.kristdemokraterna.se\/uppsala\/files\/2021\/12\/kom1.png\" \/>\n\t<meta property=\"og:image:width\" content=\"770\" \/>\n\t<meta property=\"og:image:height\" content=\"404\" \/>\n\t<meta property=\"og:image:type\" content=\"image\/png\" \/>\n<meta name=\"author\" content=\"Mimmi Westerlund\" \/>\n<meta name=\"twitter:card\" content=\"summary_large_image\" \/>\n<meta name=\"twitter:label1\" content=\"Skriven av\" \/>\n\t<meta name=\"twitter:data1\" content=\"Mimmi Westerlund\" \/>\n\t<meta name=\"twitter:label2\" content=\"Ber\u00e4knad l\u00e4stid\" \/>\n\t<meta name=\"twitter:data2\" content=\"1 minut\" \/>\n<script type=\"application\/ld+json\" class=\"yoast-schema-graph\">{\"@context\":\"https:\\\/\\\/schema.org\",\"@graph\":[{\"@type\":\"Article\",\"@id\":\"https:\\\/\\\/wp.kristdemokraterna.se\\\/uppsala\\\/nu-blir-det-mojligt-att-vaccinera-vardpersonal\\\/#article\",\"isPartOf\":{\"@id\":\"https:\\\/\\\/wp.kristdemokraterna.se\\\/uppsala\\\/nu-blir-det-mojligt-att-vaccinera-vardpersonal\\\/\"},\"author\":{\"name\":\"Mimmi Westerlund\",\"@id\":\"https:\\\/\\\/wp.kristdemokraterna.se\\\/uppsala\\\/#\\\/schema\\\/person\\\/038d805d685fb0ce5ad14ab8711d8e84\"},\"headline\":\"Nu blir det m\u00f6jligt att vaccinera v\u00e5rdpersonal\",\"datePublished\":\"2021-01-06T09:47:23+00:00\",\"dateModified\":\"2024-04-03T22:12:11+00:00\",\"mainEntityOfPage\":{\"@id\":\"https:\\\/\\\/wp.kristdemokraterna.se\\\/uppsala\\\/nu-blir-det-mojligt-att-vaccinera-vardpersonal\\\/\"},\"wordCount\":242,\"publisher\":{\"@id\":\"https:\\\/\\\/wp.kristdemokraterna.se\\\/uppsala\\\/#organization\"},\"articleSection\":[\"V\u00e5rd &amp; omsorg\"],\"inLanguage\":\"sv-SE\"},{\"@type\":\"WebPage\",\"@id\":\"https:\\\/\\\/wp.kristdemokraterna.se\\\/uppsala\\\/nu-blir-det-mojligt-att-vaccinera-vardpersonal\\\/\",\"url\":\"https:\\\/\\\/wp.kristdemokraterna.se\\\/uppsala\\\/nu-blir-det-mojligt-att-vaccinera-vardpersonal\\\/\",\"name\":\"Nu blir det m\u00f6jligt att vaccinera v\u00e5rdpersonal | Kristdemokraterna | Uppsala\",\"isPartOf\":{\"@id\":\"https:\\\/\\\/wp.kristdemokraterna.se\\\/uppsala\\\/#website\"},\"datePublished\":\"2021-01-06T09:47:23+00:00\",\"dateModified\":\"2024-04-03T22:12:11+00:00\",\"breadcrumb\":{\"@id\":\"https:\\\/\\\/wp.kristdemokraterna.se\\\/uppsala\\\/nu-blir-det-mojligt-att-vaccinera-vardpersonal\\\/#breadcrumb\"},\"inLanguage\":\"sv-SE\",\"potentialAction\":[{\"@type\":\"ReadAction\",\"target\":[\"https:\\\/\\\/wp.kristdemokraterna.se\\\/uppsala\\\/nu-blir-det-mojligt-att-vaccinera-vardpersonal\\\/\"]}]},{\"@type\":\"BreadcrumbList\",\"@id\":\"https:\\\/\\\/wp.kristdemokraterna.se\\\/uppsala\\\/nu-blir-det-mojligt-att-vaccinera-vardpersonal\\\/#breadcrumb\",\"itemListElement\":[{\"@type\":\"ListItem\",\"position\":1,\"name\":\"Hem\",\"item\":\"https:\\\/\\\/wp.kristdemokraterna.se\\\/uppsala\\\/\"},{\"@type\":\"ListItem\",\"position\":2,\"name\":\"Nu blir det m\u00f6jligt att vaccinera v\u00e5rdpersonal\"}]},{\"@type\":\"WebSite\",\"@id\":\"https:\\\/\\\/wp.kristdemokraterna.se\\\/uppsala\\\/#website\",\"url\":\"https:\\\/\\\/wp.kristdemokraterna.se\\\/uppsala\\\/\",\"name\":\"Kristdemokraterna Uppsala\",\"description\":\"Tryggare Uppsala\",\"publisher\":{\"@id\":\"https:\\\/\\\/wp.kristdemokraterna.se\\\/uppsala\\\/#organization\"},\"inLanguage\":\"sv-SE\"},{\"@type\":\"Organization\",\"@id\":\"https:\\\/\\\/wp.kristdemokraterna.se\\\/uppsala\\\/#organization\",\"name\":\"Kristdemokraterna Uppsala\",\"url\":\"https:\\\/\\\/wp.kristdemokraterna.se\\\/uppsala\\\/\",\"logo\":{\"@type\":\"ImageObject\",\"inLanguage\":\"sv-SE\",\"@id\":\"https:\\\/\\\/wp.kristdemokraterna.se\\\/uppsala\\\/#\\\/schema\\\/logo\\\/image\\\/\",\"url\":\"https:\\\/\\\/wp.kristdemokraterna.se\\\/uppsala\\\/files\\\/2019\\\/10\\\/kd-uppsala.png\",\"contentUrl\":\"https:\\\/\\\/wp.kristdemokraterna.se\\\/uppsala\\\/files\\\/2019\\\/10\\\/kd-uppsala.png\",\"width\":804,\"height\":421,\"caption\":\"Kristdemokraterna Uppsala\"},\"image\":{\"@id\":\"https:\\\/\\\/wp.kristdemokraterna.se\\\/uppsala\\\/#\\\/schema\\\/logo\\\/image\\\/\"},\"sameAs\":[\"https:\\\/\\\/www.facebook.com\\\/UppsalaKD\\\/\",\"https:\\\/\\\/www.instagram.com\\\/uppsalakd\\\/\"]},{\"@type\":\"Person\",\"@id\":\"https:\\\/\\\/wp.kristdemokraterna.se\\\/uppsala\\\/#\\\/schema\\\/person\\\/038d805d685fb0ce5ad14ab8711d8e84\",\"name\":\"Mimmi Westerlund\",\"image\":{\"@type\":\"ImageObject\",\"inLanguage\":\"sv-SE\",\"@id\":\"https:\\\/\\\/secure.gravatar.com\\\/avatar\\\/a5697359f709b6b10d9c7e6a7c89f3e054554dedb4657d5ffe9e5bc5b1445841?s=96&r=g\",\"url\":\"https:\\\/\\\/secure.gravatar.com\\\/avatar\\\/a5697359f709b6b10d9c7e6a7c89f3e054554dedb4657d5ffe9e5bc5b1445841?s=96&r=g\",\"contentUrl\":\"https:\\\/\\\/secure.gravatar.com\\\/avatar\\\/a5697359f709b6b10d9c7e6a7c89f3e054554dedb4657d5ffe9e5bc5b1445841?s=96&r=g\",\"caption\":\"Mimmi Westerlund\"},\"url\":\"https:\\\/\\\/wp.kristdemokraterna.se\\\/uppsala\\\/author\\\/mimmi\\\/\"}]}<\/script>\n<!-- \/ Yoast SEO plugin. -->","yoast_head_json":{"title":"Nu blir det m\u00f6jligt att vaccinera v\u00e5rdpersonal | Kristdemokraterna | Uppsala","robots":{"index":"index","follow":"follow","max-snippet":"max-snippet:-1","max-image-preview":"max-image-preview:large","max-video-preview":"max-video-preview:-1"},"canonical":"https:\/\/wp.kristdemokraterna.se\/uppsala\/nu-blir-det-mojligt-att-vaccinera-vardpersonal\/","og_locale":"sv_SE","og_type":"article","og_title":"Nu blir det m\u00f6jligt att vaccinera v\u00e5rdpersonal | Kristdemokraterna | Uppsala","og_description":"Folkh\u00e4lsomyndigheten har idag \u00f6ppnat upp f\u00f6r att v\u00e5rdpersonal ska kunna vaccineras redan nu p\u00e5 grund av den h\u00f6ga arbetsbelastningen.\u00a0Vaccinationen ska kunna ske parallellt med inv\u00e5nare och personal p\u00e5 kommunens v\u00e5rdinr\u00e4ttningar. \u2013 Det \u00e4r v\u00e4ldigt bra att denna m\u00f6jlighet nu ges. Genom att vi kan p\u00e5b\u00f6rja vaccinering av v\u00e5rpersonal som jobbar med IVA, IMA, p\u00e5 akuten Read More","og_url":"https:\/\/wp.kristdemokraterna.se\/uppsala\/nu-blir-det-mojligt-att-vaccinera-vardpersonal\/","og_site_name":"Kristdemokraterna | Uppsala","article_publisher":"https:\/\/www.facebook.com\/UppsalaKD\/","article_published_time":"2021-01-06T09:47:23+00:00","article_modified_time":"2024-04-03T22:12:11+00:00","og_image":[{"width":770,"height":404,"url":"https:\/\/wp.kristdemokraterna.se\/uppsala\/files\/2021\/12\/kom1.png","type":"image\/png"}],"author":"Mimmi Westerlund","twitter_card":"summary_large_image","twitter_misc":{"Skriven av":"Mimmi Westerlund","Ber\u00e4knad l\u00e4stid":"1 minut"},"schema":{"@context":"https:\/\/schema.org","@graph":[{"@type":"Article","@id":"https:\/\/wp.kristdemokraterna.se\/uppsala\/nu-blir-det-mojligt-att-vaccinera-vardpersonal\/#article","isPartOf":{"@id":"https:\/\/wp.kristdemokraterna.se\/uppsala\/nu-blir-det-mojligt-att-vaccinera-vardpersonal\/"},"author":{"name":"Mimmi Westerlund","@id":"https:\/\/wp.kristdemokraterna.se\/uppsala\/#\/schema\/person\/038d805d685fb0ce5ad14ab8711d8e84"},"headline":"Nu blir det m\u00f6jligt att vaccinera v\u00e5rdpersonal","datePublished":"2021-01-06T09:47:23+00:00","dateModified":"2024-04-03T22:12:11+00:00","mainEntityOfPage":{"@id":"https:\/\/wp.kristdemokraterna.se\/uppsala\/nu-blir-det-mojligt-att-vaccinera-vardpersonal\/"},"wordCount":242,"publisher":{"@id":"https:\/\/wp.kristdemokraterna.se\/uppsala\/#organization"},"articleSection":["V\u00e5rd &amp; omsorg"],"inLanguage":"sv-SE"},{"@type":"WebPage","@id":"https:\/\/wp.kristdemokraterna.se\/uppsala\/nu-blir-det-mojligt-att-vaccinera-vardpersonal\/","url":"https:\/\/wp.kristdemokraterna.se\/uppsala\/nu-blir-det-mojligt-att-vaccinera-vardpersonal\/","name":"Nu blir det m\u00f6jligt att vaccinera v\u00e5rdpersonal | Kristdemokraterna | Uppsala","isPartOf":{"@id":"https:\/\/wp.kristdemokraterna.se\/uppsala\/#website"},"datePublished":"2021-01-06T09:47:23+00:00","dateModified":"2024-04-03T22:12:11+00:00","breadcrumb":{"@id":"https:\/\/wp.kristdemokraterna.se\/uppsala\/nu-blir-det-mojligt-att-vaccinera-vardpersonal\/#breadcrumb"},"inLanguage":"sv-SE","potentialAction":[{"@type":"ReadAction","target":["https:\/\/wp.kristdemokraterna.se\/uppsala\/nu-blir-det-mojligt-att-vaccinera-vardpersonal\/"]}]},{"@type":"BreadcrumbList","@id":"https:\/\/wp.kristdemokraterna.se\/uppsala\/nu-blir-det-mojligt-att-vaccinera-vardpersonal\/#breadcrumb","itemListElement":[{"@type":"ListItem","position":1,"name":"Hem","item":"https:\/\/wp.kristdemokraterna.se\/uppsala\/"},{"@type":"ListItem","position":2,"name":"Nu blir det m\u00f6jligt att vaccinera v\u00e5rdpersonal"}]},{"@type":"WebSite","@id":"https:\/\/wp.kristdemokraterna.se\/uppsala\/#website","url":"https:\/\/wp.kristdemokraterna.se\/uppsala\/","name":"Kristdemokraterna Uppsala","description":"Tryggare Uppsala","publisher":{"@id":"https:\/\/wp.kristdemokraterna.se\/uppsala\/#organization"},"inLanguage":"sv-SE"},{"@type":"Organization","@id":"https:\/\/wp.kristdemokraterna.se\/uppsala\/#organization","name":"Kristdemokraterna Uppsala","url":"https:\/\/wp.kristdemokraterna.se\/uppsala\/","logo":{"@type":"ImageObject","inLanguage":"sv-SE","@id":"https:\/\/wp.kristdemokraterna.se\/uppsala\/#\/schema\/logo\/image\/","url":"https:\/\/wp.kristdemokraterna.se\/uppsala\/files\/2019\/10\/kd-uppsala.png","contentUrl":"https:\/\/wp.kristdemokraterna.se\/uppsala\/files\/2019\/10\/kd-uppsala.png","width":804,"height":421,"caption":"Kristdemokraterna Uppsala"},"image":{"@id":"https:\/\/wp.kristdemokraterna.se\/uppsala\/#\/schema\/logo\/image\/"},"sameAs":["https:\/\/www.facebook.com\/UppsalaKD\/","https:\/\/www.instagram.com\/uppsalakd\/"]},{"@type":"Person","@id":"https:\/\/wp.kristdemokraterna.se\/uppsala\/#\/schema\/person\/038d805d685fb0ce5ad14ab8711d8e84","name":"Mimmi Westerlund","image":{"@type":"ImageObject","inLanguage":"sv-SE","@id":"https:\/\/secure.gravatar.com\/avatar\/a5697359f709b6b10d9c7e6a7c89f3e054554dedb4657d5ffe9e5bc5b1445841?s=96&r=g","url":"https:\/\/secure.gravatar.com\/avatar\/a5697359f709b6b10d9c7e6a7c89f3e054554dedb4657d5ffe9e5bc5b1445841?s=96&r=g","contentUrl":"https:\/\/secure.gravatar.com\/avatar\/a5697359f709b6b10d9c7e6a7c89f3e054554dedb4657d5ffe9e5bc5b1445841?s=96&r=g","caption":"Mimmi Westerlund"},"url":"https:\/\/wp.kristdemokraterna.se\/uppsala\/author\/mimmi\/"}]}},"_links":{"self":[{"href":"https:\/\/wp.kristdemokraterna.se\/uppsala\/wp-json\/wp\/v2\/posts\/3766","targetHints":{"allow":["GET"]}}],"collection":[{"href":"https:\/\/wp.kristdemokraterna.se\/uppsala\/wp-json\/wp\/v2\/posts"}],"about":[{"href":"https:\/\/wp.kristdemokraterna.se\/uppsala\/wp-json\/wp\/v2\/types\/post"}],"author":[{"embeddable":true,"href":"https:\/\/wp.kristdemokraterna.se\/uppsala\/wp-json\/wp\/v2\/users\/702"}],"replies":[{"embeddable":true,"href":"https:\/\/wp.kristdemokraterna.se\/uppsala\/wp-json\/wp\/v2\/comments?post=3766"}],"version-history":[{"count":2,"href":"https:\/\/wp.kristdemokraterna.se\/uppsala\/wp-json\/wp\/v2\/posts\/3766\/revisions"}],"predecessor-version":[{"id":3770,"href":"https:\/\/wp.kristdemokraterna.se\/uppsala\/wp-json\/wp\/v2\/posts\/3766\/revisions\/3770"}],"wp:attachment":[{"href":"https:\/\/wp.kristdemokraterna.se\/uppsala\/wp-json\/wp\/v2\/media?parent=3766"}],"wp:term":[{"taxonomy":"category","embeddable":true,"href":"https:\/\/wp.kristdemokraterna.se\/uppsala\/wp-json\/wp\/v2\/categories?post=3766"},{"taxonomy":"post_tag","embeddable":true,"href":"https:\/\/wp.kristdemokraterna.se\/uppsala\/wp-json\/wp\/v2\/tags?post=3766"}],"curies":[{"name":"wp","href":"https:\/\/api.w.org\/{rel}","templated":true}]}}