{"id":3774,"date":"2021-01-07T11:45:13","date_gmt":"2021-01-07T10:45:13","guid":{"rendered":"http:\/\/wp.kristdemokraterna.se\/uppsala\/?p=3774"},"modified":"2024-04-04T00:11:48","modified_gmt":"2024-04-03T22:11:48","slug":"pressmeddelande-olycklig-uppgorelse-om-sydostra-stadsdelarna","status":"publish","type":"post","link":"https:\/\/wp.kristdemokraterna.se\/uppsala\/pressmeddelande-olycklig-uppgorelse-om-sydostra-stadsdelarna\/","title":{"rendered":"Olycklig uppg\u00f6relse om syd\u00f6stra stadsdelarna"},"content":{"rendered":"<h3><strong>Idag blev det k\u00e4nt att minoritetsstyret (S, L, MP) tr\u00e4ffat en \u00f6verenskommelse med Moderaterna ang\u00e5ende utbyggnaden i de syd\u00f6stra stadsdelarna. Syftet \u00e4r att f\u00e5 st\u00f6d f\u00f6r den kritiserade f\u00f6rdjupade \u00f6versiktsplanen, men Kristdemokraterna \u00e4r fortsatt kritiska och kommer inte att st\u00e4lla sig bakom planen.<\/strong><strong><br \/>\n<\/strong><\/h3>\n<p>&#8211; Den h\u00e4r nyvunna \u00f6verenskommelsen f\u00f6r\u00e4ndrar tyv\u00e4rr inte den d\u00e5ligt utformande utbyggnaden av 21.500 nya bost\u00e4der. Nu s\u00e4ger visserligen exploateringspartierna att vi fr\u00e5n och med nu ska kalla S\u00e4vja f\u00f6r en \u201dmodern tr\u00e4dg\u00e5rdsstad\u201d, men det \u00e4r tyv\u00e4rr tomma ord. Faktum kvarst\u00e5r att den nya bebyggelsen blir alltf\u00f6r t\u00e4t med byggnader som skymmer solljuset f\u00f6r grannbyggnaderna, kommenterar Jonas Segersam, kommunalr\u00e5d (KD).<\/p>\n<p><strong>\u00d6verenskommelsen inneb\u00e4r att den nya bron \u00f6ver Fyris\u00e5n \u00e4ven byggs f\u00f6r biltrafik, n\u00e5got Alliansen drivit samf\u00e4llt i flera \u00e5r efter att de r\u00f6dgr\u00f6na partierna endast har velat till\u00e5ta kollektivtrafik. Det \u00e4r positivt.<\/strong><\/p>\n<p>&#8211; Man verkar till stor del ha l\u00e4mnat fr\u00e5gan om sp\u00e5rvagn och kapacitetsstark kollektivtrafik utanf\u00f6r \u00f6verenskommelsen, men att det nu blir en bilbro \u00f6ver Fyris\u00e5n \u00e4r en stor vinst. Vi anser dock \u00e4nd\u00e5 att det varit b\u00e4ttre att f\u00e5 till en omf\u00f6rhandling av avtalet med staten f\u00f6r att flytta en stor del av bebyggelsen mot Nysala, som ligger vid kommungr\u00e4nsen till Knivsta, och d\u00e4rmed f\u00e5 l\u00e4gre och med utspridda hus, menar Segersam.<\/p>\n<p><strong>N\u00e4r de som bor i omr\u00e5dena protesterade mot kommunens planer i h\u00f6stas s\u00e5 deltog hela 800 personer. Kristdemokraterna var d\u00e5 det enda partiet som officiellt n\u00e4rvarade, och vi forts\u00e4tter alltj\u00e4mt att ge folkr\u00f6relsen st\u00f6d.<\/strong><\/p>\n<p>&#8211; Vi vill se ett Uppsala som utvecklas med en st\u00f6rre andel naturn\u00e4ra sm\u00e5hus och framf\u00f6r allt en b\u00e4ttre f\u00f6rankring med de som bor i omr\u00e5det. Man skulle till exempel helt kunna v\u00e4nta med att bygga ut den v\u00e4stra delen av omr\u00e5det, och bara b\u00f6rja med sj\u00e4lva stationsomr\u00e5det, avslutar Elias Moberg, ordf\u00f6rande (KD).<\/p>\n<p><strong>F\u00f6r ytterligare information och kontakt:<\/strong><\/p>\n<p><strong>Jonas Segersam<br \/>\nKommunalr\u00e5d (KD)<\/strong><br \/>\njonas.segersam@uppsala.se<br \/>\n018-727 13 04<\/p>\n<p><strong>Elias Moberg<br \/>\nOrdf\u00f6rande (KD)<\/strong><br \/>\nelias_moberg@outlook.com<br \/>\n076-836 63 47<\/p>\n<p><strong>Mimmi Westerlund<br \/>\nPolitisk sekreterare (KD)<\/strong><br \/>\nmimmi.westerlund@uppsala.se<br \/>\n018-727 13 25<\/p>\n","protected":false},"excerpt":{"rendered":"<p>Idag blev det k\u00e4nt att minoritetsstyret (S, L, MP) tr\u00e4ffat en \u00f6verenskommelse med Moderaterna ang\u00e5ende utbyggnaden i de syd\u00f6stra stadsdelarna. Syftet \u00e4r att f\u00e5 st\u00f6d f\u00f6r den kritiserade f\u00f6rdjupade \u00f6versiktsplanen, men Kristdemokraterna \u00e4r fortsatt kritiska och kommer inte att st\u00e4lla sig bakom planen. &#8211; Den h\u00e4r nyvunna \u00f6verenskommelsen f\u00f6r\u00e4ndrar tyv\u00e4rr inte den d\u00e5ligt utformande utbyggnaden <a class=\"read-more-link\" href=\"https:\/\/wp.kristdemokraterna.se\/uppsala\/pressmeddelande-olycklig-uppgorelse-om-sydostra-stadsdelarna\/\">Read More<\/a><\/p>\n","protected":false},"author":702,"featured_media":0,"comment_status":"closed","ping_status":"closed","sticky":false,"template":"","format":"standard","meta":{"_acf_changed":false,"footnotes":""},"categories":[232],"tags":[],"class_list":["post-3774","post","type-post","status-publish","format-standard","hentry","category-kollektivtrafik-o-stadsplanering"],"acf":[],"yoast_head":"<!-- This site is optimized with the Yoast SEO plugin v27.4 - https:\/\/yoast.com\/product\/yoast-seo-wordpress\/ -->\n<title>Olycklig uppg\u00f6relse om syd\u00f6stra stadsdelarna | Kristdemokraterna | Uppsala<\/title>\n<meta name=\"robots\" content=\"index, follow, max-snippet:-1, max-image-preview:large, max-video-preview:-1\" \/>\n<link rel=\"canonical\" href=\"https:\/\/wp.kristdemokraterna.se\/uppsala\/pressmeddelande-olycklig-uppgorelse-om-sydostra-stadsdelarna\/\" \/>\n<meta property=\"og:locale\" content=\"sv_SE\" \/>\n<meta property=\"og:type\" content=\"article\" \/>\n<meta property=\"og:title\" content=\"Olycklig uppg\u00f6relse om syd\u00f6stra stadsdelarna | Kristdemokraterna | Uppsala\" \/>\n<meta property=\"og:description\" content=\"Idag blev det k\u00e4nt att minoritetsstyret (S, L, MP) tr\u00e4ffat en \u00f6verenskommelse med Moderaterna ang\u00e5ende utbyggnaden i de syd\u00f6stra stadsdelarna. Syftet \u00e4r att f\u00e5 st\u00f6d f\u00f6r den kritiserade f\u00f6rdjupade \u00f6versiktsplanen, men Kristdemokraterna \u00e4r fortsatt kritiska och kommer inte att st\u00e4lla sig bakom planen. &#8211; Den h\u00e4r nyvunna \u00f6verenskommelsen f\u00f6r\u00e4ndrar tyv\u00e4rr inte den d\u00e5ligt utformande utbyggnaden Read More\" \/>\n<meta property=\"og:url\" content=\"https:\/\/wp.kristdemokraterna.se\/uppsala\/pressmeddelande-olycklig-uppgorelse-om-sydostra-stadsdelarna\/\" \/>\n<meta property=\"og:site_name\" content=\"Kristdemokraterna | Uppsala\" \/>\n<meta property=\"article:publisher\" content=\"https:\/\/www.facebook.com\/UppsalaKD\/\" \/>\n<meta property=\"article:published_time\" content=\"2021-01-07T10:45:13+00:00\" \/>\n<meta property=\"article:modified_time\" content=\"2024-04-03T22:11:48+00:00\" \/>\n<meta property=\"og:image\" content=\"http:\/\/wp.kristdemokraterna.se\/uppsala\/files\/2019\/10\/jonass-e1610016382428.png\" \/>\n\t<meta property=\"og:image:width\" content=\"789\" \/>\n\t<meta property=\"og:image:height\" content=\"398\" \/>\n\t<meta property=\"og:image:type\" content=\"image\/png\" \/>\n<meta name=\"author\" content=\"Mimmi Westerlund\" \/>\n<meta name=\"twitter:card\" content=\"summary_large_image\" \/>\n<meta name=\"twitter:label1\" content=\"Skriven av\" \/>\n\t<meta name=\"twitter:data1\" content=\"Mimmi Westerlund\" \/>\n\t<meta name=\"twitter:label2\" content=\"Ber\u00e4knad l\u00e4stid\" \/>\n\t<meta name=\"twitter:data2\" content=\"2 minuter\" \/>\n<script type=\"application\/ld+json\" class=\"yoast-schema-graph\">{\"@context\":\"https:\\\/\\\/schema.org\",\"@graph\":[{\"@type\":\"Article\",\"@id\":\"https:\\\/\\\/wp.kristdemokraterna.se\\\/uppsala\\\/pressmeddelande-olycklig-uppgorelse-om-sydostra-stadsdelarna\\\/#article\",\"isPartOf\":{\"@id\":\"https:\\\/\\\/wp.kristdemokraterna.se\\\/uppsala\\\/pressmeddelande-olycklig-uppgorelse-om-sydostra-stadsdelarna\\\/\"},\"author\":{\"name\":\"Mimmi Westerlund\",\"@id\":\"https:\\\/\\\/wp.kristdemokraterna.se\\\/uppsala\\\/#\\\/schema\\\/person\\\/038d805d685fb0ce5ad14ab8711d8e84\"},\"headline\":\"Olycklig uppg\u00f6relse om syd\u00f6stra stadsdelarna\",\"datePublished\":\"2021-01-07T10:45:13+00:00\",\"dateModified\":\"2024-04-03T22:11:48+00:00\",\"mainEntityOfPage\":{\"@id\":\"https:\\\/\\\/wp.kristdemokraterna.se\\\/uppsala\\\/pressmeddelande-olycklig-uppgorelse-om-sydostra-stadsdelarna\\\/\"},\"wordCount\":402,\"publisher\":{\"@id\":\"https:\\\/\\\/wp.kristdemokraterna.se\\\/uppsala\\\/#organization\"},\"articleSection\":[\"Kollektivtrafik &amp; Stadsplanering\"],\"inLanguage\":\"sv-SE\"},{\"@type\":\"WebPage\",\"@id\":\"https:\\\/\\\/wp.kristdemokraterna.se\\\/uppsala\\\/pressmeddelande-olycklig-uppgorelse-om-sydostra-stadsdelarna\\\/\",\"url\":\"https:\\\/\\\/wp.kristdemokraterna.se\\\/uppsala\\\/pressmeddelande-olycklig-uppgorelse-om-sydostra-stadsdelarna\\\/\",\"name\":\"Olycklig uppg\u00f6relse om syd\u00f6stra stadsdelarna | Kristdemokraterna | Uppsala\",\"isPartOf\":{\"@id\":\"https:\\\/\\\/wp.kristdemokraterna.se\\\/uppsala\\\/#website\"},\"datePublished\":\"2021-01-07T10:45:13+00:00\",\"dateModified\":\"2024-04-03T22:11:48+00:00\",\"breadcrumb\":{\"@id\":\"https:\\\/\\\/wp.kristdemokraterna.se\\\/uppsala\\\/pressmeddelande-olycklig-uppgorelse-om-sydostra-stadsdelarna\\\/#breadcrumb\"},\"inLanguage\":\"sv-SE\",\"potentialAction\":[{\"@type\":\"ReadAction\",\"target\":[\"https:\\\/\\\/wp.kristdemokraterna.se\\\/uppsala\\\/pressmeddelande-olycklig-uppgorelse-om-sydostra-stadsdelarna\\\/\"]}]},{\"@type\":\"BreadcrumbList\",\"@id\":\"https:\\\/\\\/wp.kristdemokraterna.se\\\/uppsala\\\/pressmeddelande-olycklig-uppgorelse-om-sydostra-stadsdelarna\\\/#breadcrumb\",\"itemListElement\":[{\"@type\":\"ListItem\",\"position\":1,\"name\":\"Hem\",\"item\":\"https:\\\/\\\/wp.kristdemokraterna.se\\\/uppsala\\\/\"},{\"@type\":\"ListItem\",\"position\":2,\"name\":\"Olycklig uppg\u00f6relse om syd\u00f6stra stadsdelarna\"}]},{\"@type\":\"WebSite\",\"@id\":\"https:\\\/\\\/wp.kristdemokraterna.se\\\/uppsala\\\/#website\",\"url\":\"https:\\\/\\\/wp.kristdemokraterna.se\\\/uppsala\\\/\",\"name\":\"Kristdemokraterna Uppsala\",\"description\":\"Tryggare Uppsala\",\"publisher\":{\"@id\":\"https:\\\/\\\/wp.kristdemokraterna.se\\\/uppsala\\\/#organization\"},\"inLanguage\":\"sv-SE\"},{\"@type\":\"Organization\",\"@id\":\"https:\\\/\\\/wp.kristdemokraterna.se\\\/uppsala\\\/#organization\",\"name\":\"Kristdemokraterna Uppsala\",\"url\":\"https:\\\/\\\/wp.kristdemokraterna.se\\\/uppsala\\\/\",\"logo\":{\"@type\":\"ImageObject\",\"inLanguage\":\"sv-SE\",\"@id\":\"https:\\\/\\\/wp.kristdemokraterna.se\\\/uppsala\\\/#\\\/schema\\\/logo\\\/image\\\/\",\"url\":\"https:\\\/\\\/wp.kristdemokraterna.se\\\/uppsala\\\/files\\\/2019\\\/10\\\/kd-uppsala.png\",\"contentUrl\":\"https:\\\/\\\/wp.kristdemokraterna.se\\\/uppsala\\\/files\\\/2019\\\/10\\\/kd-uppsala.png\",\"width\":804,\"height\":421,\"caption\":\"Kristdemokraterna Uppsala\"},\"image\":{\"@id\":\"https:\\\/\\\/wp.kristdemokraterna.se\\\/uppsala\\\/#\\\/schema\\\/logo\\\/image\\\/\"},\"sameAs\":[\"https:\\\/\\\/www.facebook.com\\\/UppsalaKD\\\/\",\"https:\\\/\\\/www.instagram.com\\\/uppsalakd\\\/\"]},{\"@type\":\"Person\",\"@id\":\"https:\\\/\\\/wp.kristdemokraterna.se\\\/uppsala\\\/#\\\/schema\\\/person\\\/038d805d685fb0ce5ad14ab8711d8e84\",\"name\":\"Mimmi Westerlund\",\"image\":{\"@type\":\"ImageObject\",\"inLanguage\":\"sv-SE\",\"@id\":\"https:\\\/\\\/secure.gravatar.com\\\/avatar\\\/a5697359f709b6b10d9c7e6a7c89f3e054554dedb4657d5ffe9e5bc5b1445841?s=96&r=g\",\"url\":\"https:\\\/\\\/secure.gravatar.com\\\/avatar\\\/a5697359f709b6b10d9c7e6a7c89f3e054554dedb4657d5ffe9e5bc5b1445841?s=96&r=g\",\"contentUrl\":\"https:\\\/\\\/secure.gravatar.com\\\/avatar\\\/a5697359f709b6b10d9c7e6a7c89f3e054554dedb4657d5ffe9e5bc5b1445841?s=96&r=g\",\"caption\":\"Mimmi Westerlund\"},\"url\":\"https:\\\/\\\/wp.kristdemokraterna.se\\\/uppsala\\\/author\\\/mimmi\\\/\"}]}<\/script>\n<!-- \/ Yoast SEO plugin. -->","yoast_head_json":{"title":"Olycklig uppg\u00f6relse om syd\u00f6stra stadsdelarna | Kristdemokraterna | Uppsala","robots":{"index":"index","follow":"follow","max-snippet":"max-snippet:-1","max-image-preview":"max-image-preview:large","max-video-preview":"max-video-preview:-1"},"canonical":"https:\/\/wp.kristdemokraterna.se\/uppsala\/pressmeddelande-olycklig-uppgorelse-om-sydostra-stadsdelarna\/","og_locale":"sv_SE","og_type":"article","og_title":"Olycklig uppg\u00f6relse om syd\u00f6stra stadsdelarna | Kristdemokraterna | Uppsala","og_description":"Idag blev det k\u00e4nt att minoritetsstyret (S, L, MP) tr\u00e4ffat en \u00f6verenskommelse med Moderaterna ang\u00e5ende utbyggnaden i de syd\u00f6stra stadsdelarna. Syftet \u00e4r att f\u00e5 st\u00f6d f\u00f6r den kritiserade f\u00f6rdjupade \u00f6versiktsplanen, men Kristdemokraterna \u00e4r fortsatt kritiska och kommer inte att st\u00e4lla sig bakom planen. &#8211; Den h\u00e4r nyvunna \u00f6verenskommelsen f\u00f6r\u00e4ndrar tyv\u00e4rr inte den d\u00e5ligt utformande utbyggnaden Read More","og_url":"https:\/\/wp.kristdemokraterna.se\/uppsala\/pressmeddelande-olycklig-uppgorelse-om-sydostra-stadsdelarna\/","og_site_name":"Kristdemokraterna | Uppsala","article_publisher":"https:\/\/www.facebook.com\/UppsalaKD\/","article_published_time":"2021-01-07T10:45:13+00:00","article_modified_time":"2024-04-03T22:11:48+00:00","og_image":[{"width":789,"height":398,"url":"http:\/\/wp.kristdemokraterna.se\/uppsala\/files\/2019\/10\/jonass-e1610016382428.png","type":"image\/png"}],"author":"Mimmi Westerlund","twitter_card":"summary_large_image","twitter_misc":{"Skriven av":"Mimmi Westerlund","Ber\u00e4knad l\u00e4stid":"2 minuter"},"schema":{"@context":"https:\/\/schema.org","@graph":[{"@type":"Article","@id":"https:\/\/wp.kristdemokraterna.se\/uppsala\/pressmeddelande-olycklig-uppgorelse-om-sydostra-stadsdelarna\/#article","isPartOf":{"@id":"https:\/\/wp.kristdemokraterna.se\/uppsala\/pressmeddelande-olycklig-uppgorelse-om-sydostra-stadsdelarna\/"},"author":{"name":"Mimmi Westerlund","@id":"https:\/\/wp.kristdemokraterna.se\/uppsala\/#\/schema\/person\/038d805d685fb0ce5ad14ab8711d8e84"},"headline":"Olycklig uppg\u00f6relse om syd\u00f6stra stadsdelarna","datePublished":"2021-01-07T10:45:13+00:00","dateModified":"2024-04-03T22:11:48+00:00","mainEntityOfPage":{"@id":"https:\/\/wp.kristdemokraterna.se\/uppsala\/pressmeddelande-olycklig-uppgorelse-om-sydostra-stadsdelarna\/"},"wordCount":402,"publisher":{"@id":"https:\/\/wp.kristdemokraterna.se\/uppsala\/#organization"},"articleSection":["Kollektivtrafik &amp; Stadsplanering"],"inLanguage":"sv-SE"},{"@type":"WebPage","@id":"https:\/\/wp.kristdemokraterna.se\/uppsala\/pressmeddelande-olycklig-uppgorelse-om-sydostra-stadsdelarna\/","url":"https:\/\/wp.kristdemokraterna.se\/uppsala\/pressmeddelande-olycklig-uppgorelse-om-sydostra-stadsdelarna\/","name":"Olycklig uppg\u00f6relse om syd\u00f6stra stadsdelarna | Kristdemokraterna | Uppsala","isPartOf":{"@id":"https:\/\/wp.kristdemokraterna.se\/uppsala\/#website"},"datePublished":"2021-01-07T10:45:13+00:00","dateModified":"2024-04-03T22:11:48+00:00","breadcrumb":{"@id":"https:\/\/wp.kristdemokraterna.se\/uppsala\/pressmeddelande-olycklig-uppgorelse-om-sydostra-stadsdelarna\/#breadcrumb"},"inLanguage":"sv-SE","potentialAction":[{"@type":"ReadAction","target":["https:\/\/wp.kristdemokraterna.se\/uppsala\/pressmeddelande-olycklig-uppgorelse-om-sydostra-stadsdelarna\/"]}]},{"@type":"BreadcrumbList","@id":"https:\/\/wp.kristdemokraterna.se\/uppsala\/pressmeddelande-olycklig-uppgorelse-om-sydostra-stadsdelarna\/#breadcrumb","itemListElement":[{"@type":"ListItem","position":1,"name":"Hem","item":"https:\/\/wp.kristdemokraterna.se\/uppsala\/"},{"@type":"ListItem","position":2,"name":"Olycklig uppg\u00f6relse om syd\u00f6stra stadsdelarna"}]},{"@type":"WebSite","@id":"https:\/\/wp.kristdemokraterna.se\/uppsala\/#website","url":"https:\/\/wp.kristdemokraterna.se\/uppsala\/","name":"Kristdemokraterna Uppsala","description":"Tryggare Uppsala","publisher":{"@id":"https:\/\/wp.kristdemokraterna.se\/uppsala\/#organization"},"inLanguage":"sv-SE"},{"@type":"Organization","@id":"https:\/\/wp.kristdemokraterna.se\/uppsala\/#organization","name":"Kristdemokraterna Uppsala","url":"https:\/\/wp.kristdemokraterna.se\/uppsala\/","logo":{"@type":"ImageObject","inLanguage":"sv-SE","@id":"https:\/\/wp.kristdemokraterna.se\/uppsala\/#\/schema\/logo\/image\/","url":"https:\/\/wp.kristdemokraterna.se\/uppsala\/files\/2019\/10\/kd-uppsala.png","contentUrl":"https:\/\/wp.kristdemokraterna.se\/uppsala\/files\/2019\/10\/kd-uppsala.png","width":804,"height":421,"caption":"Kristdemokraterna Uppsala"},"image":{"@id":"https:\/\/wp.kristdemokraterna.se\/uppsala\/#\/schema\/logo\/image\/"},"sameAs":["https:\/\/www.facebook.com\/UppsalaKD\/","https:\/\/www.instagram.com\/uppsalakd\/"]},{"@type":"Person","@id":"https:\/\/wp.kristdemokraterna.se\/uppsala\/#\/schema\/person\/038d805d685fb0ce5ad14ab8711d8e84","name":"Mimmi Westerlund","image":{"@type":"ImageObject","inLanguage":"sv-SE","@id":"https:\/\/secure.gravatar.com\/avatar\/a5697359f709b6b10d9c7e6a7c89f3e054554dedb4657d5ffe9e5bc5b1445841?s=96&r=g","url":"https:\/\/secure.gravatar.com\/avatar\/a5697359f709b6b10d9c7e6a7c89f3e054554dedb4657d5ffe9e5bc5b1445841?s=96&r=g","contentUrl":"https:\/\/secure.gravatar.com\/avatar\/a5697359f709b6b10d9c7e6a7c89f3e054554dedb4657d5ffe9e5bc5b1445841?s=96&r=g","caption":"Mimmi Westerlund"},"url":"https:\/\/wp.kristdemokraterna.se\/uppsala\/author\/mimmi\/"}]}},"_links":{"self":[{"href":"https:\/\/wp.kristdemokraterna.se\/uppsala\/wp-json\/wp\/v2\/posts\/3774","targetHints":{"allow":["GET"]}}],"collection":[{"href":"https:\/\/wp.kristdemokraterna.se\/uppsala\/wp-json\/wp\/v2\/posts"}],"about":[{"href":"https:\/\/wp.kristdemokraterna.se\/uppsala\/wp-json\/wp\/v2\/types\/post"}],"author":[{"embeddable":true,"href":"https:\/\/wp.kristdemokraterna.se\/uppsala\/wp-json\/wp\/v2\/users\/702"}],"replies":[{"embeddable":true,"href":"https:\/\/wp.kristdemokraterna.se\/uppsala\/wp-json\/wp\/v2\/comments?post=3774"}],"version-history":[{"count":5,"href":"https:\/\/wp.kristdemokraterna.se\/uppsala\/wp-json\/wp\/v2\/posts\/3774\/revisions"}],"predecessor-version":[{"id":3779,"href":"https:\/\/wp.kristdemokraterna.se\/uppsala\/wp-json\/wp\/v2\/posts\/3774\/revisions\/3779"}],"wp:attachment":[{"href":"https:\/\/wp.kristdemokraterna.se\/uppsala\/wp-json\/wp\/v2\/media?parent=3774"}],"wp:term":[{"taxonomy":"category","embeddable":true,"href":"https:\/\/wp.kristdemokraterna.se\/uppsala\/wp-json\/wp\/v2\/categories?post=3774"},{"taxonomy":"post_tag","embeddable":true,"href":"https:\/\/wp.kristdemokraterna.se\/uppsala\/wp-json\/wp\/v2\/tags?post=3774"}],"curies":[{"name":"wp","href":"https:\/\/api.w.org\/{rel}","templated":true}]}}