{"id":3797,"date":"2021-02-09T15:34:49","date_gmt":"2021-02-09T14:34:49","guid":{"rendered":"http:\/\/wp.kristdemokraterna.se\/uppsala\/?p=3797"},"modified":"2021-02-09T15:34:49","modified_gmt":"2021-02-09T14:34:49","slug":"stoppa-byggplanerna-i-sydostra-stadsdelarna","status":"publish","type":"post","link":"https:\/\/wp.kristdemokraterna.se\/uppsala\/stoppa-byggplanerna-i-sydostra-stadsdelarna\/","title":{"rendered":"Stoppa byggplanerna i Syd\u00f6stra stadsdelarna"},"content":{"rendered":"<div class=\"kvgmc6g5 cxmmr5t8 oygrvhab hcukyx3x c1et5uql ii04i59q\">\n<h4>Det s\u00e5 kallade &#8221;Uppsalapaketet&#8221; med utbyggd j\u00e4rnv\u00e4g kommer med ett h\u00f6gt pris &#8211; i N\u00e5ntuna, S\u00e4vja, Bergsbrunna och Vilan vill staten att vi ska bygga hela 21.500 nya bost\u00e4der. Vi kristdemokrater tycker att de planerna \u00e4r riktigt d\u00e5liga.<\/h4>\n<\/div>\n<div class=\"o9v6fnle cxmmr5t8 oygrvhab hcukyx3x c1et5uql ii04i59q\">\n<div dir=\"auto\">\n<p>Det \u00e4r orimligt att bygga fler bost\u00e4der i en enda stadsdel \u00e4n man gjorde i hela Uppsala kommun under miljonprogramseran p\u00e5 60-, 70-, och 80-talen. I st\u00e4llet anser vi att man ska bygga ut i en m\u00e4nsklig skala, med s\u00e4rskild h\u00e4nsyn till att vi \u00e4r landets st\u00f6rsta landsbygdskommun.<\/p>\n<p>Statens och styrets vision om en t\u00e4tt byggd stad utan bilar och gr\u00f6nomr\u00e5den, och med tekniska l\u00f6sningar som inte ens existerar idag, tycker vi h\u00f6r hemma i papperskorgen.<\/p>\n<\/div>\n<\/div>\n<div class=\"o9v6fnle cxmmr5t8 oygrvhab hcukyx3x c1et5uql ii04i59q\">\n<div dir=\"auto\"><strong>Vi jobbar ist\u00e4llet f\u00f6r att:<\/strong><\/div>\n<div dir=\"auto\"><span class=\"pq6dq46d tbxw36s4 knj5qynh kvgmc6g5 ditlmg2l oygrvhab nvdbi5me sf5mxxl7 gl3lb2sf hhz5lgdu\"><img loading=\"lazy\" decoding=\"async\" src=\"https:\/\/static.xx.fbcdn.net\/images\/emoji.php\/v9\/td4\/2\/16\/2716.png\" alt=\"\u2716\ufe0f\" width=\"16\" height=\"16\" \/><\/span>Bevara pulkabackarna och gr\u00f6nytorna<\/div>\n<div dir=\"auto\"><span class=\"pq6dq46d tbxw36s4 knj5qynh kvgmc6g5 ditlmg2l oygrvhab nvdbi5me sf5mxxl7 gl3lb2sf hhz5lgdu\"><img loading=\"lazy\" decoding=\"async\" src=\"https:\/\/static.xx.fbcdn.net\/images\/emoji.php\/v9\/td4\/2\/16\/2716.png\" alt=\"\u2716\ufe0f\" width=\"16\" height=\"16\" \/><\/span>Bygga en st\u00f6rre andel sm\u00e5hus i tr\u00e4<\/div>\n<div dir=\"auto\"><span class=\"pq6dq46d tbxw36s4 knj5qynh kvgmc6g5 ditlmg2l oygrvhab nvdbi5me sf5mxxl7 gl3lb2sf hhz5lgdu\"><img loading=\"lazy\" decoding=\"async\" src=\"https:\/\/static.xx.fbcdn.net\/images\/emoji.php\/v9\/td4\/2\/16\/2716.png\" alt=\"\u2716\ufe0f\" width=\"16\" height=\"16\" \/><\/span>Sprida ut bebyggelsen mot &#8221;Nysala&#8221;<\/div>\n<div dir=\"auto\">\n<p><span class=\"pq6dq46d tbxw36s4 knj5qynh kvgmc6g5 ditlmg2l oygrvhab nvdbi5me sf5mxxl7 gl3lb2sf hhz5lgdu\"><img loading=\"lazy\" decoding=\"async\" src=\"https:\/\/static.xx.fbcdn.net\/images\/emoji.php\/v9\/td4\/2\/16\/2716.png\" alt=\"\u2716\ufe0f\" width=\"16\" height=\"16\" \/><\/span>Respektera de boendens synpunkter om mer varsam byggtakt<\/p>\n<\/div>\n<\/div>\n<div class=\"o9v6fnle cxmmr5t8 oygrvhab hcukyx3x c1et5uql ii04i59q\">\n<div dir=\"auto\">G\u00e5 med i KD och bilda opinion du ocks\u00e5.<br \/>\nKD.nu\/blimedlem<\/div>\n<\/div>\n","protected":false},"excerpt":{"rendered":"<p>Det s\u00e5 kallade &#8221;Uppsalapaketet&#8221; med utbyggd j\u00e4rnv\u00e4g kommer med ett h\u00f6gt pris &#8211; i N\u00e5ntuna, S\u00e4vja, Bergsbrunna och Vilan vill staten att vi ska bygga hela 21.500 nya bost\u00e4der. Vi kristdemokrater tycker att de planerna \u00e4r riktigt d\u00e5liga. Det \u00e4r orimligt att bygga fler bost\u00e4der i en enda stadsdel \u00e4n man gjorde i hela Uppsala <a class=\"read-more-link\" href=\"https:\/\/wp.kristdemokraterna.se\/uppsala\/stoppa-byggplanerna-i-sydostra-stadsdelarna\/\">Read More<\/a><\/p>\n","protected":false},"author":702,"featured_media":0,"comment_status":"closed","ping_status":"closed","sticky":false,"template":"","format":"standard","meta":{"_acf_changed":false,"footnotes":""},"categories":[232],"tags":[],"class_list":["post-3797","post","type-post","status-publish","format-standard","hentry","category-kollektivtrafik-o-stadsplanering"],"acf":[],"yoast_head":"<!-- This site is optimized with the Yoast SEO plugin v27.4 - https:\/\/yoast.com\/product\/yoast-seo-wordpress\/ -->\n<title>Stoppa byggplanerna i Syd\u00f6stra stadsdelarna | Kristdemokraterna | Uppsala<\/title>\n<meta name=\"robots\" content=\"index, follow, max-snippet:-1, max-image-preview:large, max-video-preview:-1\" \/>\n<link rel=\"canonical\" href=\"https:\/\/wp.kristdemokraterna.se\/uppsala\/stoppa-byggplanerna-i-sydostra-stadsdelarna\/\" \/>\n<meta property=\"og:locale\" content=\"sv_SE\" \/>\n<meta property=\"og:type\" content=\"article\" \/>\n<meta property=\"og:title\" content=\"Stoppa byggplanerna i Syd\u00f6stra stadsdelarna | Kristdemokraterna | Uppsala\" \/>\n<meta property=\"og:description\" content=\"Det s\u00e5 kallade &#8221;Uppsalapaketet&#8221; med utbyggd j\u00e4rnv\u00e4g kommer med ett h\u00f6gt pris &#8211; i N\u00e5ntuna, S\u00e4vja, Bergsbrunna och Vilan vill staten att vi ska bygga hela 21.500 nya bost\u00e4der. Vi kristdemokrater tycker att de planerna \u00e4r riktigt d\u00e5liga. Det \u00e4r orimligt att bygga fler bost\u00e4der i en enda stadsdel \u00e4n man gjorde i hela Uppsala Read More\" \/>\n<meta property=\"og:url\" content=\"https:\/\/wp.kristdemokraterna.se\/uppsala\/stoppa-byggplanerna-i-sydostra-stadsdelarna\/\" \/>\n<meta property=\"og:site_name\" content=\"Kristdemokraterna | Uppsala\" \/>\n<meta property=\"article:publisher\" content=\"https:\/\/www.facebook.com\/UppsalaKD\/\" \/>\n<meta property=\"article:published_time\" content=\"2021-02-09T14:34:49+00:00\" \/>\n<meta property=\"og:image\" content=\"https:\/\/static.xx.fbcdn.net\/images\/emoji.php\/v9\/td4\/2\/16\/2716.png\" \/>\n<meta name=\"author\" content=\"Mimmi Westerlund\" \/>\n<meta name=\"twitter:card\" content=\"summary_large_image\" \/>\n<meta name=\"twitter:label1\" content=\"Skriven av\" \/>\n\t<meta name=\"twitter:data1\" content=\"Mimmi Westerlund\" \/>\n\t<meta name=\"twitter:label2\" content=\"Ber\u00e4knad l\u00e4stid\" \/>\n\t<meta name=\"twitter:data2\" content=\"2 minuter\" \/>\n<script type=\"application\/ld+json\" class=\"yoast-schema-graph\">{\"@context\":\"https:\\\/\\\/schema.org\",\"@graph\":[{\"@type\":\"Article\",\"@id\":\"https:\\\/\\\/wp.kristdemokraterna.se\\\/uppsala\\\/stoppa-byggplanerna-i-sydostra-stadsdelarna\\\/#article\",\"isPartOf\":{\"@id\":\"https:\\\/\\\/wp.kristdemokraterna.se\\\/uppsala\\\/stoppa-byggplanerna-i-sydostra-stadsdelarna\\\/\"},\"author\":{\"name\":\"Mimmi Westerlund\",\"@id\":\"https:\\\/\\\/wp.kristdemokraterna.se\\\/uppsala\\\/#\\\/schema\\\/person\\\/038d805d685fb0ce5ad14ab8711d8e84\"},\"headline\":\"Stoppa byggplanerna i Syd\u00f6stra stadsdelarna\",\"datePublished\":\"2021-02-09T14:34:49+00:00\",\"mainEntityOfPage\":{\"@id\":\"https:\\\/\\\/wp.kristdemokraterna.se\\\/uppsala\\\/stoppa-byggplanerna-i-sydostra-stadsdelarna\\\/\"},\"wordCount\":183,\"publisher\":{\"@id\":\"https:\\\/\\\/wp.kristdemokraterna.se\\\/uppsala\\\/#organization\"},\"image\":{\"@id\":\"https:\\\/\\\/wp.kristdemokraterna.se\\\/uppsala\\\/stoppa-byggplanerna-i-sydostra-stadsdelarna\\\/#primaryimage\"},\"thumbnailUrl\":\"https:\\\/\\\/static.xx.fbcdn.net\\\/images\\\/emoji.php\\\/v9\\\/td4\\\/2\\\/16\\\/2716.png\",\"articleSection\":[\"Kollektivtrafik &amp; Stadsplanering\"],\"inLanguage\":\"sv-SE\"},{\"@type\":\"WebPage\",\"@id\":\"https:\\\/\\\/wp.kristdemokraterna.se\\\/uppsala\\\/stoppa-byggplanerna-i-sydostra-stadsdelarna\\\/\",\"url\":\"https:\\\/\\\/wp.kristdemokraterna.se\\\/uppsala\\\/stoppa-byggplanerna-i-sydostra-stadsdelarna\\\/\",\"name\":\"Stoppa byggplanerna i Syd\u00f6stra stadsdelarna | Kristdemokraterna | Uppsala\",\"isPartOf\":{\"@id\":\"https:\\\/\\\/wp.kristdemokraterna.se\\\/uppsala\\\/#website\"},\"primaryImageOfPage\":{\"@id\":\"https:\\\/\\\/wp.kristdemokraterna.se\\\/uppsala\\\/stoppa-byggplanerna-i-sydostra-stadsdelarna\\\/#primaryimage\"},\"image\":{\"@id\":\"https:\\\/\\\/wp.kristdemokraterna.se\\\/uppsala\\\/stoppa-byggplanerna-i-sydostra-stadsdelarna\\\/#primaryimage\"},\"thumbnailUrl\":\"https:\\\/\\\/static.xx.fbcdn.net\\\/images\\\/emoji.php\\\/v9\\\/td4\\\/2\\\/16\\\/2716.png\",\"datePublished\":\"2021-02-09T14:34:49+00:00\",\"breadcrumb\":{\"@id\":\"https:\\\/\\\/wp.kristdemokraterna.se\\\/uppsala\\\/stoppa-byggplanerna-i-sydostra-stadsdelarna\\\/#breadcrumb\"},\"inLanguage\":\"sv-SE\",\"potentialAction\":[{\"@type\":\"ReadAction\",\"target\":[\"https:\\\/\\\/wp.kristdemokraterna.se\\\/uppsala\\\/stoppa-byggplanerna-i-sydostra-stadsdelarna\\\/\"]}]},{\"@type\":\"ImageObject\",\"inLanguage\":\"sv-SE\",\"@id\":\"https:\\\/\\\/wp.kristdemokraterna.se\\\/uppsala\\\/stoppa-byggplanerna-i-sydostra-stadsdelarna\\\/#primaryimage\",\"url\":\"https:\\\/\\\/static.xx.fbcdn.net\\\/images\\\/emoji.php\\\/v9\\\/td4\\\/2\\\/16\\\/2716.png\",\"contentUrl\":\"https:\\\/\\\/static.xx.fbcdn.net\\\/images\\\/emoji.php\\\/v9\\\/td4\\\/2\\\/16\\\/2716.png\"},{\"@type\":\"BreadcrumbList\",\"@id\":\"https:\\\/\\\/wp.kristdemokraterna.se\\\/uppsala\\\/stoppa-byggplanerna-i-sydostra-stadsdelarna\\\/#breadcrumb\",\"itemListElement\":[{\"@type\":\"ListItem\",\"position\":1,\"name\":\"Hem\",\"item\":\"https:\\\/\\\/wp.kristdemokraterna.se\\\/uppsala\\\/\"},{\"@type\":\"ListItem\",\"position\":2,\"name\":\"Stoppa byggplanerna i Syd\u00f6stra stadsdelarna\"}]},{\"@type\":\"WebSite\",\"@id\":\"https:\\\/\\\/wp.kristdemokraterna.se\\\/uppsala\\\/#website\",\"url\":\"https:\\\/\\\/wp.kristdemokraterna.se\\\/uppsala\\\/\",\"name\":\"Kristdemokraterna Uppsala\",\"description\":\"Tryggare Uppsala\",\"publisher\":{\"@id\":\"https:\\\/\\\/wp.kristdemokraterna.se\\\/uppsala\\\/#organization\"},\"inLanguage\":\"sv-SE\"},{\"@type\":\"Organization\",\"@id\":\"https:\\\/\\\/wp.kristdemokraterna.se\\\/uppsala\\\/#organization\",\"name\":\"Kristdemokraterna Uppsala\",\"url\":\"https:\\\/\\\/wp.kristdemokraterna.se\\\/uppsala\\\/\",\"logo\":{\"@type\":\"ImageObject\",\"inLanguage\":\"sv-SE\",\"@id\":\"https:\\\/\\\/wp.kristdemokraterna.se\\\/uppsala\\\/#\\\/schema\\\/logo\\\/image\\\/\",\"url\":\"https:\\\/\\\/wp.kristdemokraterna.se\\\/uppsala\\\/files\\\/2019\\\/10\\\/kd-uppsala.png\",\"contentUrl\":\"https:\\\/\\\/wp.kristdemokraterna.se\\\/uppsala\\\/files\\\/2019\\\/10\\\/kd-uppsala.png\",\"width\":804,\"height\":421,\"caption\":\"Kristdemokraterna Uppsala\"},\"image\":{\"@id\":\"https:\\\/\\\/wp.kristdemokraterna.se\\\/uppsala\\\/#\\\/schema\\\/logo\\\/image\\\/\"},\"sameAs\":[\"https:\\\/\\\/www.facebook.com\\\/UppsalaKD\\\/\",\"https:\\\/\\\/www.instagram.com\\\/uppsalakd\\\/\"]},{\"@type\":\"Person\",\"@id\":\"https:\\\/\\\/wp.kristdemokraterna.se\\\/uppsala\\\/#\\\/schema\\\/person\\\/038d805d685fb0ce5ad14ab8711d8e84\",\"name\":\"Mimmi Westerlund\",\"image\":{\"@type\":\"ImageObject\",\"inLanguage\":\"sv-SE\",\"@id\":\"https:\\\/\\\/secure.gravatar.com\\\/avatar\\\/a5697359f709b6b10d9c7e6a7c89f3e054554dedb4657d5ffe9e5bc5b1445841?s=96&r=g\",\"url\":\"https:\\\/\\\/secure.gravatar.com\\\/avatar\\\/a5697359f709b6b10d9c7e6a7c89f3e054554dedb4657d5ffe9e5bc5b1445841?s=96&r=g\",\"contentUrl\":\"https:\\\/\\\/secure.gravatar.com\\\/avatar\\\/a5697359f709b6b10d9c7e6a7c89f3e054554dedb4657d5ffe9e5bc5b1445841?s=96&r=g\",\"caption\":\"Mimmi Westerlund\"},\"url\":\"https:\\\/\\\/wp.kristdemokraterna.se\\\/uppsala\\\/author\\\/mimmi\\\/\"}]}<\/script>\n<!-- \/ Yoast SEO plugin. -->","yoast_head_json":{"title":"Stoppa byggplanerna i Syd\u00f6stra stadsdelarna | Kristdemokraterna | Uppsala","robots":{"index":"index","follow":"follow","max-snippet":"max-snippet:-1","max-image-preview":"max-image-preview:large","max-video-preview":"max-video-preview:-1"},"canonical":"https:\/\/wp.kristdemokraterna.se\/uppsala\/stoppa-byggplanerna-i-sydostra-stadsdelarna\/","og_locale":"sv_SE","og_type":"article","og_title":"Stoppa byggplanerna i Syd\u00f6stra stadsdelarna | Kristdemokraterna | Uppsala","og_description":"Det s\u00e5 kallade &#8221;Uppsalapaketet&#8221; med utbyggd j\u00e4rnv\u00e4g kommer med ett h\u00f6gt pris &#8211; i N\u00e5ntuna, S\u00e4vja, Bergsbrunna och Vilan vill staten att vi ska bygga hela 21.500 nya bost\u00e4der. Vi kristdemokrater tycker att de planerna \u00e4r riktigt d\u00e5liga. Det \u00e4r orimligt att bygga fler bost\u00e4der i en enda stadsdel \u00e4n man gjorde i hela Uppsala Read More","og_url":"https:\/\/wp.kristdemokraterna.se\/uppsala\/stoppa-byggplanerna-i-sydostra-stadsdelarna\/","og_site_name":"Kristdemokraterna | Uppsala","article_publisher":"https:\/\/www.facebook.com\/UppsalaKD\/","article_published_time":"2021-02-09T14:34:49+00:00","og_image":[{"url":"https:\/\/static.xx.fbcdn.net\/images\/emoji.php\/v9\/td4\/2\/16\/2716.png","type":"","width":"","height":""}],"author":"Mimmi Westerlund","twitter_card":"summary_large_image","twitter_misc":{"Skriven av":"Mimmi Westerlund","Ber\u00e4knad l\u00e4stid":"2 minuter"},"schema":{"@context":"https:\/\/schema.org","@graph":[{"@type":"Article","@id":"https:\/\/wp.kristdemokraterna.se\/uppsala\/stoppa-byggplanerna-i-sydostra-stadsdelarna\/#article","isPartOf":{"@id":"https:\/\/wp.kristdemokraterna.se\/uppsala\/stoppa-byggplanerna-i-sydostra-stadsdelarna\/"},"author":{"name":"Mimmi Westerlund","@id":"https:\/\/wp.kristdemokraterna.se\/uppsala\/#\/schema\/person\/038d805d685fb0ce5ad14ab8711d8e84"},"headline":"Stoppa byggplanerna i Syd\u00f6stra stadsdelarna","datePublished":"2021-02-09T14:34:49+00:00","mainEntityOfPage":{"@id":"https:\/\/wp.kristdemokraterna.se\/uppsala\/stoppa-byggplanerna-i-sydostra-stadsdelarna\/"},"wordCount":183,"publisher":{"@id":"https:\/\/wp.kristdemokraterna.se\/uppsala\/#organization"},"image":{"@id":"https:\/\/wp.kristdemokraterna.se\/uppsala\/stoppa-byggplanerna-i-sydostra-stadsdelarna\/#primaryimage"},"thumbnailUrl":"https:\/\/static.xx.fbcdn.net\/images\/emoji.php\/v9\/td4\/2\/16\/2716.png","articleSection":["Kollektivtrafik &amp; Stadsplanering"],"inLanguage":"sv-SE"},{"@type":"WebPage","@id":"https:\/\/wp.kristdemokraterna.se\/uppsala\/stoppa-byggplanerna-i-sydostra-stadsdelarna\/","url":"https:\/\/wp.kristdemokraterna.se\/uppsala\/stoppa-byggplanerna-i-sydostra-stadsdelarna\/","name":"Stoppa byggplanerna i Syd\u00f6stra stadsdelarna | Kristdemokraterna | Uppsala","isPartOf":{"@id":"https:\/\/wp.kristdemokraterna.se\/uppsala\/#website"},"primaryImageOfPage":{"@id":"https:\/\/wp.kristdemokraterna.se\/uppsala\/stoppa-byggplanerna-i-sydostra-stadsdelarna\/#primaryimage"},"image":{"@id":"https:\/\/wp.kristdemokraterna.se\/uppsala\/stoppa-byggplanerna-i-sydostra-stadsdelarna\/#primaryimage"},"thumbnailUrl":"https:\/\/static.xx.fbcdn.net\/images\/emoji.php\/v9\/td4\/2\/16\/2716.png","datePublished":"2021-02-09T14:34:49+00:00","breadcrumb":{"@id":"https:\/\/wp.kristdemokraterna.se\/uppsala\/stoppa-byggplanerna-i-sydostra-stadsdelarna\/#breadcrumb"},"inLanguage":"sv-SE","potentialAction":[{"@type":"ReadAction","target":["https:\/\/wp.kristdemokraterna.se\/uppsala\/stoppa-byggplanerna-i-sydostra-stadsdelarna\/"]}]},{"@type":"ImageObject","inLanguage":"sv-SE","@id":"https:\/\/wp.kristdemokraterna.se\/uppsala\/stoppa-byggplanerna-i-sydostra-stadsdelarna\/#primaryimage","url":"https:\/\/static.xx.fbcdn.net\/images\/emoji.php\/v9\/td4\/2\/16\/2716.png","contentUrl":"https:\/\/static.xx.fbcdn.net\/images\/emoji.php\/v9\/td4\/2\/16\/2716.png"},{"@type":"BreadcrumbList","@id":"https:\/\/wp.kristdemokraterna.se\/uppsala\/stoppa-byggplanerna-i-sydostra-stadsdelarna\/#breadcrumb","itemListElement":[{"@type":"ListItem","position":1,"name":"Hem","item":"https:\/\/wp.kristdemokraterna.se\/uppsala\/"},{"@type":"ListItem","position":2,"name":"Stoppa byggplanerna i Syd\u00f6stra stadsdelarna"}]},{"@type":"WebSite","@id":"https:\/\/wp.kristdemokraterna.se\/uppsala\/#website","url":"https:\/\/wp.kristdemokraterna.se\/uppsala\/","name":"Kristdemokraterna Uppsala","description":"Tryggare Uppsala","publisher":{"@id":"https:\/\/wp.kristdemokraterna.se\/uppsala\/#organization"},"inLanguage":"sv-SE"},{"@type":"Organization","@id":"https:\/\/wp.kristdemokraterna.se\/uppsala\/#organization","name":"Kristdemokraterna Uppsala","url":"https:\/\/wp.kristdemokraterna.se\/uppsala\/","logo":{"@type":"ImageObject","inLanguage":"sv-SE","@id":"https:\/\/wp.kristdemokraterna.se\/uppsala\/#\/schema\/logo\/image\/","url":"https:\/\/wp.kristdemokraterna.se\/uppsala\/files\/2019\/10\/kd-uppsala.png","contentUrl":"https:\/\/wp.kristdemokraterna.se\/uppsala\/files\/2019\/10\/kd-uppsala.png","width":804,"height":421,"caption":"Kristdemokraterna Uppsala"},"image":{"@id":"https:\/\/wp.kristdemokraterna.se\/uppsala\/#\/schema\/logo\/image\/"},"sameAs":["https:\/\/www.facebook.com\/UppsalaKD\/","https:\/\/www.instagram.com\/uppsalakd\/"]},{"@type":"Person","@id":"https:\/\/wp.kristdemokraterna.se\/uppsala\/#\/schema\/person\/038d805d685fb0ce5ad14ab8711d8e84","name":"Mimmi Westerlund","image":{"@type":"ImageObject","inLanguage":"sv-SE","@id":"https:\/\/secure.gravatar.com\/avatar\/a5697359f709b6b10d9c7e6a7c89f3e054554dedb4657d5ffe9e5bc5b1445841?s=96&r=g","url":"https:\/\/secure.gravatar.com\/avatar\/a5697359f709b6b10d9c7e6a7c89f3e054554dedb4657d5ffe9e5bc5b1445841?s=96&r=g","contentUrl":"https:\/\/secure.gravatar.com\/avatar\/a5697359f709b6b10d9c7e6a7c89f3e054554dedb4657d5ffe9e5bc5b1445841?s=96&r=g","caption":"Mimmi Westerlund"},"url":"https:\/\/wp.kristdemokraterna.se\/uppsala\/author\/mimmi\/"}]}},"_links":{"self":[{"href":"https:\/\/wp.kristdemokraterna.se\/uppsala\/wp-json\/wp\/v2\/posts\/3797","targetHints":{"allow":["GET"]}}],"collection":[{"href":"https:\/\/wp.kristdemokraterna.se\/uppsala\/wp-json\/wp\/v2\/posts"}],"about":[{"href":"https:\/\/wp.kristdemokraterna.se\/uppsala\/wp-json\/wp\/v2\/types\/post"}],"author":[{"embeddable":true,"href":"https:\/\/wp.kristdemokraterna.se\/uppsala\/wp-json\/wp\/v2\/users\/702"}],"replies":[{"embeddable":true,"href":"https:\/\/wp.kristdemokraterna.se\/uppsala\/wp-json\/wp\/v2\/comments?post=3797"}],"version-history":[{"count":2,"href":"https:\/\/wp.kristdemokraterna.se\/uppsala\/wp-json\/wp\/v2\/posts\/3797\/revisions"}],"predecessor-version":[{"id":3805,"href":"https:\/\/wp.kristdemokraterna.se\/uppsala\/wp-json\/wp\/v2\/posts\/3797\/revisions\/3805"}],"wp:attachment":[{"href":"https:\/\/wp.kristdemokraterna.se\/uppsala\/wp-json\/wp\/v2\/media?parent=3797"}],"wp:term":[{"taxonomy":"category","embeddable":true,"href":"https:\/\/wp.kristdemokraterna.se\/uppsala\/wp-json\/wp\/v2\/categories?post=3797"},{"taxonomy":"post_tag","embeddable":true,"href":"https:\/\/wp.kristdemokraterna.se\/uppsala\/wp-json\/wp\/v2\/tags?post=3797"}],"curies":[{"name":"wp","href":"https:\/\/api.w.org\/{rel}","templated":true}]}}