{"id":3801,"date":"2020-12-04T15:30:17","date_gmt":"2020-12-04T14:30:17","guid":{"rendered":"http:\/\/wp.kristdemokraterna.se\/uppsala\/?p=3801"},"modified":"2021-02-09T15:33:00","modified_gmt":"2021-02-09T14:33:00","slug":"webbinarium-om-problemen-med-planerna-for-sydostra-stadsdelarna","status":"publish","type":"post","link":"https:\/\/wp.kristdemokraterna.se\/uppsala\/webbinarium-om-problemen-med-planerna-for-sydostra-stadsdelarna\/","title":{"rendered":"Webbinarium om problemen med planerna f\u00f6r syd\u00f6stra stadsdelarna"},"content":{"rendered":"<p><strong>Den 4\/12-20 anordnade Kristdemokraterna i Uppsala ett webbinarium om planerna f\u00f6r de syd\u00f6stra stadsdelarna. Deltagande var bland annat initiativtagarna till de lokala protesterna, Marguerite och Eva, f.d. tj\u00e4nstem\u00e4n fr\u00e5n kommunen och kristdemokratiska politiker fr\u00e5n Uppsala och Knivsta. <\/strong><\/p>\n<p>Vi tog avstamp i den F\u00f6rdjupade \u00f6versiktsplanen f\u00f6r de syd\u00f6stra stadsdelarna som det politiska styret (S, L och MP) pressar fram. Planen omfattar bland annat Bergsbrunna, S\u00e4vja, Vilan och N\u00e5ntuna, och ska vara v\u00e4gledande i kommande utveckling av omr\u00e5det som ska f\u00e5 21 500 nya bost\u00e4der och 10 000\u201315 000 nya arbetsplatser fram till \u00e5r 2050. F\u00f6rslaget var ute p\u00e5 samr\u00e5d 2 mars\u201315 maj 2020.<\/p>\n<p>Webbinariet g\u00e5r att se h\u00e4r: https:\/\/www.youtube.com\/watch?v=gR78F-9yOXA<\/p>\n<p>&nbsp;<\/p>\n<p>&nbsp;<\/p>\n","protected":false},"excerpt":{"rendered":"<p>Den 4\/12-20 anordnade Kristdemokraterna i Uppsala ett webbinarium om planerna f\u00f6r de syd\u00f6stra stadsdelarna. Deltagande var bland annat initiativtagarna till de lokala protesterna, Marguerite och Eva, f.d. tj\u00e4nstem\u00e4n fr\u00e5n kommunen och kristdemokratiska politiker fr\u00e5n Uppsala och Knivsta. Vi tog avstamp i den F\u00f6rdjupade \u00f6versiktsplanen f\u00f6r de syd\u00f6stra stadsdelarna som det politiska styret (S, L och <a class=\"read-more-link\" href=\"https:\/\/wp.kristdemokraterna.se\/uppsala\/webbinarium-om-problemen-med-planerna-for-sydostra-stadsdelarna\/\">Read More<\/a><\/p>\n","protected":false},"author":702,"featured_media":0,"comment_status":"closed","ping_status":"closed","sticky":false,"template":"","format":"standard","meta":{"_acf_changed":false,"footnotes":""},"categories":[232],"tags":[],"class_list":["post-3801","post","type-post","status-publish","format-standard","hentry","category-kollektivtrafik-o-stadsplanering"],"acf":[],"yoast_head":"<!-- This site is optimized with the Yoast SEO plugin v27.4 - https:\/\/yoast.com\/product\/yoast-seo-wordpress\/ -->\n<title>Webbinarium om problemen med planerna f\u00f6r syd\u00f6stra stadsdelarna | Kristdemokraterna | Uppsala<\/title>\n<meta name=\"robots\" content=\"index, follow, max-snippet:-1, max-image-preview:large, max-video-preview:-1\" \/>\n<link rel=\"canonical\" href=\"https:\/\/wp.kristdemokraterna.se\/uppsala\/webbinarium-om-problemen-med-planerna-for-sydostra-stadsdelarna\/\" \/>\n<meta property=\"og:locale\" content=\"sv_SE\" \/>\n<meta property=\"og:type\" content=\"article\" \/>\n<meta property=\"og:title\" content=\"Webbinarium om problemen med planerna f\u00f6r syd\u00f6stra stadsdelarna | Kristdemokraterna | Uppsala\" \/>\n<meta property=\"og:description\" content=\"Den 4\/12-20 anordnade Kristdemokraterna i Uppsala ett webbinarium om planerna f\u00f6r de syd\u00f6stra stadsdelarna. Deltagande var bland annat initiativtagarna till de lokala protesterna, Marguerite och Eva, f.d. tj\u00e4nstem\u00e4n fr\u00e5n kommunen och kristdemokratiska politiker fr\u00e5n Uppsala och Knivsta. Vi tog avstamp i den F\u00f6rdjupade \u00f6versiktsplanen f\u00f6r de syd\u00f6stra stadsdelarna som det politiska styret (S, L och Read More\" \/>\n<meta property=\"og:url\" content=\"https:\/\/wp.kristdemokraterna.se\/uppsala\/webbinarium-om-problemen-med-planerna-for-sydostra-stadsdelarna\/\" \/>\n<meta property=\"og:site_name\" content=\"Kristdemokraterna | Uppsala\" \/>\n<meta property=\"article:publisher\" content=\"https:\/\/www.facebook.com\/UppsalaKD\/\" \/>\n<meta property=\"article:published_time\" content=\"2020-12-04T14:30:17+00:00\" \/>\n<meta property=\"article:modified_time\" content=\"2021-02-09T14:33:00+00:00\" \/>\n<meta property=\"og:image\" content=\"https:\/\/wp.kristdemokraterna.se\/uppsala\/files\/2021\/12\/kom1.png\" \/>\n\t<meta property=\"og:image:width\" content=\"770\" \/>\n\t<meta property=\"og:image:height\" content=\"404\" \/>\n\t<meta property=\"og:image:type\" content=\"image\/png\" \/>\n<meta name=\"author\" content=\"Mimmi Westerlund\" \/>\n<meta name=\"twitter:card\" content=\"summary_large_image\" \/>\n<meta name=\"twitter:label1\" content=\"Skriven av\" \/>\n\t<meta name=\"twitter:data1\" content=\"Mimmi Westerlund\" \/>\n\t<meta name=\"twitter:label2\" content=\"Ber\u00e4knad l\u00e4stid\" \/>\n\t<meta name=\"twitter:data2\" content=\"1 minut\" \/>\n<script type=\"application\/ld+json\" class=\"yoast-schema-graph\">{\"@context\":\"https:\\\/\\\/schema.org\",\"@graph\":[{\"@type\":\"Article\",\"@id\":\"https:\\\/\\\/wp.kristdemokraterna.se\\\/uppsala\\\/webbinarium-om-problemen-med-planerna-for-sydostra-stadsdelarna\\\/#article\",\"isPartOf\":{\"@id\":\"https:\\\/\\\/wp.kristdemokraterna.se\\\/uppsala\\\/webbinarium-om-problemen-med-planerna-for-sydostra-stadsdelarna\\\/\"},\"author\":{\"name\":\"Mimmi Westerlund\",\"@id\":\"https:\\\/\\\/wp.kristdemokraterna.se\\\/uppsala\\\/#\\\/schema\\\/person\\\/038d805d685fb0ce5ad14ab8711d8e84\"},\"headline\":\"Webbinarium om problemen med planerna f\u00f6r syd\u00f6stra stadsdelarna\",\"datePublished\":\"2020-12-04T14:30:17+00:00\",\"dateModified\":\"2021-02-09T14:33:00+00:00\",\"mainEntityOfPage\":{\"@id\":\"https:\\\/\\\/wp.kristdemokraterna.se\\\/uppsala\\\/webbinarium-om-problemen-med-planerna-for-sydostra-stadsdelarna\\\/\"},\"wordCount\":139,\"publisher\":{\"@id\":\"https:\\\/\\\/wp.kristdemokraterna.se\\\/uppsala\\\/#organization\"},\"articleSection\":[\"Kollektivtrafik &amp; Stadsplanering\"],\"inLanguage\":\"sv-SE\"},{\"@type\":\"WebPage\",\"@id\":\"https:\\\/\\\/wp.kristdemokraterna.se\\\/uppsala\\\/webbinarium-om-problemen-med-planerna-for-sydostra-stadsdelarna\\\/\",\"url\":\"https:\\\/\\\/wp.kristdemokraterna.se\\\/uppsala\\\/webbinarium-om-problemen-med-planerna-for-sydostra-stadsdelarna\\\/\",\"name\":\"Webbinarium om problemen med planerna f\u00f6r syd\u00f6stra stadsdelarna | Kristdemokraterna | Uppsala\",\"isPartOf\":{\"@id\":\"https:\\\/\\\/wp.kristdemokraterna.se\\\/uppsala\\\/#website\"},\"datePublished\":\"2020-12-04T14:30:17+00:00\",\"dateModified\":\"2021-02-09T14:33:00+00:00\",\"breadcrumb\":{\"@id\":\"https:\\\/\\\/wp.kristdemokraterna.se\\\/uppsala\\\/webbinarium-om-problemen-med-planerna-for-sydostra-stadsdelarna\\\/#breadcrumb\"},\"inLanguage\":\"sv-SE\",\"potentialAction\":[{\"@type\":\"ReadAction\",\"target\":[\"https:\\\/\\\/wp.kristdemokraterna.se\\\/uppsala\\\/webbinarium-om-problemen-med-planerna-for-sydostra-stadsdelarna\\\/\"]}]},{\"@type\":\"BreadcrumbList\",\"@id\":\"https:\\\/\\\/wp.kristdemokraterna.se\\\/uppsala\\\/webbinarium-om-problemen-med-planerna-for-sydostra-stadsdelarna\\\/#breadcrumb\",\"itemListElement\":[{\"@type\":\"ListItem\",\"position\":1,\"name\":\"Hem\",\"item\":\"https:\\\/\\\/wp.kristdemokraterna.se\\\/uppsala\\\/\"},{\"@type\":\"ListItem\",\"position\":2,\"name\":\"Webbinarium om problemen med planerna f\u00f6r syd\u00f6stra stadsdelarna\"}]},{\"@type\":\"WebSite\",\"@id\":\"https:\\\/\\\/wp.kristdemokraterna.se\\\/uppsala\\\/#website\",\"url\":\"https:\\\/\\\/wp.kristdemokraterna.se\\\/uppsala\\\/\",\"name\":\"Kristdemokraterna Uppsala\",\"description\":\"Tryggare Uppsala\",\"publisher\":{\"@id\":\"https:\\\/\\\/wp.kristdemokraterna.se\\\/uppsala\\\/#organization\"},\"inLanguage\":\"sv-SE\"},{\"@type\":\"Organization\",\"@id\":\"https:\\\/\\\/wp.kristdemokraterna.se\\\/uppsala\\\/#organization\",\"name\":\"Kristdemokraterna Uppsala\",\"url\":\"https:\\\/\\\/wp.kristdemokraterna.se\\\/uppsala\\\/\",\"logo\":{\"@type\":\"ImageObject\",\"inLanguage\":\"sv-SE\",\"@id\":\"https:\\\/\\\/wp.kristdemokraterna.se\\\/uppsala\\\/#\\\/schema\\\/logo\\\/image\\\/\",\"url\":\"https:\\\/\\\/wp.kristdemokraterna.se\\\/uppsala\\\/files\\\/2019\\\/10\\\/kd-uppsala.png\",\"contentUrl\":\"https:\\\/\\\/wp.kristdemokraterna.se\\\/uppsala\\\/files\\\/2019\\\/10\\\/kd-uppsala.png\",\"width\":804,\"height\":421,\"caption\":\"Kristdemokraterna Uppsala\"},\"image\":{\"@id\":\"https:\\\/\\\/wp.kristdemokraterna.se\\\/uppsala\\\/#\\\/schema\\\/logo\\\/image\\\/\"},\"sameAs\":[\"https:\\\/\\\/www.facebook.com\\\/UppsalaKD\\\/\",\"https:\\\/\\\/www.instagram.com\\\/uppsalakd\\\/\"]},{\"@type\":\"Person\",\"@id\":\"https:\\\/\\\/wp.kristdemokraterna.se\\\/uppsala\\\/#\\\/schema\\\/person\\\/038d805d685fb0ce5ad14ab8711d8e84\",\"name\":\"Mimmi Westerlund\",\"image\":{\"@type\":\"ImageObject\",\"inLanguage\":\"sv-SE\",\"@id\":\"https:\\\/\\\/secure.gravatar.com\\\/avatar\\\/a5697359f709b6b10d9c7e6a7c89f3e054554dedb4657d5ffe9e5bc5b1445841?s=96&r=g\",\"url\":\"https:\\\/\\\/secure.gravatar.com\\\/avatar\\\/a5697359f709b6b10d9c7e6a7c89f3e054554dedb4657d5ffe9e5bc5b1445841?s=96&r=g\",\"contentUrl\":\"https:\\\/\\\/secure.gravatar.com\\\/avatar\\\/a5697359f709b6b10d9c7e6a7c89f3e054554dedb4657d5ffe9e5bc5b1445841?s=96&r=g\",\"caption\":\"Mimmi Westerlund\"},\"url\":\"https:\\\/\\\/wp.kristdemokraterna.se\\\/uppsala\\\/author\\\/mimmi\\\/\"}]}<\/script>\n<!-- \/ Yoast SEO plugin. -->","yoast_head_json":{"title":"Webbinarium om problemen med planerna f\u00f6r syd\u00f6stra stadsdelarna | Kristdemokraterna | Uppsala","robots":{"index":"index","follow":"follow","max-snippet":"max-snippet:-1","max-image-preview":"max-image-preview:large","max-video-preview":"max-video-preview:-1"},"canonical":"https:\/\/wp.kristdemokraterna.se\/uppsala\/webbinarium-om-problemen-med-planerna-for-sydostra-stadsdelarna\/","og_locale":"sv_SE","og_type":"article","og_title":"Webbinarium om problemen med planerna f\u00f6r syd\u00f6stra stadsdelarna | Kristdemokraterna | Uppsala","og_description":"Den 4\/12-20 anordnade Kristdemokraterna i Uppsala ett webbinarium om planerna f\u00f6r de syd\u00f6stra stadsdelarna. Deltagande var bland annat initiativtagarna till de lokala protesterna, Marguerite och Eva, f.d. tj\u00e4nstem\u00e4n fr\u00e5n kommunen och kristdemokratiska politiker fr\u00e5n Uppsala och Knivsta. Vi tog avstamp i den F\u00f6rdjupade \u00f6versiktsplanen f\u00f6r de syd\u00f6stra stadsdelarna som det politiska styret (S, L och Read More","og_url":"https:\/\/wp.kristdemokraterna.se\/uppsala\/webbinarium-om-problemen-med-planerna-for-sydostra-stadsdelarna\/","og_site_name":"Kristdemokraterna | Uppsala","article_publisher":"https:\/\/www.facebook.com\/UppsalaKD\/","article_published_time":"2020-12-04T14:30:17+00:00","article_modified_time":"2021-02-09T14:33:00+00:00","og_image":[{"width":770,"height":404,"url":"https:\/\/wp.kristdemokraterna.se\/uppsala\/files\/2021\/12\/kom1.png","type":"image\/png"}],"author":"Mimmi Westerlund","twitter_card":"summary_large_image","twitter_misc":{"Skriven av":"Mimmi Westerlund","Ber\u00e4knad l\u00e4stid":"1 minut"},"schema":{"@context":"https:\/\/schema.org","@graph":[{"@type":"Article","@id":"https:\/\/wp.kristdemokraterna.se\/uppsala\/webbinarium-om-problemen-med-planerna-for-sydostra-stadsdelarna\/#article","isPartOf":{"@id":"https:\/\/wp.kristdemokraterna.se\/uppsala\/webbinarium-om-problemen-med-planerna-for-sydostra-stadsdelarna\/"},"author":{"name":"Mimmi Westerlund","@id":"https:\/\/wp.kristdemokraterna.se\/uppsala\/#\/schema\/person\/038d805d685fb0ce5ad14ab8711d8e84"},"headline":"Webbinarium om problemen med planerna f\u00f6r syd\u00f6stra stadsdelarna","datePublished":"2020-12-04T14:30:17+00:00","dateModified":"2021-02-09T14:33:00+00:00","mainEntityOfPage":{"@id":"https:\/\/wp.kristdemokraterna.se\/uppsala\/webbinarium-om-problemen-med-planerna-for-sydostra-stadsdelarna\/"},"wordCount":139,"publisher":{"@id":"https:\/\/wp.kristdemokraterna.se\/uppsala\/#organization"},"articleSection":["Kollektivtrafik &amp; Stadsplanering"],"inLanguage":"sv-SE"},{"@type":"WebPage","@id":"https:\/\/wp.kristdemokraterna.se\/uppsala\/webbinarium-om-problemen-med-planerna-for-sydostra-stadsdelarna\/","url":"https:\/\/wp.kristdemokraterna.se\/uppsala\/webbinarium-om-problemen-med-planerna-for-sydostra-stadsdelarna\/","name":"Webbinarium om problemen med planerna f\u00f6r syd\u00f6stra stadsdelarna | Kristdemokraterna | Uppsala","isPartOf":{"@id":"https:\/\/wp.kristdemokraterna.se\/uppsala\/#website"},"datePublished":"2020-12-04T14:30:17+00:00","dateModified":"2021-02-09T14:33:00+00:00","breadcrumb":{"@id":"https:\/\/wp.kristdemokraterna.se\/uppsala\/webbinarium-om-problemen-med-planerna-for-sydostra-stadsdelarna\/#breadcrumb"},"inLanguage":"sv-SE","potentialAction":[{"@type":"ReadAction","target":["https:\/\/wp.kristdemokraterna.se\/uppsala\/webbinarium-om-problemen-med-planerna-for-sydostra-stadsdelarna\/"]}]},{"@type":"BreadcrumbList","@id":"https:\/\/wp.kristdemokraterna.se\/uppsala\/webbinarium-om-problemen-med-planerna-for-sydostra-stadsdelarna\/#breadcrumb","itemListElement":[{"@type":"ListItem","position":1,"name":"Hem","item":"https:\/\/wp.kristdemokraterna.se\/uppsala\/"},{"@type":"ListItem","position":2,"name":"Webbinarium om problemen med planerna f\u00f6r syd\u00f6stra stadsdelarna"}]},{"@type":"WebSite","@id":"https:\/\/wp.kristdemokraterna.se\/uppsala\/#website","url":"https:\/\/wp.kristdemokraterna.se\/uppsala\/","name":"Kristdemokraterna Uppsala","description":"Tryggare Uppsala","publisher":{"@id":"https:\/\/wp.kristdemokraterna.se\/uppsala\/#organization"},"inLanguage":"sv-SE"},{"@type":"Organization","@id":"https:\/\/wp.kristdemokraterna.se\/uppsala\/#organization","name":"Kristdemokraterna Uppsala","url":"https:\/\/wp.kristdemokraterna.se\/uppsala\/","logo":{"@type":"ImageObject","inLanguage":"sv-SE","@id":"https:\/\/wp.kristdemokraterna.se\/uppsala\/#\/schema\/logo\/image\/","url":"https:\/\/wp.kristdemokraterna.se\/uppsala\/files\/2019\/10\/kd-uppsala.png","contentUrl":"https:\/\/wp.kristdemokraterna.se\/uppsala\/files\/2019\/10\/kd-uppsala.png","width":804,"height":421,"caption":"Kristdemokraterna Uppsala"},"image":{"@id":"https:\/\/wp.kristdemokraterna.se\/uppsala\/#\/schema\/logo\/image\/"},"sameAs":["https:\/\/www.facebook.com\/UppsalaKD\/","https:\/\/www.instagram.com\/uppsalakd\/"]},{"@type":"Person","@id":"https:\/\/wp.kristdemokraterna.se\/uppsala\/#\/schema\/person\/038d805d685fb0ce5ad14ab8711d8e84","name":"Mimmi Westerlund","image":{"@type":"ImageObject","inLanguage":"sv-SE","@id":"https:\/\/secure.gravatar.com\/avatar\/a5697359f709b6b10d9c7e6a7c89f3e054554dedb4657d5ffe9e5bc5b1445841?s=96&r=g","url":"https:\/\/secure.gravatar.com\/avatar\/a5697359f709b6b10d9c7e6a7c89f3e054554dedb4657d5ffe9e5bc5b1445841?s=96&r=g","contentUrl":"https:\/\/secure.gravatar.com\/avatar\/a5697359f709b6b10d9c7e6a7c89f3e054554dedb4657d5ffe9e5bc5b1445841?s=96&r=g","caption":"Mimmi Westerlund"},"url":"https:\/\/wp.kristdemokraterna.se\/uppsala\/author\/mimmi\/"}]}},"_links":{"self":[{"href":"https:\/\/wp.kristdemokraterna.se\/uppsala\/wp-json\/wp\/v2\/posts\/3801","targetHints":{"allow":["GET"]}}],"collection":[{"href":"https:\/\/wp.kristdemokraterna.se\/uppsala\/wp-json\/wp\/v2\/posts"}],"about":[{"href":"https:\/\/wp.kristdemokraterna.se\/uppsala\/wp-json\/wp\/v2\/types\/post"}],"author":[{"embeddable":true,"href":"https:\/\/wp.kristdemokraterna.se\/uppsala\/wp-json\/wp\/v2\/users\/702"}],"replies":[{"embeddable":true,"href":"https:\/\/wp.kristdemokraterna.se\/uppsala\/wp-json\/wp\/v2\/comments?post=3801"}],"version-history":[{"count":1,"href":"https:\/\/wp.kristdemokraterna.se\/uppsala\/wp-json\/wp\/v2\/posts\/3801\/revisions"}],"predecessor-version":[{"id":3802,"href":"https:\/\/wp.kristdemokraterna.se\/uppsala\/wp-json\/wp\/v2\/posts\/3801\/revisions\/3802"}],"wp:attachment":[{"href":"https:\/\/wp.kristdemokraterna.se\/uppsala\/wp-json\/wp\/v2\/media?parent=3801"}],"wp:term":[{"taxonomy":"category","embeddable":true,"href":"https:\/\/wp.kristdemokraterna.se\/uppsala\/wp-json\/wp\/v2\/categories?post=3801"},{"taxonomy":"post_tag","embeddable":true,"href":"https:\/\/wp.kristdemokraterna.se\/uppsala\/wp-json\/wp\/v2\/tags?post=3801"}],"curies":[{"name":"wp","href":"https:\/\/api.w.org\/{rel}","templated":true}]}}