{"id":3936,"date":"2021-04-26T11:44:24","date_gmt":"2021-04-26T09:44:24","guid":{"rendered":"https:\/\/wp.kristdemokraterna.se\/uppsala\/?p=3936"},"modified":"2024-04-04T00:54:03","modified_gmt":"2024-04-03T22:54:03","slug":"kd-utveckla-linnestigarna-och-uppsalas-friluftsomraden","status":"publish","type":"post","link":"https:\/\/wp.kristdemokraterna.se\/uppsala\/kd-utveckla-linnestigarna-och-uppsalas-friluftsomraden\/","title":{"rendered":"KD: Utveckla Linn\u00e9stigarna och Uppsalas friluftsomr\u00e5den"},"content":{"rendered":"<p><strong>Under m\u00e5ndagens sammantr\u00e4de med kommunfullm\u00e4ktige l\u00e4mnade\u00a0Jonas Segersam (KD) in en motion om att friluftslivet i Uppsala m\u00e5ste f\u00f6rb\u00e4ttras. Han menar att bristerna har blivit tydliga under coronapandemin, d\u00e4r \u00a0popul\u00e4ra friluftsomr\u00e5den som Fj\u00e4llnora och Hammarskog haft l\u00e5nga k\u00f6er f\u00f6r att kunna grilla eller anv\u00e4nda de faciliteter som omr\u00e5dena erbjuder.\u00a0<\/strong><\/p>\n<p>F\u00f6rslaget som presenteras \u00e4r att utreda brister i befintliga anl\u00e4ggningar och naturreservat, och att ta fram \u00e5tg\u00e4rder kring hur tillg\u00e4ngligheten kan f\u00f6rb\u00e4ttras. I motionen f\u00f6resl\u00e5s ocks\u00e5 att upprusta Linn\u00e9stigarna, och s\u00e4rskilt f\u00f6rl\u00e4nga Danmarksvandringen fr\u00e5n Linn\u00e9s Hammarby till Funbo L\u00f6vsta.<\/p>\n<blockquote><p>&#8211; Vi har p\u00e5talat stora brister i befintliga naturreservat, och menar att kommunen borde anv\u00e4nda de medel som ansl\u00e5s fr\u00e5n staten att utveckla befintliga naturreservat i st\u00e4llet f\u00f6r att hela tiden identifiera nya omr\u00e5den att avs\u00e4tta som reservat, menar\u00a0Segersam (KD) i motionen.<\/p><\/blockquote>\n<blockquote><p>&#8211; Ett exempel p\u00e5 det \u00e4r \u00c5rike Fyris som har i stort sett bara en s\u00e4rskilt anordnad grillplats i hela sitt l\u00e5ngstr\u00e4ckta reservat, n\u00e4mligen den vid Sunnerstagropen. H\u00e4r m\u00e5ste man inr\u00e4tta fler m\u00f6jligheter f\u00f6r m\u00e4nniskor som vandrar och vill grilla utomhus. Att bara ha en grillplats p\u00e5 olika platser inneb\u00e4r n\u00e4r den \u00e4r upptagen att m\u00e4nniskor ordnar egna, ofta brandfarliga grillplatser i n\u00e4rheten.<\/p><\/blockquote>\n<p><strong>F\u00f6rutom detta f\u00f6resl\u00e5s att Linn\u00e9stigarna som inr\u00e4ttades i samband med Linn\u00e9jubil\u00e9et 2007 ska inventeras och utvecklas. En s\u00e5dan utveckling vore att f\u00f6rl\u00e4nga Danmarksvandringen (Herbatio Daniensis) fr\u00e5n Linn\u00e9s Hammarby, till Funbo L\u00f6vsta.<\/strong><\/p>\n<blockquote><p>&#8211; I och med att Ultuna nu l\u00e4mnat driften av jordbruksmarken kan man nu anv\u00e4nda traktorv\u00e4gen som g\u00e5r mellan Hammarby och L\u00f6vsta f\u00f6r \u00e4ndam\u00e5let, menar Segersam (KD)<\/p><\/blockquote>\n<p><strong>Motionen l\u00e4mnades in f\u00f6r behandling den 26 april 2021 och v\u00e4ntas \u00e5terkomma f\u00f6r beslut under \u00e5ret. <a href=\"http:\/\/wp.kristdemokraterna.se\/uppsala\/files\/2021\/04\/motion-om-utveckling-av-friluftslivet.pdf\">H\u00e4r kan du l\u00e4sa den i sin helhet.<\/a><\/strong><\/p>\n","protected":false},"excerpt":{"rendered":"<p>Under m\u00e5ndagens sammantr\u00e4de med kommunfullm\u00e4ktige l\u00e4mnade\u00a0Jonas Segersam (KD) in en motion om att friluftslivet i Uppsala m\u00e5ste f\u00f6rb\u00e4ttras. Han menar att bristerna har blivit tydliga under coronapandemin, d\u00e4r \u00a0popul\u00e4ra friluftsomr\u00e5den som Fj\u00e4llnora och Hammarskog haft l\u00e5nga k\u00f6er f\u00f6r att kunna grilla eller anv\u00e4nda de faciliteter som omr\u00e5dena erbjuder.\u00a0 F\u00f6rslaget som presenteras \u00e4r att utreda brister <a class=\"read-more-link\" href=\"https:\/\/wp.kristdemokraterna.se\/uppsala\/kd-utveckla-linnestigarna-och-uppsalas-friluftsomraden\/\">Read More<\/a><\/p>\n","protected":false},"author":702,"featured_media":0,"comment_status":"closed","ping_status":"closed","sticky":false,"template":"","format":"standard","meta":{"_acf_changed":false,"footnotes":""},"categories":[232],"tags":[],"class_list":["post-3936","post","type-post","status-publish","format-standard","hentry","category-kollektivtrafik-o-stadsplanering"],"acf":[],"yoast_head":"<!-- This site is optimized with the Yoast SEO plugin v27.4 - https:\/\/yoast.com\/product\/yoast-seo-wordpress\/ -->\n<title>KD: Utveckla Linn\u00e9stigarna och Uppsalas friluftsomr\u00e5den | Kristdemokraterna | Uppsala<\/title>\n<meta name=\"robots\" content=\"index, follow, max-snippet:-1, max-image-preview:large, max-video-preview:-1\" \/>\n<link rel=\"canonical\" href=\"https:\/\/wp.kristdemokraterna.se\/uppsala\/kd-utveckla-linnestigarna-och-uppsalas-friluftsomraden\/\" \/>\n<meta property=\"og:locale\" content=\"sv_SE\" \/>\n<meta property=\"og:type\" content=\"article\" \/>\n<meta property=\"og:title\" content=\"KD: Utveckla Linn\u00e9stigarna och Uppsalas friluftsomr\u00e5den | Kristdemokraterna | Uppsala\" \/>\n<meta property=\"og:description\" content=\"Under m\u00e5ndagens sammantr\u00e4de med kommunfullm\u00e4ktige l\u00e4mnade\u00a0Jonas Segersam (KD) in en motion om att friluftslivet i Uppsala m\u00e5ste f\u00f6rb\u00e4ttras. Han menar att bristerna har blivit tydliga under coronapandemin, d\u00e4r \u00a0popul\u00e4ra friluftsomr\u00e5den som Fj\u00e4llnora och Hammarskog haft l\u00e5nga k\u00f6er f\u00f6r att kunna grilla eller anv\u00e4nda de faciliteter som omr\u00e5dena erbjuder.\u00a0 F\u00f6rslaget som presenteras \u00e4r att utreda brister Read More\" \/>\n<meta property=\"og:url\" content=\"https:\/\/wp.kristdemokraterna.se\/uppsala\/kd-utveckla-linnestigarna-och-uppsalas-friluftsomraden\/\" \/>\n<meta property=\"og:site_name\" content=\"Kristdemokraterna | Uppsala\" \/>\n<meta property=\"article:publisher\" content=\"https:\/\/www.facebook.com\/UppsalaKD\/\" \/>\n<meta property=\"article:published_time\" content=\"2021-04-26T09:44:24+00:00\" \/>\n<meta property=\"article:modified_time\" content=\"2024-04-03T22:54:03+00:00\" \/>\n<meta property=\"og:image\" content=\"http:\/\/wp.kristdemokraterna.se\/uppsala\/files\/2021\/04\/hemsida-friluftsliv-jonas-540x283.png\" \/>\n\t<meta property=\"og:image:width\" content=\"540\" \/>\n\t<meta property=\"og:image:height\" content=\"283\" \/>\n\t<meta property=\"og:image:type\" content=\"image\/png\" \/>\n<meta name=\"author\" content=\"Mimmi Westerlund\" \/>\n<meta name=\"twitter:card\" content=\"summary_large_image\" \/>\n<meta name=\"twitter:label1\" content=\"Skriven av\" \/>\n\t<meta name=\"twitter:data1\" content=\"Mimmi Westerlund\" \/>\n\t<meta name=\"twitter:label2\" content=\"Ber\u00e4knad l\u00e4stid\" \/>\n\t<meta name=\"twitter:data2\" content=\"2 minuter\" \/>\n<script type=\"application\/ld+json\" class=\"yoast-schema-graph\">{\"@context\":\"https:\\\/\\\/schema.org\",\"@graph\":[{\"@type\":\"Article\",\"@id\":\"https:\\\/\\\/wp.kristdemokraterna.se\\\/uppsala\\\/kd-utveckla-linnestigarna-och-uppsalas-friluftsomraden\\\/#article\",\"isPartOf\":{\"@id\":\"https:\\\/\\\/wp.kristdemokraterna.se\\\/uppsala\\\/kd-utveckla-linnestigarna-och-uppsalas-friluftsomraden\\\/\"},\"author\":{\"name\":\"Mimmi Westerlund\",\"@id\":\"https:\\\/\\\/wp.kristdemokraterna.se\\\/uppsala\\\/#\\\/schema\\\/person\\\/038d805d685fb0ce5ad14ab8711d8e84\"},\"headline\":\"KD: Utveckla Linn\u00e9stigarna och Uppsalas friluftsomr\u00e5den\",\"datePublished\":\"2021-04-26T09:44:24+00:00\",\"dateModified\":\"2024-04-03T22:54:03+00:00\",\"mainEntityOfPage\":{\"@id\":\"https:\\\/\\\/wp.kristdemokraterna.se\\\/uppsala\\\/kd-utveckla-linnestigarna-och-uppsalas-friluftsomraden\\\/\"},\"wordCount\":360,\"publisher\":{\"@id\":\"https:\\\/\\\/wp.kristdemokraterna.se\\\/uppsala\\\/#organization\"},\"articleSection\":[\"Kollektivtrafik &amp; Stadsplanering\"],\"inLanguage\":\"sv-SE\"},{\"@type\":\"WebPage\",\"@id\":\"https:\\\/\\\/wp.kristdemokraterna.se\\\/uppsala\\\/kd-utveckla-linnestigarna-och-uppsalas-friluftsomraden\\\/\",\"url\":\"https:\\\/\\\/wp.kristdemokraterna.se\\\/uppsala\\\/kd-utveckla-linnestigarna-och-uppsalas-friluftsomraden\\\/\",\"name\":\"KD: Utveckla Linn\u00e9stigarna och Uppsalas friluftsomr\u00e5den | Kristdemokraterna | Uppsala\",\"isPartOf\":{\"@id\":\"https:\\\/\\\/wp.kristdemokraterna.se\\\/uppsala\\\/#website\"},\"datePublished\":\"2021-04-26T09:44:24+00:00\",\"dateModified\":\"2024-04-03T22:54:03+00:00\",\"breadcrumb\":{\"@id\":\"https:\\\/\\\/wp.kristdemokraterna.se\\\/uppsala\\\/kd-utveckla-linnestigarna-och-uppsalas-friluftsomraden\\\/#breadcrumb\"},\"inLanguage\":\"sv-SE\",\"potentialAction\":[{\"@type\":\"ReadAction\",\"target\":[\"https:\\\/\\\/wp.kristdemokraterna.se\\\/uppsala\\\/kd-utveckla-linnestigarna-och-uppsalas-friluftsomraden\\\/\"]}]},{\"@type\":\"BreadcrumbList\",\"@id\":\"https:\\\/\\\/wp.kristdemokraterna.se\\\/uppsala\\\/kd-utveckla-linnestigarna-och-uppsalas-friluftsomraden\\\/#breadcrumb\",\"itemListElement\":[{\"@type\":\"ListItem\",\"position\":1,\"name\":\"Hem\",\"item\":\"https:\\\/\\\/wp.kristdemokraterna.se\\\/uppsala\\\/\"},{\"@type\":\"ListItem\",\"position\":2,\"name\":\"KD: Utveckla Linn\u00e9stigarna och Uppsalas friluftsomr\u00e5den\"}]},{\"@type\":\"WebSite\",\"@id\":\"https:\\\/\\\/wp.kristdemokraterna.se\\\/uppsala\\\/#website\",\"url\":\"https:\\\/\\\/wp.kristdemokraterna.se\\\/uppsala\\\/\",\"name\":\"Kristdemokraterna Uppsala\",\"description\":\"Tryggare Uppsala\",\"publisher\":{\"@id\":\"https:\\\/\\\/wp.kristdemokraterna.se\\\/uppsala\\\/#organization\"},\"inLanguage\":\"sv-SE\"},{\"@type\":\"Organization\",\"@id\":\"https:\\\/\\\/wp.kristdemokraterna.se\\\/uppsala\\\/#organization\",\"name\":\"Kristdemokraterna Uppsala\",\"url\":\"https:\\\/\\\/wp.kristdemokraterna.se\\\/uppsala\\\/\",\"logo\":{\"@type\":\"ImageObject\",\"inLanguage\":\"sv-SE\",\"@id\":\"https:\\\/\\\/wp.kristdemokraterna.se\\\/uppsala\\\/#\\\/schema\\\/logo\\\/image\\\/\",\"url\":\"https:\\\/\\\/wp.kristdemokraterna.se\\\/uppsala\\\/files\\\/2019\\\/10\\\/kd-uppsala.png\",\"contentUrl\":\"https:\\\/\\\/wp.kristdemokraterna.se\\\/uppsala\\\/files\\\/2019\\\/10\\\/kd-uppsala.png\",\"width\":804,\"height\":421,\"caption\":\"Kristdemokraterna Uppsala\"},\"image\":{\"@id\":\"https:\\\/\\\/wp.kristdemokraterna.se\\\/uppsala\\\/#\\\/schema\\\/logo\\\/image\\\/\"},\"sameAs\":[\"https:\\\/\\\/www.facebook.com\\\/UppsalaKD\\\/\",\"https:\\\/\\\/www.instagram.com\\\/uppsalakd\\\/\"]},{\"@type\":\"Person\",\"@id\":\"https:\\\/\\\/wp.kristdemokraterna.se\\\/uppsala\\\/#\\\/schema\\\/person\\\/038d805d685fb0ce5ad14ab8711d8e84\",\"name\":\"Mimmi Westerlund\",\"image\":{\"@type\":\"ImageObject\",\"inLanguage\":\"sv-SE\",\"@id\":\"https:\\\/\\\/secure.gravatar.com\\\/avatar\\\/a5697359f709b6b10d9c7e6a7c89f3e054554dedb4657d5ffe9e5bc5b1445841?s=96&r=g\",\"url\":\"https:\\\/\\\/secure.gravatar.com\\\/avatar\\\/a5697359f709b6b10d9c7e6a7c89f3e054554dedb4657d5ffe9e5bc5b1445841?s=96&r=g\",\"contentUrl\":\"https:\\\/\\\/secure.gravatar.com\\\/avatar\\\/a5697359f709b6b10d9c7e6a7c89f3e054554dedb4657d5ffe9e5bc5b1445841?s=96&r=g\",\"caption\":\"Mimmi Westerlund\"},\"url\":\"https:\\\/\\\/wp.kristdemokraterna.se\\\/uppsala\\\/author\\\/mimmi\\\/\"}]}<\/script>\n<!-- \/ Yoast SEO plugin. -->","yoast_head_json":{"title":"KD: Utveckla Linn\u00e9stigarna och Uppsalas friluftsomr\u00e5den | Kristdemokraterna | Uppsala","robots":{"index":"index","follow":"follow","max-snippet":"max-snippet:-1","max-image-preview":"max-image-preview:large","max-video-preview":"max-video-preview:-1"},"canonical":"https:\/\/wp.kristdemokraterna.se\/uppsala\/kd-utveckla-linnestigarna-och-uppsalas-friluftsomraden\/","og_locale":"sv_SE","og_type":"article","og_title":"KD: Utveckla Linn\u00e9stigarna och Uppsalas friluftsomr\u00e5den | Kristdemokraterna | Uppsala","og_description":"Under m\u00e5ndagens sammantr\u00e4de med kommunfullm\u00e4ktige l\u00e4mnade\u00a0Jonas Segersam (KD) in en motion om att friluftslivet i Uppsala m\u00e5ste f\u00f6rb\u00e4ttras. Han menar att bristerna har blivit tydliga under coronapandemin, d\u00e4r \u00a0popul\u00e4ra friluftsomr\u00e5den som Fj\u00e4llnora och Hammarskog haft l\u00e5nga k\u00f6er f\u00f6r att kunna grilla eller anv\u00e4nda de faciliteter som omr\u00e5dena erbjuder.\u00a0 F\u00f6rslaget som presenteras \u00e4r att utreda brister Read More","og_url":"https:\/\/wp.kristdemokraterna.se\/uppsala\/kd-utveckla-linnestigarna-och-uppsalas-friluftsomraden\/","og_site_name":"Kristdemokraterna | Uppsala","article_publisher":"https:\/\/www.facebook.com\/UppsalaKD\/","article_published_time":"2021-04-26T09:44:24+00:00","article_modified_time":"2024-04-03T22:54:03+00:00","og_image":[{"width":540,"height":283,"url":"http:\/\/wp.kristdemokraterna.se\/uppsala\/files\/2021\/04\/hemsida-friluftsliv-jonas-540x283.png","type":"image\/png"}],"author":"Mimmi Westerlund","twitter_card":"summary_large_image","twitter_misc":{"Skriven av":"Mimmi Westerlund","Ber\u00e4knad l\u00e4stid":"2 minuter"},"schema":{"@context":"https:\/\/schema.org","@graph":[{"@type":"Article","@id":"https:\/\/wp.kristdemokraterna.se\/uppsala\/kd-utveckla-linnestigarna-och-uppsalas-friluftsomraden\/#article","isPartOf":{"@id":"https:\/\/wp.kristdemokraterna.se\/uppsala\/kd-utveckla-linnestigarna-och-uppsalas-friluftsomraden\/"},"author":{"name":"Mimmi Westerlund","@id":"https:\/\/wp.kristdemokraterna.se\/uppsala\/#\/schema\/person\/038d805d685fb0ce5ad14ab8711d8e84"},"headline":"KD: Utveckla Linn\u00e9stigarna och Uppsalas friluftsomr\u00e5den","datePublished":"2021-04-26T09:44:24+00:00","dateModified":"2024-04-03T22:54:03+00:00","mainEntityOfPage":{"@id":"https:\/\/wp.kristdemokraterna.se\/uppsala\/kd-utveckla-linnestigarna-och-uppsalas-friluftsomraden\/"},"wordCount":360,"publisher":{"@id":"https:\/\/wp.kristdemokraterna.se\/uppsala\/#organization"},"articleSection":["Kollektivtrafik &amp; Stadsplanering"],"inLanguage":"sv-SE"},{"@type":"WebPage","@id":"https:\/\/wp.kristdemokraterna.se\/uppsala\/kd-utveckla-linnestigarna-och-uppsalas-friluftsomraden\/","url":"https:\/\/wp.kristdemokraterna.se\/uppsala\/kd-utveckla-linnestigarna-och-uppsalas-friluftsomraden\/","name":"KD: Utveckla Linn\u00e9stigarna och Uppsalas friluftsomr\u00e5den | Kristdemokraterna | Uppsala","isPartOf":{"@id":"https:\/\/wp.kristdemokraterna.se\/uppsala\/#website"},"datePublished":"2021-04-26T09:44:24+00:00","dateModified":"2024-04-03T22:54:03+00:00","breadcrumb":{"@id":"https:\/\/wp.kristdemokraterna.se\/uppsala\/kd-utveckla-linnestigarna-och-uppsalas-friluftsomraden\/#breadcrumb"},"inLanguage":"sv-SE","potentialAction":[{"@type":"ReadAction","target":["https:\/\/wp.kristdemokraterna.se\/uppsala\/kd-utveckla-linnestigarna-och-uppsalas-friluftsomraden\/"]}]},{"@type":"BreadcrumbList","@id":"https:\/\/wp.kristdemokraterna.se\/uppsala\/kd-utveckla-linnestigarna-och-uppsalas-friluftsomraden\/#breadcrumb","itemListElement":[{"@type":"ListItem","position":1,"name":"Hem","item":"https:\/\/wp.kristdemokraterna.se\/uppsala\/"},{"@type":"ListItem","position":2,"name":"KD: Utveckla Linn\u00e9stigarna och Uppsalas friluftsomr\u00e5den"}]},{"@type":"WebSite","@id":"https:\/\/wp.kristdemokraterna.se\/uppsala\/#website","url":"https:\/\/wp.kristdemokraterna.se\/uppsala\/","name":"Kristdemokraterna Uppsala","description":"Tryggare Uppsala","publisher":{"@id":"https:\/\/wp.kristdemokraterna.se\/uppsala\/#organization"},"inLanguage":"sv-SE"},{"@type":"Organization","@id":"https:\/\/wp.kristdemokraterna.se\/uppsala\/#organization","name":"Kristdemokraterna Uppsala","url":"https:\/\/wp.kristdemokraterna.se\/uppsala\/","logo":{"@type":"ImageObject","inLanguage":"sv-SE","@id":"https:\/\/wp.kristdemokraterna.se\/uppsala\/#\/schema\/logo\/image\/","url":"https:\/\/wp.kristdemokraterna.se\/uppsala\/files\/2019\/10\/kd-uppsala.png","contentUrl":"https:\/\/wp.kristdemokraterna.se\/uppsala\/files\/2019\/10\/kd-uppsala.png","width":804,"height":421,"caption":"Kristdemokraterna Uppsala"},"image":{"@id":"https:\/\/wp.kristdemokraterna.se\/uppsala\/#\/schema\/logo\/image\/"},"sameAs":["https:\/\/www.facebook.com\/UppsalaKD\/","https:\/\/www.instagram.com\/uppsalakd\/"]},{"@type":"Person","@id":"https:\/\/wp.kristdemokraterna.se\/uppsala\/#\/schema\/person\/038d805d685fb0ce5ad14ab8711d8e84","name":"Mimmi Westerlund","image":{"@type":"ImageObject","inLanguage":"sv-SE","@id":"https:\/\/secure.gravatar.com\/avatar\/a5697359f709b6b10d9c7e6a7c89f3e054554dedb4657d5ffe9e5bc5b1445841?s=96&r=g","url":"https:\/\/secure.gravatar.com\/avatar\/a5697359f709b6b10d9c7e6a7c89f3e054554dedb4657d5ffe9e5bc5b1445841?s=96&r=g","contentUrl":"https:\/\/secure.gravatar.com\/avatar\/a5697359f709b6b10d9c7e6a7c89f3e054554dedb4657d5ffe9e5bc5b1445841?s=96&r=g","caption":"Mimmi Westerlund"},"url":"https:\/\/wp.kristdemokraterna.se\/uppsala\/author\/mimmi\/"}]}},"_links":{"self":[{"href":"https:\/\/wp.kristdemokraterna.se\/uppsala\/wp-json\/wp\/v2\/posts\/3936","targetHints":{"allow":["GET"]}}],"collection":[{"href":"https:\/\/wp.kristdemokraterna.se\/uppsala\/wp-json\/wp\/v2\/posts"}],"about":[{"href":"https:\/\/wp.kristdemokraterna.se\/uppsala\/wp-json\/wp\/v2\/types\/post"}],"author":[{"embeddable":true,"href":"https:\/\/wp.kristdemokraterna.se\/uppsala\/wp-json\/wp\/v2\/users\/702"}],"replies":[{"embeddable":true,"href":"https:\/\/wp.kristdemokraterna.se\/uppsala\/wp-json\/wp\/v2\/comments?post=3936"}],"version-history":[{"count":10,"href":"https:\/\/wp.kristdemokraterna.se\/uppsala\/wp-json\/wp\/v2\/posts\/3936\/revisions"}],"predecessor-version":[{"id":3948,"href":"https:\/\/wp.kristdemokraterna.se\/uppsala\/wp-json\/wp\/v2\/posts\/3936\/revisions\/3948"}],"wp:attachment":[{"href":"https:\/\/wp.kristdemokraterna.se\/uppsala\/wp-json\/wp\/v2\/media?parent=3936"}],"wp:term":[{"taxonomy":"category","embeddable":true,"href":"https:\/\/wp.kristdemokraterna.se\/uppsala\/wp-json\/wp\/v2\/categories?post=3936"},{"taxonomy":"post_tag","embeddable":true,"href":"https:\/\/wp.kristdemokraterna.se\/uppsala\/wp-json\/wp\/v2\/tags?post=3936"}],"curies":[{"name":"wp","href":"https:\/\/api.w.org\/{rel}","templated":true}]}}