{"id":3962,"date":"2021-05-27T09:51:24","date_gmt":"2021-05-27T07:51:24","guid":{"rendered":"https:\/\/wp.kristdemokraterna.se\/uppsala\/?p=3962"},"modified":"2024-04-07T18:01:58","modified_gmt":"2024-04-07T16:01:58","slug":"kd-dags-for-nationell-tavlingsstandard","status":"publish","type":"post","link":"https:\/\/wp.kristdemokraterna.se\/uppsala\/kd-dags-for-nationell-tavlingsstandard\/","title":{"rendered":"KD: Dags f\u00f6r nationell t\u00e4vlingsstandard p\u00e5 skidskyttet i Storvreta"},"content":{"rendered":"<p><strong>I en <a href=\"https:\/\/wp.kristdemokraterna.se\/uppsala\/files\/2021\/05\/motion-om-nationell-standard-pa-skidskyttebanan-i-storvreta-2.pdf\">motion till kommunfullm\u00e4ktige<\/a> den 26 maj f\u00f6resl\u00e5r Kristdemokraterna att rusta upp skidskyttebanan i Storvreta s\u00e5 att den f\u00e5r nationell t\u00e4vlingsstandard. Det som saknas \u00e4r ett antal digitala m\u00e5l och en l\u00e4ktare f\u00f6r funktion\u00e4rer och publik &#8211; \u00f6vriga miljonupprustningar har f\u00f6reningen redan betalat sj\u00e4lva.<\/strong><\/p>\n<p>Sedan s\u00e4songen 2009\/2010 \u00e4r Storvreta IK Skidor \u00e4r medlemmar i Svenska skidskyttef\u00f6rbundet. Banan ligger p\u00e5 kommunal mark och i anslutning till b\u00e5de skidsp\u00e5ren och fotbollsplanerna, och det har l\u00e4nge funnits b\u00e5de vilja och f\u00f6ruts\u00e4ttningar fr\u00e5n de lokala drivkrafterna att ta verksamheten ett steg l\u00e4ngre och g\u00f6ra s\u00e5 att banan f\u00e5r nationell t\u00e4vlingsstandard.<\/p>\n<p><strong>I Uppsala kommun ger tyv\u00e4rr inte S, L och MP-styret idrottsanl\u00e4ggningar i kransorterna samma resurser som de som ligger i staden, trots att kostnaderna i normalfallet \u00e4r l\u00e4gre. Det anser vi \u00e4r\u00a0felprioriterat.<\/strong><\/p>\n<p>Men Storvreta IK \u00e4r en driftig f\u00f6rening, och har redan i dag har en f\u00e4rdiginstallerad konstsn\u00f6anl\u00e4ggning, egen pistmaskin och en elljusslinga p\u00e5 ett antal kilometer. Det som saknas f\u00f6r att kunna anordna nationella t\u00e4vlingar, som SM, \u00e4r ett antal m\u00e5ltavlor och en viss uppgradering av n\u00e5gra befintliga, samt kompletterande belysning och en l\u00e4ktare f\u00f6r funktion\u00e4rar och publik. F\u00f6reningen h\u00e5ller just nu sj\u00e4lva p\u00e5 att bredda skjutbanan f\u00f6r ett antal miljoner, och totalt bygger de en arena f\u00f6r ca 8,4 miljoner som man f\u00e5tt genom bidrag och sponsring samt eget kapital, och det \u00e4r h\u00e5rt ideellt arbete som ligger bakom.<\/p>\n<p><strong>N\u00e4r anl\u00e4ggningen invigdes 2011 fanns sex skjutstationer, som i dag f\u00f6rdubblats till 12. Med lite hj\u00e4lp fr\u00e5n kommunen skulle det g\u00e5 snabbare \u00e4n s\u00e5 att f\u00e5 till de m\u00e5l som saknas f\u00f6r att f\u00e5 Sveriges sydligaste bana med nationell t\u00e4vlingsstandard.<\/strong><\/p>\n<p>Kravet f\u00f6r att anordna exempelvis SM \u00e4r 20 elektroniska fallm\u00e5l, och en uppskattning fr\u00e5n f\u00f6reningen sj\u00e4lva \u00e4r att detta skulle kosta ungef\u00e4r 1,4 miljoner att rusta upp och komplettera den delen.\u00a0Givet verksamhetens goda f\u00f6ruts\u00e4ttningar, med stark lokal drivkraft, anser Kristdemokraterna att det vore rimligt att unders\u00f6ka hur kommunen kan st\u00f6dja och m\u00f6jligg\u00f6ra upprustningen. F\u00f6rslaget \u00e4r d\u00e4rf\u00f6r att i\u00a0samverkan med civilsamh\u00e4llet komplettera skidskyttebanan i Storvreta till nationell t\u00e4vlingsstandard.<\/p>\n<p>L\u00e4s motionen <a href=\"http:\/\/wp.kristdemokraterna.se\/uppsala\/files\/2021\/05\/motion-om-nationell-standard-pa-skidskyttebanan-i-storvreta-2.pdf\">i sin helhet h\u00e4r.<\/a><\/p>\n","protected":false},"excerpt":{"rendered":"<p>I en motion till kommunfullm\u00e4ktige den 26 maj f\u00f6resl\u00e5r Kristdemokraterna att rusta upp skidskyttebanan i Storvreta s\u00e5 att den f\u00e5r nationell t\u00e4vlingsstandard. Det som saknas \u00e4r ett antal digitala m\u00e5l och en l\u00e4ktare f\u00f6r funktion\u00e4rer och publik &#8211; \u00f6vriga miljonupprustningar har f\u00f6reningen redan betalat sj\u00e4lva. Sedan s\u00e4songen 2009\/2010 \u00e4r Storvreta IK Skidor \u00e4r medlemmar i <a class=\"read-more-link\" href=\"https:\/\/wp.kristdemokraterna.se\/uppsala\/kd-dags-for-nationell-tavlingsstandard\/\">Read More<\/a><\/p>\n","protected":false},"author":702,"featured_media":0,"comment_status":"closed","ping_status":"closed","sticky":false,"template":"","format":"standard","meta":{"_acf_changed":false,"footnotes":""},"categories":[251],"tags":[],"class_list":["post-3962","post","type-post","status-publish","format-standard","hentry","category-kultur-o-fritid"],"acf":[],"yoast_head":"<!-- This site is optimized with the Yoast SEO plugin v27.4 - https:\/\/yoast.com\/product\/yoast-seo-wordpress\/ -->\n<title>KD: Dags f\u00f6r nationell t\u00e4vlingsstandard p\u00e5 skidskyttet i Storvreta | Kristdemokraterna | Uppsala<\/title>\n<meta name=\"robots\" content=\"index, follow, max-snippet:-1, max-image-preview:large, max-video-preview:-1\" \/>\n<link rel=\"canonical\" href=\"https:\/\/wp.kristdemokraterna.se\/uppsala\/kd-dags-for-nationell-tavlingsstandard\/\" \/>\n<meta property=\"og:locale\" content=\"sv_SE\" \/>\n<meta property=\"og:type\" content=\"article\" \/>\n<meta property=\"og:title\" content=\"KD: Dags f\u00f6r nationell t\u00e4vlingsstandard p\u00e5 skidskyttet i Storvreta | Kristdemokraterna | Uppsala\" \/>\n<meta property=\"og:description\" content=\"I en motion till kommunfullm\u00e4ktige den 26 maj f\u00f6resl\u00e5r Kristdemokraterna att rusta upp skidskyttebanan i Storvreta s\u00e5 att den f\u00e5r nationell t\u00e4vlingsstandard. Det som saknas \u00e4r ett antal digitala m\u00e5l och en l\u00e4ktare f\u00f6r funktion\u00e4rer och publik &#8211; \u00f6vriga miljonupprustningar har f\u00f6reningen redan betalat sj\u00e4lva. Sedan s\u00e4songen 2009\/2010 \u00e4r Storvreta IK Skidor \u00e4r medlemmar i Read More\" \/>\n<meta property=\"og:url\" content=\"https:\/\/wp.kristdemokraterna.se\/uppsala\/kd-dags-for-nationell-tavlingsstandard\/\" \/>\n<meta property=\"og:site_name\" content=\"Kristdemokraterna | Uppsala\" \/>\n<meta property=\"article:publisher\" content=\"https:\/\/www.facebook.com\/UppsalaKD\/\" \/>\n<meta property=\"article:published_time\" content=\"2021-05-27T07:51:24+00:00\" \/>\n<meta property=\"article:modified_time\" content=\"2024-04-07T16:01:58+00:00\" \/>\n<meta property=\"og:image\" content=\"https:\/\/wp.kristdemokraterna.se\/uppsala\/files\/2021\/12\/kom1.png\" \/>\n\t<meta property=\"og:image:width\" content=\"770\" \/>\n\t<meta property=\"og:image:height\" content=\"404\" \/>\n\t<meta property=\"og:image:type\" content=\"image\/png\" \/>\n<meta name=\"author\" content=\"Mimmi Westerlund\" \/>\n<meta name=\"twitter:card\" content=\"summary_large_image\" \/>\n<meta name=\"twitter:label1\" content=\"Skriven av\" \/>\n\t<meta name=\"twitter:data1\" content=\"Mimmi Westerlund\" \/>\n\t<meta name=\"twitter:label2\" content=\"Ber\u00e4knad l\u00e4stid\" \/>\n\t<meta name=\"twitter:data2\" content=\"2 minuter\" \/>\n<script type=\"application\/ld+json\" class=\"yoast-schema-graph\">{\"@context\":\"https:\\\/\\\/schema.org\",\"@graph\":[{\"@type\":\"Article\",\"@id\":\"https:\\\/\\\/wp.kristdemokraterna.se\\\/uppsala\\\/kd-dags-for-nationell-tavlingsstandard\\\/#article\",\"isPartOf\":{\"@id\":\"https:\\\/\\\/wp.kristdemokraterna.se\\\/uppsala\\\/kd-dags-for-nationell-tavlingsstandard\\\/\"},\"author\":{\"name\":\"Mimmi Westerlund\",\"@id\":\"https:\\\/\\\/wp.kristdemokraterna.se\\\/uppsala\\\/#\\\/schema\\\/person\\\/038d805d685fb0ce5ad14ab8711d8e84\"},\"headline\":\"KD: Dags f\u00f6r nationell t\u00e4vlingsstandard p\u00e5 skidskyttet i Storvreta\",\"datePublished\":\"2021-05-27T07:51:24+00:00\",\"dateModified\":\"2024-04-07T16:01:58+00:00\",\"mainEntityOfPage\":{\"@id\":\"https:\\\/\\\/wp.kristdemokraterna.se\\\/uppsala\\\/kd-dags-for-nationell-tavlingsstandard\\\/\"},\"wordCount\":420,\"publisher\":{\"@id\":\"https:\\\/\\\/wp.kristdemokraterna.se\\\/uppsala\\\/#organization\"},\"articleSection\":[\"Kultur &amp; Fritid\"],\"inLanguage\":\"sv-SE\"},{\"@type\":\"WebPage\",\"@id\":\"https:\\\/\\\/wp.kristdemokraterna.se\\\/uppsala\\\/kd-dags-for-nationell-tavlingsstandard\\\/\",\"url\":\"https:\\\/\\\/wp.kristdemokraterna.se\\\/uppsala\\\/kd-dags-for-nationell-tavlingsstandard\\\/\",\"name\":\"KD: Dags f\u00f6r nationell t\u00e4vlingsstandard p\u00e5 skidskyttet i Storvreta | Kristdemokraterna | Uppsala\",\"isPartOf\":{\"@id\":\"https:\\\/\\\/wp.kristdemokraterna.se\\\/uppsala\\\/#website\"},\"datePublished\":\"2021-05-27T07:51:24+00:00\",\"dateModified\":\"2024-04-07T16:01:58+00:00\",\"breadcrumb\":{\"@id\":\"https:\\\/\\\/wp.kristdemokraterna.se\\\/uppsala\\\/kd-dags-for-nationell-tavlingsstandard\\\/#breadcrumb\"},\"inLanguage\":\"sv-SE\",\"potentialAction\":[{\"@type\":\"ReadAction\",\"target\":[\"https:\\\/\\\/wp.kristdemokraterna.se\\\/uppsala\\\/kd-dags-for-nationell-tavlingsstandard\\\/\"]}]},{\"@type\":\"BreadcrumbList\",\"@id\":\"https:\\\/\\\/wp.kristdemokraterna.se\\\/uppsala\\\/kd-dags-for-nationell-tavlingsstandard\\\/#breadcrumb\",\"itemListElement\":[{\"@type\":\"ListItem\",\"position\":1,\"name\":\"Hem\",\"item\":\"https:\\\/\\\/wp.kristdemokraterna.se\\\/uppsala\\\/\"},{\"@type\":\"ListItem\",\"position\":2,\"name\":\"KD: Dags f\u00f6r nationell t\u00e4vlingsstandard p\u00e5 skidskyttet i Storvreta\"}]},{\"@type\":\"WebSite\",\"@id\":\"https:\\\/\\\/wp.kristdemokraterna.se\\\/uppsala\\\/#website\",\"url\":\"https:\\\/\\\/wp.kristdemokraterna.se\\\/uppsala\\\/\",\"name\":\"Kristdemokraterna Uppsala\",\"description\":\"Tryggare Uppsala\",\"publisher\":{\"@id\":\"https:\\\/\\\/wp.kristdemokraterna.se\\\/uppsala\\\/#organization\"},\"inLanguage\":\"sv-SE\"},{\"@type\":\"Organization\",\"@id\":\"https:\\\/\\\/wp.kristdemokraterna.se\\\/uppsala\\\/#organization\",\"name\":\"Kristdemokraterna Uppsala\",\"url\":\"https:\\\/\\\/wp.kristdemokraterna.se\\\/uppsala\\\/\",\"logo\":{\"@type\":\"ImageObject\",\"inLanguage\":\"sv-SE\",\"@id\":\"https:\\\/\\\/wp.kristdemokraterna.se\\\/uppsala\\\/#\\\/schema\\\/logo\\\/image\\\/\",\"url\":\"https:\\\/\\\/wp.kristdemokraterna.se\\\/uppsala\\\/files\\\/2019\\\/10\\\/kd-uppsala.png\",\"contentUrl\":\"https:\\\/\\\/wp.kristdemokraterna.se\\\/uppsala\\\/files\\\/2019\\\/10\\\/kd-uppsala.png\",\"width\":804,\"height\":421,\"caption\":\"Kristdemokraterna Uppsala\"},\"image\":{\"@id\":\"https:\\\/\\\/wp.kristdemokraterna.se\\\/uppsala\\\/#\\\/schema\\\/logo\\\/image\\\/\"},\"sameAs\":[\"https:\\\/\\\/www.facebook.com\\\/UppsalaKD\\\/\",\"https:\\\/\\\/www.instagram.com\\\/uppsalakd\\\/\"]},{\"@type\":\"Person\",\"@id\":\"https:\\\/\\\/wp.kristdemokraterna.se\\\/uppsala\\\/#\\\/schema\\\/person\\\/038d805d685fb0ce5ad14ab8711d8e84\",\"name\":\"Mimmi Westerlund\",\"image\":{\"@type\":\"ImageObject\",\"inLanguage\":\"sv-SE\",\"@id\":\"https:\\\/\\\/secure.gravatar.com\\\/avatar\\\/a5697359f709b6b10d9c7e6a7c89f3e054554dedb4657d5ffe9e5bc5b1445841?s=96&r=g\",\"url\":\"https:\\\/\\\/secure.gravatar.com\\\/avatar\\\/a5697359f709b6b10d9c7e6a7c89f3e054554dedb4657d5ffe9e5bc5b1445841?s=96&r=g\",\"contentUrl\":\"https:\\\/\\\/secure.gravatar.com\\\/avatar\\\/a5697359f709b6b10d9c7e6a7c89f3e054554dedb4657d5ffe9e5bc5b1445841?s=96&r=g\",\"caption\":\"Mimmi Westerlund\"},\"url\":\"https:\\\/\\\/wp.kristdemokraterna.se\\\/uppsala\\\/author\\\/mimmi\\\/\"}]}<\/script>\n<!-- \/ Yoast SEO plugin. -->","yoast_head_json":{"title":"KD: Dags f\u00f6r nationell t\u00e4vlingsstandard p\u00e5 skidskyttet i Storvreta | Kristdemokraterna | Uppsala","robots":{"index":"index","follow":"follow","max-snippet":"max-snippet:-1","max-image-preview":"max-image-preview:large","max-video-preview":"max-video-preview:-1"},"canonical":"https:\/\/wp.kristdemokraterna.se\/uppsala\/kd-dags-for-nationell-tavlingsstandard\/","og_locale":"sv_SE","og_type":"article","og_title":"KD: Dags f\u00f6r nationell t\u00e4vlingsstandard p\u00e5 skidskyttet i Storvreta | Kristdemokraterna | Uppsala","og_description":"I en motion till kommunfullm\u00e4ktige den 26 maj f\u00f6resl\u00e5r Kristdemokraterna att rusta upp skidskyttebanan i Storvreta s\u00e5 att den f\u00e5r nationell t\u00e4vlingsstandard. Det som saknas \u00e4r ett antal digitala m\u00e5l och en l\u00e4ktare f\u00f6r funktion\u00e4rer och publik &#8211; \u00f6vriga miljonupprustningar har f\u00f6reningen redan betalat sj\u00e4lva. Sedan s\u00e4songen 2009\/2010 \u00e4r Storvreta IK Skidor \u00e4r medlemmar i Read More","og_url":"https:\/\/wp.kristdemokraterna.se\/uppsala\/kd-dags-for-nationell-tavlingsstandard\/","og_site_name":"Kristdemokraterna | Uppsala","article_publisher":"https:\/\/www.facebook.com\/UppsalaKD\/","article_published_time":"2021-05-27T07:51:24+00:00","article_modified_time":"2024-04-07T16:01:58+00:00","og_image":[{"width":770,"height":404,"url":"https:\/\/wp.kristdemokraterna.se\/uppsala\/files\/2021\/12\/kom1.png","type":"image\/png"}],"author":"Mimmi Westerlund","twitter_card":"summary_large_image","twitter_misc":{"Skriven av":"Mimmi Westerlund","Ber\u00e4knad l\u00e4stid":"2 minuter"},"schema":{"@context":"https:\/\/schema.org","@graph":[{"@type":"Article","@id":"https:\/\/wp.kristdemokraterna.se\/uppsala\/kd-dags-for-nationell-tavlingsstandard\/#article","isPartOf":{"@id":"https:\/\/wp.kristdemokraterna.se\/uppsala\/kd-dags-for-nationell-tavlingsstandard\/"},"author":{"name":"Mimmi Westerlund","@id":"https:\/\/wp.kristdemokraterna.se\/uppsala\/#\/schema\/person\/038d805d685fb0ce5ad14ab8711d8e84"},"headline":"KD: Dags f\u00f6r nationell t\u00e4vlingsstandard p\u00e5 skidskyttet i Storvreta","datePublished":"2021-05-27T07:51:24+00:00","dateModified":"2024-04-07T16:01:58+00:00","mainEntityOfPage":{"@id":"https:\/\/wp.kristdemokraterna.se\/uppsala\/kd-dags-for-nationell-tavlingsstandard\/"},"wordCount":420,"publisher":{"@id":"https:\/\/wp.kristdemokraterna.se\/uppsala\/#organization"},"articleSection":["Kultur &amp; Fritid"],"inLanguage":"sv-SE"},{"@type":"WebPage","@id":"https:\/\/wp.kristdemokraterna.se\/uppsala\/kd-dags-for-nationell-tavlingsstandard\/","url":"https:\/\/wp.kristdemokraterna.se\/uppsala\/kd-dags-for-nationell-tavlingsstandard\/","name":"KD: Dags f\u00f6r nationell t\u00e4vlingsstandard p\u00e5 skidskyttet i Storvreta | Kristdemokraterna | Uppsala","isPartOf":{"@id":"https:\/\/wp.kristdemokraterna.se\/uppsala\/#website"},"datePublished":"2021-05-27T07:51:24+00:00","dateModified":"2024-04-07T16:01:58+00:00","breadcrumb":{"@id":"https:\/\/wp.kristdemokraterna.se\/uppsala\/kd-dags-for-nationell-tavlingsstandard\/#breadcrumb"},"inLanguage":"sv-SE","potentialAction":[{"@type":"ReadAction","target":["https:\/\/wp.kristdemokraterna.se\/uppsala\/kd-dags-for-nationell-tavlingsstandard\/"]}]},{"@type":"BreadcrumbList","@id":"https:\/\/wp.kristdemokraterna.se\/uppsala\/kd-dags-for-nationell-tavlingsstandard\/#breadcrumb","itemListElement":[{"@type":"ListItem","position":1,"name":"Hem","item":"https:\/\/wp.kristdemokraterna.se\/uppsala\/"},{"@type":"ListItem","position":2,"name":"KD: Dags f\u00f6r nationell t\u00e4vlingsstandard p\u00e5 skidskyttet i Storvreta"}]},{"@type":"WebSite","@id":"https:\/\/wp.kristdemokraterna.se\/uppsala\/#website","url":"https:\/\/wp.kristdemokraterna.se\/uppsala\/","name":"Kristdemokraterna Uppsala","description":"Tryggare Uppsala","publisher":{"@id":"https:\/\/wp.kristdemokraterna.se\/uppsala\/#organization"},"inLanguage":"sv-SE"},{"@type":"Organization","@id":"https:\/\/wp.kristdemokraterna.se\/uppsala\/#organization","name":"Kristdemokraterna Uppsala","url":"https:\/\/wp.kristdemokraterna.se\/uppsala\/","logo":{"@type":"ImageObject","inLanguage":"sv-SE","@id":"https:\/\/wp.kristdemokraterna.se\/uppsala\/#\/schema\/logo\/image\/","url":"https:\/\/wp.kristdemokraterna.se\/uppsala\/files\/2019\/10\/kd-uppsala.png","contentUrl":"https:\/\/wp.kristdemokraterna.se\/uppsala\/files\/2019\/10\/kd-uppsala.png","width":804,"height":421,"caption":"Kristdemokraterna Uppsala"},"image":{"@id":"https:\/\/wp.kristdemokraterna.se\/uppsala\/#\/schema\/logo\/image\/"},"sameAs":["https:\/\/www.facebook.com\/UppsalaKD\/","https:\/\/www.instagram.com\/uppsalakd\/"]},{"@type":"Person","@id":"https:\/\/wp.kristdemokraterna.se\/uppsala\/#\/schema\/person\/038d805d685fb0ce5ad14ab8711d8e84","name":"Mimmi Westerlund","image":{"@type":"ImageObject","inLanguage":"sv-SE","@id":"https:\/\/secure.gravatar.com\/avatar\/a5697359f709b6b10d9c7e6a7c89f3e054554dedb4657d5ffe9e5bc5b1445841?s=96&r=g","url":"https:\/\/secure.gravatar.com\/avatar\/a5697359f709b6b10d9c7e6a7c89f3e054554dedb4657d5ffe9e5bc5b1445841?s=96&r=g","contentUrl":"https:\/\/secure.gravatar.com\/avatar\/a5697359f709b6b10d9c7e6a7c89f3e054554dedb4657d5ffe9e5bc5b1445841?s=96&r=g","caption":"Mimmi Westerlund"},"url":"https:\/\/wp.kristdemokraterna.se\/uppsala\/author\/mimmi\/"}]}},"_links":{"self":[{"href":"https:\/\/wp.kristdemokraterna.se\/uppsala\/wp-json\/wp\/v2\/posts\/3962","targetHints":{"allow":["GET"]}}],"collection":[{"href":"https:\/\/wp.kristdemokraterna.se\/uppsala\/wp-json\/wp\/v2\/posts"}],"about":[{"href":"https:\/\/wp.kristdemokraterna.se\/uppsala\/wp-json\/wp\/v2\/types\/post"}],"author":[{"embeddable":true,"href":"https:\/\/wp.kristdemokraterna.se\/uppsala\/wp-json\/wp\/v2\/users\/702"}],"replies":[{"embeddable":true,"href":"https:\/\/wp.kristdemokraterna.se\/uppsala\/wp-json\/wp\/v2\/comments?post=3962"}],"version-history":[{"count":16,"href":"https:\/\/wp.kristdemokraterna.se\/uppsala\/wp-json\/wp\/v2\/posts\/3962\/revisions"}],"predecessor-version":[{"id":3983,"href":"https:\/\/wp.kristdemokraterna.se\/uppsala\/wp-json\/wp\/v2\/posts\/3962\/revisions\/3983"}],"wp:attachment":[{"href":"https:\/\/wp.kristdemokraterna.se\/uppsala\/wp-json\/wp\/v2\/media?parent=3962"}],"wp:term":[{"taxonomy":"category","embeddable":true,"href":"https:\/\/wp.kristdemokraterna.se\/uppsala\/wp-json\/wp\/v2\/categories?post=3962"},{"taxonomy":"post_tag","embeddable":true,"href":"https:\/\/wp.kristdemokraterna.se\/uppsala\/wp-json\/wp\/v2\/tags?post=3962"}],"curies":[{"name":"wp","href":"https:\/\/api.w.org\/{rel}","templated":true}]}}