{"id":3996,"date":"2021-12-16T09:28:39","date_gmt":"2021-12-16T08:28:39","guid":{"rendered":"https:\/\/wp.kristdemokraterna.se\/uppsala\/?p=3996"},"modified":"2024-04-07T17:29:52","modified_gmt":"2024-04-07T15:29:52","slug":"kristdemokraterna-i-region-uppsala-soker-digital-kommunikator-och-politisk-sekreterare","status":"publish","type":"post","link":"https:\/\/wp.kristdemokraterna.se\/uppsala\/kristdemokraterna-i-region-uppsala-soker-digital-kommunikator-och-politisk-sekreterare\/","title":{"rendered":"Kristdemokraterna i Region Uppsala s\u00f6ker digital kommunikat\u00f6r och politisk sekreterare"},"content":{"rendered":"<p><strong>V\u00e5r mycket uppskattade politiska sekreterare har f\u00e5tt nya sp\u00e4nnande uppdrag och d\u00e4rf\u00f6r s\u00f6ker vi nu hennes eftertr\u00e4dare.\u00a0\u00c4r det dig vi s\u00f6ker?<\/strong><\/p>\n<p>I s\u00e5 fall \u00e4r du en skicklig digital kommunikat\u00f6r som kommer att jobba t\u00e4tt ihop med Region Uppsalas kristdemokratiska regionr\u00e5d och fullm\u00e4ktigegrupp. Dina dagar kommer till st\u00f6rsta del att fyllas av press, kommunikation, administration och sociala medier vilka du tar dig an med strategisk sk\u00e4rpa.<\/p>\n<p>Om vi g\u00e5r in lite mer p\u00e5 detaljniv\u00e5 s\u00e5 h\u00f6r \u00e4ven arbetsuppgifter som omv\u00e4rldsbevakning, presskontakter, hantering och utvecklande av sociala medier, artikelf\u00f6rfattande, pressberedskap, framtagande av pressmeddelanden, strategier, underlag och politiska utspel till din nya tj\u00e4nst.<\/p>\n<p>Du som s\u00f6ker har ett stort politiskt intresse, \u00e4r initiativrik och nyt\u00e4nkande. Du \u00e4r ut\u00e5triktad och van att arbeta under tidspress. Du ska vara en mycket god skribent och uttrycka dig v\u00e4l i tal och skrift. Arbetet sker emellan\u00e5t kv\u00e4llstid och inneh\u00e5ller arbetstoppar, f\u00f6r att hantera detta kommer du att ha f\u00f6rtroendearbetstid vilket ocks\u00e5 inneb\u00e4r att du har m\u00f6jlighet och ska jobba mindre d\u00e4remellan.<\/p>\n<p>Vidare har du som s\u00f6ker l\u00e4tt f\u00f6r att s\u00e4tta dig in i nya fr\u00e5gor och gillar att samarbeta med andra samtidigt som du har f\u00f6rm\u00e5gan att arbeta sj\u00e4lvst\u00e4ndigt. Du hittar essensen i ett komplext politiskt budskap och vet att tillg\u00e4ngligg\u00f6ra det f\u00f6r olika m\u00e5lgrupper.<\/p>\n<p>Erfarenhet av tidigare pressekreteraruppdrag, strategisk kommunikation, kommunalpolitik, annonsering i sociala medier, fotografering, bildredigering, videoproduktion samt skapande av content f\u00f6r sociala medier exempelvis i Canva, Photoshop, InDesign, och Premiere Pro \u00e4r meriterande.<\/p>\n<p>Arbetet \u00e4r f\u00f6rlagt till Regionens hus centralt i Uppsala. Individuell l\u00f6nes\u00e4ttning till\u00e4mpas. Tj\u00e4nsten \u00e4r tidsbegr\u00e4nsad till 31\/12 2022 men med m\u00f6jlig f\u00f6rl\u00e4ngning f\u00f6r kommande mandatperiod. Tilltr\u00e4de tidigast 10 januari. Ans\u00f6kningarna kommer att behandlas l\u00f6pande.<\/p>\n<p><strong>Skicka ans\u00f6kan till:<\/strong> bjorn-owe.bjork@regionuppsala.se<br \/>\n<strong>Vid fr\u00e5gor, ring:<\/strong> 072-217 32 78<\/p>\n","protected":false},"excerpt":{"rendered":"<p>V\u00e5r mycket uppskattade politiska sekreterare har f\u00e5tt nya sp\u00e4nnande uppdrag och d\u00e4rf\u00f6r s\u00f6ker vi nu hennes eftertr\u00e4dare.\u00a0\u00c4r det dig vi s\u00f6ker? I s\u00e5 fall \u00e4r du en skicklig digital kommunikat\u00f6r som kommer att jobba t\u00e4tt ihop med Region Uppsalas kristdemokratiska regionr\u00e5d och fullm\u00e4ktigegrupp. Dina dagar kommer till st\u00f6rsta del att fyllas av press, kommunikation, administration <a class=\"read-more-link\" href=\"https:\/\/wp.kristdemokraterna.se\/uppsala\/kristdemokraterna-i-region-uppsala-soker-digital-kommunikator-och-politisk-sekreterare\/\">Read More<\/a><\/p>\n","protected":false},"author":702,"featured_media":0,"comment_status":"closed","ping_status":"closed","sticky":false,"template":"","format":"standard","meta":{"_acf_changed":false,"footnotes":""},"categories":[257],"tags":[],"class_list":["post-3996","post","type-post","status-publish","format-standard","hentry","category-vill-du-jobba-med-oss"],"acf":[],"yoast_head":"<!-- This site is optimized with the Yoast SEO plugin v27.4 - https:\/\/yoast.com\/product\/yoast-seo-wordpress\/ -->\n<title>Kristdemokraterna i Region Uppsala s\u00f6ker digital kommunikat\u00f6r och politisk sekreterare | Kristdemokraterna | Uppsala<\/title>\n<meta name=\"robots\" content=\"index, follow, max-snippet:-1, max-image-preview:large, max-video-preview:-1\" \/>\n<link rel=\"canonical\" href=\"https:\/\/wp.kristdemokraterna.se\/uppsala\/kristdemokraterna-i-region-uppsala-soker-digital-kommunikator-och-politisk-sekreterare\/\" \/>\n<meta property=\"og:locale\" content=\"sv_SE\" \/>\n<meta property=\"og:type\" content=\"article\" \/>\n<meta property=\"og:title\" content=\"Kristdemokraterna i Region Uppsala s\u00f6ker digital kommunikat\u00f6r och politisk sekreterare | Kristdemokraterna | Uppsala\" \/>\n<meta property=\"og:description\" content=\"V\u00e5r mycket uppskattade politiska sekreterare har f\u00e5tt nya sp\u00e4nnande uppdrag och d\u00e4rf\u00f6r s\u00f6ker vi nu hennes eftertr\u00e4dare.\u00a0\u00c4r det dig vi s\u00f6ker? I s\u00e5 fall \u00e4r du en skicklig digital kommunikat\u00f6r som kommer att jobba t\u00e4tt ihop med Region Uppsalas kristdemokratiska regionr\u00e5d och fullm\u00e4ktigegrupp. Dina dagar kommer till st\u00f6rsta del att fyllas av press, kommunikation, administration Read More\" \/>\n<meta property=\"og:url\" content=\"https:\/\/wp.kristdemokraterna.se\/uppsala\/kristdemokraterna-i-region-uppsala-soker-digital-kommunikator-och-politisk-sekreterare\/\" \/>\n<meta property=\"og:site_name\" content=\"Kristdemokraterna | Uppsala\" \/>\n<meta property=\"article:publisher\" content=\"https:\/\/www.facebook.com\/UppsalaKD\/\" \/>\n<meta property=\"article:published_time\" content=\"2021-12-16T08:28:39+00:00\" \/>\n<meta property=\"article:modified_time\" content=\"2024-04-07T15:29:52+00:00\" \/>\n<meta property=\"og:image\" content=\"https:\/\/wp.kristdemokraterna.se\/uppsala\/files\/2021\/12\/kom1.png\" \/>\n\t<meta property=\"og:image:width\" content=\"770\" \/>\n\t<meta property=\"og:image:height\" content=\"404\" \/>\n\t<meta property=\"og:image:type\" content=\"image\/png\" \/>\n<meta name=\"author\" content=\"Mimmi Westerlund\" \/>\n<meta name=\"twitter:card\" content=\"summary_large_image\" \/>\n<meta name=\"twitter:label1\" content=\"Skriven av\" \/>\n\t<meta name=\"twitter:data1\" content=\"Mimmi Westerlund\" \/>\n\t<meta name=\"twitter:label2\" content=\"Ber\u00e4knad l\u00e4stid\" \/>\n\t<meta name=\"twitter:data2\" content=\"2 minuter\" \/>\n<script type=\"application\/ld+json\" class=\"yoast-schema-graph\">{\"@context\":\"https:\\\/\\\/schema.org\",\"@graph\":[{\"@type\":\"Article\",\"@id\":\"https:\\\/\\\/wp.kristdemokraterna.se\\\/uppsala\\\/kristdemokraterna-i-region-uppsala-soker-digital-kommunikator-och-politisk-sekreterare\\\/#article\",\"isPartOf\":{\"@id\":\"https:\\\/\\\/wp.kristdemokraterna.se\\\/uppsala\\\/kristdemokraterna-i-region-uppsala-soker-digital-kommunikator-och-politisk-sekreterare\\\/\"},\"author\":{\"name\":\"Mimmi Westerlund\",\"@id\":\"https:\\\/\\\/wp.kristdemokraterna.se\\\/uppsala\\\/#\\\/schema\\\/person\\\/038d805d685fb0ce5ad14ab8711d8e84\"},\"headline\":\"Kristdemokraterna i Region Uppsala s\u00f6ker digital kommunikat\u00f6r och politisk sekreterare\",\"datePublished\":\"2021-12-16T08:28:39+00:00\",\"dateModified\":\"2024-04-07T15:29:52+00:00\",\"mainEntityOfPage\":{\"@id\":\"https:\\\/\\\/wp.kristdemokraterna.se\\\/uppsala\\\/kristdemokraterna-i-region-uppsala-soker-digital-kommunikator-och-politisk-sekreterare\\\/\"},\"wordCount\":355,\"publisher\":{\"@id\":\"https:\\\/\\\/wp.kristdemokraterna.se\\\/uppsala\\\/#organization\"},\"articleSection\":[\"Vill du jobba med oss?\"],\"inLanguage\":\"sv-SE\"},{\"@type\":\"WebPage\",\"@id\":\"https:\\\/\\\/wp.kristdemokraterna.se\\\/uppsala\\\/kristdemokraterna-i-region-uppsala-soker-digital-kommunikator-och-politisk-sekreterare\\\/\",\"url\":\"https:\\\/\\\/wp.kristdemokraterna.se\\\/uppsala\\\/kristdemokraterna-i-region-uppsala-soker-digital-kommunikator-och-politisk-sekreterare\\\/\",\"name\":\"Kristdemokraterna i Region Uppsala s\u00f6ker digital kommunikat\u00f6r och politisk sekreterare | Kristdemokraterna | Uppsala\",\"isPartOf\":{\"@id\":\"https:\\\/\\\/wp.kristdemokraterna.se\\\/uppsala\\\/#website\"},\"datePublished\":\"2021-12-16T08:28:39+00:00\",\"dateModified\":\"2024-04-07T15:29:52+00:00\",\"breadcrumb\":{\"@id\":\"https:\\\/\\\/wp.kristdemokraterna.se\\\/uppsala\\\/kristdemokraterna-i-region-uppsala-soker-digital-kommunikator-och-politisk-sekreterare\\\/#breadcrumb\"},\"inLanguage\":\"sv-SE\",\"potentialAction\":[{\"@type\":\"ReadAction\",\"target\":[\"https:\\\/\\\/wp.kristdemokraterna.se\\\/uppsala\\\/kristdemokraterna-i-region-uppsala-soker-digital-kommunikator-och-politisk-sekreterare\\\/\"]}]},{\"@type\":\"BreadcrumbList\",\"@id\":\"https:\\\/\\\/wp.kristdemokraterna.se\\\/uppsala\\\/kristdemokraterna-i-region-uppsala-soker-digital-kommunikator-och-politisk-sekreterare\\\/#breadcrumb\",\"itemListElement\":[{\"@type\":\"ListItem\",\"position\":1,\"name\":\"Hem\",\"item\":\"https:\\\/\\\/wp.kristdemokraterna.se\\\/uppsala\\\/\"},{\"@type\":\"ListItem\",\"position\":2,\"name\":\"Kristdemokraterna i Region Uppsala s\u00f6ker digital kommunikat\u00f6r och politisk sekreterare\"}]},{\"@type\":\"WebSite\",\"@id\":\"https:\\\/\\\/wp.kristdemokraterna.se\\\/uppsala\\\/#website\",\"url\":\"https:\\\/\\\/wp.kristdemokraterna.se\\\/uppsala\\\/\",\"name\":\"Kristdemokraterna Uppsala\",\"description\":\"Tryggare Uppsala\",\"publisher\":{\"@id\":\"https:\\\/\\\/wp.kristdemokraterna.se\\\/uppsala\\\/#organization\"},\"inLanguage\":\"sv-SE\"},{\"@type\":\"Organization\",\"@id\":\"https:\\\/\\\/wp.kristdemokraterna.se\\\/uppsala\\\/#organization\",\"name\":\"Kristdemokraterna Uppsala\",\"url\":\"https:\\\/\\\/wp.kristdemokraterna.se\\\/uppsala\\\/\",\"logo\":{\"@type\":\"ImageObject\",\"inLanguage\":\"sv-SE\",\"@id\":\"https:\\\/\\\/wp.kristdemokraterna.se\\\/uppsala\\\/#\\\/schema\\\/logo\\\/image\\\/\",\"url\":\"https:\\\/\\\/wp.kristdemokraterna.se\\\/uppsala\\\/files\\\/2019\\\/10\\\/kd-uppsala.png\",\"contentUrl\":\"https:\\\/\\\/wp.kristdemokraterna.se\\\/uppsala\\\/files\\\/2019\\\/10\\\/kd-uppsala.png\",\"width\":804,\"height\":421,\"caption\":\"Kristdemokraterna Uppsala\"},\"image\":{\"@id\":\"https:\\\/\\\/wp.kristdemokraterna.se\\\/uppsala\\\/#\\\/schema\\\/logo\\\/image\\\/\"},\"sameAs\":[\"https:\\\/\\\/www.facebook.com\\\/UppsalaKD\\\/\",\"https:\\\/\\\/www.instagram.com\\\/uppsalakd\\\/\"]},{\"@type\":\"Person\",\"@id\":\"https:\\\/\\\/wp.kristdemokraterna.se\\\/uppsala\\\/#\\\/schema\\\/person\\\/038d805d685fb0ce5ad14ab8711d8e84\",\"name\":\"Mimmi Westerlund\",\"image\":{\"@type\":\"ImageObject\",\"inLanguage\":\"sv-SE\",\"@id\":\"https:\\\/\\\/secure.gravatar.com\\\/avatar\\\/a5697359f709b6b10d9c7e6a7c89f3e054554dedb4657d5ffe9e5bc5b1445841?s=96&r=g\",\"url\":\"https:\\\/\\\/secure.gravatar.com\\\/avatar\\\/a5697359f709b6b10d9c7e6a7c89f3e054554dedb4657d5ffe9e5bc5b1445841?s=96&r=g\",\"contentUrl\":\"https:\\\/\\\/secure.gravatar.com\\\/avatar\\\/a5697359f709b6b10d9c7e6a7c89f3e054554dedb4657d5ffe9e5bc5b1445841?s=96&r=g\",\"caption\":\"Mimmi Westerlund\"},\"url\":\"https:\\\/\\\/wp.kristdemokraterna.se\\\/uppsala\\\/author\\\/mimmi\\\/\"}]}<\/script>\n<!-- \/ Yoast SEO plugin. -->","yoast_head_json":{"title":"Kristdemokraterna i Region Uppsala s\u00f6ker digital kommunikat\u00f6r och politisk sekreterare | Kristdemokraterna | Uppsala","robots":{"index":"index","follow":"follow","max-snippet":"max-snippet:-1","max-image-preview":"max-image-preview:large","max-video-preview":"max-video-preview:-1"},"canonical":"https:\/\/wp.kristdemokraterna.se\/uppsala\/kristdemokraterna-i-region-uppsala-soker-digital-kommunikator-och-politisk-sekreterare\/","og_locale":"sv_SE","og_type":"article","og_title":"Kristdemokraterna i Region Uppsala s\u00f6ker digital kommunikat\u00f6r och politisk sekreterare | Kristdemokraterna | Uppsala","og_description":"V\u00e5r mycket uppskattade politiska sekreterare har f\u00e5tt nya sp\u00e4nnande uppdrag och d\u00e4rf\u00f6r s\u00f6ker vi nu hennes eftertr\u00e4dare.\u00a0\u00c4r det dig vi s\u00f6ker? I s\u00e5 fall \u00e4r du en skicklig digital kommunikat\u00f6r som kommer att jobba t\u00e4tt ihop med Region Uppsalas kristdemokratiska regionr\u00e5d och fullm\u00e4ktigegrupp. Dina dagar kommer till st\u00f6rsta del att fyllas av press, kommunikation, administration Read More","og_url":"https:\/\/wp.kristdemokraterna.se\/uppsala\/kristdemokraterna-i-region-uppsala-soker-digital-kommunikator-och-politisk-sekreterare\/","og_site_name":"Kristdemokraterna | Uppsala","article_publisher":"https:\/\/www.facebook.com\/UppsalaKD\/","article_published_time":"2021-12-16T08:28:39+00:00","article_modified_time":"2024-04-07T15:29:52+00:00","og_image":[{"width":770,"height":404,"url":"https:\/\/wp.kristdemokraterna.se\/uppsala\/files\/2021\/12\/kom1.png","type":"image\/png"}],"author":"Mimmi Westerlund","twitter_card":"summary_large_image","twitter_misc":{"Skriven av":"Mimmi Westerlund","Ber\u00e4knad l\u00e4stid":"2 minuter"},"schema":{"@context":"https:\/\/schema.org","@graph":[{"@type":"Article","@id":"https:\/\/wp.kristdemokraterna.se\/uppsala\/kristdemokraterna-i-region-uppsala-soker-digital-kommunikator-och-politisk-sekreterare\/#article","isPartOf":{"@id":"https:\/\/wp.kristdemokraterna.se\/uppsala\/kristdemokraterna-i-region-uppsala-soker-digital-kommunikator-och-politisk-sekreterare\/"},"author":{"name":"Mimmi Westerlund","@id":"https:\/\/wp.kristdemokraterna.se\/uppsala\/#\/schema\/person\/038d805d685fb0ce5ad14ab8711d8e84"},"headline":"Kristdemokraterna i Region Uppsala s\u00f6ker digital kommunikat\u00f6r och politisk sekreterare","datePublished":"2021-12-16T08:28:39+00:00","dateModified":"2024-04-07T15:29:52+00:00","mainEntityOfPage":{"@id":"https:\/\/wp.kristdemokraterna.se\/uppsala\/kristdemokraterna-i-region-uppsala-soker-digital-kommunikator-och-politisk-sekreterare\/"},"wordCount":355,"publisher":{"@id":"https:\/\/wp.kristdemokraterna.se\/uppsala\/#organization"},"articleSection":["Vill du jobba med oss?"],"inLanguage":"sv-SE"},{"@type":"WebPage","@id":"https:\/\/wp.kristdemokraterna.se\/uppsala\/kristdemokraterna-i-region-uppsala-soker-digital-kommunikator-och-politisk-sekreterare\/","url":"https:\/\/wp.kristdemokraterna.se\/uppsala\/kristdemokraterna-i-region-uppsala-soker-digital-kommunikator-och-politisk-sekreterare\/","name":"Kristdemokraterna i Region Uppsala s\u00f6ker digital kommunikat\u00f6r och politisk sekreterare | Kristdemokraterna | Uppsala","isPartOf":{"@id":"https:\/\/wp.kristdemokraterna.se\/uppsala\/#website"},"datePublished":"2021-12-16T08:28:39+00:00","dateModified":"2024-04-07T15:29:52+00:00","breadcrumb":{"@id":"https:\/\/wp.kristdemokraterna.se\/uppsala\/kristdemokraterna-i-region-uppsala-soker-digital-kommunikator-och-politisk-sekreterare\/#breadcrumb"},"inLanguage":"sv-SE","potentialAction":[{"@type":"ReadAction","target":["https:\/\/wp.kristdemokraterna.se\/uppsala\/kristdemokraterna-i-region-uppsala-soker-digital-kommunikator-och-politisk-sekreterare\/"]}]},{"@type":"BreadcrumbList","@id":"https:\/\/wp.kristdemokraterna.se\/uppsala\/kristdemokraterna-i-region-uppsala-soker-digital-kommunikator-och-politisk-sekreterare\/#breadcrumb","itemListElement":[{"@type":"ListItem","position":1,"name":"Hem","item":"https:\/\/wp.kristdemokraterna.se\/uppsala\/"},{"@type":"ListItem","position":2,"name":"Kristdemokraterna i Region Uppsala s\u00f6ker digital kommunikat\u00f6r och politisk sekreterare"}]},{"@type":"WebSite","@id":"https:\/\/wp.kristdemokraterna.se\/uppsala\/#website","url":"https:\/\/wp.kristdemokraterna.se\/uppsala\/","name":"Kristdemokraterna Uppsala","description":"Tryggare Uppsala","publisher":{"@id":"https:\/\/wp.kristdemokraterna.se\/uppsala\/#organization"},"inLanguage":"sv-SE"},{"@type":"Organization","@id":"https:\/\/wp.kristdemokraterna.se\/uppsala\/#organization","name":"Kristdemokraterna Uppsala","url":"https:\/\/wp.kristdemokraterna.se\/uppsala\/","logo":{"@type":"ImageObject","inLanguage":"sv-SE","@id":"https:\/\/wp.kristdemokraterna.se\/uppsala\/#\/schema\/logo\/image\/","url":"https:\/\/wp.kristdemokraterna.se\/uppsala\/files\/2019\/10\/kd-uppsala.png","contentUrl":"https:\/\/wp.kristdemokraterna.se\/uppsala\/files\/2019\/10\/kd-uppsala.png","width":804,"height":421,"caption":"Kristdemokraterna Uppsala"},"image":{"@id":"https:\/\/wp.kristdemokraterna.se\/uppsala\/#\/schema\/logo\/image\/"},"sameAs":["https:\/\/www.facebook.com\/UppsalaKD\/","https:\/\/www.instagram.com\/uppsalakd\/"]},{"@type":"Person","@id":"https:\/\/wp.kristdemokraterna.se\/uppsala\/#\/schema\/person\/038d805d685fb0ce5ad14ab8711d8e84","name":"Mimmi Westerlund","image":{"@type":"ImageObject","inLanguage":"sv-SE","@id":"https:\/\/secure.gravatar.com\/avatar\/a5697359f709b6b10d9c7e6a7c89f3e054554dedb4657d5ffe9e5bc5b1445841?s=96&r=g","url":"https:\/\/secure.gravatar.com\/avatar\/a5697359f709b6b10d9c7e6a7c89f3e054554dedb4657d5ffe9e5bc5b1445841?s=96&r=g","contentUrl":"https:\/\/secure.gravatar.com\/avatar\/a5697359f709b6b10d9c7e6a7c89f3e054554dedb4657d5ffe9e5bc5b1445841?s=96&r=g","caption":"Mimmi Westerlund"},"url":"https:\/\/wp.kristdemokraterna.se\/uppsala\/author\/mimmi\/"}]}},"_links":{"self":[{"href":"https:\/\/wp.kristdemokraterna.se\/uppsala\/wp-json\/wp\/v2\/posts\/3996","targetHints":{"allow":["GET"]}}],"collection":[{"href":"https:\/\/wp.kristdemokraterna.se\/uppsala\/wp-json\/wp\/v2\/posts"}],"about":[{"href":"https:\/\/wp.kristdemokraterna.se\/uppsala\/wp-json\/wp\/v2\/types\/post"}],"author":[{"embeddable":true,"href":"https:\/\/wp.kristdemokraterna.se\/uppsala\/wp-json\/wp\/v2\/users\/702"}],"replies":[{"embeddable":true,"href":"https:\/\/wp.kristdemokraterna.se\/uppsala\/wp-json\/wp\/v2\/comments?post=3996"}],"version-history":[{"count":5,"href":"https:\/\/wp.kristdemokraterna.se\/uppsala\/wp-json\/wp\/v2\/posts\/3996\/revisions"}],"predecessor-version":[{"id":4005,"href":"https:\/\/wp.kristdemokraterna.se\/uppsala\/wp-json\/wp\/v2\/posts\/3996\/revisions\/4005"}],"wp:attachment":[{"href":"https:\/\/wp.kristdemokraterna.se\/uppsala\/wp-json\/wp\/v2\/media?parent=3996"}],"wp:term":[{"taxonomy":"category","embeddable":true,"href":"https:\/\/wp.kristdemokraterna.se\/uppsala\/wp-json\/wp\/v2\/categories?post=3996"},{"taxonomy":"post_tag","embeddable":true,"href":"https:\/\/wp.kristdemokraterna.se\/uppsala\/wp-json\/wp\/v2\/tags?post=3996"}],"curies":[{"name":"wp","href":"https:\/\/api.w.org\/{rel}","templated":true}]}}