{"id":401,"date":"2012-05-15T18:44:49","date_gmt":"2012-05-15T16:44:49","guid":{"rendered":"http:\/\/www.uppsala.kristdemokraterna.se\/?p=401"},"modified":"2024-04-03T20:51:33","modified_gmt":"2024-04-03T18:51:33","slug":"kd-kampanj-pa-internationella-familjedagen","status":"publish","type":"post","link":"https:\/\/wp.kristdemokraterna.se\/uppsala\/kd-kampanj-pa-internationella-familjedagen\/","title":{"rendered":"KD kampanj p\u00e5 Internationella familjedagen"},"content":{"rendered":"<p><a href=\"http:\/\/www.uppsala.kristdemokraterna.se\/archives\/401\/uppsala_bild_2012-05-15\" rel=\"attachment wp-att-408\"><img loading=\"lazy\" decoding=\"async\" class=\"aligncenter size-medium wp-image-408\" title=\"uppsala_bild_2012-05-15\" src=\"http:\/\/wp.kristdemokraterna.se\/uppsala\/files\/2012\/05\/uppsala_bild_2012-05-15-400x267.jpg\" alt=\"Kampanj utanf\u00f6r Uppsala station\" width=\"400\" height=\"267\" \/><\/a>Mikael Oscarsson, Hugo Fi\u00e9vet, Felicia Lundqvist, Joel Pierrou, Jonas Segersam, Ebba Busch \u00e4r ute och kampanjar p\u00e5 Familjedagen. Flygbladen g\u00e5r som sm\u00f6r i solsken. Frihet f\u00f6r familjen!<\/p>\n","protected":false},"excerpt":{"rendered":"<p>Mikael Oscarsson, Hugo Fi\u00e9vet, Felicia Lundqvist, Joel Pierrou, Jonas Segersam, Ebba Busch \u00e4r ute och kampanjar p\u00e5 Familjedagen. Flygbladen g\u00e5r som sm\u00f6r i solsken. Frihet f\u00f6r familjen!<\/p>\n","protected":false},"author":564,"featured_media":0,"comment_status":"closed","ping_status":"closed","sticky":false,"template":"","format":"standard","meta":{"_acf_changed":false,"footnotes":""},"categories":[241],"tags":[12,30,38],"class_list":["post-401","post","type-post","status-publish","format-standard","hentry","category-familj-och-skola","tag-ebbabusch","tag-mikaeloscarsson","tag-uppsala"],"acf":[],"yoast_head":"<!-- This site is optimized with the Yoast SEO plugin v27.4 - https:\/\/yoast.com\/product\/yoast-seo-wordpress\/ -->\n<title>KD kampanj p\u00e5 Internationella familjedagen | Kristdemokraterna | Uppsala<\/title>\n<meta name=\"robots\" content=\"index, follow, max-snippet:-1, max-image-preview:large, max-video-preview:-1\" \/>\n<link rel=\"canonical\" href=\"https:\/\/wp.kristdemokraterna.se\/uppsala\/kd-kampanj-pa-internationella-familjedagen\/\" \/>\n<meta property=\"og:locale\" content=\"sv_SE\" \/>\n<meta property=\"og:type\" content=\"article\" \/>\n<meta property=\"og:title\" content=\"KD kampanj p\u00e5 Internationella familjedagen | Kristdemokraterna | Uppsala\" \/>\n<meta property=\"og:description\" content=\"Mikael Oscarsson, Hugo Fi\u00e9vet, Felicia Lundqvist, Joel Pierrou, Jonas Segersam, Ebba Busch \u00e4r ute och kampanjar p\u00e5 Familjedagen. Flygbladen g\u00e5r som sm\u00f6r i solsken. Frihet f\u00f6r familjen!\" \/>\n<meta property=\"og:url\" content=\"https:\/\/wp.kristdemokraterna.se\/uppsala\/kd-kampanj-pa-internationella-familjedagen\/\" \/>\n<meta property=\"og:site_name\" content=\"Kristdemokraterna | Uppsala\" \/>\n<meta property=\"article:publisher\" content=\"https:\/\/www.facebook.com\/UppsalaKD\/\" \/>\n<meta property=\"article:published_time\" content=\"2012-05-15T16:44:49+00:00\" \/>\n<meta property=\"article:modified_time\" content=\"2024-04-03T18:51:33+00:00\" \/>\n<meta property=\"og:image\" content=\"http:\/\/wp.kristdemokraterna.se\/uppsala\/files\/2012\/05\/uppsala_bild_2012-05-15-400x267.jpg\" \/>\n<meta name=\"author\" content=\"uppsala\" \/>\n<meta name=\"twitter:card\" content=\"summary_large_image\" \/>\n<meta name=\"twitter:label1\" content=\"Skriven av\" \/>\n\t<meta name=\"twitter:data1\" content=\"uppsala\" \/>\n<script type=\"application\/ld+json\" class=\"yoast-schema-graph\">{\"@context\":\"https:\\\/\\\/schema.org\",\"@graph\":[{\"@type\":\"Article\",\"@id\":\"https:\\\/\\\/wp.kristdemokraterna.se\\\/uppsala\\\/kd-kampanj-pa-internationella-familjedagen\\\/#article\",\"isPartOf\":{\"@id\":\"https:\\\/\\\/wp.kristdemokraterna.se\\\/uppsala\\\/kd-kampanj-pa-internationella-familjedagen\\\/\"},\"author\":{\"name\":\"uppsala\",\"@id\":\"https:\\\/\\\/wp.kristdemokraterna.se\\\/uppsala\\\/#\\\/schema\\\/person\\\/1a9d5399e1cba3ef2aaa3e8ae402e7cb\"},\"headline\":\"KD kampanj p\u00e5 Internationella familjedagen\",\"datePublished\":\"2012-05-15T16:44:49+00:00\",\"dateModified\":\"2024-04-03T18:51:33+00:00\",\"mainEntityOfPage\":{\"@id\":\"https:\\\/\\\/wp.kristdemokraterna.se\\\/uppsala\\\/kd-kampanj-pa-internationella-familjedagen\\\/\"},\"wordCount\":36,\"publisher\":{\"@id\":\"https:\\\/\\\/wp.kristdemokraterna.se\\\/uppsala\\\/#organization\"},\"image\":{\"@id\":\"https:\\\/\\\/wp.kristdemokraterna.se\\\/uppsala\\\/kd-kampanj-pa-internationella-familjedagen\\\/#primaryimage\"},\"thumbnailUrl\":\"http:\\\/\\\/wp.kristdemokraterna.se\\\/uppsala\\\/files\\\/2012\\\/05\\\/uppsala_bild_2012-05-15-400x267.jpg\",\"keywords\":[\"Ebba Busch\",\"Mikael Oscarsson\",\"Uppsala\"],\"articleSection\":[\"Familj &amp; skola\"],\"inLanguage\":\"sv-SE\"},{\"@type\":\"WebPage\",\"@id\":\"https:\\\/\\\/wp.kristdemokraterna.se\\\/uppsala\\\/kd-kampanj-pa-internationella-familjedagen\\\/\",\"url\":\"https:\\\/\\\/wp.kristdemokraterna.se\\\/uppsala\\\/kd-kampanj-pa-internationella-familjedagen\\\/\",\"name\":\"KD kampanj p\u00e5 Internationella familjedagen | Kristdemokraterna | Uppsala\",\"isPartOf\":{\"@id\":\"https:\\\/\\\/wp.kristdemokraterna.se\\\/uppsala\\\/#website\"},\"primaryImageOfPage\":{\"@id\":\"https:\\\/\\\/wp.kristdemokraterna.se\\\/uppsala\\\/kd-kampanj-pa-internationella-familjedagen\\\/#primaryimage\"},\"image\":{\"@id\":\"https:\\\/\\\/wp.kristdemokraterna.se\\\/uppsala\\\/kd-kampanj-pa-internationella-familjedagen\\\/#primaryimage\"},\"thumbnailUrl\":\"http:\\\/\\\/wp.kristdemokraterna.se\\\/uppsala\\\/files\\\/2012\\\/05\\\/uppsala_bild_2012-05-15-400x267.jpg\",\"datePublished\":\"2012-05-15T16:44:49+00:00\",\"dateModified\":\"2024-04-03T18:51:33+00:00\",\"breadcrumb\":{\"@id\":\"https:\\\/\\\/wp.kristdemokraterna.se\\\/uppsala\\\/kd-kampanj-pa-internationella-familjedagen\\\/#breadcrumb\"},\"inLanguage\":\"sv-SE\",\"potentialAction\":[{\"@type\":\"ReadAction\",\"target\":[\"https:\\\/\\\/wp.kristdemokraterna.se\\\/uppsala\\\/kd-kampanj-pa-internationella-familjedagen\\\/\"]}]},{\"@type\":\"ImageObject\",\"inLanguage\":\"sv-SE\",\"@id\":\"https:\\\/\\\/wp.kristdemokraterna.se\\\/uppsala\\\/kd-kampanj-pa-internationella-familjedagen\\\/#primaryimage\",\"url\":\"http:\\\/\\\/wp.kristdemokraterna.se\\\/uppsala\\\/files\\\/2012\\\/05\\\/uppsala_bild_2012-05-15-400x267.jpg\",\"contentUrl\":\"http:\\\/\\\/wp.kristdemokraterna.se\\\/uppsala\\\/files\\\/2012\\\/05\\\/uppsala_bild_2012-05-15-400x267.jpg\"},{\"@type\":\"BreadcrumbList\",\"@id\":\"https:\\\/\\\/wp.kristdemokraterna.se\\\/uppsala\\\/kd-kampanj-pa-internationella-familjedagen\\\/#breadcrumb\",\"itemListElement\":[{\"@type\":\"ListItem\",\"position\":1,\"name\":\"Hem\",\"item\":\"https:\\\/\\\/wp.kristdemokraterna.se\\\/uppsala\\\/\"},{\"@type\":\"ListItem\",\"position\":2,\"name\":\"KD kampanj p\u00e5 Internationella familjedagen\"}]},{\"@type\":\"WebSite\",\"@id\":\"https:\\\/\\\/wp.kristdemokraterna.se\\\/uppsala\\\/#website\",\"url\":\"https:\\\/\\\/wp.kristdemokraterna.se\\\/uppsala\\\/\",\"name\":\"Kristdemokraterna Uppsala\",\"description\":\"Tryggare Uppsala\",\"publisher\":{\"@id\":\"https:\\\/\\\/wp.kristdemokraterna.se\\\/uppsala\\\/#organization\"},\"inLanguage\":\"sv-SE\"},{\"@type\":\"Organization\",\"@id\":\"https:\\\/\\\/wp.kristdemokraterna.se\\\/uppsala\\\/#organization\",\"name\":\"Kristdemokraterna Uppsala\",\"url\":\"https:\\\/\\\/wp.kristdemokraterna.se\\\/uppsala\\\/\",\"logo\":{\"@type\":\"ImageObject\",\"inLanguage\":\"sv-SE\",\"@id\":\"https:\\\/\\\/wp.kristdemokraterna.se\\\/uppsala\\\/#\\\/schema\\\/logo\\\/image\\\/\",\"url\":\"https:\\\/\\\/wp.kristdemokraterna.se\\\/uppsala\\\/files\\\/2019\\\/10\\\/kd-uppsala.png\",\"contentUrl\":\"https:\\\/\\\/wp.kristdemokraterna.se\\\/uppsala\\\/files\\\/2019\\\/10\\\/kd-uppsala.png\",\"width\":804,\"height\":421,\"caption\":\"Kristdemokraterna Uppsala\"},\"image\":{\"@id\":\"https:\\\/\\\/wp.kristdemokraterna.se\\\/uppsala\\\/#\\\/schema\\\/logo\\\/image\\\/\"},\"sameAs\":[\"https:\\\/\\\/www.facebook.com\\\/UppsalaKD\\\/\",\"https:\\\/\\\/www.instagram.com\\\/uppsalakd\\\/\"]},{\"@type\":\"Person\",\"@id\":\"https:\\\/\\\/wp.kristdemokraterna.se\\\/uppsala\\\/#\\\/schema\\\/person\\\/1a9d5399e1cba3ef2aaa3e8ae402e7cb\",\"name\":\"uppsala\",\"image\":{\"@type\":\"ImageObject\",\"inLanguage\":\"sv-SE\",\"@id\":\"https:\\\/\\\/secure.gravatar.com\\\/avatar\\\/6848f3cb6c9639d81462ad411b01edce447fb2c8b6efe4430e030aa29223462f?s=96&r=g\",\"url\":\"https:\\\/\\\/secure.gravatar.com\\\/avatar\\\/6848f3cb6c9639d81462ad411b01edce447fb2c8b6efe4430e030aa29223462f?s=96&r=g\",\"contentUrl\":\"https:\\\/\\\/secure.gravatar.com\\\/avatar\\\/6848f3cb6c9639d81462ad411b01edce447fb2c8b6efe4430e030aa29223462f?s=96&r=g\",\"caption\":\"uppsala\"},\"url\":\"https:\\\/\\\/wp.kristdemokraterna.se\\\/uppsala\\\/author\\\/uppsala\\\/\"}]}<\/script>\n<!-- \/ Yoast SEO plugin. -->","yoast_head_json":{"title":"KD kampanj p\u00e5 Internationella familjedagen | Kristdemokraterna | Uppsala","robots":{"index":"index","follow":"follow","max-snippet":"max-snippet:-1","max-image-preview":"max-image-preview:large","max-video-preview":"max-video-preview:-1"},"canonical":"https:\/\/wp.kristdemokraterna.se\/uppsala\/kd-kampanj-pa-internationella-familjedagen\/","og_locale":"sv_SE","og_type":"article","og_title":"KD kampanj p\u00e5 Internationella familjedagen | Kristdemokraterna | Uppsala","og_description":"Mikael Oscarsson, Hugo Fi\u00e9vet, Felicia Lundqvist, Joel Pierrou, Jonas Segersam, Ebba Busch \u00e4r ute och kampanjar p\u00e5 Familjedagen. Flygbladen g\u00e5r som sm\u00f6r i solsken. Frihet f\u00f6r familjen!","og_url":"https:\/\/wp.kristdemokraterna.se\/uppsala\/kd-kampanj-pa-internationella-familjedagen\/","og_site_name":"Kristdemokraterna | Uppsala","article_publisher":"https:\/\/www.facebook.com\/UppsalaKD\/","article_published_time":"2012-05-15T16:44:49+00:00","article_modified_time":"2024-04-03T18:51:33+00:00","og_image":[{"url":"http:\/\/wp.kristdemokraterna.se\/uppsala\/files\/2012\/05\/uppsala_bild_2012-05-15-400x267.jpg","type":"","width":"","height":""}],"author":"uppsala","twitter_card":"summary_large_image","twitter_misc":{"Skriven av":"uppsala"},"schema":{"@context":"https:\/\/schema.org","@graph":[{"@type":"Article","@id":"https:\/\/wp.kristdemokraterna.se\/uppsala\/kd-kampanj-pa-internationella-familjedagen\/#article","isPartOf":{"@id":"https:\/\/wp.kristdemokraterna.se\/uppsala\/kd-kampanj-pa-internationella-familjedagen\/"},"author":{"name":"uppsala","@id":"https:\/\/wp.kristdemokraterna.se\/uppsala\/#\/schema\/person\/1a9d5399e1cba3ef2aaa3e8ae402e7cb"},"headline":"KD kampanj p\u00e5 Internationella familjedagen","datePublished":"2012-05-15T16:44:49+00:00","dateModified":"2024-04-03T18:51:33+00:00","mainEntityOfPage":{"@id":"https:\/\/wp.kristdemokraterna.se\/uppsala\/kd-kampanj-pa-internationella-familjedagen\/"},"wordCount":36,"publisher":{"@id":"https:\/\/wp.kristdemokraterna.se\/uppsala\/#organization"},"image":{"@id":"https:\/\/wp.kristdemokraterna.se\/uppsala\/kd-kampanj-pa-internationella-familjedagen\/#primaryimage"},"thumbnailUrl":"http:\/\/wp.kristdemokraterna.se\/uppsala\/files\/2012\/05\/uppsala_bild_2012-05-15-400x267.jpg","keywords":["Ebba Busch","Mikael Oscarsson","Uppsala"],"articleSection":["Familj &amp; skola"],"inLanguage":"sv-SE"},{"@type":"WebPage","@id":"https:\/\/wp.kristdemokraterna.se\/uppsala\/kd-kampanj-pa-internationella-familjedagen\/","url":"https:\/\/wp.kristdemokraterna.se\/uppsala\/kd-kampanj-pa-internationella-familjedagen\/","name":"KD kampanj p\u00e5 Internationella familjedagen | Kristdemokraterna | Uppsala","isPartOf":{"@id":"https:\/\/wp.kristdemokraterna.se\/uppsala\/#website"},"primaryImageOfPage":{"@id":"https:\/\/wp.kristdemokraterna.se\/uppsala\/kd-kampanj-pa-internationella-familjedagen\/#primaryimage"},"image":{"@id":"https:\/\/wp.kristdemokraterna.se\/uppsala\/kd-kampanj-pa-internationella-familjedagen\/#primaryimage"},"thumbnailUrl":"http:\/\/wp.kristdemokraterna.se\/uppsala\/files\/2012\/05\/uppsala_bild_2012-05-15-400x267.jpg","datePublished":"2012-05-15T16:44:49+00:00","dateModified":"2024-04-03T18:51:33+00:00","breadcrumb":{"@id":"https:\/\/wp.kristdemokraterna.se\/uppsala\/kd-kampanj-pa-internationella-familjedagen\/#breadcrumb"},"inLanguage":"sv-SE","potentialAction":[{"@type":"ReadAction","target":["https:\/\/wp.kristdemokraterna.se\/uppsala\/kd-kampanj-pa-internationella-familjedagen\/"]}]},{"@type":"ImageObject","inLanguage":"sv-SE","@id":"https:\/\/wp.kristdemokraterna.se\/uppsala\/kd-kampanj-pa-internationella-familjedagen\/#primaryimage","url":"http:\/\/wp.kristdemokraterna.se\/uppsala\/files\/2012\/05\/uppsala_bild_2012-05-15-400x267.jpg","contentUrl":"http:\/\/wp.kristdemokraterna.se\/uppsala\/files\/2012\/05\/uppsala_bild_2012-05-15-400x267.jpg"},{"@type":"BreadcrumbList","@id":"https:\/\/wp.kristdemokraterna.se\/uppsala\/kd-kampanj-pa-internationella-familjedagen\/#breadcrumb","itemListElement":[{"@type":"ListItem","position":1,"name":"Hem","item":"https:\/\/wp.kristdemokraterna.se\/uppsala\/"},{"@type":"ListItem","position":2,"name":"KD kampanj p\u00e5 Internationella familjedagen"}]},{"@type":"WebSite","@id":"https:\/\/wp.kristdemokraterna.se\/uppsala\/#website","url":"https:\/\/wp.kristdemokraterna.se\/uppsala\/","name":"Kristdemokraterna Uppsala","description":"Tryggare Uppsala","publisher":{"@id":"https:\/\/wp.kristdemokraterna.se\/uppsala\/#organization"},"inLanguage":"sv-SE"},{"@type":"Organization","@id":"https:\/\/wp.kristdemokraterna.se\/uppsala\/#organization","name":"Kristdemokraterna Uppsala","url":"https:\/\/wp.kristdemokraterna.se\/uppsala\/","logo":{"@type":"ImageObject","inLanguage":"sv-SE","@id":"https:\/\/wp.kristdemokraterna.se\/uppsala\/#\/schema\/logo\/image\/","url":"https:\/\/wp.kristdemokraterna.se\/uppsala\/files\/2019\/10\/kd-uppsala.png","contentUrl":"https:\/\/wp.kristdemokraterna.se\/uppsala\/files\/2019\/10\/kd-uppsala.png","width":804,"height":421,"caption":"Kristdemokraterna Uppsala"},"image":{"@id":"https:\/\/wp.kristdemokraterna.se\/uppsala\/#\/schema\/logo\/image\/"},"sameAs":["https:\/\/www.facebook.com\/UppsalaKD\/","https:\/\/www.instagram.com\/uppsalakd\/"]},{"@type":"Person","@id":"https:\/\/wp.kristdemokraterna.se\/uppsala\/#\/schema\/person\/1a9d5399e1cba3ef2aaa3e8ae402e7cb","name":"uppsala","image":{"@type":"ImageObject","inLanguage":"sv-SE","@id":"https:\/\/secure.gravatar.com\/avatar\/6848f3cb6c9639d81462ad411b01edce447fb2c8b6efe4430e030aa29223462f?s=96&r=g","url":"https:\/\/secure.gravatar.com\/avatar\/6848f3cb6c9639d81462ad411b01edce447fb2c8b6efe4430e030aa29223462f?s=96&r=g","contentUrl":"https:\/\/secure.gravatar.com\/avatar\/6848f3cb6c9639d81462ad411b01edce447fb2c8b6efe4430e030aa29223462f?s=96&r=g","caption":"uppsala"},"url":"https:\/\/wp.kristdemokraterna.se\/uppsala\/author\/uppsala\/"}]}},"_links":{"self":[{"href":"https:\/\/wp.kristdemokraterna.se\/uppsala\/wp-json\/wp\/v2\/posts\/401","targetHints":{"allow":["GET"]}}],"collection":[{"href":"https:\/\/wp.kristdemokraterna.se\/uppsala\/wp-json\/wp\/v2\/posts"}],"about":[{"href":"https:\/\/wp.kristdemokraterna.se\/uppsala\/wp-json\/wp\/v2\/types\/post"}],"author":[{"embeddable":true,"href":"https:\/\/wp.kristdemokraterna.se\/uppsala\/wp-json\/wp\/v2\/users\/564"}],"replies":[{"embeddable":true,"href":"https:\/\/wp.kristdemokraterna.se\/uppsala\/wp-json\/wp\/v2\/comments?post=401"}],"version-history":[{"count":1,"href":"https:\/\/wp.kristdemokraterna.se\/uppsala\/wp-json\/wp\/v2\/posts\/401\/revisions"}],"predecessor-version":[{"id":4666,"href":"https:\/\/wp.kristdemokraterna.se\/uppsala\/wp-json\/wp\/v2\/posts\/401\/revisions\/4666"}],"wp:attachment":[{"href":"https:\/\/wp.kristdemokraterna.se\/uppsala\/wp-json\/wp\/v2\/media?parent=401"}],"wp:term":[{"taxonomy":"category","embeddable":true,"href":"https:\/\/wp.kristdemokraterna.se\/uppsala\/wp-json\/wp\/v2\/categories?post=401"},{"taxonomy":"post_tag","embeddable":true,"href":"https:\/\/wp.kristdemokraterna.se\/uppsala\/wp-json\/wp\/v2\/tags?post=401"}],"curies":[{"name":"wp","href":"https:\/\/api.w.org\/{rel}","templated":true}]}}