{"id":4164,"date":"2022-08-24T14:11:42","date_gmt":"2022-08-24T12:11:42","guid":{"rendered":"https:\/\/wp.kristdemokraterna.se\/uppsala\/?p=4164"},"modified":"2024-04-03T23:10:23","modified_gmt":"2024-04-03T21:10:23","slug":"nej-till-miljonprogram-i-uppsala","status":"publish","type":"post","link":"https:\/\/wp.kristdemokraterna.se\/uppsala\/nej-till-miljonprogram-i-uppsala\/","title":{"rendered":"Nej till miljonprogram i Uppsala"},"content":{"rendered":"<p>Vi Kristdemokrater i Uppsala \u00e4r inte emot byggande och vi \u00e4r inte emot fyrsp\u00e5r mellan Stockholm och Uppsala, men utbyggnaden av Uppsala och Knivsta m\u00e5ste ske med sans och f\u00f6rnuft.<\/p>\n<p>De styrande partierna planerar just nu att bygga h\u00f6ghus i Bergsbrunna\/S\u00e4vja och Knivsta f\u00f6r cirka 100 00 inv\u00e5nare, likt \u201dett nytt Sundsvall\u201d. Detta \u00e4r ett helt orimligt projekt \u2013 menar kommunalr\u00e5d Jonas Segersam.<\/p>\n<p>Denna utbyggnation betyder \u00e4ven att Knivstas befolkning skulle tredubblas p\u00e5 30 \u00e5r. Ett s\u00e5dant vansinnesbyggande kommer inte att \u00f6ka tryggheten i v\u00e5ra kommuner, utan tv\u00e4rtom, minska den \u2013 s\u00e4ger Mimmi Westerlund, f\u00f6rstanamn p\u00e5 KD-listan i Knivsta. Att flytta in s\u00e5 m\u00e5nga m\u00e4nniskor i nya omr\u00e5den \u00e4r inte friktionsfritt. Hellre bygga sm\u00e5hus \u00e4n h\u00f6ghus \u2013 forts\u00e4tter Mimmi.<\/p>\n<p>Fyrsp\u00e5r \u00e4r vi inte emot, det beh\u00f6vs redan med nuvarande befolkning. Vad g\u00e4ller sp\u00e5rv\u00e4g till det planerade bostadsomr\u00e5det i Bergsbrunna\/S\u00e4vja ser vi dock en viss problematik. Det \u00e4r ett dyrt och on\u00f6digt projekt som vi kan stoppa efter valet med st\u00f6d av M, C och SD \u2013 s\u00e4ger Jonas.<\/p>\n<p>Vill du stoppa dessa vansinniga utbyggnadsplaner ska du r\u00f6sta p\u00e5 KD, oberoende av om du bor i Knivsta eller Uppsala.<\/p>\n","protected":false},"excerpt":{"rendered":"<p>Vi Kristdemokrater i Uppsala \u00e4r inte emot byggande och vi \u00e4r inte emot fyrsp\u00e5r mellan Stockholm och Uppsala, men utbyggnaden av Uppsala och Knivsta m\u00e5ste ske med sans och f\u00f6rnuft. De styrande partierna planerar just nu att bygga h\u00f6ghus i Bergsbrunna\/S\u00e4vja och Knivsta f\u00f6r cirka 100 00 inv\u00e5nare, likt \u201dett nytt Sundsvall\u201d. Detta \u00e4r ett <a class=\"read-more-link\" href=\"https:\/\/wp.kristdemokraterna.se\/uppsala\/nej-till-miljonprogram-i-uppsala\/\">Read More<\/a><\/p>\n","protected":false},"author":1034,"featured_media":0,"comment_status":"closed","ping_status":"closed","sticky":false,"template":"","format":"standard","meta":{"_acf_changed":false,"footnotes":""},"categories":[232],"tags":[],"class_list":["post-4164","post","type-post","status-publish","format-standard","hentry","category-kollektivtrafik-o-stadsplanering"],"acf":[],"yoast_head":"<!-- This site is optimized with the Yoast SEO plugin v27.4 - https:\/\/yoast.com\/product\/yoast-seo-wordpress\/ -->\n<title>Nej till miljonprogram i Uppsala | Kristdemokraterna | Uppsala<\/title>\n<meta name=\"robots\" content=\"index, follow, max-snippet:-1, max-image-preview:large, max-video-preview:-1\" \/>\n<link rel=\"canonical\" href=\"https:\/\/wp.kristdemokraterna.se\/uppsala\/nej-till-miljonprogram-i-uppsala\/\" \/>\n<meta property=\"og:locale\" content=\"sv_SE\" \/>\n<meta property=\"og:type\" content=\"article\" \/>\n<meta property=\"og:title\" content=\"Nej till miljonprogram i Uppsala | Kristdemokraterna | Uppsala\" \/>\n<meta property=\"og:description\" content=\"Vi Kristdemokrater i Uppsala \u00e4r inte emot byggande och vi \u00e4r inte emot fyrsp\u00e5r mellan Stockholm och Uppsala, men utbyggnaden av Uppsala och Knivsta m\u00e5ste ske med sans och f\u00f6rnuft. De styrande partierna planerar just nu att bygga h\u00f6ghus i Bergsbrunna\/S\u00e4vja och Knivsta f\u00f6r cirka 100 00 inv\u00e5nare, likt \u201dett nytt Sundsvall\u201d. Detta \u00e4r ett Read More\" \/>\n<meta property=\"og:url\" content=\"https:\/\/wp.kristdemokraterna.se\/uppsala\/nej-till-miljonprogram-i-uppsala\/\" \/>\n<meta property=\"og:site_name\" content=\"Kristdemokraterna | Uppsala\" \/>\n<meta property=\"article:publisher\" content=\"https:\/\/www.facebook.com\/UppsalaKD\/\" \/>\n<meta property=\"article:published_time\" content=\"2022-08-24T12:11:42+00:00\" \/>\n<meta property=\"article:modified_time\" content=\"2024-04-03T21:10:23+00:00\" \/>\n<meta property=\"og:image\" content=\"https:\/\/wp.kristdemokraterna.se\/uppsala\/files\/2021\/12\/kom1.png\" \/>\n\t<meta property=\"og:image:width\" content=\"770\" \/>\n\t<meta property=\"og:image:height\" content=\"404\" \/>\n\t<meta property=\"og:image:type\" content=\"image\/png\" \/>\n<meta name=\"author\" content=\"masvensson\" \/>\n<meta name=\"twitter:card\" content=\"summary_large_image\" \/>\n<meta name=\"twitter:label1\" content=\"Skriven av\" \/>\n\t<meta name=\"twitter:data1\" content=\"masvensson\" \/>\n\t<meta name=\"twitter:label2\" content=\"Ber\u00e4knad l\u00e4stid\" \/>\n\t<meta name=\"twitter:data2\" content=\"1 minut\" \/>\n<script type=\"application\/ld+json\" class=\"yoast-schema-graph\">{\"@context\":\"https:\\\/\\\/schema.org\",\"@graph\":[{\"@type\":\"Article\",\"@id\":\"https:\\\/\\\/wp.kristdemokraterna.se\\\/uppsala\\\/nej-till-miljonprogram-i-uppsala\\\/#article\",\"isPartOf\":{\"@id\":\"https:\\\/\\\/wp.kristdemokraterna.se\\\/uppsala\\\/nej-till-miljonprogram-i-uppsala\\\/\"},\"author\":{\"name\":\"masvensson\",\"@id\":\"https:\\\/\\\/wp.kristdemokraterna.se\\\/uppsala\\\/#\\\/schema\\\/person\\\/6a784ee89517136dae16387e86b5977d\"},\"headline\":\"Nej till miljonprogram i Uppsala\",\"datePublished\":\"2022-08-24T12:11:42+00:00\",\"dateModified\":\"2024-04-03T21:10:23+00:00\",\"mainEntityOfPage\":{\"@id\":\"https:\\\/\\\/wp.kristdemokraterna.se\\\/uppsala\\\/nej-till-miljonprogram-i-uppsala\\\/\"},\"wordCount\":218,\"publisher\":{\"@id\":\"https:\\\/\\\/wp.kristdemokraterna.se\\\/uppsala\\\/#organization\"},\"articleSection\":[\"Kollektivtrafik &amp; Stadsplanering\"],\"inLanguage\":\"sv-SE\"},{\"@type\":\"WebPage\",\"@id\":\"https:\\\/\\\/wp.kristdemokraterna.se\\\/uppsala\\\/nej-till-miljonprogram-i-uppsala\\\/\",\"url\":\"https:\\\/\\\/wp.kristdemokraterna.se\\\/uppsala\\\/nej-till-miljonprogram-i-uppsala\\\/\",\"name\":\"Nej till miljonprogram i Uppsala | Kristdemokraterna | Uppsala\",\"isPartOf\":{\"@id\":\"https:\\\/\\\/wp.kristdemokraterna.se\\\/uppsala\\\/#website\"},\"datePublished\":\"2022-08-24T12:11:42+00:00\",\"dateModified\":\"2024-04-03T21:10:23+00:00\",\"breadcrumb\":{\"@id\":\"https:\\\/\\\/wp.kristdemokraterna.se\\\/uppsala\\\/nej-till-miljonprogram-i-uppsala\\\/#breadcrumb\"},\"inLanguage\":\"sv-SE\",\"potentialAction\":[{\"@type\":\"ReadAction\",\"target\":[\"https:\\\/\\\/wp.kristdemokraterna.se\\\/uppsala\\\/nej-till-miljonprogram-i-uppsala\\\/\"]}]},{\"@type\":\"BreadcrumbList\",\"@id\":\"https:\\\/\\\/wp.kristdemokraterna.se\\\/uppsala\\\/nej-till-miljonprogram-i-uppsala\\\/#breadcrumb\",\"itemListElement\":[{\"@type\":\"ListItem\",\"position\":1,\"name\":\"Hem\",\"item\":\"https:\\\/\\\/wp.kristdemokraterna.se\\\/uppsala\\\/\"},{\"@type\":\"ListItem\",\"position\":2,\"name\":\"Nej till miljonprogram i Uppsala\"}]},{\"@type\":\"WebSite\",\"@id\":\"https:\\\/\\\/wp.kristdemokraterna.se\\\/uppsala\\\/#website\",\"url\":\"https:\\\/\\\/wp.kristdemokraterna.se\\\/uppsala\\\/\",\"name\":\"Kristdemokraterna Uppsala\",\"description\":\"Tryggare Uppsala\",\"publisher\":{\"@id\":\"https:\\\/\\\/wp.kristdemokraterna.se\\\/uppsala\\\/#organization\"},\"inLanguage\":\"sv-SE\"},{\"@type\":\"Organization\",\"@id\":\"https:\\\/\\\/wp.kristdemokraterna.se\\\/uppsala\\\/#organization\",\"name\":\"Kristdemokraterna Uppsala\",\"url\":\"https:\\\/\\\/wp.kristdemokraterna.se\\\/uppsala\\\/\",\"logo\":{\"@type\":\"ImageObject\",\"inLanguage\":\"sv-SE\",\"@id\":\"https:\\\/\\\/wp.kristdemokraterna.se\\\/uppsala\\\/#\\\/schema\\\/logo\\\/image\\\/\",\"url\":\"https:\\\/\\\/wp.kristdemokraterna.se\\\/uppsala\\\/files\\\/2019\\\/10\\\/kd-uppsala.png\",\"contentUrl\":\"https:\\\/\\\/wp.kristdemokraterna.se\\\/uppsala\\\/files\\\/2019\\\/10\\\/kd-uppsala.png\",\"width\":804,\"height\":421,\"caption\":\"Kristdemokraterna Uppsala\"},\"image\":{\"@id\":\"https:\\\/\\\/wp.kristdemokraterna.se\\\/uppsala\\\/#\\\/schema\\\/logo\\\/image\\\/\"},\"sameAs\":[\"https:\\\/\\\/www.facebook.com\\\/UppsalaKD\\\/\",\"https:\\\/\\\/www.instagram.com\\\/uppsalakd\\\/\"]},{\"@type\":\"Person\",\"@id\":\"https:\\\/\\\/wp.kristdemokraterna.se\\\/uppsala\\\/#\\\/schema\\\/person\\\/6a784ee89517136dae16387e86b5977d\",\"name\":\"masvensson\",\"image\":{\"@type\":\"ImageObject\",\"inLanguage\":\"sv-SE\",\"@id\":\"https:\\\/\\\/secure.gravatar.com\\\/avatar\\\/f680fad3b26d74e6f2e575a02497d7187a1d528f668732693b666588e1681d2f?s=96&r=g\",\"url\":\"https:\\\/\\\/secure.gravatar.com\\\/avatar\\\/f680fad3b26d74e6f2e575a02497d7187a1d528f668732693b666588e1681d2f?s=96&r=g\",\"contentUrl\":\"https:\\\/\\\/secure.gravatar.com\\\/avatar\\\/f680fad3b26d74e6f2e575a02497d7187a1d528f668732693b666588e1681d2f?s=96&r=g\",\"caption\":\"masvensson\"},\"url\":\"https:\\\/\\\/wp.kristdemokraterna.se\\\/uppsala\\\/author\\\/masvensson\\\/\"}]}<\/script>\n<!-- \/ Yoast SEO plugin. -->","yoast_head_json":{"title":"Nej till miljonprogram i Uppsala | Kristdemokraterna | Uppsala","robots":{"index":"index","follow":"follow","max-snippet":"max-snippet:-1","max-image-preview":"max-image-preview:large","max-video-preview":"max-video-preview:-1"},"canonical":"https:\/\/wp.kristdemokraterna.se\/uppsala\/nej-till-miljonprogram-i-uppsala\/","og_locale":"sv_SE","og_type":"article","og_title":"Nej till miljonprogram i Uppsala | Kristdemokraterna | Uppsala","og_description":"Vi Kristdemokrater i Uppsala \u00e4r inte emot byggande och vi \u00e4r inte emot fyrsp\u00e5r mellan Stockholm och Uppsala, men utbyggnaden av Uppsala och Knivsta m\u00e5ste ske med sans och f\u00f6rnuft. De styrande partierna planerar just nu att bygga h\u00f6ghus i Bergsbrunna\/S\u00e4vja och Knivsta f\u00f6r cirka 100 00 inv\u00e5nare, likt \u201dett nytt Sundsvall\u201d. Detta \u00e4r ett Read More","og_url":"https:\/\/wp.kristdemokraterna.se\/uppsala\/nej-till-miljonprogram-i-uppsala\/","og_site_name":"Kristdemokraterna | Uppsala","article_publisher":"https:\/\/www.facebook.com\/UppsalaKD\/","article_published_time":"2022-08-24T12:11:42+00:00","article_modified_time":"2024-04-03T21:10:23+00:00","og_image":[{"width":770,"height":404,"url":"https:\/\/wp.kristdemokraterna.se\/uppsala\/files\/2021\/12\/kom1.png","type":"image\/png"}],"author":"masvensson","twitter_card":"summary_large_image","twitter_misc":{"Skriven av":"masvensson","Ber\u00e4knad l\u00e4stid":"1 minut"},"schema":{"@context":"https:\/\/schema.org","@graph":[{"@type":"Article","@id":"https:\/\/wp.kristdemokraterna.se\/uppsala\/nej-till-miljonprogram-i-uppsala\/#article","isPartOf":{"@id":"https:\/\/wp.kristdemokraterna.se\/uppsala\/nej-till-miljonprogram-i-uppsala\/"},"author":{"name":"masvensson","@id":"https:\/\/wp.kristdemokraterna.se\/uppsala\/#\/schema\/person\/6a784ee89517136dae16387e86b5977d"},"headline":"Nej till miljonprogram i Uppsala","datePublished":"2022-08-24T12:11:42+00:00","dateModified":"2024-04-03T21:10:23+00:00","mainEntityOfPage":{"@id":"https:\/\/wp.kristdemokraterna.se\/uppsala\/nej-till-miljonprogram-i-uppsala\/"},"wordCount":218,"publisher":{"@id":"https:\/\/wp.kristdemokraterna.se\/uppsala\/#organization"},"articleSection":["Kollektivtrafik &amp; Stadsplanering"],"inLanguage":"sv-SE"},{"@type":"WebPage","@id":"https:\/\/wp.kristdemokraterna.se\/uppsala\/nej-till-miljonprogram-i-uppsala\/","url":"https:\/\/wp.kristdemokraterna.se\/uppsala\/nej-till-miljonprogram-i-uppsala\/","name":"Nej till miljonprogram i Uppsala | Kristdemokraterna | Uppsala","isPartOf":{"@id":"https:\/\/wp.kristdemokraterna.se\/uppsala\/#website"},"datePublished":"2022-08-24T12:11:42+00:00","dateModified":"2024-04-03T21:10:23+00:00","breadcrumb":{"@id":"https:\/\/wp.kristdemokraterna.se\/uppsala\/nej-till-miljonprogram-i-uppsala\/#breadcrumb"},"inLanguage":"sv-SE","potentialAction":[{"@type":"ReadAction","target":["https:\/\/wp.kristdemokraterna.se\/uppsala\/nej-till-miljonprogram-i-uppsala\/"]}]},{"@type":"BreadcrumbList","@id":"https:\/\/wp.kristdemokraterna.se\/uppsala\/nej-till-miljonprogram-i-uppsala\/#breadcrumb","itemListElement":[{"@type":"ListItem","position":1,"name":"Hem","item":"https:\/\/wp.kristdemokraterna.se\/uppsala\/"},{"@type":"ListItem","position":2,"name":"Nej till miljonprogram i Uppsala"}]},{"@type":"WebSite","@id":"https:\/\/wp.kristdemokraterna.se\/uppsala\/#website","url":"https:\/\/wp.kristdemokraterna.se\/uppsala\/","name":"Kristdemokraterna Uppsala","description":"Tryggare Uppsala","publisher":{"@id":"https:\/\/wp.kristdemokraterna.se\/uppsala\/#organization"},"inLanguage":"sv-SE"},{"@type":"Organization","@id":"https:\/\/wp.kristdemokraterna.se\/uppsala\/#organization","name":"Kristdemokraterna Uppsala","url":"https:\/\/wp.kristdemokraterna.se\/uppsala\/","logo":{"@type":"ImageObject","inLanguage":"sv-SE","@id":"https:\/\/wp.kristdemokraterna.se\/uppsala\/#\/schema\/logo\/image\/","url":"https:\/\/wp.kristdemokraterna.se\/uppsala\/files\/2019\/10\/kd-uppsala.png","contentUrl":"https:\/\/wp.kristdemokraterna.se\/uppsala\/files\/2019\/10\/kd-uppsala.png","width":804,"height":421,"caption":"Kristdemokraterna Uppsala"},"image":{"@id":"https:\/\/wp.kristdemokraterna.se\/uppsala\/#\/schema\/logo\/image\/"},"sameAs":["https:\/\/www.facebook.com\/UppsalaKD\/","https:\/\/www.instagram.com\/uppsalakd\/"]},{"@type":"Person","@id":"https:\/\/wp.kristdemokraterna.se\/uppsala\/#\/schema\/person\/6a784ee89517136dae16387e86b5977d","name":"masvensson","image":{"@type":"ImageObject","inLanguage":"sv-SE","@id":"https:\/\/secure.gravatar.com\/avatar\/f680fad3b26d74e6f2e575a02497d7187a1d528f668732693b666588e1681d2f?s=96&r=g","url":"https:\/\/secure.gravatar.com\/avatar\/f680fad3b26d74e6f2e575a02497d7187a1d528f668732693b666588e1681d2f?s=96&r=g","contentUrl":"https:\/\/secure.gravatar.com\/avatar\/f680fad3b26d74e6f2e575a02497d7187a1d528f668732693b666588e1681d2f?s=96&r=g","caption":"masvensson"},"url":"https:\/\/wp.kristdemokraterna.se\/uppsala\/author\/masvensson\/"}]}},"_links":{"self":[{"href":"https:\/\/wp.kristdemokraterna.se\/uppsala\/wp-json\/wp\/v2\/posts\/4164","targetHints":{"allow":["GET"]}}],"collection":[{"href":"https:\/\/wp.kristdemokraterna.se\/uppsala\/wp-json\/wp\/v2\/posts"}],"about":[{"href":"https:\/\/wp.kristdemokraterna.se\/uppsala\/wp-json\/wp\/v2\/types\/post"}],"author":[{"embeddable":true,"href":"https:\/\/wp.kristdemokraterna.se\/uppsala\/wp-json\/wp\/v2\/users\/1034"}],"replies":[{"embeddable":true,"href":"https:\/\/wp.kristdemokraterna.se\/uppsala\/wp-json\/wp\/v2\/comments?post=4164"}],"version-history":[{"count":3,"href":"https:\/\/wp.kristdemokraterna.se\/uppsala\/wp-json\/wp\/v2\/posts\/4164\/revisions"}],"predecessor-version":[{"id":4169,"href":"https:\/\/wp.kristdemokraterna.se\/uppsala\/wp-json\/wp\/v2\/posts\/4164\/revisions\/4169"}],"wp:attachment":[{"href":"https:\/\/wp.kristdemokraterna.se\/uppsala\/wp-json\/wp\/v2\/media?parent=4164"}],"wp:term":[{"taxonomy":"category","embeddable":true,"href":"https:\/\/wp.kristdemokraterna.se\/uppsala\/wp-json\/wp\/v2\/categories?post=4164"},{"taxonomy":"post_tag","embeddable":true,"href":"https:\/\/wp.kristdemokraterna.se\/uppsala\/wp-json\/wp\/v2\/tags?post=4164"}],"curies":[{"name":"wp","href":"https:\/\/api.w.org\/{rel}","templated":true}]}}