{"id":4170,"date":"2022-08-26T17:20:03","date_gmt":"2022-08-26T15:20:03","guid":{"rendered":"https:\/\/wp.kristdemokraterna.se\/uppsala\/?p=4170"},"modified":"2024-04-03T23:10:12","modified_gmt":"2024-04-03T21:10:12","slug":"redo-for-en-ny-regering-och-arhundradets-vardreform","status":"publish","type":"post","link":"https:\/\/wp.kristdemokraterna.se\/uppsala\/redo-for-en-ny-regering-och-arhundradets-vardreform\/","title":{"rendered":"Redo f\u00f6r en ny regering och \u00e5rhundradets v\u00e5rdreform"},"content":{"rendered":"<p>Ebba Busch vill ha en ny regering! En borgerlig regering med Ulf Kristersson som statsministerkandidat. En handlingskraftig regering som kan ta tag i de sv\u00e5ra fr\u00e5gorna som migrationsfr\u00e5gan, NATO-intr\u00e4det, brottsbek\u00e4mpningen, v\u00e5rdk\u00f6erna och k\u00e4rnkraften. Under de senaste \u00e5ren har Sverige f\u00e5tt uppleva \u00e5terkommande regeringskriser. Det beror i stort sett p\u00e5 att Socialdemokraterna \u00e4r beroende av tre partier\u2013V, MP och C\u2013som v\u00e4grar tala med varandra. L\u00e5t oss l\u00f6sa de fr\u00e5gor Socialdemokraterna, V\u00e4nsterpartiet, Milj\u00f6partiet och Centerpartiet idag \u00e4r f\u00f6rsplittrade f\u00f6r att l\u00f6sa, v\u00e4djar Ebba Busch.-Jag vill tala om Svenssonlivet, trots att jag kan f\u00f6rest\u00e4lla mig h\u00e5nflinet hos den kulturradikalav\u00e4nstern. Och om en k\u00e4nsla som finns bland m\u00e5nga i v\u00e5rt land. En k\u00e4nsla av att n\u00e5got h\u00e5ller p\u00e5 att g\u00e5 f\u00f6rlorat. Att det blir allt sv\u00e5rare att genom eget arbete skapa sig ett gott liv. Att det blir allt sv\u00e5rare att uppn\u00e5 de d\u00e4r tre V:na-Villa, Volvo och Vovve.Vanliga m\u00e4nniskors dr\u00f6mmar \u00e4r v\u00e4rda att v\u00e4rna, s\u00e4ger Ebba Busch.-Politikens uppgift \u00e4r inte att l\u00f6sa m\u00e4nniskors alla problem\u2013men vi kan str\u00e4va efter att g\u00f6ra livet lite l\u00e4ttare att leva. Tyv\u00e4rr k\u00e4nner m\u00e5nga nu att politiken ist\u00e4llet gjort det sv\u00e5rare att leva. Det har blivit dyrt att vara svensk. Vi har f\u00e5tt \u201dMagdapriser\u201d p\u00e5 elen! Bensinen! Maten! Och nu r\u00e4ntorna!Ber\u00e4kningar visar att en genomsnittlig tv\u00e5barnsfamilj kommer f\u00e5 \u00f6kade kostnader p\u00e5 \u00f6ver 50 000kronor i \u00e5r och n\u00e4sta \u00e5r. Ebba pekar ocks\u00e5 p\u00e5 att Sverige blivit ett k\u00f6land, f\u00f6r att flyga fr\u00e5n Arlanda, f\u00f6r att f\u00e5 ett pass och s\u00e5 vidare.<\/p>\n<p>-Men de k\u00f6er som v\u00e4cker min urilska \u00e4r v\u00e5rdk\u00f6erna. K\u00f6erna till provtagning\u2013som tvingar m\u00e4nniskor g\u00e5 med \u00e5ngest och oro i vardagen. K\u00f6erna till BUP-\u00e4ven f\u00f6r fjorton\u00e5ringar med \u00e4tst\u00f6rningar. K\u00f6erna till cancerv\u00e5rd-\u00e4ven om det finns spridningsrisk.<\/p>\n<p>-V\u00e5r sjukv\u00e5rd \u00e4r bra n\u00e4r man v\u00e4l f\u00e5r ta del av den\u2013men v\u00e5rdk\u00f6erna \u00e4r rekordl\u00e5nga. De senaste \u00e5tta \u00e5ren har v\u00e5rdk\u00f6erna mer \u00e4n tredubblats. Just nu \u00e4r det 140 000 m\u00e4nniskor som lidit och v\u00e4ntat olagligt l\u00e4nge p\u00e5 v\u00e5rd. Sverige har fler l\u00e4kare \u00e4n EU-genomsnittet men de tr\u00e4ffar betydligt f\u00e4rre patienter \u00e4n sina europeiska kollegor. Vi l\u00e4gger mer pengar p\u00e5 v\u00e5rden \u00e4n EU-genomsnittet men har l\u00e4gst antal v\u00e5rdplatser per capita. Det h\u00e4r \u00e4r ett systemfel.<\/p>\n<p>&#8211; Norge och Danmark hade l\u00e4nge samma system som vi. Men de tog mod till sig, avskaffade sinalandsting, gjorde v\u00e5rden till ett gemensamt nationellt \u00e5tagande och kunde sedan kapa k\u00f6erna. Nu \u00e4r det dags att s\u00e4ga adj\u00f6 till regionerna (f d landstingen)efter 160 \u00e5r och g\u00f6ra \u201d\u00e5rhundradetsv\u00e5rdreform\u201d.Ebba Busch fick mycket uppm\u00e4rksamhet f\u00f6r sitt uttalande i Ekots l\u00f6rdagsintervju d\u00e4r hon undrade varf\u00f6r det var poliser som blev skadade och retirerade och inte de islamistiska upploppsmakarna. Hon vill ge svensk polis b\u00e4ttre f\u00f6ruts\u00e4ttningar och sneglar \u00e4ven d\u00e4r \u00e5t Danmark. D\u00e4r gick rikspolischefen till partierna med en l\u00e5ng lista p\u00e5 \u00e5tg\u00e4rder han ans\u00e5g sig beh\u00f6va. Alla partier fr\u00e5nh\u00f6ger till v\u00e4nster sl\u00f6t upp och gav polisen det de bett om. \u00c4ven i Sverige gick rikspolischefen, h\u00f6sten2019, till partierna med f\u00f6rslag p\u00e5 reformer polisen ans\u00e5g sig beh\u00f6va f\u00f6r att klara sitt uppdrag. Partierna till v\u00e4nster str\u00f6k det mesta.<\/p>\n<p>-Skillnaden \u00e4r sl\u00e5ende. I Danmark har antalet g\u00e4ngbrottslingar minskat med en tredjedel. Men h\u00e4r har den g\u00e5ngna v\u00e5ren varit den blodigaste i modern tid. Ebba Busch kan inte tala om det h\u00e4r utan att komma in p\u00e5 KD:s hj\u00e4rtefr\u00e5ga\u2013familjen.<\/p>\n<p>-Det b\u00e4sta s\u00e4ttet att stoppa brottslighet p\u00e5 \u00e4r att f\u00f6rebygga brott. S\u00e5 enkelt samtidigt s\u00e5 sv\u00e5rt! Nej, ingen familj \u00e4r perfekt. En del familjer \u00e4r till och med destruktiva. Men i de breda lagren i alla delar av samh\u00e4llet \u00e4r ett tryggt f\u00f6r\u00e4ldraskap det fr\u00e4msta v\u00e4rnet mot gatans v\u00e4rderingar och en kriminell livsstil.<\/p>\n<p>-Den som verkligen vill f\u00f6rebygga brott fokuserar p\u00e5 att bygga upp trygga familjer. Vi f\u00f6rst\u00e5r vikten av trygga familjer och f\u00f6r\u00e4ldrar f\u00f6r att bygga ett gott samh\u00e4lle. Tyv\u00e4rr kan man inte s\u00e4ga detsamma om de r\u00f6dgr\u00f6na. Titta bara p\u00e5 skillnaderna i familjepolitiken. Vi vill inf\u00f6ra en flexibel f\u00f6r\u00e4ldraf\u00f6rs\u00e4kring f\u00f6r att st\u00f6dja familjerna. De vill tv\u00e5ngsdela f\u00f6r\u00e4ldraf\u00f6rs\u00e4kringen f\u00f6r att styra familjerna.<\/p>\n<p>-Det h\u00e4r \u00e4r inte raketforskning! Det finns inga trygga samh\u00e4llen utan trygga familjer! N\u00e4r familjer m\u00e5r bra s\u00e5 m\u00e5r samh\u00e4llet bra! D\u00e4rf\u00f6r s\u00e4tter vi familjen fr\u00e4mst! Ig\u00e5r, idag och imorgon!<\/p>\n","protected":false},"excerpt":{"rendered":"<p>Ebba Busch vill ha en ny regering! En borgerlig regering med Ulf Kristersson som statsministerkandidat. En handlingskraftig regering som kan ta tag i de sv\u00e5ra fr\u00e5gorna som migrationsfr\u00e5gan, NATO-intr\u00e4det, brottsbek\u00e4mpningen, v\u00e5rdk\u00f6erna och k\u00e4rnkraften. Under de senaste \u00e5ren har Sverige f\u00e5tt uppleva \u00e5terkommande regeringskriser. Det beror i stort sett p\u00e5 att Socialdemokraterna \u00e4r beroende av tre <a class=\"read-more-link\" href=\"https:\/\/wp.kristdemokraterna.se\/uppsala\/redo-for-en-ny-regering-och-arhundradets-vardreform\/\">Read More<\/a><\/p>\n","protected":false},"author":1022,"featured_media":0,"comment_status":"closed","ping_status":"closed","sticky":false,"template":"","format":"standard","meta":{"_acf_changed":false,"footnotes":""},"categories":[236],"tags":[],"class_list":["post-4170","post","type-post","status-publish","format-standard","hentry","category-vard-o-omsorg"],"acf":[],"yoast_head":"<!-- This site is optimized with the Yoast SEO plugin v27.4 - https:\/\/yoast.com\/product\/yoast-seo-wordpress\/ -->\n<title>Redo f\u00f6r en ny regering och \u00e5rhundradets v\u00e5rdreform | Kristdemokraterna | Uppsala<\/title>\n<meta name=\"robots\" content=\"index, follow, max-snippet:-1, max-image-preview:large, max-video-preview:-1\" \/>\n<link rel=\"canonical\" href=\"https:\/\/wp.kristdemokraterna.se\/uppsala\/redo-for-en-ny-regering-och-arhundradets-vardreform\/\" \/>\n<meta property=\"og:locale\" content=\"sv_SE\" \/>\n<meta property=\"og:type\" content=\"article\" \/>\n<meta property=\"og:title\" content=\"Redo f\u00f6r en ny regering och \u00e5rhundradets v\u00e5rdreform | Kristdemokraterna | Uppsala\" \/>\n<meta property=\"og:description\" content=\"Ebba Busch vill ha en ny regering! En borgerlig regering med Ulf Kristersson som statsministerkandidat. En handlingskraftig regering som kan ta tag i de sv\u00e5ra fr\u00e5gorna som migrationsfr\u00e5gan, NATO-intr\u00e4det, brottsbek\u00e4mpningen, v\u00e5rdk\u00f6erna och k\u00e4rnkraften. Under de senaste \u00e5ren har Sverige f\u00e5tt uppleva \u00e5terkommande regeringskriser. Det beror i stort sett p\u00e5 att Socialdemokraterna \u00e4r beroende av tre Read More\" \/>\n<meta property=\"og:url\" content=\"https:\/\/wp.kristdemokraterna.se\/uppsala\/redo-for-en-ny-regering-och-arhundradets-vardreform\/\" \/>\n<meta property=\"og:site_name\" content=\"Kristdemokraterna | Uppsala\" \/>\n<meta property=\"article:publisher\" content=\"https:\/\/www.facebook.com\/UppsalaKD\/\" \/>\n<meta property=\"article:published_time\" content=\"2022-08-26T15:20:03+00:00\" \/>\n<meta property=\"article:modified_time\" content=\"2024-04-03T21:10:12+00:00\" \/>\n<meta property=\"og:image\" content=\"https:\/\/wp.kristdemokraterna.se\/uppsala\/files\/2021\/12\/kom1.png\" \/>\n\t<meta property=\"og:image:width\" content=\"770\" \/>\n\t<meta property=\"og:image:height\" content=\"404\" \/>\n\t<meta property=\"og:image:type\" content=\"image\/png\" \/>\n<meta name=\"author\" content=\"Esther Thor\u00e4ngen\" \/>\n<meta name=\"twitter:card\" content=\"summary_large_image\" \/>\n<meta name=\"twitter:label1\" content=\"Skriven av\" \/>\n\t<meta name=\"twitter:data1\" content=\"Esther Thor\u00e4ngen\" \/>\n\t<meta name=\"twitter:label2\" content=\"Ber\u00e4knad l\u00e4stid\" \/>\n\t<meta name=\"twitter:data2\" content=\"4 minuter\" \/>\n<script type=\"application\/ld+json\" class=\"yoast-schema-graph\">{\"@context\":\"https:\\\/\\\/schema.org\",\"@graph\":[{\"@type\":\"Article\",\"@id\":\"https:\\\/\\\/wp.kristdemokraterna.se\\\/uppsala\\\/redo-for-en-ny-regering-och-arhundradets-vardreform\\\/#article\",\"isPartOf\":{\"@id\":\"https:\\\/\\\/wp.kristdemokraterna.se\\\/uppsala\\\/redo-for-en-ny-regering-och-arhundradets-vardreform\\\/\"},\"author\":{\"name\":\"Esther Thor\u00e4ngen\",\"@id\":\"https:\\\/\\\/wp.kristdemokraterna.se\\\/uppsala\\\/#\\\/schema\\\/person\\\/bfa1b6a16e9dc5dc42307e3309026231\"},\"headline\":\"Redo f\u00f6r en ny regering och \u00e5rhundradets v\u00e5rdreform\",\"datePublished\":\"2022-08-26T15:20:03+00:00\",\"dateModified\":\"2024-04-03T21:10:12+00:00\",\"mainEntityOfPage\":{\"@id\":\"https:\\\/\\\/wp.kristdemokraterna.se\\\/uppsala\\\/redo-for-en-ny-regering-och-arhundradets-vardreform\\\/\"},\"wordCount\":875,\"publisher\":{\"@id\":\"https:\\\/\\\/wp.kristdemokraterna.se\\\/uppsala\\\/#organization\"},\"articleSection\":[\"V\u00e5rd &amp; omsorg\"],\"inLanguage\":\"sv-SE\"},{\"@type\":\"WebPage\",\"@id\":\"https:\\\/\\\/wp.kristdemokraterna.se\\\/uppsala\\\/redo-for-en-ny-regering-och-arhundradets-vardreform\\\/\",\"url\":\"https:\\\/\\\/wp.kristdemokraterna.se\\\/uppsala\\\/redo-for-en-ny-regering-och-arhundradets-vardreform\\\/\",\"name\":\"Redo f\u00f6r en ny regering och \u00e5rhundradets v\u00e5rdreform | Kristdemokraterna | Uppsala\",\"isPartOf\":{\"@id\":\"https:\\\/\\\/wp.kristdemokraterna.se\\\/uppsala\\\/#website\"},\"datePublished\":\"2022-08-26T15:20:03+00:00\",\"dateModified\":\"2024-04-03T21:10:12+00:00\",\"breadcrumb\":{\"@id\":\"https:\\\/\\\/wp.kristdemokraterna.se\\\/uppsala\\\/redo-for-en-ny-regering-och-arhundradets-vardreform\\\/#breadcrumb\"},\"inLanguage\":\"sv-SE\",\"potentialAction\":[{\"@type\":\"ReadAction\",\"target\":[\"https:\\\/\\\/wp.kristdemokraterna.se\\\/uppsala\\\/redo-for-en-ny-regering-och-arhundradets-vardreform\\\/\"]}]},{\"@type\":\"BreadcrumbList\",\"@id\":\"https:\\\/\\\/wp.kristdemokraterna.se\\\/uppsala\\\/redo-for-en-ny-regering-och-arhundradets-vardreform\\\/#breadcrumb\",\"itemListElement\":[{\"@type\":\"ListItem\",\"position\":1,\"name\":\"Hem\",\"item\":\"https:\\\/\\\/wp.kristdemokraterna.se\\\/uppsala\\\/\"},{\"@type\":\"ListItem\",\"position\":2,\"name\":\"Redo f\u00f6r en ny regering och \u00e5rhundradets v\u00e5rdreform\"}]},{\"@type\":\"WebSite\",\"@id\":\"https:\\\/\\\/wp.kristdemokraterna.se\\\/uppsala\\\/#website\",\"url\":\"https:\\\/\\\/wp.kristdemokraterna.se\\\/uppsala\\\/\",\"name\":\"Kristdemokraterna Uppsala\",\"description\":\"Tryggare Uppsala\",\"publisher\":{\"@id\":\"https:\\\/\\\/wp.kristdemokraterna.se\\\/uppsala\\\/#organization\"},\"inLanguage\":\"sv-SE\"},{\"@type\":\"Organization\",\"@id\":\"https:\\\/\\\/wp.kristdemokraterna.se\\\/uppsala\\\/#organization\",\"name\":\"Kristdemokraterna Uppsala\",\"url\":\"https:\\\/\\\/wp.kristdemokraterna.se\\\/uppsala\\\/\",\"logo\":{\"@type\":\"ImageObject\",\"inLanguage\":\"sv-SE\",\"@id\":\"https:\\\/\\\/wp.kristdemokraterna.se\\\/uppsala\\\/#\\\/schema\\\/logo\\\/image\\\/\",\"url\":\"https:\\\/\\\/wp.kristdemokraterna.se\\\/uppsala\\\/files\\\/2019\\\/10\\\/kd-uppsala.png\",\"contentUrl\":\"https:\\\/\\\/wp.kristdemokraterna.se\\\/uppsala\\\/files\\\/2019\\\/10\\\/kd-uppsala.png\",\"width\":804,\"height\":421,\"caption\":\"Kristdemokraterna Uppsala\"},\"image\":{\"@id\":\"https:\\\/\\\/wp.kristdemokraterna.se\\\/uppsala\\\/#\\\/schema\\\/logo\\\/image\\\/\"},\"sameAs\":[\"https:\\\/\\\/www.facebook.com\\\/UppsalaKD\\\/\",\"https:\\\/\\\/www.instagram.com\\\/uppsalakd\\\/\"]},{\"@type\":\"Person\",\"@id\":\"https:\\\/\\\/wp.kristdemokraterna.se\\\/uppsala\\\/#\\\/schema\\\/person\\\/bfa1b6a16e9dc5dc42307e3309026231\",\"name\":\"Esther Thor\u00e4ngen\",\"image\":{\"@type\":\"ImageObject\",\"inLanguage\":\"sv-SE\",\"@id\":\"https:\\\/\\\/secure.gravatar.com\\\/avatar\\\/a6b82937e84fd809320b6329ea9e103aaf263193e3a0c020155b10bd2b0670c1?s=96&r=g\",\"url\":\"https:\\\/\\\/secure.gravatar.com\\\/avatar\\\/a6b82937e84fd809320b6329ea9e103aaf263193e3a0c020155b10bd2b0670c1?s=96&r=g\",\"contentUrl\":\"https:\\\/\\\/secure.gravatar.com\\\/avatar\\\/a6b82937e84fd809320b6329ea9e103aaf263193e3a0c020155b10bd2b0670c1?s=96&r=g\",\"caption\":\"Esther Thor\u00e4ngen\"},\"url\":\"https:\\\/\\\/wp.kristdemokraterna.se\\\/uppsala\\\/author\\\/estherthor\\\/\"}]}<\/script>\n<!-- \/ Yoast SEO plugin. -->","yoast_head_json":{"title":"Redo f\u00f6r en ny regering och \u00e5rhundradets v\u00e5rdreform | Kristdemokraterna | Uppsala","robots":{"index":"index","follow":"follow","max-snippet":"max-snippet:-1","max-image-preview":"max-image-preview:large","max-video-preview":"max-video-preview:-1"},"canonical":"https:\/\/wp.kristdemokraterna.se\/uppsala\/redo-for-en-ny-regering-och-arhundradets-vardreform\/","og_locale":"sv_SE","og_type":"article","og_title":"Redo f\u00f6r en ny regering och \u00e5rhundradets v\u00e5rdreform | Kristdemokraterna | Uppsala","og_description":"Ebba Busch vill ha en ny regering! En borgerlig regering med Ulf Kristersson som statsministerkandidat. En handlingskraftig regering som kan ta tag i de sv\u00e5ra fr\u00e5gorna som migrationsfr\u00e5gan, NATO-intr\u00e4det, brottsbek\u00e4mpningen, v\u00e5rdk\u00f6erna och k\u00e4rnkraften. Under de senaste \u00e5ren har Sverige f\u00e5tt uppleva \u00e5terkommande regeringskriser. Det beror i stort sett p\u00e5 att Socialdemokraterna \u00e4r beroende av tre Read More","og_url":"https:\/\/wp.kristdemokraterna.se\/uppsala\/redo-for-en-ny-regering-och-arhundradets-vardreform\/","og_site_name":"Kristdemokraterna | Uppsala","article_publisher":"https:\/\/www.facebook.com\/UppsalaKD\/","article_published_time":"2022-08-26T15:20:03+00:00","article_modified_time":"2024-04-03T21:10:12+00:00","og_image":[{"width":770,"height":404,"url":"https:\/\/wp.kristdemokraterna.se\/uppsala\/files\/2021\/12\/kom1.png","type":"image\/png"}],"author":"Esther Thor\u00e4ngen","twitter_card":"summary_large_image","twitter_misc":{"Skriven av":"Esther Thor\u00e4ngen","Ber\u00e4knad l\u00e4stid":"4 minuter"},"schema":{"@context":"https:\/\/schema.org","@graph":[{"@type":"Article","@id":"https:\/\/wp.kristdemokraterna.se\/uppsala\/redo-for-en-ny-regering-och-arhundradets-vardreform\/#article","isPartOf":{"@id":"https:\/\/wp.kristdemokraterna.se\/uppsala\/redo-for-en-ny-regering-och-arhundradets-vardreform\/"},"author":{"name":"Esther Thor\u00e4ngen","@id":"https:\/\/wp.kristdemokraterna.se\/uppsala\/#\/schema\/person\/bfa1b6a16e9dc5dc42307e3309026231"},"headline":"Redo f\u00f6r en ny regering och \u00e5rhundradets v\u00e5rdreform","datePublished":"2022-08-26T15:20:03+00:00","dateModified":"2024-04-03T21:10:12+00:00","mainEntityOfPage":{"@id":"https:\/\/wp.kristdemokraterna.se\/uppsala\/redo-for-en-ny-regering-och-arhundradets-vardreform\/"},"wordCount":875,"publisher":{"@id":"https:\/\/wp.kristdemokraterna.se\/uppsala\/#organization"},"articleSection":["V\u00e5rd &amp; omsorg"],"inLanguage":"sv-SE"},{"@type":"WebPage","@id":"https:\/\/wp.kristdemokraterna.se\/uppsala\/redo-for-en-ny-regering-och-arhundradets-vardreform\/","url":"https:\/\/wp.kristdemokraterna.se\/uppsala\/redo-for-en-ny-regering-och-arhundradets-vardreform\/","name":"Redo f\u00f6r en ny regering och \u00e5rhundradets v\u00e5rdreform | Kristdemokraterna | Uppsala","isPartOf":{"@id":"https:\/\/wp.kristdemokraterna.se\/uppsala\/#website"},"datePublished":"2022-08-26T15:20:03+00:00","dateModified":"2024-04-03T21:10:12+00:00","breadcrumb":{"@id":"https:\/\/wp.kristdemokraterna.se\/uppsala\/redo-for-en-ny-regering-och-arhundradets-vardreform\/#breadcrumb"},"inLanguage":"sv-SE","potentialAction":[{"@type":"ReadAction","target":["https:\/\/wp.kristdemokraterna.se\/uppsala\/redo-for-en-ny-regering-och-arhundradets-vardreform\/"]}]},{"@type":"BreadcrumbList","@id":"https:\/\/wp.kristdemokraterna.se\/uppsala\/redo-for-en-ny-regering-och-arhundradets-vardreform\/#breadcrumb","itemListElement":[{"@type":"ListItem","position":1,"name":"Hem","item":"https:\/\/wp.kristdemokraterna.se\/uppsala\/"},{"@type":"ListItem","position":2,"name":"Redo f\u00f6r en ny regering och \u00e5rhundradets v\u00e5rdreform"}]},{"@type":"WebSite","@id":"https:\/\/wp.kristdemokraterna.se\/uppsala\/#website","url":"https:\/\/wp.kristdemokraterna.se\/uppsala\/","name":"Kristdemokraterna Uppsala","description":"Tryggare Uppsala","publisher":{"@id":"https:\/\/wp.kristdemokraterna.se\/uppsala\/#organization"},"inLanguage":"sv-SE"},{"@type":"Organization","@id":"https:\/\/wp.kristdemokraterna.se\/uppsala\/#organization","name":"Kristdemokraterna Uppsala","url":"https:\/\/wp.kristdemokraterna.se\/uppsala\/","logo":{"@type":"ImageObject","inLanguage":"sv-SE","@id":"https:\/\/wp.kristdemokraterna.se\/uppsala\/#\/schema\/logo\/image\/","url":"https:\/\/wp.kristdemokraterna.se\/uppsala\/files\/2019\/10\/kd-uppsala.png","contentUrl":"https:\/\/wp.kristdemokraterna.se\/uppsala\/files\/2019\/10\/kd-uppsala.png","width":804,"height":421,"caption":"Kristdemokraterna Uppsala"},"image":{"@id":"https:\/\/wp.kristdemokraterna.se\/uppsala\/#\/schema\/logo\/image\/"},"sameAs":["https:\/\/www.facebook.com\/UppsalaKD\/","https:\/\/www.instagram.com\/uppsalakd\/"]},{"@type":"Person","@id":"https:\/\/wp.kristdemokraterna.se\/uppsala\/#\/schema\/person\/bfa1b6a16e9dc5dc42307e3309026231","name":"Esther Thor\u00e4ngen","image":{"@type":"ImageObject","inLanguage":"sv-SE","@id":"https:\/\/secure.gravatar.com\/avatar\/a6b82937e84fd809320b6329ea9e103aaf263193e3a0c020155b10bd2b0670c1?s=96&r=g","url":"https:\/\/secure.gravatar.com\/avatar\/a6b82937e84fd809320b6329ea9e103aaf263193e3a0c020155b10bd2b0670c1?s=96&r=g","contentUrl":"https:\/\/secure.gravatar.com\/avatar\/a6b82937e84fd809320b6329ea9e103aaf263193e3a0c020155b10bd2b0670c1?s=96&r=g","caption":"Esther Thor\u00e4ngen"},"url":"https:\/\/wp.kristdemokraterna.se\/uppsala\/author\/estherthor\/"}]}},"_links":{"self":[{"href":"https:\/\/wp.kristdemokraterna.se\/uppsala\/wp-json\/wp\/v2\/posts\/4170","targetHints":{"allow":["GET"]}}],"collection":[{"href":"https:\/\/wp.kristdemokraterna.se\/uppsala\/wp-json\/wp\/v2\/posts"}],"about":[{"href":"https:\/\/wp.kristdemokraterna.se\/uppsala\/wp-json\/wp\/v2\/types\/post"}],"author":[{"embeddable":true,"href":"https:\/\/wp.kristdemokraterna.se\/uppsala\/wp-json\/wp\/v2\/users\/1022"}],"replies":[{"embeddable":true,"href":"https:\/\/wp.kristdemokraterna.se\/uppsala\/wp-json\/wp\/v2\/comments?post=4170"}],"version-history":[{"count":3,"href":"https:\/\/wp.kristdemokraterna.se\/uppsala\/wp-json\/wp\/v2\/posts\/4170\/revisions"}],"predecessor-version":[{"id":4181,"href":"https:\/\/wp.kristdemokraterna.se\/uppsala\/wp-json\/wp\/v2\/posts\/4170\/revisions\/4181"}],"wp:attachment":[{"href":"https:\/\/wp.kristdemokraterna.se\/uppsala\/wp-json\/wp\/v2\/media?parent=4170"}],"wp:term":[{"taxonomy":"category","embeddable":true,"href":"https:\/\/wp.kristdemokraterna.se\/uppsala\/wp-json\/wp\/v2\/categories?post=4170"},{"taxonomy":"post_tag","embeddable":true,"href":"https:\/\/wp.kristdemokraterna.se\/uppsala\/wp-json\/wp\/v2\/tags?post=4170"}],"curies":[{"name":"wp","href":"https:\/\/api.w.org\/{rel}","templated":true}]}}