{"id":4188,"date":"2022-09-06T11:43:17","date_gmt":"2022-09-06T09:43:17","guid":{"rendered":"https:\/\/wp.kristdemokraterna.se\/uppsala\/?p=4188"},"modified":"2024-04-04T00:18:52","modified_gmt":"2024-04-03T22:18:52","slug":"kd-ar-tydliga-om-sydostra-staden","status":"publish","type":"post","link":"https:\/\/wp.kristdemokraterna.se\/uppsala\/kd-ar-tydliga-om-sydostra-staden\/","title":{"rendered":"KD \u00e4r tydliga om Syd\u00f6stra staden"},"content":{"rendered":"<p>Vi tycker inte att staten borde villkora den n\u00f6dv\u00e4ndiga utbyggnaden av j\u00e4rnv\u00e4gen med bostadsbyggande &#8211; skriver Jonas Segersam (kommunalr\u00e5d f\u00f6r KD) i UNT.<\/p>\n<p>N\u00e4r den f\u00f6rdjupade \u00f6versiktsplanen f\u00f6r syd\u00f6stra staden antogs i fullm\u00e4ktige r\u00f6stade M, KD, C och SD nej (tv\u00e5 g\u00e5nger dessutom). Det finns d\u00e4rf\u00f6r en stor chans att en majoritet efter valet kommer att riva upp planerna, inklusive oss i KD.<\/p>\n<p>Vi har redan nu lyckats stoppa utbyggnaden mellan N\u00e5ntuna och S\u00e4vja (\u201dpulkabackarna\u201d) eftersom minoritetsstyret g\u00e5tt med p\u00e5 att l\u00e4gga den utbyggnaden sist i planerna.<\/p>\n<p>Vi \u00e4r alla f\u00f6r utbyggnad av j\u00e4rnv\u00e4gen, med en ny station (Uppsala S\u00f6dra), d\u00e4r man kan bygga en del bost\u00e4der runt stationen. Men vi kristdemokrater tycker inte att staten borde villkora denna n\u00f6dv\u00e4ndiga utbyggnad av j\u00e4rnv\u00e4gen med bostadsbyggande. Vi reserverade oss d\u00e4rf\u00f6r mot hela beslutet om \u201dUppsalapaketet\u201d i kommunfullm\u00e4ktige 2018. Denna linje driver vi s\u00e5v\u00e4l i Uppsala som i Knivsta f\u00f6r att gemensamt stoppa de orealistiska planerna p\u00e5 48 000 nya bost\u00e4der.<\/p>\n<p>Vi kristdemokrater har hela tiden p\u00e5pekat att ytterligare bebyggelse b\u00f6r f\u00f6rskjutas till skogsomr\u00e5det mellan E4 och j\u00e4rnv\u00e4gen ner mot Knivsta kommungr\u00e4ns (\u201dNysala\u201d). Detta \u00e4r n\u00e5got som vi inte har f\u00e5tt geh\u00f6r f\u00f6r av andra partier. Vi har \u00e4ven motionerat om \u201dS\u00f6derby tr\u00e4dg\u00e5rdsstad\u201d, d\u00e5 ny byggnation inte b\u00f6r best\u00e5 av h\u00f6ghus 5-8 v\u00e5ningar utan sm\u00e5hus och tr\u00e4dg\u00e5rdsst\u00e4der. Vi s\u00e4ger dessutom nej till sp\u00e5rv\u00e4g liksom de \u00f6vriga partierna i opposition, varf\u00f6r \u00e4ven dessa planer kan komma att rivas upp efter valet om vi f\u00e5r en ny majoritet.<\/p>\n<p>Detta g\u00e5r att l\u00e4sa om i artikeln: <a href=\"https:\/\/unt.se\/insandare\/artikel\/kd-ar-tydliga-om-sydostra-staden\/rxy4degl\">KD \u00e4r tydliga om Syd\u00f6stra staden \u2013 Upsala Nya Tidning (unt.se)<\/a><\/p>\n","protected":false},"excerpt":{"rendered":"<p>Vi tycker inte att staten borde villkora den n\u00f6dv\u00e4ndiga utbyggnaden av j\u00e4rnv\u00e4gen med bostadsbyggande &#8211; skriver Jonas Segersam (kommunalr\u00e5d f\u00f6r KD) i UNT. N\u00e4r den f\u00f6rdjupade \u00f6versiktsplanen f\u00f6r syd\u00f6stra staden antogs i fullm\u00e4ktige r\u00f6stade M, KD, C och SD nej (tv\u00e5 g\u00e5nger dessutom). Det finns d\u00e4rf\u00f6r en stor chans att en majoritet efter valet kommer <a class=\"read-more-link\" href=\"https:\/\/wp.kristdemokraterna.se\/uppsala\/kd-ar-tydliga-om-sydostra-staden\/\">Read More<\/a><\/p>\n","protected":false},"author":1034,"featured_media":0,"comment_status":"closed","ping_status":"closed","sticky":false,"template":"","format":"standard","meta":{"_acf_changed":false,"footnotes":""},"categories":[232],"tags":[],"class_list":["post-4188","post","type-post","status-publish","format-standard","hentry","category-kollektivtrafik-o-stadsplanering"],"acf":[],"yoast_head":"<!-- This site is optimized with the Yoast SEO plugin v27.4 - https:\/\/yoast.com\/product\/yoast-seo-wordpress\/ -->\n<title>KD \u00e4r tydliga om Syd\u00f6stra staden | Kristdemokraterna | Uppsala<\/title>\n<meta name=\"robots\" content=\"index, follow, max-snippet:-1, max-image-preview:large, max-video-preview:-1\" \/>\n<link rel=\"canonical\" href=\"https:\/\/wp.kristdemokraterna.se\/uppsala\/kd-ar-tydliga-om-sydostra-staden\/\" \/>\n<meta property=\"og:locale\" content=\"sv_SE\" \/>\n<meta property=\"og:type\" content=\"article\" \/>\n<meta property=\"og:title\" content=\"KD \u00e4r tydliga om Syd\u00f6stra staden | Kristdemokraterna | Uppsala\" \/>\n<meta property=\"og:description\" content=\"Vi tycker inte att staten borde villkora den n\u00f6dv\u00e4ndiga utbyggnaden av j\u00e4rnv\u00e4gen med bostadsbyggande &#8211; skriver Jonas Segersam (kommunalr\u00e5d f\u00f6r KD) i UNT. N\u00e4r den f\u00f6rdjupade \u00f6versiktsplanen f\u00f6r syd\u00f6stra staden antogs i fullm\u00e4ktige r\u00f6stade M, KD, C och SD nej (tv\u00e5 g\u00e5nger dessutom). Det finns d\u00e4rf\u00f6r en stor chans att en majoritet efter valet kommer Read More\" \/>\n<meta property=\"og:url\" content=\"https:\/\/wp.kristdemokraterna.se\/uppsala\/kd-ar-tydliga-om-sydostra-staden\/\" \/>\n<meta property=\"og:site_name\" content=\"Kristdemokraterna | Uppsala\" \/>\n<meta property=\"article:publisher\" content=\"https:\/\/www.facebook.com\/UppsalaKD\/\" \/>\n<meta property=\"article:published_time\" content=\"2022-09-06T09:43:17+00:00\" \/>\n<meta property=\"article:modified_time\" content=\"2024-04-03T22:18:52+00:00\" \/>\n<meta property=\"og:image\" content=\"https:\/\/wp.kristdemokraterna.se\/uppsala\/files\/2021\/12\/kom1.png\" \/>\n\t<meta property=\"og:image:width\" content=\"770\" \/>\n\t<meta property=\"og:image:height\" content=\"404\" \/>\n\t<meta property=\"og:image:type\" content=\"image\/png\" \/>\n<meta name=\"author\" content=\"masvensson\" \/>\n<meta name=\"twitter:card\" content=\"summary_large_image\" \/>\n<meta name=\"twitter:label1\" content=\"Skriven av\" \/>\n\t<meta name=\"twitter:data1\" content=\"masvensson\" \/>\n\t<meta name=\"twitter:label2\" content=\"Ber\u00e4knad l\u00e4stid\" \/>\n\t<meta name=\"twitter:data2\" content=\"2 minuter\" \/>\n<script type=\"application\/ld+json\" class=\"yoast-schema-graph\">{\"@context\":\"https:\\\/\\\/schema.org\",\"@graph\":[{\"@type\":\"Article\",\"@id\":\"https:\\\/\\\/wp.kristdemokraterna.se\\\/uppsala\\\/kd-ar-tydliga-om-sydostra-staden\\\/#article\",\"isPartOf\":{\"@id\":\"https:\\\/\\\/wp.kristdemokraterna.se\\\/uppsala\\\/kd-ar-tydliga-om-sydostra-staden\\\/\"},\"author\":{\"name\":\"masvensson\",\"@id\":\"https:\\\/\\\/wp.kristdemokraterna.se\\\/uppsala\\\/#\\\/schema\\\/person\\\/6a784ee89517136dae16387e86b5977d\"},\"headline\":\"KD \u00e4r tydliga om Syd\u00f6stra staden\",\"datePublished\":\"2022-09-06T09:43:17+00:00\",\"dateModified\":\"2024-04-03T22:18:52+00:00\",\"mainEntityOfPage\":{\"@id\":\"https:\\\/\\\/wp.kristdemokraterna.se\\\/uppsala\\\/kd-ar-tydliga-om-sydostra-staden\\\/\"},\"wordCount\":331,\"publisher\":{\"@id\":\"https:\\\/\\\/wp.kristdemokraterna.se\\\/uppsala\\\/#organization\"},\"articleSection\":[\"Kollektivtrafik &amp; Stadsplanering\"],\"inLanguage\":\"sv-SE\"},{\"@type\":\"WebPage\",\"@id\":\"https:\\\/\\\/wp.kristdemokraterna.se\\\/uppsala\\\/kd-ar-tydliga-om-sydostra-staden\\\/\",\"url\":\"https:\\\/\\\/wp.kristdemokraterna.se\\\/uppsala\\\/kd-ar-tydliga-om-sydostra-staden\\\/\",\"name\":\"KD \u00e4r tydliga om Syd\u00f6stra staden | Kristdemokraterna | Uppsala\",\"isPartOf\":{\"@id\":\"https:\\\/\\\/wp.kristdemokraterna.se\\\/uppsala\\\/#website\"},\"datePublished\":\"2022-09-06T09:43:17+00:00\",\"dateModified\":\"2024-04-03T22:18:52+00:00\",\"breadcrumb\":{\"@id\":\"https:\\\/\\\/wp.kristdemokraterna.se\\\/uppsala\\\/kd-ar-tydliga-om-sydostra-staden\\\/#breadcrumb\"},\"inLanguage\":\"sv-SE\",\"potentialAction\":[{\"@type\":\"ReadAction\",\"target\":[\"https:\\\/\\\/wp.kristdemokraterna.se\\\/uppsala\\\/kd-ar-tydliga-om-sydostra-staden\\\/\"]}]},{\"@type\":\"BreadcrumbList\",\"@id\":\"https:\\\/\\\/wp.kristdemokraterna.se\\\/uppsala\\\/kd-ar-tydliga-om-sydostra-staden\\\/#breadcrumb\",\"itemListElement\":[{\"@type\":\"ListItem\",\"position\":1,\"name\":\"Hem\",\"item\":\"https:\\\/\\\/wp.kristdemokraterna.se\\\/uppsala\\\/\"},{\"@type\":\"ListItem\",\"position\":2,\"name\":\"KD \u00e4r tydliga om Syd\u00f6stra staden\"}]},{\"@type\":\"WebSite\",\"@id\":\"https:\\\/\\\/wp.kristdemokraterna.se\\\/uppsala\\\/#website\",\"url\":\"https:\\\/\\\/wp.kristdemokraterna.se\\\/uppsala\\\/\",\"name\":\"Kristdemokraterna Uppsala\",\"description\":\"Tryggare Uppsala\",\"publisher\":{\"@id\":\"https:\\\/\\\/wp.kristdemokraterna.se\\\/uppsala\\\/#organization\"},\"inLanguage\":\"sv-SE\"},{\"@type\":\"Organization\",\"@id\":\"https:\\\/\\\/wp.kristdemokraterna.se\\\/uppsala\\\/#organization\",\"name\":\"Kristdemokraterna Uppsala\",\"url\":\"https:\\\/\\\/wp.kristdemokraterna.se\\\/uppsala\\\/\",\"logo\":{\"@type\":\"ImageObject\",\"inLanguage\":\"sv-SE\",\"@id\":\"https:\\\/\\\/wp.kristdemokraterna.se\\\/uppsala\\\/#\\\/schema\\\/logo\\\/image\\\/\",\"url\":\"https:\\\/\\\/wp.kristdemokraterna.se\\\/uppsala\\\/files\\\/2019\\\/10\\\/kd-uppsala.png\",\"contentUrl\":\"https:\\\/\\\/wp.kristdemokraterna.se\\\/uppsala\\\/files\\\/2019\\\/10\\\/kd-uppsala.png\",\"width\":804,\"height\":421,\"caption\":\"Kristdemokraterna Uppsala\"},\"image\":{\"@id\":\"https:\\\/\\\/wp.kristdemokraterna.se\\\/uppsala\\\/#\\\/schema\\\/logo\\\/image\\\/\"},\"sameAs\":[\"https:\\\/\\\/www.facebook.com\\\/UppsalaKD\\\/\",\"https:\\\/\\\/www.instagram.com\\\/uppsalakd\\\/\"]},{\"@type\":\"Person\",\"@id\":\"https:\\\/\\\/wp.kristdemokraterna.se\\\/uppsala\\\/#\\\/schema\\\/person\\\/6a784ee89517136dae16387e86b5977d\",\"name\":\"masvensson\",\"image\":{\"@type\":\"ImageObject\",\"inLanguage\":\"sv-SE\",\"@id\":\"https:\\\/\\\/secure.gravatar.com\\\/avatar\\\/f680fad3b26d74e6f2e575a02497d7187a1d528f668732693b666588e1681d2f?s=96&r=g\",\"url\":\"https:\\\/\\\/secure.gravatar.com\\\/avatar\\\/f680fad3b26d74e6f2e575a02497d7187a1d528f668732693b666588e1681d2f?s=96&r=g\",\"contentUrl\":\"https:\\\/\\\/secure.gravatar.com\\\/avatar\\\/f680fad3b26d74e6f2e575a02497d7187a1d528f668732693b666588e1681d2f?s=96&r=g\",\"caption\":\"masvensson\"},\"url\":\"https:\\\/\\\/wp.kristdemokraterna.se\\\/uppsala\\\/author\\\/masvensson\\\/\"}]}<\/script>\n<!-- \/ Yoast SEO plugin. -->","yoast_head_json":{"title":"KD \u00e4r tydliga om Syd\u00f6stra staden | Kristdemokraterna | Uppsala","robots":{"index":"index","follow":"follow","max-snippet":"max-snippet:-1","max-image-preview":"max-image-preview:large","max-video-preview":"max-video-preview:-1"},"canonical":"https:\/\/wp.kristdemokraterna.se\/uppsala\/kd-ar-tydliga-om-sydostra-staden\/","og_locale":"sv_SE","og_type":"article","og_title":"KD \u00e4r tydliga om Syd\u00f6stra staden | Kristdemokraterna | Uppsala","og_description":"Vi tycker inte att staten borde villkora den n\u00f6dv\u00e4ndiga utbyggnaden av j\u00e4rnv\u00e4gen med bostadsbyggande &#8211; skriver Jonas Segersam (kommunalr\u00e5d f\u00f6r KD) i UNT. N\u00e4r den f\u00f6rdjupade \u00f6versiktsplanen f\u00f6r syd\u00f6stra staden antogs i fullm\u00e4ktige r\u00f6stade M, KD, C och SD nej (tv\u00e5 g\u00e5nger dessutom). Det finns d\u00e4rf\u00f6r en stor chans att en majoritet efter valet kommer Read More","og_url":"https:\/\/wp.kristdemokraterna.se\/uppsala\/kd-ar-tydliga-om-sydostra-staden\/","og_site_name":"Kristdemokraterna | Uppsala","article_publisher":"https:\/\/www.facebook.com\/UppsalaKD\/","article_published_time":"2022-09-06T09:43:17+00:00","article_modified_time":"2024-04-03T22:18:52+00:00","og_image":[{"width":770,"height":404,"url":"https:\/\/wp.kristdemokraterna.se\/uppsala\/files\/2021\/12\/kom1.png","type":"image\/png"}],"author":"masvensson","twitter_card":"summary_large_image","twitter_misc":{"Skriven av":"masvensson","Ber\u00e4knad l\u00e4stid":"2 minuter"},"schema":{"@context":"https:\/\/schema.org","@graph":[{"@type":"Article","@id":"https:\/\/wp.kristdemokraterna.se\/uppsala\/kd-ar-tydliga-om-sydostra-staden\/#article","isPartOf":{"@id":"https:\/\/wp.kristdemokraterna.se\/uppsala\/kd-ar-tydliga-om-sydostra-staden\/"},"author":{"name":"masvensson","@id":"https:\/\/wp.kristdemokraterna.se\/uppsala\/#\/schema\/person\/6a784ee89517136dae16387e86b5977d"},"headline":"KD \u00e4r tydliga om Syd\u00f6stra staden","datePublished":"2022-09-06T09:43:17+00:00","dateModified":"2024-04-03T22:18:52+00:00","mainEntityOfPage":{"@id":"https:\/\/wp.kristdemokraterna.se\/uppsala\/kd-ar-tydliga-om-sydostra-staden\/"},"wordCount":331,"publisher":{"@id":"https:\/\/wp.kristdemokraterna.se\/uppsala\/#organization"},"articleSection":["Kollektivtrafik &amp; Stadsplanering"],"inLanguage":"sv-SE"},{"@type":"WebPage","@id":"https:\/\/wp.kristdemokraterna.se\/uppsala\/kd-ar-tydliga-om-sydostra-staden\/","url":"https:\/\/wp.kristdemokraterna.se\/uppsala\/kd-ar-tydliga-om-sydostra-staden\/","name":"KD \u00e4r tydliga om Syd\u00f6stra staden | Kristdemokraterna | Uppsala","isPartOf":{"@id":"https:\/\/wp.kristdemokraterna.se\/uppsala\/#website"},"datePublished":"2022-09-06T09:43:17+00:00","dateModified":"2024-04-03T22:18:52+00:00","breadcrumb":{"@id":"https:\/\/wp.kristdemokraterna.se\/uppsala\/kd-ar-tydliga-om-sydostra-staden\/#breadcrumb"},"inLanguage":"sv-SE","potentialAction":[{"@type":"ReadAction","target":["https:\/\/wp.kristdemokraterna.se\/uppsala\/kd-ar-tydliga-om-sydostra-staden\/"]}]},{"@type":"BreadcrumbList","@id":"https:\/\/wp.kristdemokraterna.se\/uppsala\/kd-ar-tydliga-om-sydostra-staden\/#breadcrumb","itemListElement":[{"@type":"ListItem","position":1,"name":"Hem","item":"https:\/\/wp.kristdemokraterna.se\/uppsala\/"},{"@type":"ListItem","position":2,"name":"KD \u00e4r tydliga om Syd\u00f6stra staden"}]},{"@type":"WebSite","@id":"https:\/\/wp.kristdemokraterna.se\/uppsala\/#website","url":"https:\/\/wp.kristdemokraterna.se\/uppsala\/","name":"Kristdemokraterna Uppsala","description":"Tryggare Uppsala","publisher":{"@id":"https:\/\/wp.kristdemokraterna.se\/uppsala\/#organization"},"inLanguage":"sv-SE"},{"@type":"Organization","@id":"https:\/\/wp.kristdemokraterna.se\/uppsala\/#organization","name":"Kristdemokraterna Uppsala","url":"https:\/\/wp.kristdemokraterna.se\/uppsala\/","logo":{"@type":"ImageObject","inLanguage":"sv-SE","@id":"https:\/\/wp.kristdemokraterna.se\/uppsala\/#\/schema\/logo\/image\/","url":"https:\/\/wp.kristdemokraterna.se\/uppsala\/files\/2019\/10\/kd-uppsala.png","contentUrl":"https:\/\/wp.kristdemokraterna.se\/uppsala\/files\/2019\/10\/kd-uppsala.png","width":804,"height":421,"caption":"Kristdemokraterna Uppsala"},"image":{"@id":"https:\/\/wp.kristdemokraterna.se\/uppsala\/#\/schema\/logo\/image\/"},"sameAs":["https:\/\/www.facebook.com\/UppsalaKD\/","https:\/\/www.instagram.com\/uppsalakd\/"]},{"@type":"Person","@id":"https:\/\/wp.kristdemokraterna.se\/uppsala\/#\/schema\/person\/6a784ee89517136dae16387e86b5977d","name":"masvensson","image":{"@type":"ImageObject","inLanguage":"sv-SE","@id":"https:\/\/secure.gravatar.com\/avatar\/f680fad3b26d74e6f2e575a02497d7187a1d528f668732693b666588e1681d2f?s=96&r=g","url":"https:\/\/secure.gravatar.com\/avatar\/f680fad3b26d74e6f2e575a02497d7187a1d528f668732693b666588e1681d2f?s=96&r=g","contentUrl":"https:\/\/secure.gravatar.com\/avatar\/f680fad3b26d74e6f2e575a02497d7187a1d528f668732693b666588e1681d2f?s=96&r=g","caption":"masvensson"},"url":"https:\/\/wp.kristdemokraterna.se\/uppsala\/author\/masvensson\/"}]}},"_links":{"self":[{"href":"https:\/\/wp.kristdemokraterna.se\/uppsala\/wp-json\/wp\/v2\/posts\/4188","targetHints":{"allow":["GET"]}}],"collection":[{"href":"https:\/\/wp.kristdemokraterna.se\/uppsala\/wp-json\/wp\/v2\/posts"}],"about":[{"href":"https:\/\/wp.kristdemokraterna.se\/uppsala\/wp-json\/wp\/v2\/types\/post"}],"author":[{"embeddable":true,"href":"https:\/\/wp.kristdemokraterna.se\/uppsala\/wp-json\/wp\/v2\/users\/1034"}],"replies":[{"embeddable":true,"href":"https:\/\/wp.kristdemokraterna.se\/uppsala\/wp-json\/wp\/v2\/comments?post=4188"}],"version-history":[{"count":2,"href":"https:\/\/wp.kristdemokraterna.se\/uppsala\/wp-json\/wp\/v2\/posts\/4188\/revisions"}],"predecessor-version":[{"id":4191,"href":"https:\/\/wp.kristdemokraterna.se\/uppsala\/wp-json\/wp\/v2\/posts\/4188\/revisions\/4191"}],"wp:attachment":[{"href":"https:\/\/wp.kristdemokraterna.se\/uppsala\/wp-json\/wp\/v2\/media?parent=4188"}],"wp:term":[{"taxonomy":"category","embeddable":true,"href":"https:\/\/wp.kristdemokraterna.se\/uppsala\/wp-json\/wp\/v2\/categories?post=4188"},{"taxonomy":"post_tag","embeddable":true,"href":"https:\/\/wp.kristdemokraterna.se\/uppsala\/wp-json\/wp\/v2\/tags?post=4188"}],"curies":[{"name":"wp","href":"https:\/\/api.w.org\/{rel}","templated":true}]}}