{"id":4257,"date":"2023-02-21T13:42:58","date_gmt":"2023-02-21T12:42:58","guid":{"rendered":"https:\/\/wp.kristdemokraterna.se\/uppsala\/?p=4257"},"modified":"2024-04-03T20:28:10","modified_gmt":"2024-04-03T18:28:10","slug":"invigning-av-ny-vardcentral-i-ostervala","status":"publish","type":"post","link":"https:\/\/wp.kristdemokraterna.se\/uppsala\/invigning-av-ny-vardcentral-i-ostervala\/","title":{"rendered":"Invigning av ny v\u00e5rdcentral i \u00d6sterv\u00e5la"},"content":{"rendered":"<div dir=\"auto\">\n<p class=\"mceTemp\">\n<div dir=\"auto\"><\/div>\n<div dir=\"auto\"><span style=\"font-size: 16px\">\u00d6sterv\u00e5las v\u00e5rdcentral drabbades 2014 av en f\u00f6r\u00f6dande vattenskada och verksamheten har sedan dess bedrivits i baracker. I valr\u00f6relsen 2018 lovade KD att bygga en ny v\u00e5rdcentral vilket Bj\u00f6rn-Owe Bj\u00f6rk, som under f\u00f6rra mandatperioden var ordf\u00f6rande f\u00f6r Fastighetsn\u00e4mnden, ocks\u00e5 klubbade. Han var i september 2021 med och tog det f\u00f6rsta spadtaget till den nya byggnaden \u00a0och var idag, nu i egenskap av ordf\u00f6rande f\u00f6r V\u00e5rdstyrelsen, p\u00e5 plats f\u00f6r invigning av de nya, friska, v\u00e4lanpassade lokalerna.<\/span><\/div>\n<div dir=\"auto\"><\/div>\n<div dir=\"auto\">Grattis \u00d6sterv\u00e5la till en fantastiskt fin v\u00e5rdcentral och grattis BO till v\u00e4l utf\u00f6rt arbete, fr\u00e5n ax till limpa.<\/div>\n<div dir=\"auto\">#kristdemokraterna #kduppsalal\u00e4n<\/div>\n","protected":false},"excerpt":{"rendered":"<p>\u00d6sterv\u00e5las v\u00e5rdcentral drabbades 2014 av en f\u00f6r\u00f6dande vattenskada och verksamheten har sedan dess bedrivits i baracker. I valr\u00f6relsen 2018 lovade KD att bygga en ny v\u00e5rdcentral vilket Bj\u00f6rn-Owe Bj\u00f6rk, som under f\u00f6rra mandatperioden var ordf\u00f6rande f\u00f6r Fastighetsn\u00e4mnden, ocks\u00e5 klubbade. Han var i september 2021 med och tog det f\u00f6rsta spadtaget till den nya byggnaden \u00a0och <a class=\"read-more-link\" href=\"https:\/\/wp.kristdemokraterna.se\/uppsala\/invigning-av-ny-vardcentral-i-ostervala\/\">Read More<\/a><\/p>\n","protected":false},"author":1022,"featured_media":0,"comment_status":"closed","ping_status":"closed","sticky":false,"template":"","format":"standard","meta":{"_acf_changed":false,"footnotes":""},"categories":[236],"tags":[],"class_list":["post-4257","post","type-post","status-publish","format-standard","hentry","category-vard-o-omsorg"],"acf":[],"yoast_head":"<!-- This site is optimized with the Yoast SEO plugin v27.4 - https:\/\/yoast.com\/product\/yoast-seo-wordpress\/ -->\n<title>Invigning av ny v\u00e5rdcentral i \u00d6sterv\u00e5la | Kristdemokraterna | Uppsala<\/title>\n<meta name=\"robots\" content=\"index, follow, max-snippet:-1, max-image-preview:large, max-video-preview:-1\" \/>\n<link rel=\"canonical\" href=\"https:\/\/wp.kristdemokraterna.se\/uppsala\/invigning-av-ny-vardcentral-i-ostervala\/\" \/>\n<meta property=\"og:locale\" content=\"sv_SE\" \/>\n<meta property=\"og:type\" content=\"article\" \/>\n<meta property=\"og:title\" content=\"Invigning av ny v\u00e5rdcentral i \u00d6sterv\u00e5la | Kristdemokraterna | Uppsala\" \/>\n<meta property=\"og:description\" content=\"\u00d6sterv\u00e5las v\u00e5rdcentral drabbades 2014 av en f\u00f6r\u00f6dande vattenskada och verksamheten har sedan dess bedrivits i baracker. I valr\u00f6relsen 2018 lovade KD att bygga en ny v\u00e5rdcentral vilket Bj\u00f6rn-Owe Bj\u00f6rk, som under f\u00f6rra mandatperioden var ordf\u00f6rande f\u00f6r Fastighetsn\u00e4mnden, ocks\u00e5 klubbade. Han var i september 2021 med och tog det f\u00f6rsta spadtaget till den nya byggnaden \u00a0och Read More\" \/>\n<meta property=\"og:url\" content=\"https:\/\/wp.kristdemokraterna.se\/uppsala\/invigning-av-ny-vardcentral-i-ostervala\/\" \/>\n<meta property=\"og:site_name\" content=\"Kristdemokraterna | Uppsala\" \/>\n<meta property=\"article:publisher\" content=\"https:\/\/www.facebook.com\/UppsalaKD\/\" \/>\n<meta property=\"article:published_time\" content=\"2023-02-21T12:42:58+00:00\" \/>\n<meta property=\"article:modified_time\" content=\"2024-04-03T18:28:10+00:00\" \/>\n<meta property=\"og:image\" content=\"https:\/\/wp.kristdemokraterna.se\/uppsala\/files\/2021\/12\/kom1.png\" \/>\n\t<meta property=\"og:image:width\" content=\"770\" \/>\n\t<meta property=\"og:image:height\" content=\"404\" \/>\n\t<meta property=\"og:image:type\" content=\"image\/png\" \/>\n<meta name=\"author\" content=\"Esther Thor\u00e4ngen\" \/>\n<meta name=\"twitter:card\" content=\"summary_large_image\" \/>\n<meta name=\"twitter:label1\" content=\"Skriven av\" \/>\n\t<meta name=\"twitter:data1\" content=\"Esther Thor\u00e4ngen\" \/>\n\t<meta name=\"twitter:label2\" content=\"Ber\u00e4knad l\u00e4stid\" \/>\n\t<meta name=\"twitter:data2\" content=\"1 minut\" \/>\n<script type=\"application\/ld+json\" class=\"yoast-schema-graph\">{\"@context\":\"https:\\\/\\\/schema.org\",\"@graph\":[{\"@type\":\"Article\",\"@id\":\"https:\\\/\\\/wp.kristdemokraterna.se\\\/uppsala\\\/invigning-av-ny-vardcentral-i-ostervala\\\/#article\",\"isPartOf\":{\"@id\":\"https:\\\/\\\/wp.kristdemokraterna.se\\\/uppsala\\\/invigning-av-ny-vardcentral-i-ostervala\\\/\"},\"author\":{\"name\":\"Esther Thor\u00e4ngen\",\"@id\":\"https:\\\/\\\/wp.kristdemokraterna.se\\\/uppsala\\\/#\\\/schema\\\/person\\\/bfa1b6a16e9dc5dc42307e3309026231\"},\"headline\":\"Invigning av ny v\u00e5rdcentral i \u00d6sterv\u00e5la\",\"datePublished\":\"2023-02-21T12:42:58+00:00\",\"dateModified\":\"2024-04-03T18:28:10+00:00\",\"mainEntityOfPage\":{\"@id\":\"https:\\\/\\\/wp.kristdemokraterna.se\\\/uppsala\\\/invigning-av-ny-vardcentral-i-ostervala\\\/\"},\"wordCount\":123,\"publisher\":{\"@id\":\"https:\\\/\\\/wp.kristdemokraterna.se\\\/uppsala\\\/#organization\"},\"articleSection\":[\"V\u00e5rd &amp; omsorg\"],\"inLanguage\":\"sv-SE\"},{\"@type\":\"WebPage\",\"@id\":\"https:\\\/\\\/wp.kristdemokraterna.se\\\/uppsala\\\/invigning-av-ny-vardcentral-i-ostervala\\\/\",\"url\":\"https:\\\/\\\/wp.kristdemokraterna.se\\\/uppsala\\\/invigning-av-ny-vardcentral-i-ostervala\\\/\",\"name\":\"Invigning av ny v\u00e5rdcentral i \u00d6sterv\u00e5la | Kristdemokraterna | Uppsala\",\"isPartOf\":{\"@id\":\"https:\\\/\\\/wp.kristdemokraterna.se\\\/uppsala\\\/#website\"},\"datePublished\":\"2023-02-21T12:42:58+00:00\",\"dateModified\":\"2024-04-03T18:28:10+00:00\",\"breadcrumb\":{\"@id\":\"https:\\\/\\\/wp.kristdemokraterna.se\\\/uppsala\\\/invigning-av-ny-vardcentral-i-ostervala\\\/#breadcrumb\"},\"inLanguage\":\"sv-SE\",\"potentialAction\":[{\"@type\":\"ReadAction\",\"target\":[\"https:\\\/\\\/wp.kristdemokraterna.se\\\/uppsala\\\/invigning-av-ny-vardcentral-i-ostervala\\\/\"]}]},{\"@type\":\"BreadcrumbList\",\"@id\":\"https:\\\/\\\/wp.kristdemokraterna.se\\\/uppsala\\\/invigning-av-ny-vardcentral-i-ostervala\\\/#breadcrumb\",\"itemListElement\":[{\"@type\":\"ListItem\",\"position\":1,\"name\":\"Hem\",\"item\":\"https:\\\/\\\/wp.kristdemokraterna.se\\\/uppsala\\\/\"},{\"@type\":\"ListItem\",\"position\":2,\"name\":\"Invigning av ny v\u00e5rdcentral i \u00d6sterv\u00e5la\"}]},{\"@type\":\"WebSite\",\"@id\":\"https:\\\/\\\/wp.kristdemokraterna.se\\\/uppsala\\\/#website\",\"url\":\"https:\\\/\\\/wp.kristdemokraterna.se\\\/uppsala\\\/\",\"name\":\"Kristdemokraterna Uppsala\",\"description\":\"Tryggare Uppsala\",\"publisher\":{\"@id\":\"https:\\\/\\\/wp.kristdemokraterna.se\\\/uppsala\\\/#organization\"},\"inLanguage\":\"sv-SE\"},{\"@type\":\"Organization\",\"@id\":\"https:\\\/\\\/wp.kristdemokraterna.se\\\/uppsala\\\/#organization\",\"name\":\"Kristdemokraterna Uppsala\",\"url\":\"https:\\\/\\\/wp.kristdemokraterna.se\\\/uppsala\\\/\",\"logo\":{\"@type\":\"ImageObject\",\"inLanguage\":\"sv-SE\",\"@id\":\"https:\\\/\\\/wp.kristdemokraterna.se\\\/uppsala\\\/#\\\/schema\\\/logo\\\/image\\\/\",\"url\":\"https:\\\/\\\/wp.kristdemokraterna.se\\\/uppsala\\\/files\\\/2019\\\/10\\\/kd-uppsala.png\",\"contentUrl\":\"https:\\\/\\\/wp.kristdemokraterna.se\\\/uppsala\\\/files\\\/2019\\\/10\\\/kd-uppsala.png\",\"width\":804,\"height\":421,\"caption\":\"Kristdemokraterna Uppsala\"},\"image\":{\"@id\":\"https:\\\/\\\/wp.kristdemokraterna.se\\\/uppsala\\\/#\\\/schema\\\/logo\\\/image\\\/\"},\"sameAs\":[\"https:\\\/\\\/www.facebook.com\\\/UppsalaKD\\\/\",\"https:\\\/\\\/www.instagram.com\\\/uppsalakd\\\/\"]},{\"@type\":\"Person\",\"@id\":\"https:\\\/\\\/wp.kristdemokraterna.se\\\/uppsala\\\/#\\\/schema\\\/person\\\/bfa1b6a16e9dc5dc42307e3309026231\",\"name\":\"Esther Thor\u00e4ngen\",\"image\":{\"@type\":\"ImageObject\",\"inLanguage\":\"sv-SE\",\"@id\":\"https:\\\/\\\/secure.gravatar.com\\\/avatar\\\/a6b82937e84fd809320b6329ea9e103aaf263193e3a0c020155b10bd2b0670c1?s=96&r=g\",\"url\":\"https:\\\/\\\/secure.gravatar.com\\\/avatar\\\/a6b82937e84fd809320b6329ea9e103aaf263193e3a0c020155b10bd2b0670c1?s=96&r=g\",\"contentUrl\":\"https:\\\/\\\/secure.gravatar.com\\\/avatar\\\/a6b82937e84fd809320b6329ea9e103aaf263193e3a0c020155b10bd2b0670c1?s=96&r=g\",\"caption\":\"Esther Thor\u00e4ngen\"},\"url\":\"https:\\\/\\\/wp.kristdemokraterna.se\\\/uppsala\\\/author\\\/estherthor\\\/\"}]}<\/script>\n<!-- \/ Yoast SEO plugin. -->","yoast_head_json":{"title":"Invigning av ny v\u00e5rdcentral i \u00d6sterv\u00e5la | Kristdemokraterna | Uppsala","robots":{"index":"index","follow":"follow","max-snippet":"max-snippet:-1","max-image-preview":"max-image-preview:large","max-video-preview":"max-video-preview:-1"},"canonical":"https:\/\/wp.kristdemokraterna.se\/uppsala\/invigning-av-ny-vardcentral-i-ostervala\/","og_locale":"sv_SE","og_type":"article","og_title":"Invigning av ny v\u00e5rdcentral i \u00d6sterv\u00e5la | Kristdemokraterna | Uppsala","og_description":"\u00d6sterv\u00e5las v\u00e5rdcentral drabbades 2014 av en f\u00f6r\u00f6dande vattenskada och verksamheten har sedan dess bedrivits i baracker. I valr\u00f6relsen 2018 lovade KD att bygga en ny v\u00e5rdcentral vilket Bj\u00f6rn-Owe Bj\u00f6rk, som under f\u00f6rra mandatperioden var ordf\u00f6rande f\u00f6r Fastighetsn\u00e4mnden, ocks\u00e5 klubbade. Han var i september 2021 med och tog det f\u00f6rsta spadtaget till den nya byggnaden \u00a0och Read More","og_url":"https:\/\/wp.kristdemokraterna.se\/uppsala\/invigning-av-ny-vardcentral-i-ostervala\/","og_site_name":"Kristdemokraterna | Uppsala","article_publisher":"https:\/\/www.facebook.com\/UppsalaKD\/","article_published_time":"2023-02-21T12:42:58+00:00","article_modified_time":"2024-04-03T18:28:10+00:00","og_image":[{"width":770,"height":404,"url":"https:\/\/wp.kristdemokraterna.se\/uppsala\/files\/2021\/12\/kom1.png","type":"image\/png"}],"author":"Esther Thor\u00e4ngen","twitter_card":"summary_large_image","twitter_misc":{"Skriven av":"Esther Thor\u00e4ngen","Ber\u00e4knad l\u00e4stid":"1 minut"},"schema":{"@context":"https:\/\/schema.org","@graph":[{"@type":"Article","@id":"https:\/\/wp.kristdemokraterna.se\/uppsala\/invigning-av-ny-vardcentral-i-ostervala\/#article","isPartOf":{"@id":"https:\/\/wp.kristdemokraterna.se\/uppsala\/invigning-av-ny-vardcentral-i-ostervala\/"},"author":{"name":"Esther Thor\u00e4ngen","@id":"https:\/\/wp.kristdemokraterna.se\/uppsala\/#\/schema\/person\/bfa1b6a16e9dc5dc42307e3309026231"},"headline":"Invigning av ny v\u00e5rdcentral i \u00d6sterv\u00e5la","datePublished":"2023-02-21T12:42:58+00:00","dateModified":"2024-04-03T18:28:10+00:00","mainEntityOfPage":{"@id":"https:\/\/wp.kristdemokraterna.se\/uppsala\/invigning-av-ny-vardcentral-i-ostervala\/"},"wordCount":123,"publisher":{"@id":"https:\/\/wp.kristdemokraterna.se\/uppsala\/#organization"},"articleSection":["V\u00e5rd &amp; omsorg"],"inLanguage":"sv-SE"},{"@type":"WebPage","@id":"https:\/\/wp.kristdemokraterna.se\/uppsala\/invigning-av-ny-vardcentral-i-ostervala\/","url":"https:\/\/wp.kristdemokraterna.se\/uppsala\/invigning-av-ny-vardcentral-i-ostervala\/","name":"Invigning av ny v\u00e5rdcentral i \u00d6sterv\u00e5la | Kristdemokraterna | Uppsala","isPartOf":{"@id":"https:\/\/wp.kristdemokraterna.se\/uppsala\/#website"},"datePublished":"2023-02-21T12:42:58+00:00","dateModified":"2024-04-03T18:28:10+00:00","breadcrumb":{"@id":"https:\/\/wp.kristdemokraterna.se\/uppsala\/invigning-av-ny-vardcentral-i-ostervala\/#breadcrumb"},"inLanguage":"sv-SE","potentialAction":[{"@type":"ReadAction","target":["https:\/\/wp.kristdemokraterna.se\/uppsala\/invigning-av-ny-vardcentral-i-ostervala\/"]}]},{"@type":"BreadcrumbList","@id":"https:\/\/wp.kristdemokraterna.se\/uppsala\/invigning-av-ny-vardcentral-i-ostervala\/#breadcrumb","itemListElement":[{"@type":"ListItem","position":1,"name":"Hem","item":"https:\/\/wp.kristdemokraterna.se\/uppsala\/"},{"@type":"ListItem","position":2,"name":"Invigning av ny v\u00e5rdcentral i \u00d6sterv\u00e5la"}]},{"@type":"WebSite","@id":"https:\/\/wp.kristdemokraterna.se\/uppsala\/#website","url":"https:\/\/wp.kristdemokraterna.se\/uppsala\/","name":"Kristdemokraterna Uppsala","description":"Tryggare Uppsala","publisher":{"@id":"https:\/\/wp.kristdemokraterna.se\/uppsala\/#organization"},"inLanguage":"sv-SE"},{"@type":"Organization","@id":"https:\/\/wp.kristdemokraterna.se\/uppsala\/#organization","name":"Kristdemokraterna Uppsala","url":"https:\/\/wp.kristdemokraterna.se\/uppsala\/","logo":{"@type":"ImageObject","inLanguage":"sv-SE","@id":"https:\/\/wp.kristdemokraterna.se\/uppsala\/#\/schema\/logo\/image\/","url":"https:\/\/wp.kristdemokraterna.se\/uppsala\/files\/2019\/10\/kd-uppsala.png","contentUrl":"https:\/\/wp.kristdemokraterna.se\/uppsala\/files\/2019\/10\/kd-uppsala.png","width":804,"height":421,"caption":"Kristdemokraterna Uppsala"},"image":{"@id":"https:\/\/wp.kristdemokraterna.se\/uppsala\/#\/schema\/logo\/image\/"},"sameAs":["https:\/\/www.facebook.com\/UppsalaKD\/","https:\/\/www.instagram.com\/uppsalakd\/"]},{"@type":"Person","@id":"https:\/\/wp.kristdemokraterna.se\/uppsala\/#\/schema\/person\/bfa1b6a16e9dc5dc42307e3309026231","name":"Esther Thor\u00e4ngen","image":{"@type":"ImageObject","inLanguage":"sv-SE","@id":"https:\/\/secure.gravatar.com\/avatar\/a6b82937e84fd809320b6329ea9e103aaf263193e3a0c020155b10bd2b0670c1?s=96&r=g","url":"https:\/\/secure.gravatar.com\/avatar\/a6b82937e84fd809320b6329ea9e103aaf263193e3a0c020155b10bd2b0670c1?s=96&r=g","contentUrl":"https:\/\/secure.gravatar.com\/avatar\/a6b82937e84fd809320b6329ea9e103aaf263193e3a0c020155b10bd2b0670c1?s=96&r=g","caption":"Esther Thor\u00e4ngen"},"url":"https:\/\/wp.kristdemokraterna.se\/uppsala\/author\/estherthor\/"}]}},"_links":{"self":[{"href":"https:\/\/wp.kristdemokraterna.se\/uppsala\/wp-json\/wp\/v2\/posts\/4257","targetHints":{"allow":["GET"]}}],"collection":[{"href":"https:\/\/wp.kristdemokraterna.se\/uppsala\/wp-json\/wp\/v2\/posts"}],"about":[{"href":"https:\/\/wp.kristdemokraterna.se\/uppsala\/wp-json\/wp\/v2\/types\/post"}],"author":[{"embeddable":true,"href":"https:\/\/wp.kristdemokraterna.se\/uppsala\/wp-json\/wp\/v2\/users\/1022"}],"replies":[{"embeddable":true,"href":"https:\/\/wp.kristdemokraterna.se\/uppsala\/wp-json\/wp\/v2\/comments?post=4257"}],"version-history":[{"count":4,"href":"https:\/\/wp.kristdemokraterna.se\/uppsala\/wp-json\/wp\/v2\/posts\/4257\/revisions"}],"predecessor-version":[{"id":4312,"href":"https:\/\/wp.kristdemokraterna.se\/uppsala\/wp-json\/wp\/v2\/posts\/4257\/revisions\/4312"}],"wp:attachment":[{"href":"https:\/\/wp.kristdemokraterna.se\/uppsala\/wp-json\/wp\/v2\/media?parent=4257"}],"wp:term":[{"taxonomy":"category","embeddable":true,"href":"https:\/\/wp.kristdemokraterna.se\/uppsala\/wp-json\/wp\/v2\/categories?post=4257"},{"taxonomy":"post_tag","embeddable":true,"href":"https:\/\/wp.kristdemokraterna.se\/uppsala\/wp-json\/wp\/v2\/tags?post=4257"}],"curies":[{"name":"wp","href":"https:\/\/api.w.org\/{rel}","templated":true}]}}