{"id":4320,"date":"2023-09-27T13:12:04","date_gmt":"2023-09-27T11:12:04","guid":{"rendered":"https:\/\/wp.kristdemokraterna.se\/uppsala\/?p=4320"},"modified":"2024-04-05T00:39:42","modified_gmt":"2024-04-04T22:39:42","slug":"kd-reserverar-sig-mot-beslut-rorande-sparvag-i-uppsala-kommun","status":"publish","type":"post","link":"https:\/\/wp.kristdemokraterna.se\/uppsala\/kd-reserverar-sig-mot-beslut-rorande-sparvag-i-uppsala-kommun\/","title":{"rendered":"KD reserverar sig mot beslut r\u00f6rande Sp\u00e5rv\u00e4g"},"content":{"rendered":"<h3>\ud835\udc11\ud835\udc1e\ud835\udc20\ud835\udc22\ud835\udc28\ud835\udc27\ud835\udc1f\ud835\udc2e\ud835\udc25\ud835\udc25\ud835\udc26\ud835\udc1a\u0308\ud835\udc24\ud835\udc2d\ud835\udc22\ud835\udc20\ud835\udc1e \ud835\udfd0\ud835\udfd5 \ud835\udc2c\ud835\udc1e\ud835\udc29\ud835\udc2d\ud835\udc1e\ud835\udc26\ud835\udc1b\ud835\udc1e\ud835\udc2b \ud835\udfd0\ud835\udfce\ud835\udfd0\ud835\udfd1<\/h3>\n<h4>Bland dagens \u00e4renden fanns \u201cSamarbetsavtal S2\u201d, r\u00f6rande reglering av ansvarsf\u00f6rdelning mellan Region Uppsala, Uppsala kommun och staten. Kristdemokraterna i s\u00e5v\u00e4l Uppsala kommun som Region Uppsala \u00e4r emot anl\u00e4ggning av Sp\u00e5rv\u00e4g i Uppsala kommun och r\u00f6star i enlighet med detta i de beslut som f\u00f6ljer Uppsala kommuns beslut att anl\u00e4gga sp\u00e5rv\u00e4g.<br \/>\nV\u00e5r reservation, i Regionfullm\u00e4ktige och i styrelser och n\u00e4mnder, lyder:<\/h4>\n<p><em>Vi Kristdemokrater ser positivt p\u00e5 Uppsala l\u00e4ns utveckling och expansion inom s\u00e5v\u00e4l befolkningstillv\u00e4xt som n\u00e4ringsliv, universitet och offentlig sektor. Vi ser behovet av effektiva och klimatsmarta l\u00f6sningar f\u00f6r kollektivtrafiken f\u00f6r att betj\u00e4na inv\u00e5nare i hela l\u00e4net.<\/em><br \/>\n<em>\u00a0<\/em><br \/>\n<em>Kristdemokraterna anser inte att anl\u00e4ggningen av sp\u00e5rvagnstrafik mellan Uppsala city och den planerade s\u00e5 kallade S\u00f6dra staden \u00e4r rimlig ur ett regionalt perspektiv d\u00e5 det \u00e4r f\u00f6rknippat med kostnader som riskerar att tr\u00e4nga undan andra behov och annan utveckling i l\u00e4net. Att bygga sp\u00e5rv\u00e4g skulle binda stora ekonomiska resurser till en geografiskt begr\u00e4nsad del av regionen och skulle h\u00e5lla \u00f6vriga sju kommuner utanf\u00f6r de medel som regionen f\u00f6rfogar \u00f6ver.<\/em><br \/>\n<em>\u00a0<\/em><br \/>\n<em>I ett l\u00e4ge med l\u00e5nga v\u00e5rdk\u00f6er och otillr\u00e4cklig tillg\u00e4nglighet inom v\u00e5rden i hela l\u00e4net tycker vi att det \u00e4r felprioriterat av Region Uppsala att avs\u00e4tta stora medel f\u00f6r sp\u00e5rv\u00e4gstrafik i Uppsala kommun.<\/em><br \/>\n<em>\u00a0<\/em><br \/>\n<em>Denna v\u00e5r uppfattning har vi framf\u00f6rt i regionfullm\u00e4ktige, regionstyrelsen och relevanta n\u00e4mnder d\u00e4r fr\u00e5gan behandlats. D\u00e5 har vi kristdemokrater r\u00f6stat avslag till \u00e4renden r\u00f6rande sp\u00e5rv\u00e4g. S\u00e5 ocks\u00e5 i detta \u00e4rende.<\/em><\/p>\n","protected":false},"excerpt":{"rendered":"<p>\ud835\udc11\ud835\udc1e\ud835\udc20\ud835\udc22\ud835\udc28\ud835\udc27\ud835\udc1f\ud835\udc2e\ud835\udc25\ud835\udc25\ud835\udc26\ud835\udc1a\u0308\ud835\udc24\ud835\udc2d\ud835\udc22\ud835\udc20\ud835\udc1e \ud835\udfd0\ud835\udfd5 \ud835\udc2c\ud835\udc1e\ud835\udc29\ud835\udc2d\ud835\udc1e\ud835\udc26\ud835\udc1b\ud835\udc1e\ud835\udc2b \ud835\udfd0\ud835\udfce\ud835\udfd0\ud835\udfd1 Bland dagens \u00e4renden fanns \u201cSamarbetsavtal S2\u201d, r\u00f6rande reglering av ansvarsf\u00f6rdelning mellan Region Uppsala, Uppsala kommun och staten. Kristdemokraterna i s\u00e5v\u00e4l Uppsala kommun som Region Uppsala \u00e4r emot anl\u00e4ggning av Sp\u00e5rv\u00e4g i Uppsala kommun och r\u00f6star i enlighet med detta i de beslut som f\u00f6ljer Uppsala kommuns beslut att anl\u00e4gga sp\u00e5rv\u00e4g. V\u00e5r <a class=\"read-more-link\" href=\"https:\/\/wp.kristdemokraterna.se\/uppsala\/kd-reserverar-sig-mot-beslut-rorande-sparvag-i-uppsala-kommun\/\">Read More<\/a><\/p>\n","protected":false},"author":1055,"featured_media":0,"comment_status":"closed","ping_status":"closed","sticky":false,"template":"","format":"standard","meta":{"_acf_changed":false,"footnotes":""},"categories":[232],"tags":[],"class_list":["post-4320","post","type-post","status-publish","format-standard","hentry","category-kollektivtrafik-o-stadsplanering"],"acf":[],"yoast_head":"<!-- This site is optimized with the Yoast SEO plugin v27.4 - https:\/\/yoast.com\/product\/yoast-seo-wordpress\/ -->\n<title>KD reserverar sig mot beslut r\u00f6rande Sp\u00e5rv\u00e4g | Kristdemokraterna | Uppsala<\/title>\n<meta name=\"robots\" content=\"index, follow, max-snippet:-1, max-image-preview:large, max-video-preview:-1\" \/>\n<link rel=\"canonical\" href=\"https:\/\/wp.kristdemokraterna.se\/uppsala\/kd-reserverar-sig-mot-beslut-rorande-sparvag-i-uppsala-kommun\/\" \/>\n<meta property=\"og:locale\" content=\"sv_SE\" \/>\n<meta property=\"og:type\" content=\"article\" \/>\n<meta property=\"og:title\" content=\"KD reserverar sig mot beslut r\u00f6rande Sp\u00e5rv\u00e4g | Kristdemokraterna | Uppsala\" \/>\n<meta property=\"og:description\" content=\"\ud835\udc11\ud835\udc1e\ud835\udc20\ud835\udc22\ud835\udc28\ud835\udc27\ud835\udc1f\ud835\udc2e\ud835\udc25\ud835\udc25\ud835\udc26\ud835\udc1a\u0308\ud835\udc24\ud835\udc2d\ud835\udc22\ud835\udc20\ud835\udc1e \ud835\udfd0\ud835\udfd5 \ud835\udc2c\ud835\udc1e\ud835\udc29\ud835\udc2d\ud835\udc1e\ud835\udc26\ud835\udc1b\ud835\udc1e\ud835\udc2b \ud835\udfd0\ud835\udfce\ud835\udfd0\ud835\udfd1 Bland dagens \u00e4renden fanns \u201cSamarbetsavtal S2\u201d, r\u00f6rande reglering av ansvarsf\u00f6rdelning mellan Region Uppsala, Uppsala kommun och staten. Kristdemokraterna i s\u00e5v\u00e4l Uppsala kommun som Region Uppsala \u00e4r emot anl\u00e4ggning av Sp\u00e5rv\u00e4g i Uppsala kommun och r\u00f6star i enlighet med detta i de beslut som f\u00f6ljer Uppsala kommuns beslut att anl\u00e4gga sp\u00e5rv\u00e4g. V\u00e5r Read More\" \/>\n<meta property=\"og:url\" content=\"https:\/\/wp.kristdemokraterna.se\/uppsala\/kd-reserverar-sig-mot-beslut-rorande-sparvag-i-uppsala-kommun\/\" \/>\n<meta property=\"og:site_name\" content=\"Kristdemokraterna | Uppsala\" \/>\n<meta property=\"article:publisher\" content=\"https:\/\/www.facebook.com\/UppsalaKD\/\" \/>\n<meta property=\"article:published_time\" content=\"2023-09-27T11:12:04+00:00\" \/>\n<meta property=\"article:modified_time\" content=\"2024-04-04T22:39:42+00:00\" \/>\n<meta property=\"og:image\" content=\"https:\/\/wp.kristdemokraterna.se\/uppsala\/files\/2021\/12\/kom1.png\" \/>\n\t<meta property=\"og:image:width\" content=\"770\" \/>\n\t<meta property=\"og:image:height\" content=\"404\" \/>\n\t<meta property=\"og:image:type\" content=\"image\/png\" \/>\n<meta name=\"author\" content=\"Frida Bj\u00f6rk\" \/>\n<meta name=\"twitter:card\" content=\"summary_large_image\" \/>\n<meta name=\"twitter:label1\" content=\"Skriven av\" \/>\n\t<meta name=\"twitter:data1\" content=\"Frida Bj\u00f6rk\" \/>\n\t<meta name=\"twitter:label2\" content=\"Ber\u00e4knad l\u00e4stid\" \/>\n\t<meta name=\"twitter:data2\" content=\"2 minuter\" \/>\n<script type=\"application\/ld+json\" class=\"yoast-schema-graph\">{\"@context\":\"https:\\\/\\\/schema.org\",\"@graph\":[{\"@type\":\"Article\",\"@id\":\"https:\\\/\\\/wp.kristdemokraterna.se\\\/uppsala\\\/kd-reserverar-sig-mot-beslut-rorande-sparvag-i-uppsala-kommun\\\/#article\",\"isPartOf\":{\"@id\":\"https:\\\/\\\/wp.kristdemokraterna.se\\\/uppsala\\\/kd-reserverar-sig-mot-beslut-rorande-sparvag-i-uppsala-kommun\\\/\"},\"author\":{\"name\":\"Frida Bj\u00f6rk\",\"@id\":\"https:\\\/\\\/wp.kristdemokraterna.se\\\/uppsala\\\/#\\\/schema\\\/person\\\/f3d1084f00ebc70ea4372925042aa867\"},\"headline\":\"KD reserverar sig mot beslut r\u00f6rande Sp\u00e5rv\u00e4g\",\"datePublished\":\"2023-09-27T11:12:04+00:00\",\"dateModified\":\"2024-04-04T22:39:42+00:00\",\"mainEntityOfPage\":{\"@id\":\"https:\\\/\\\/wp.kristdemokraterna.se\\\/uppsala\\\/kd-reserverar-sig-mot-beslut-rorande-sparvag-i-uppsala-kommun\\\/\"},\"wordCount\":297,\"publisher\":{\"@id\":\"https:\\\/\\\/wp.kristdemokraterna.se\\\/uppsala\\\/#organization\"},\"articleSection\":[\"Kollektivtrafik &amp; Stadsplanering\"],\"inLanguage\":\"sv-SE\"},{\"@type\":\"WebPage\",\"@id\":\"https:\\\/\\\/wp.kristdemokraterna.se\\\/uppsala\\\/kd-reserverar-sig-mot-beslut-rorande-sparvag-i-uppsala-kommun\\\/\",\"url\":\"https:\\\/\\\/wp.kristdemokraterna.se\\\/uppsala\\\/kd-reserverar-sig-mot-beslut-rorande-sparvag-i-uppsala-kommun\\\/\",\"name\":\"KD reserverar sig mot beslut r\u00f6rande Sp\u00e5rv\u00e4g | Kristdemokraterna | Uppsala\",\"isPartOf\":{\"@id\":\"https:\\\/\\\/wp.kristdemokraterna.se\\\/uppsala\\\/#website\"},\"datePublished\":\"2023-09-27T11:12:04+00:00\",\"dateModified\":\"2024-04-04T22:39:42+00:00\",\"breadcrumb\":{\"@id\":\"https:\\\/\\\/wp.kristdemokraterna.se\\\/uppsala\\\/kd-reserverar-sig-mot-beslut-rorande-sparvag-i-uppsala-kommun\\\/#breadcrumb\"},\"inLanguage\":\"sv-SE\",\"potentialAction\":[{\"@type\":\"ReadAction\",\"target\":[\"https:\\\/\\\/wp.kristdemokraterna.se\\\/uppsala\\\/kd-reserverar-sig-mot-beslut-rorande-sparvag-i-uppsala-kommun\\\/\"]}]},{\"@type\":\"BreadcrumbList\",\"@id\":\"https:\\\/\\\/wp.kristdemokraterna.se\\\/uppsala\\\/kd-reserverar-sig-mot-beslut-rorande-sparvag-i-uppsala-kommun\\\/#breadcrumb\",\"itemListElement\":[{\"@type\":\"ListItem\",\"position\":1,\"name\":\"Hem\",\"item\":\"https:\\\/\\\/wp.kristdemokraterna.se\\\/uppsala\\\/\"},{\"@type\":\"ListItem\",\"position\":2,\"name\":\"KD reserverar sig mot beslut r\u00f6rande Sp\u00e5rv\u00e4g\"}]},{\"@type\":\"WebSite\",\"@id\":\"https:\\\/\\\/wp.kristdemokraterna.se\\\/uppsala\\\/#website\",\"url\":\"https:\\\/\\\/wp.kristdemokraterna.se\\\/uppsala\\\/\",\"name\":\"Kristdemokraterna Uppsala\",\"description\":\"Tryggare Uppsala\",\"publisher\":{\"@id\":\"https:\\\/\\\/wp.kristdemokraterna.se\\\/uppsala\\\/#organization\"},\"inLanguage\":\"sv-SE\"},{\"@type\":\"Organization\",\"@id\":\"https:\\\/\\\/wp.kristdemokraterna.se\\\/uppsala\\\/#organization\",\"name\":\"Kristdemokraterna Uppsala\",\"url\":\"https:\\\/\\\/wp.kristdemokraterna.se\\\/uppsala\\\/\",\"logo\":{\"@type\":\"ImageObject\",\"inLanguage\":\"sv-SE\",\"@id\":\"https:\\\/\\\/wp.kristdemokraterna.se\\\/uppsala\\\/#\\\/schema\\\/logo\\\/image\\\/\",\"url\":\"https:\\\/\\\/wp.kristdemokraterna.se\\\/uppsala\\\/files\\\/2019\\\/10\\\/kd-uppsala.png\",\"contentUrl\":\"https:\\\/\\\/wp.kristdemokraterna.se\\\/uppsala\\\/files\\\/2019\\\/10\\\/kd-uppsala.png\",\"width\":804,\"height\":421,\"caption\":\"Kristdemokraterna Uppsala\"},\"image\":{\"@id\":\"https:\\\/\\\/wp.kristdemokraterna.se\\\/uppsala\\\/#\\\/schema\\\/logo\\\/image\\\/\"},\"sameAs\":[\"https:\\\/\\\/www.facebook.com\\\/UppsalaKD\\\/\",\"https:\\\/\\\/www.instagram.com\\\/uppsalakd\\\/\"]},{\"@type\":\"Person\",\"@id\":\"https:\\\/\\\/wp.kristdemokraterna.se\\\/uppsala\\\/#\\\/schema\\\/person\\\/f3d1084f00ebc70ea4372925042aa867\",\"name\":\"Frida Bj\u00f6rk\",\"image\":{\"@type\":\"ImageObject\",\"inLanguage\":\"sv-SE\",\"@id\":\"https:\\\/\\\/secure.gravatar.com\\\/avatar\\\/c0af612f9317bbc66a2a1d63709ee4402a766e5eefbd7a7761acfb6fc3c75468?s=96&r=g\",\"url\":\"https:\\\/\\\/secure.gravatar.com\\\/avatar\\\/c0af612f9317bbc66a2a1d63709ee4402a766e5eefbd7a7761acfb6fc3c75468?s=96&r=g\",\"contentUrl\":\"https:\\\/\\\/secure.gravatar.com\\\/avatar\\\/c0af612f9317bbc66a2a1d63709ee4402a766e5eefbd7a7761acfb6fc3c75468?s=96&r=g\",\"caption\":\"Frida Bj\u00f6rk\"},\"url\":\"https:\\\/\\\/wp.kristdemokraterna.se\\\/uppsala\\\/author\\\/fridabjork\\\/\"}]}<\/script>\n<!-- \/ Yoast SEO plugin. -->","yoast_head_json":{"title":"KD reserverar sig mot beslut r\u00f6rande Sp\u00e5rv\u00e4g | Kristdemokraterna | Uppsala","robots":{"index":"index","follow":"follow","max-snippet":"max-snippet:-1","max-image-preview":"max-image-preview:large","max-video-preview":"max-video-preview:-1"},"canonical":"https:\/\/wp.kristdemokraterna.se\/uppsala\/kd-reserverar-sig-mot-beslut-rorande-sparvag-i-uppsala-kommun\/","og_locale":"sv_SE","og_type":"article","og_title":"KD reserverar sig mot beslut r\u00f6rande Sp\u00e5rv\u00e4g | Kristdemokraterna | Uppsala","og_description":"\ud835\udc11\ud835\udc1e\ud835\udc20\ud835\udc22\ud835\udc28\ud835\udc27\ud835\udc1f\ud835\udc2e\ud835\udc25\ud835\udc25\ud835\udc26\ud835\udc1a\u0308\ud835\udc24\ud835\udc2d\ud835\udc22\ud835\udc20\ud835\udc1e \ud835\udfd0\ud835\udfd5 \ud835\udc2c\ud835\udc1e\ud835\udc29\ud835\udc2d\ud835\udc1e\ud835\udc26\ud835\udc1b\ud835\udc1e\ud835\udc2b \ud835\udfd0\ud835\udfce\ud835\udfd0\ud835\udfd1 Bland dagens \u00e4renden fanns \u201cSamarbetsavtal S2\u201d, r\u00f6rande reglering av ansvarsf\u00f6rdelning mellan Region Uppsala, Uppsala kommun och staten. Kristdemokraterna i s\u00e5v\u00e4l Uppsala kommun som Region Uppsala \u00e4r emot anl\u00e4ggning av Sp\u00e5rv\u00e4g i Uppsala kommun och r\u00f6star i enlighet med detta i de beslut som f\u00f6ljer Uppsala kommuns beslut att anl\u00e4gga sp\u00e5rv\u00e4g. V\u00e5r Read More","og_url":"https:\/\/wp.kristdemokraterna.se\/uppsala\/kd-reserverar-sig-mot-beslut-rorande-sparvag-i-uppsala-kommun\/","og_site_name":"Kristdemokraterna | Uppsala","article_publisher":"https:\/\/www.facebook.com\/UppsalaKD\/","article_published_time":"2023-09-27T11:12:04+00:00","article_modified_time":"2024-04-04T22:39:42+00:00","og_image":[{"width":770,"height":404,"url":"https:\/\/wp.kristdemokraterna.se\/uppsala\/files\/2021\/12\/kom1.png","type":"image\/png"}],"author":"Frida Bj\u00f6rk","twitter_card":"summary_large_image","twitter_misc":{"Skriven av":"Frida Bj\u00f6rk","Ber\u00e4knad l\u00e4stid":"2 minuter"},"schema":{"@context":"https:\/\/schema.org","@graph":[{"@type":"Article","@id":"https:\/\/wp.kristdemokraterna.se\/uppsala\/kd-reserverar-sig-mot-beslut-rorande-sparvag-i-uppsala-kommun\/#article","isPartOf":{"@id":"https:\/\/wp.kristdemokraterna.se\/uppsala\/kd-reserverar-sig-mot-beslut-rorande-sparvag-i-uppsala-kommun\/"},"author":{"name":"Frida Bj\u00f6rk","@id":"https:\/\/wp.kristdemokraterna.se\/uppsala\/#\/schema\/person\/f3d1084f00ebc70ea4372925042aa867"},"headline":"KD reserverar sig mot beslut r\u00f6rande Sp\u00e5rv\u00e4g","datePublished":"2023-09-27T11:12:04+00:00","dateModified":"2024-04-04T22:39:42+00:00","mainEntityOfPage":{"@id":"https:\/\/wp.kristdemokraterna.se\/uppsala\/kd-reserverar-sig-mot-beslut-rorande-sparvag-i-uppsala-kommun\/"},"wordCount":297,"publisher":{"@id":"https:\/\/wp.kristdemokraterna.se\/uppsala\/#organization"},"articleSection":["Kollektivtrafik &amp; Stadsplanering"],"inLanguage":"sv-SE"},{"@type":"WebPage","@id":"https:\/\/wp.kristdemokraterna.se\/uppsala\/kd-reserverar-sig-mot-beslut-rorande-sparvag-i-uppsala-kommun\/","url":"https:\/\/wp.kristdemokraterna.se\/uppsala\/kd-reserverar-sig-mot-beslut-rorande-sparvag-i-uppsala-kommun\/","name":"KD reserverar sig mot beslut r\u00f6rande Sp\u00e5rv\u00e4g | Kristdemokraterna | Uppsala","isPartOf":{"@id":"https:\/\/wp.kristdemokraterna.se\/uppsala\/#website"},"datePublished":"2023-09-27T11:12:04+00:00","dateModified":"2024-04-04T22:39:42+00:00","breadcrumb":{"@id":"https:\/\/wp.kristdemokraterna.se\/uppsala\/kd-reserverar-sig-mot-beslut-rorande-sparvag-i-uppsala-kommun\/#breadcrumb"},"inLanguage":"sv-SE","potentialAction":[{"@type":"ReadAction","target":["https:\/\/wp.kristdemokraterna.se\/uppsala\/kd-reserverar-sig-mot-beslut-rorande-sparvag-i-uppsala-kommun\/"]}]},{"@type":"BreadcrumbList","@id":"https:\/\/wp.kristdemokraterna.se\/uppsala\/kd-reserverar-sig-mot-beslut-rorande-sparvag-i-uppsala-kommun\/#breadcrumb","itemListElement":[{"@type":"ListItem","position":1,"name":"Hem","item":"https:\/\/wp.kristdemokraterna.se\/uppsala\/"},{"@type":"ListItem","position":2,"name":"KD reserverar sig mot beslut r\u00f6rande Sp\u00e5rv\u00e4g"}]},{"@type":"WebSite","@id":"https:\/\/wp.kristdemokraterna.se\/uppsala\/#website","url":"https:\/\/wp.kristdemokraterna.se\/uppsala\/","name":"Kristdemokraterna Uppsala","description":"Tryggare Uppsala","publisher":{"@id":"https:\/\/wp.kristdemokraterna.se\/uppsala\/#organization"},"inLanguage":"sv-SE"},{"@type":"Organization","@id":"https:\/\/wp.kristdemokraterna.se\/uppsala\/#organization","name":"Kristdemokraterna Uppsala","url":"https:\/\/wp.kristdemokraterna.se\/uppsala\/","logo":{"@type":"ImageObject","inLanguage":"sv-SE","@id":"https:\/\/wp.kristdemokraterna.se\/uppsala\/#\/schema\/logo\/image\/","url":"https:\/\/wp.kristdemokraterna.se\/uppsala\/files\/2019\/10\/kd-uppsala.png","contentUrl":"https:\/\/wp.kristdemokraterna.se\/uppsala\/files\/2019\/10\/kd-uppsala.png","width":804,"height":421,"caption":"Kristdemokraterna Uppsala"},"image":{"@id":"https:\/\/wp.kristdemokraterna.se\/uppsala\/#\/schema\/logo\/image\/"},"sameAs":["https:\/\/www.facebook.com\/UppsalaKD\/","https:\/\/www.instagram.com\/uppsalakd\/"]},{"@type":"Person","@id":"https:\/\/wp.kristdemokraterna.se\/uppsala\/#\/schema\/person\/f3d1084f00ebc70ea4372925042aa867","name":"Frida Bj\u00f6rk","image":{"@type":"ImageObject","inLanguage":"sv-SE","@id":"https:\/\/secure.gravatar.com\/avatar\/c0af612f9317bbc66a2a1d63709ee4402a766e5eefbd7a7761acfb6fc3c75468?s=96&r=g","url":"https:\/\/secure.gravatar.com\/avatar\/c0af612f9317bbc66a2a1d63709ee4402a766e5eefbd7a7761acfb6fc3c75468?s=96&r=g","contentUrl":"https:\/\/secure.gravatar.com\/avatar\/c0af612f9317bbc66a2a1d63709ee4402a766e5eefbd7a7761acfb6fc3c75468?s=96&r=g","caption":"Frida Bj\u00f6rk"},"url":"https:\/\/wp.kristdemokraterna.se\/uppsala\/author\/fridabjork\/"}]}},"_links":{"self":[{"href":"https:\/\/wp.kristdemokraterna.se\/uppsala\/wp-json\/wp\/v2\/posts\/4320","targetHints":{"allow":["GET"]}}],"collection":[{"href":"https:\/\/wp.kristdemokraterna.se\/uppsala\/wp-json\/wp\/v2\/posts"}],"about":[{"href":"https:\/\/wp.kristdemokraterna.se\/uppsala\/wp-json\/wp\/v2\/types\/post"}],"author":[{"embeddable":true,"href":"https:\/\/wp.kristdemokraterna.se\/uppsala\/wp-json\/wp\/v2\/users\/1055"}],"replies":[{"embeddable":true,"href":"https:\/\/wp.kristdemokraterna.se\/uppsala\/wp-json\/wp\/v2\/comments?post=4320"}],"version-history":[{"count":5,"href":"https:\/\/wp.kristdemokraterna.se\/uppsala\/wp-json\/wp\/v2\/posts\/4320\/revisions"}],"predecessor-version":[{"id":4431,"href":"https:\/\/wp.kristdemokraterna.se\/uppsala\/wp-json\/wp\/v2\/posts\/4320\/revisions\/4431"}],"wp:attachment":[{"href":"https:\/\/wp.kristdemokraterna.se\/uppsala\/wp-json\/wp\/v2\/media?parent=4320"}],"wp:term":[{"taxonomy":"category","embeddable":true,"href":"https:\/\/wp.kristdemokraterna.se\/uppsala\/wp-json\/wp\/v2\/categories?post=4320"},{"taxonomy":"post_tag","embeddable":true,"href":"https:\/\/wp.kristdemokraterna.se\/uppsala\/wp-json\/wp\/v2\/tags?post=4320"}],"curies":[{"name":"wp","href":"https:\/\/api.w.org\/{rel}","templated":true}]}}